{"id":13142,"date":"2017-09-27T15:52:29","date_gmt":"2017-09-27T19:52:29","guid":{"rendered":"http:\/\/vanderloubet.com.br\/deputado\/?p=13142"},"modified":"2017-09-27T16:09:30","modified_gmt":"2017-09-27T20:09:30","slug":"para-vander-privatizar-eletrobras-e-atentar-contra-soberania-nacional","status":"publish","type":"post","link":"https:\/\/vanderloubet.com.br\/deputado\/para-vander-privatizar-eletrobras-e-atentar-contra-soberania-nacional\/","title":{"rendered":"Para Vander, privatizar Eletrobras \u00e9 atentar contra soberania nacional"},"content":{"rendered":"<p><img decoding=\"async\" class=\"alignnone wp-image-13144 size-large\" title=\"Itaipu, uma das usinas hidrel\u00e9tricas controladas pela Eletrobras\" src=\"http:\/\/vanderloubet.com.br\/deputado\/wp-content\/uploads\/2017\/09\/foto-2017-09-27-usina-itaipu-700x467.jpg\" alt=\"Itaipu, uma das usinas hidrel\u00e9tricas controladas pela Eletrobras\" width=\"700\" height=\"467\" srcset=\"https:\/\/vanderloubet.com.br\/deputado\/wp-content\/uploads\/2017\/09\/foto-2017-09-27-usina-itaipu-700x467.jpg 700w, https:\/\/vanderloubet.com.br\/deputado\/wp-content\/uploads\/2017\/09\/foto-2017-09-27-usina-itaipu-350x233.jpg 350w, https:\/\/vanderloubet.com.br\/deputado\/wp-content\/uploads\/2017\/09\/foto-2017-09-27-usina-itaipu-768x512.jpg 768w, https:\/\/vanderloubet.com.br\/deputado\/wp-content\/uploads\/2017\/09\/foto-2017-09-27-usina-itaipu-630x420.jpg 630w, https:\/\/vanderloubet.com.br\/deputado\/wp-content\/uploads\/2017\/09\/foto-2017-09-27-usina-itaipu-696x464.jpg 696w, https:\/\/vanderloubet.com.br\/deputado\/wp-content\/uploads\/2017\/09\/foto-2017-09-27-usina-itaipu.jpg 900w\" sizes=\"(max-width: 700px) 100vw, 700px\" \/><\/p>\n<p>A privatiza\u00e7\u00e3o da Eletrobras foi criticada na ter\u00e7a-feira (26) por deputados de v\u00e1rios partidos em audi\u00eancia com o ministro de Minas e Energia, Fernando Coelho Filho. Membro titular da Comiss\u00e3o de Minas e Energia (CME), o deputado federal Vander Loubet (PT-MS) foi um dos autores do requerimento que convocou o ministro a dar explica\u00e7\u00f5es sobre a inten\u00e7\u00e3o do governo com essa medida.<\/p>\n<p>&#8220;N\u00e3o se coloca o parque gerador de energia de uma na\u00e7\u00e3o nas m\u00e3os da iniciativa privada. \u00c9 uma quest\u00e3o estrat\u00e9gica, envolve a soberania nacional. Nem os Estados Unidos, que \u00e9 o s\u00edmbolo do capitalismo mundial, tomou uma atitude como essa. L\u00e1 existe uma ag\u00eancia federal [U.S. Army Corps of Engineers] que cuida desse setor, tamanha \u00e9 a sua import\u00e2ncia&#8221;, defende Vander.<\/p>\n<p>A U.S. Army Corps of Engineers (Corpo de Engenheiros do Ex\u00e9rcito dos Estados Unidos) integra 34.600 civis e 650 militares, sendo o maior operador de usinas hidrel\u00e9tricas dos Estados Unidos e um dos maiores do mundo. A ag\u00eancia controla 75 usinas que juntas somam capacidade de mais de 20 gigawatts (GW) e geram 100 milh\u00f5es de megawatt-hora (MWh) por ano &#8211; um ter\u00e7o da produ\u00e7\u00e3o total de energia hidrel\u00e9trica do pa\u00eds.<\/p>\n<p>Os n\u00fameros da Eletrobras s\u00e3o ainda mais significativos do que os da ag\u00eancia federal norte-americana. As usinas controladas pela estatal brasileira produziram em 2016 cerca de 170 milh\u00f5es de MWh, o suficiente para atender a mais de um ter\u00e7o do consumo anual de eletricidade do Brasil. A capacidade instalada \u00e9 de quase 47 GW, o que representa 31% do total instalado no Brasil.<\/p>\n<p><strong>Estatal superavit\u00e1ria<\/strong> &#8211; No debate, Coelho Filho tentou argumentar que a Eletrobras corre risco de perder relev\u00e2ncia na expans\u00e3o da gera\u00e7\u00e3o de energia no Pa\u00eds, apresenta atraso significativo nas obras de linhas de transmiss\u00e3o, registra quedas sucessivas no patrim\u00f4nio l\u00edquido (de R$ 77,2 bilh\u00f5es para R$ 44 bilh\u00f5es nos \u00faltimos 6 anos), al\u00e9m de ter os preju\u00edzos agravados pela Medida Provis\u00f3ria 579, que reduziu as tarifas de energia, em 2012.<\/p>\n<p>O deputado federal Leonardo Quint\u00e3o (PMDB-MG) rebateu o argumento de preju\u00edzo. &#8220;O sistema teve problemas, sim, mas j\u00e1 \u00e9 uma empresa superavit\u00e1ria hoje. Teve um lucro de R$ 3,4 bilh\u00f5es em 2016. Se entregarmos o controle para a iniciativa privada, a energia no Brasil vai subir&#8221;, afirmou.<\/p>\n<p>Preocupado com o futuro da Companhia Hidrel\u00e9trica do S\u00e3o Francisco (Chesf), o deputado feeral Danilo Cabral (PSB-PE) disse ver riscos de &#8220;privatiza\u00e7\u00e3o&#8221; dos rios brasileiros. &#8220;Os nove governadores do Nordeste, a despeito de todas diferen\u00e7as pol\u00edticas que temos, se manifestaram contra a privatiza\u00e7\u00e3o da Eletrobr\u00e1s e da Chesf&#8221;, disse.<\/p>\n<p>Vice-l\u00edder da Minoria, a deputada Jandira Feghali (PCdoB-RJ) apontou contradi\u00e7\u00f5es nas a\u00e7\u00f5es do governo Temer. &#8220;A Eletrobras \u00e9 um patrim\u00f4nio constru\u00eddo durante anos. Esse governo est\u00e1 vendendo a empresa por R$ 20 bilh\u00f5es ou R$ 30 bilh\u00f5es para cobrir rombo fiscal. Isso \u00e9 uma invers\u00e3o e um abandono do comando estrat\u00e9gico de projeto de na\u00e7\u00e3o&#8221;, criticou.<\/p>\n<p>Deputados tamb\u00e9m disseram haver risco de desnacionaliza\u00e7\u00e3o do setor el\u00e9trico nacional com a venda da Eletrobras por valor baixo (cerca de R$ 20 bilh\u00f5es, quando o real valor estaria pr\u00f3ximo a R$ 400 bilh\u00f5es) e de descontinuidade de programas sociais, como o Luz para Todos.<\/p>\n<p>A audi\u00eancia foi realizada por seis comiss\u00f5es: de Minas e Energia (CME); de Trabalho, Administra\u00e7\u00e3o e Servi\u00e7o P\u00fablico (CTASP); de Defesa do Consumidor (CDC); de Integra\u00e7\u00e3o Nacional, Desenvolvimento Regional e da Amaz\u00f4nia (CINDRA); de Desenvolvimento Econ\u00f4mico, Ind\u00fastria, Com\u00e9rcio e Servi\u00e7os (CDEICS); e de Fiscaliza\u00e7\u00e3o Financeira e Controle (CFFC).<\/p>\n<p><em>(\u00c9der Yanaguita &#8211; Ascom\/Dep. Vander Loubet, com informa\u00e7\u00f5es da Ag\u00eancia C\u00e2mara)<\/em><\/p>\n","protected":false},"excerpt":{"rendered":"<p>Deputado argumenta que nem os Estados Unidos deixa opera\u00e7\u00e3o de usinas, quest\u00e3o estrat\u00e9gica, nas m\u00e3os da iniciativa privada.<\/p>\n","protected":false},"author":2,"featured_media":13144,"comment_status":"closed","ping_status":"closed","sticky":false,"template":"","format":"standard","meta":{"jetpack_post_was_ever_published":false,"_jetpack_newsletter_access":"","_jetpack_dont_email_post_to_subs":false,"_jetpack_newsletter_tier_id":0,"_jetpack_memberships_contains_paywalled_content":false,"_jetpack_memberships_contains_paid_content":false,"footnotes":""},"categories":[2098,10],"tags":[2159,2383,2382],"class_list":{"0":"post-13142","1":"post","2":"type-post","3":"status-publish","4":"format-standard","5":"has-post-thumbnail","7":"category-brasil-noticias","8":"category-noticias","9":"tag-energia-eletrica","10":"tag-privatizacao","11":"tag-soberania-nacional"},"yoast_head":"<!-- This site is optimized with the Yoast SEO plugin v27.4 - https:\/\/yoast.com\/product\/yoast-seo-wordpress\/ -->\n<title>Para Vander, privatizar Eletrobras \u00e9 atentar contra soberania nacional<\/title>\n<meta name=\"robots\" content=\"index, follow, max-snippet:-1, max-image-preview:large, max-video-preview:-1\" \/>\n<link rel=\"canonical\" href=\"https:\/\/vanderloubet.com.br\/deputado\/para-vander-privatizar-eletrobras-e-atentar-contra-soberania-nacional\/\" \/>\n<meta property=\"og:locale\" content=\"pt_BR\" \/>\n<meta property=\"og:type\" content=\"article\" \/>\n<meta property=\"og:title\" content=\"Para Vander, privatizar Eletrobras \u00e9 atentar contra soberania nacional\" \/>\n<meta property=\"og:description\" content=\"Deputado argumenta que nem os Estados Unidos deixa opera\u00e7\u00e3o de usinas, quest\u00e3o estrat\u00e9gica, nas m\u00e3os da iniciativa privada.\" \/>\n<meta property=\"og:url\" content=\"https:\/\/vanderloubet.com.br\/deputado\/para-vander-privatizar-eletrobras-e-atentar-contra-soberania-nacional\/\" \/>\n<meta property=\"og:site_name\" content=\"Deputado Federal Vander Loubet\" \/>\n<meta property=\"article:publisher\" content=\"https:\/\/facebook.com\/deputadovander\" \/>\n<meta property=\"article:published_time\" content=\"2017-09-27T19:52:29+00:00\" \/>\n<meta property=\"article:modified_time\" content=\"2017-09-27T20:09:30+00:00\" \/>\n<meta property=\"og:image\" content=\"https:\/\/vanderloubet.com.br\/deputado\/wp-content\/uploads\/2017\/09\/foto-2017-09-27-usina-itaipu.jpg\" \/>\n\t<meta property=\"og:image:width\" content=\"900\" \/>\n\t<meta property=\"og:image:height\" content=\"600\" \/>\n\t<meta property=\"og:image:type\" content=\"image\/jpeg\" \/>\n<meta name=\"author\" content=\"\u00c9der\" \/>\n<meta name=\"twitter:card\" content=\"summary_large_image\" \/>\n<meta name=\"twitter:creator\" content=\"@vanderloubet\" \/>\n<meta name=\"twitter:site\" content=\"@vanderloubet\" \/>\n<script type=\"application\/ld+json\" class=\"yoast-schema-graph\">{\"@context\":\"https:\\\/\\\/schema.org\",\"@graph\":[{\"@type\":\"Article\",\"@id\":\"https:\\\/\\\/vanderloubet.com.br\\\/deputado\\\/para-vander-privatizar-eletrobras-e-atentar-contra-soberania-nacional\\\/#article\",\"isPartOf\":{\"@id\":\"https:\\\/\\\/vanderloubet.com.br\\\/deputado\\\/para-vander-privatizar-eletrobras-e-atentar-contra-soberania-nacional\\\/\"},\"author\":{\"name\":\"\u00c9der\",\"@id\":\"https:\\\/\\\/vanderloubet.com.br\\\/deputado\\\/#\\\/schema\\\/person\\\/15b51bd564532a8a68d9dec1b8eb890e\"},\"headline\":\"Para Vander, privatizar Eletrobras \u00e9 atentar contra soberania nacional\",\"datePublished\":\"2017-09-27T19:52:29+00:00\",\"dateModified\":\"2017-09-27T20:09:30+00:00\",\"mainEntityOfPage\":{\"@id\":\"https:\\\/\\\/vanderloubet.com.br\\\/deputado\\\/para-vander-privatizar-eletrobras-e-atentar-contra-soberania-nacional\\\/\"},\"wordCount\":649,\"publisher\":{\"@id\":\"https:\\\/\\\/vanderloubet.com.br\\\/deputado\\\/#organization\"},\"image\":{\"@id\":\"https:\\\/\\\/vanderloubet.com.br\\\/deputado\\\/para-vander-privatizar-eletrobras-e-atentar-contra-soberania-nacional\\\/#primaryimage\"},\"thumbnailUrl\":\"https:\\\/\\\/vanderloubet.com.br\\\/deputado\\\/wp-content\\\/uploads\\\/2017\\\/09\\\/foto-2017-09-27-usina-itaipu.jpg\",\"keywords\":[\"energia el\u00e9trica\",\"privatiza\u00e7\u00e3o\",\"soberania nacional\"],\"articleSection\":[\"Brasil\",\"Not\u00edcias\"],\"inLanguage\":\"pt-BR\"},{\"@type\":\"WebPage\",\"@id\":\"https:\\\/\\\/vanderloubet.com.br\\\/deputado\\\/para-vander-privatizar-eletrobras-e-atentar-contra-soberania-nacional\\\/\",\"url\":\"https:\\\/\\\/vanderloubet.com.br\\\/deputado\\\/para-vander-privatizar-eletrobras-e-atentar-contra-soberania-nacional\\\/\",\"name\":\"Para Vander, privatizar Eletrobras \u00e9 atentar contra soberania nacional\",\"isPartOf\":{\"@id\":\"https:\\\/\\\/vanderloubet.com.br\\\/deputado\\\/#website\"},\"primaryImageOfPage\":{\"@id\":\"https:\\\/\\\/vanderloubet.com.br\\\/deputado\\\/para-vander-privatizar-eletrobras-e-atentar-contra-soberania-nacional\\\/#primaryimage\"},\"image\":{\"@id\":\"https:\\\/\\\/vanderloubet.com.br\\\/deputado\\\/para-vander-privatizar-eletrobras-e-atentar-contra-soberania-nacional\\\/#primaryimage\"},\"thumbnailUrl\":\"https:\\\/\\\/vanderloubet.com.br\\\/deputado\\\/wp-content\\\/uploads\\\/2017\\\/09\\\/foto-2017-09-27-usina-itaipu.jpg\",\"datePublished\":\"2017-09-27T19:52:29+00:00\",\"dateModified\":\"2017-09-27T20:09:30+00:00\",\"breadcrumb\":{\"@id\":\"https:\\\/\\\/vanderloubet.com.br\\\/deputado\\\/para-vander-privatizar-eletrobras-e-atentar-contra-soberania-nacional\\\/#breadcrumb\"},\"inLanguage\":\"pt-BR\",\"potentialAction\":[{\"@type\":\"ReadAction\",\"target\":[\"https:\\\/\\\/vanderloubet.com.br\\\/deputado\\\/para-vander-privatizar-eletrobras-e-atentar-contra-soberania-nacional\\\/\"]}]},{\"@type\":\"ImageObject\",\"inLanguage\":\"pt-BR\",\"@id\":\"https:\\\/\\\/vanderloubet.com.br\\\/deputado\\\/para-vander-privatizar-eletrobras-e-atentar-contra-soberania-nacional\\\/#primaryimage\",\"url\":\"https:\\\/\\\/vanderloubet.com.br\\\/deputado\\\/wp-content\\\/uploads\\\/2017\\\/09\\\/foto-2017-09-27-usina-itaipu.jpg\",\"contentUrl\":\"https:\\\/\\\/vanderloubet.com.br\\\/deputado\\\/wp-content\\\/uploads\\\/2017\\\/09\\\/foto-2017-09-27-usina-itaipu.jpg\",\"width\":900,\"height\":600,\"caption\":\"Itaipu, uma das usinas hidrel\u00e9tricas controladas pela Eletrobras\"},{\"@type\":\"BreadcrumbList\",\"@id\":\"https:\\\/\\\/vanderloubet.com.br\\\/deputado\\\/para-vander-privatizar-eletrobras-e-atentar-contra-soberania-nacional\\\/#breadcrumb\",\"itemListElement\":[{\"@type\":\"ListItem\",\"position\":1,\"name\":\"In\u00edcio\",\"item\":\"https:\\\/\\\/vanderloubet.com.br\\\/deputado\\\/\"},{\"@type\":\"ListItem\",\"position\":2,\"name\":\"Para Vander, privatizar Eletrobras \u00e9 atentar contra soberania nacional\"}]},{\"@type\":\"WebSite\",\"@id\":\"https:\\\/\\\/vanderloubet.com.br\\\/deputado\\\/#website\",\"url\":\"https:\\\/\\\/vanderloubet.com.br\\\/deputado\\\/\",\"name\":\"Deputado Federal Vander Loubet\",\"description\":\"O Federal de MS\",\"publisher\":{\"@id\":\"https:\\\/\\\/vanderloubet.com.br\\\/deputado\\\/#organization\"},\"alternateName\":\"Deputado Vander\",\"potentialAction\":[{\"@type\":\"SearchAction\",\"target\":{\"@type\":\"EntryPoint\",\"urlTemplate\":\"https:\\\/\\\/vanderloubet.com.br\\\/deputado\\\/?s={search_term_string}\"},\"query-input\":{\"@type\":\"PropertyValueSpecification\",\"valueRequired\":true,\"valueName\":\"search_term_string\"}}],\"inLanguage\":\"pt-BR\"},{\"@type\":\"Organization\",\"@id\":\"https:\\\/\\\/vanderloubet.com.br\\\/deputado\\\/#organization\",\"name\":\"Deputado Federal Vander Loubet\",\"alternateName\":\"Deputado Vander\",\"url\":\"https:\\\/\\\/vanderloubet.com.br\\\/deputado\\\/\",\"logo\":{\"@type\":\"ImageObject\",\"inLanguage\":\"pt-BR\",\"@id\":\"https:\\\/\\\/vanderloubet.com.br\\\/deputado\\\/#\\\/schema\\\/logo\\\/image\\\/\",\"url\":\"https:\\\/\\\/vanderloubet.com.br\\\/deputado\\\/wp-content\\\/uploads\\\/2023\\\/06\\\/foto-2023-06-19-mandato-deputado-vander.jpg\",\"contentUrl\":\"https:\\\/\\\/vanderloubet.com.br\\\/deputado\\\/wp-content\\\/uploads\\\/2023\\\/06\\\/foto-2023-06-19-mandato-deputado-vander.jpg\",\"width\":1080,\"height\":1080,\"caption\":\"Deputado Federal Vander Loubet\"},\"image\":{\"@id\":\"https:\\\/\\\/vanderloubet.com.br\\\/deputado\\\/#\\\/schema\\\/logo\\\/image\\\/\"},\"sameAs\":[\"https:\\\/\\\/facebook.com\\\/deputadovander\",\"https:\\\/\\\/x.com\\\/vanderloubet\",\"https:\\\/\\\/instagram.com\\\/vanderloubet\",\"https:\\\/\\\/youtube.com\\\/vanderloubet\",\"https:\\\/\\\/tiktok.com\\\/@vanderloubetms\"]},{\"@type\":\"Person\",\"@id\":\"https:\\\/\\\/vanderloubet.com.br\\\/deputado\\\/#\\\/schema\\\/person\\\/15b51bd564532a8a68d9dec1b8eb890e\",\"name\":\"\u00c9der\",\"image\":{\"@type\":\"ImageObject\",\"inLanguage\":\"pt-BR\",\"@id\":\"https:\\\/\\\/vanderloubet.com.br\\\/deputado\\\/wp-content\\\/litespeed\\\/avatar\\\/88ca4090d9d5ab1c9495f6ca03b68efa.jpg?ver=1777058957\",\"url\":\"https:\\\/\\\/vanderloubet.com.br\\\/deputado\\\/wp-content\\\/litespeed\\\/avatar\\\/88ca4090d9d5ab1c9495f6ca03b68efa.jpg?ver=1777058957\",\"contentUrl\":\"https:\\\/\\\/vanderloubet.com.br\\\/deputado\\\/wp-content\\\/litespeed\\\/avatar\\\/88ca4090d9d5ab1c9495f6ca03b68efa.jpg?ver=1777058957\",\"caption\":\"\u00c9der\"}}]}<\/script>\n<!-- \/ Yoast SEO plugin. -->","yoast_head_json":{"title":"Para Vander, privatizar Eletrobras \u00e9 atentar contra soberania nacional","robots":{"index":"index","follow":"follow","max-snippet":"max-snippet:-1","max-image-preview":"max-image-preview:large","max-video-preview":"max-video-preview:-1"},"canonical":"https:\/\/vanderloubet.com.br\/deputado\/para-vander-privatizar-eletrobras-e-atentar-contra-soberania-nacional\/","og_locale":"pt_BR","og_type":"article","og_title":"Para Vander, privatizar Eletrobras \u00e9 atentar contra soberania nacional","og_description":"Deputado argumenta que nem os Estados Unidos deixa opera\u00e7\u00e3o de usinas, quest\u00e3o estrat\u00e9gica, nas m\u00e3os da iniciativa privada.","og_url":"https:\/\/vanderloubet.com.br\/deputado\/para-vander-privatizar-eletrobras-e-atentar-contra-soberania-nacional\/","og_site_name":"Deputado Federal Vander Loubet","article_publisher":"https:\/\/facebook.com\/deputadovander","article_published_time":"2017-09-27T19:52:29+00:00","article_modified_time":"2017-09-27T20:09:30+00:00","og_image":[{"width":900,"height":600,"url":"https:\/\/vanderloubet.com.br\/deputado\/wp-content\/uploads\/2017\/09\/foto-2017-09-27-usina-itaipu.jpg","type":"image\/jpeg"}],"author":"\u00c9der","twitter_card":"summary_large_image","twitter_creator":"@vanderloubet","twitter_site":"@vanderloubet","schema":{"@context":"https:\/\/schema.org","@graph":[{"@type":"Article","@id":"https:\/\/vanderloubet.com.br\/deputado\/para-vander-privatizar-eletrobras-e-atentar-contra-soberania-nacional\/#article","isPartOf":{"@id":"https:\/\/vanderloubet.com.br\/deputado\/para-vander-privatizar-eletrobras-e-atentar-contra-soberania-nacional\/"},"author":{"name":"\u00c9der","@id":"https:\/\/vanderloubet.com.br\/deputado\/#\/schema\/person\/15b51bd564532a8a68d9dec1b8eb890e"},"headline":"Para Vander, privatizar Eletrobras \u00e9 atentar contra soberania nacional","datePublished":"2017-09-27T19:52:29+00:00","dateModified":"2017-09-27T20:09:30+00:00","mainEntityOfPage":{"@id":"https:\/\/vanderloubet.com.br\/deputado\/para-vander-privatizar-eletrobras-e-atentar-contra-soberania-nacional\/"},"wordCount":649,"publisher":{"@id":"https:\/\/vanderloubet.com.br\/deputado\/#organization"},"image":{"@id":"https:\/\/vanderloubet.com.br\/deputado\/para-vander-privatizar-eletrobras-e-atentar-contra-soberania-nacional\/#primaryimage"},"thumbnailUrl":"https:\/\/vanderloubet.com.br\/deputado\/wp-content\/uploads\/2017\/09\/foto-2017-09-27-usina-itaipu.jpg","keywords":["energia el\u00e9trica","privatiza\u00e7\u00e3o","soberania nacional"],"articleSection":["Brasil","Not\u00edcias"],"inLanguage":"pt-BR"},{"@type":"WebPage","@id":"https:\/\/vanderloubet.com.br\/deputado\/para-vander-privatizar-eletrobras-e-atentar-contra-soberania-nacional\/","url":"https:\/\/vanderloubet.com.br\/deputado\/para-vander-privatizar-eletrobras-e-atentar-contra-soberania-nacional\/","name":"Para Vander, privatizar Eletrobras \u00e9 atentar contra soberania nacional","isPartOf":{"@id":"https:\/\/vanderloubet.com.br\/deputado\/#website"},"primaryImageOfPage":{"@id":"https:\/\/vanderloubet.com.br\/deputado\/para-vander-privatizar-eletrobras-e-atentar-contra-soberania-nacional\/#primaryimage"},"image":{"@id":"https:\/\/vanderloubet.com.br\/deputado\/para-vander-privatizar-eletrobras-e-atentar-contra-soberania-nacional\/#primaryimage"},"thumbnailUrl":"https:\/\/vanderloubet.com.br\/deputado\/wp-content\/uploads\/2017\/09\/foto-2017-09-27-usina-itaipu.jpg","datePublished":"2017-09-27T19:52:29+00:00","dateModified":"2017-09-27T20:09:30+00:00","breadcrumb":{"@id":"https:\/\/vanderloubet.com.br\/deputado\/para-vander-privatizar-eletrobras-e-atentar-contra-soberania-nacional\/#breadcrumb"},"inLanguage":"pt-BR","potentialAction":[{"@type":"ReadAction","target":["https:\/\/vanderloubet.com.br\/deputado\/para-vander-privatizar-eletrobras-e-atentar-contra-soberania-nacional\/"]}]},{"@type":"ImageObject","inLanguage":"pt-BR","@id":"https:\/\/vanderloubet.com.br\/deputado\/para-vander-privatizar-eletrobras-e-atentar-contra-soberania-nacional\/#primaryimage","url":"https:\/\/vanderloubet.com.br\/deputado\/wp-content\/uploads\/2017\/09\/foto-2017-09-27-usina-itaipu.jpg","contentUrl":"https:\/\/vanderloubet.com.br\/deputado\/wp-content\/uploads\/2017\/09\/foto-2017-09-27-usina-itaipu.jpg","width":900,"height":600,"caption":"Itaipu, uma das usinas hidrel\u00e9tricas controladas pela Eletrobras"},{"@type":"BreadcrumbList","@id":"https:\/\/vanderloubet.com.br\/deputado\/para-vander-privatizar-eletrobras-e-atentar-contra-soberania-nacional\/#breadcrumb","itemListElement":[{"@type":"ListItem","position":1,"name":"In\u00edcio","item":"https:\/\/vanderloubet.com.br\/deputado\/"},{"@type":"ListItem","position":2,"name":"Para Vander, privatizar Eletrobras \u00e9 atentar contra soberania nacional"}]},{"@type":"WebSite","@id":"https:\/\/vanderloubet.com.br\/deputado\/#website","url":"https:\/\/vanderloubet.com.br\/deputado\/","name":"Deputado Federal Vander Loubet","description":"O Federal de MS","publisher":{"@id":"https:\/\/vanderloubet.com.br\/deputado\/#organization"},"alternateName":"Deputado Vander","potentialAction":[{"@type":"SearchAction","target":{"@type":"EntryPoint","urlTemplate":"https:\/\/vanderloubet.com.br\/deputado\/?s={search_term_string}"},"query-input":{"@type":"PropertyValueSpecification","valueRequired":true,"valueName":"search_term_string"}}],"inLanguage":"pt-BR"},{"@type":"Organization","@id":"https:\/\/vanderloubet.com.br\/deputado\/#organization","name":"Deputado Federal Vander Loubet","alternateName":"Deputado Vander","url":"https:\/\/vanderloubet.com.br\/deputado\/","logo":{"@type":"ImageObject","inLanguage":"pt-BR","@id":"https:\/\/vanderloubet.com.br\/deputado\/#\/schema\/logo\/image\/","url":"https:\/\/vanderloubet.com.br\/deputado\/wp-content\/uploads\/2023\/06\/foto-2023-06-19-mandato-deputado-vander.jpg","contentUrl":"https:\/\/vanderloubet.com.br\/deputado\/wp-content\/uploads\/2023\/06\/foto-2023-06-19-mandato-deputado-vander.jpg","width":1080,"height":1080,"caption":"Deputado Federal Vander Loubet"},"image":{"@id":"https:\/\/vanderloubet.com.br\/deputado\/#\/schema\/logo\/image\/"},"sameAs":["https:\/\/facebook.com\/deputadovander","https:\/\/x.com\/vanderloubet","https:\/\/instagram.com\/vanderloubet","https:\/\/youtube.com\/vanderloubet","https:\/\/tiktok.com\/@vanderloubetms"]},{"@type":"Person","@id":"https:\/\/vanderloubet.com.br\/deputado\/#\/schema\/person\/15b51bd564532a8a68d9dec1b8eb890e","name":"\u00c9der","image":{"@type":"ImageObject","inLanguage":"pt-BR","@id":"https:\/\/vanderloubet.com.br\/deputado\/wp-content\/litespeed\/avatar\/88ca4090d9d5ab1c9495f6ca03b68efa.jpg?ver=1777058957","url":"https:\/\/vanderloubet.com.br\/deputado\/wp-content\/litespeed\/avatar\/88ca4090d9d5ab1c9495f6ca03b68efa.jpg?ver=1777058957","contentUrl":"https:\/\/vanderloubet.com.br\/deputado\/wp-content\/litespeed\/avatar\/88ca4090d9d5ab1c9495f6ca03b68efa.jpg?ver=1777058957","caption":"\u00c9der"}}]}},"jetpack_featured_media_url":"https:\/\/vanderloubet.com.br\/deputado\/wp-content\/uploads\/2017\/09\/foto-2017-09-27-usina-itaipu.jpg","jetpack_sharing_enabled":true,"_links":{"self":[{"href":"https:\/\/vanderloubet.com.br\/deputado\/wp-json\/wp\/v2\/posts\/13142","targetHints":{"allow":["GET"]}}],"collection":[{"href":"https:\/\/vanderloubet.com.br\/deputado\/wp-json\/wp\/v2\/posts"}],"about":[{"href":"https:\/\/vanderloubet.com.br\/deputado\/wp-json\/wp\/v2\/types\/post"}],"author":[{"embeddable":true,"href":"https:\/\/vanderloubet.com.br\/deputado\/wp-json\/wp\/v2\/users\/2"}],"replies":[{"embeddable":true,"href":"https:\/\/vanderloubet.com.br\/deputado\/wp-json\/wp\/v2\/comments?post=13142"}],"version-history":[{"count":0,"href":"https:\/\/vanderloubet.com.br\/deputado\/wp-json\/wp\/v2\/posts\/13142\/revisions"}],"wp:featuredmedia":[{"embeddable":true,"href":"https:\/\/vanderloubet.com.br\/deputado\/wp-json\/wp\/v2\/media\/13144"}],"wp:attachment":[{"href":"https:\/\/vanderloubet.com.br\/deputado\/wp-json\/wp\/v2\/media?parent=13142"}],"wp:term":[{"taxonomy":"category","embeddable":true,"href":"https:\/\/vanderloubet.com.br\/deputado\/wp-json\/wp\/v2\/categories?post=13142"},{"taxonomy":"post_tag","embeddable":true,"href":"https:\/\/vanderloubet.com.br\/deputado\/wp-json\/wp\/v2\/tags?post=13142"}],"curies":[{"name":"wp","href":"https:\/\/api.w.org\/{rel}","templated":true}]}}