{"id":12959,"date":"2017-09-04T17:48:07","date_gmt":"2017-09-04T21:48:07","guid":{"rendered":"http:\/\/vanderloubet.com.br\/deputado\/?p=12959"},"modified":"2018-03-28T08:59:26","modified_gmt":"2018-03-28T12:59:26","slug":"vander-consegue-liberacao-de-r-56-milhoes-para-custeio-da-saude-em-ms","status":"publish","type":"post","link":"https:\/\/vanderloubet.com.br\/deputado\/vander-consegue-liberacao-de-r-56-milhoes-para-custeio-da-saude-em-ms\/","title":{"rendered":"Vander consegue libera\u00e7\u00e3o de R$ 5,6 milh\u00f5es para custeio da sa\u00fade em MS"},"content":{"rendered":"<figure id=\"attachment_11668\" aria-describedby=\"caption-attachment-11668\" style=\"width: 700px\" class=\"wp-caption alignnone\"><img decoding=\"async\" class=\"wp-image-11668 size-large\" title=\"Deputado Vander Loubet no Plen\u00e1rio da C\u00e2mara\" src=\"http:\/\/vanderloubet.com.br\/deputado\/wp-content\/uploads\/2016\/08\/foto-2016-08-23-deputado-vander-loubet-700x467.jpg\" alt=\"Deputado Vander Loubet no Plen\u00e1rio da C\u00e2mara\" width=\"700\" height=\"467\" srcset=\"https:\/\/vanderloubet.com.br\/deputado\/wp-content\/uploads\/2016\/08\/foto-2016-08-23-deputado-vander-loubet-700x467.jpg 700w, https:\/\/vanderloubet.com.br\/deputado\/wp-content\/uploads\/2016\/08\/foto-2016-08-23-deputado-vander-loubet-350x233.jpg 350w, https:\/\/vanderloubet.com.br\/deputado\/wp-content\/uploads\/2016\/08\/foto-2016-08-23-deputado-vander-loubet-768x512.jpg 768w, https:\/\/vanderloubet.com.br\/deputado\/wp-content\/uploads\/2016\/08\/foto-2016-08-23-deputado-vander-loubet-630x420.jpg 630w, https:\/\/vanderloubet.com.br\/deputado\/wp-content\/uploads\/2016\/08\/foto-2016-08-23-deputado-vander-loubet-696x464.jpg 696w, https:\/\/vanderloubet.com.br\/deputado\/wp-content\/uploads\/2016\/08\/foto-2016-08-23-deputado-vander-loubet.jpg 960w\" sizes=\"(max-width: 700px) 100vw, 700px\" \/><figcaption id=\"caption-attachment-11668\" class=\"wp-caption-text\">Deputado Vander Loubet no Plen\u00e1rio da C\u00e2mara<\/figcaption><\/figure>\n<p>O deputado federal Vander Loubet recebeu do Governo Federal a confirma\u00e7\u00e3o do pagamento de uma emenda parlamentar de mais de R$ 5,6 milh\u00f5es pelo Minist\u00e9rio da Sa\u00fade para aplica\u00e7\u00e3o em Mato Grosso do Sul.<\/p>\n<p>O recurso ser\u00e1 repassado ao Governo do Estado, que vai distribu\u00ed-lo para as prefeituras custearem o atendimento \u00e0 popula\u00e7\u00e3o na rede p\u00fablica de sa\u00fade. A emenda de Vander foi empenhada e liberada pelo Or\u00e7amento Geral da Uni\u00e3o (OGU) de 2017.<\/p>\n<p>&#8220;Neste momento, muitas prefeituras t\u00eam enfrentado dificuldades para bancar os servi\u00e7os de sa\u00fade p\u00fablica, por isso espero que essa verba ajude os munic\u00edpios e a popula\u00e7\u00e3o que depende do SUS [Sistema \u00danico de Sa\u00fade]&#8221;, explicou o parlamentar.<\/p>\n<p><em>(\u00c9der Yanaguita &#8211; Ascom\/Dep. Vander Loubet)<\/em><\/p>\n","protected":false},"excerpt":{"rendered":"<p>Emenda do deputado foi paga pelo Or\u00e7amento da Uni\u00e3o de 2017 e ser\u00e1 distribu\u00edda pelo Estado para prefeituras.<\/p>\n","protected":false},"author":2,"featured_media":11668,"comment_status":"closed","ping_status":"closed","sticky":false,"template":"","format":"standard","meta":{"jetpack_post_was_ever_published":false,"_jetpack_newsletter_access":"","_jetpack_dont_email_post_to_subs":false,"_jetpack_newsletter_tier_id":0,"_jetpack_memberships_contains_paywalled_content":false,"_jetpack_memberships_contains_paid_content":false,"footnotes":""},"categories":[2099,10],"tags":[2127,1803],"class_list":{"0":"post-12959","1":"post","2":"type-post","3":"status-publish","4":"format-standard","5":"has-post-thumbnail","7":"category-ms-noticias","8":"category-noticias","9":"tag-emenda-parlamentar","10":"tag-saude"},"yoast_head":"<!-- This site is optimized with the Yoast SEO plugin v27.4 - https:\/\/yoast.com\/product\/yoast-seo-wordpress\/ -->\n<title>Vander consegue libera\u00e7\u00e3o de R$ 5,6 milh\u00f5es para custeio da sa\u00fade em MS<\/title>\n<meta name=\"robots\" content=\"index, follow, max-snippet:-1, max-image-preview:large, max-video-preview:-1\" \/>\n<link rel=\"canonical\" href=\"https:\/\/vanderloubet.com.br\/deputado\/vander-consegue-liberacao-de-r-56-milhoes-para-custeio-da-saude-em-ms\/\" \/>\n<meta property=\"og:locale\" content=\"pt_BR\" \/>\n<meta property=\"og:type\" content=\"article\" \/>\n<meta property=\"og:title\" content=\"Vander consegue libera\u00e7\u00e3o de R$ 5,6 milh\u00f5es para custeio da sa\u00fade em MS\" \/>\n<meta property=\"og:description\" content=\"Emenda do deputado foi paga pelo Or\u00e7amento da Uni\u00e3o de 2017 e ser\u00e1 distribu\u00edda pelo Estado para prefeituras.\" \/>\n<meta property=\"og:url\" content=\"https:\/\/vanderloubet.com.br\/deputado\/vander-consegue-liberacao-de-r-56-milhoes-para-custeio-da-saude-em-ms\/\" \/>\n<meta property=\"og:site_name\" content=\"Deputado Federal Vander Loubet\" \/>\n<meta property=\"article:publisher\" content=\"https:\/\/facebook.com\/deputadovander\" \/>\n<meta property=\"article:published_time\" content=\"2017-09-04T21:48:07+00:00\" \/>\n<meta property=\"article:modified_time\" content=\"2018-03-28T12:59:26+00:00\" \/>\n<meta property=\"og:image\" content=\"https:\/\/vanderloubet.com.br\/deputado\/wp-content\/uploads\/2016\/08\/foto-2016-08-23-deputado-vander-loubet.jpg\" \/>\n\t<meta property=\"og:image:width\" content=\"960\" \/>\n\t<meta property=\"og:image:height\" content=\"640\" \/>\n\t<meta property=\"og:image:type\" content=\"image\/jpeg\" \/>\n<meta name=\"author\" content=\"\u00c9der\" \/>\n<meta name=\"twitter:card\" content=\"summary_large_image\" \/>\n<meta name=\"twitter:creator\" content=\"@vanderloubet\" \/>\n<meta name=\"twitter:site\" content=\"@vanderloubet\" \/>\n<script type=\"application\/ld+json\" class=\"yoast-schema-graph\">{\"@context\":\"https:\\\/\\\/schema.org\",\"@graph\":[{\"@type\":\"Article\",\"@id\":\"https:\\\/\\\/vanderloubet.com.br\\\/deputado\\\/vander-consegue-liberacao-de-r-56-milhoes-para-custeio-da-saude-em-ms\\\/#article\",\"isPartOf\":{\"@id\":\"https:\\\/\\\/vanderloubet.com.br\\\/deputado\\\/vander-consegue-liberacao-de-r-56-milhoes-para-custeio-da-saude-em-ms\\\/\"},\"author\":{\"name\":\"\u00c9der\",\"@id\":\"https:\\\/\\\/vanderloubet.com.br\\\/deputado\\\/#\\\/schema\\\/person\\\/15b51bd564532a8a68d9dec1b8eb890e\"},\"headline\":\"Vander consegue libera\u00e7\u00e3o de R$ 5,6 milh\u00f5es para custeio da sa\u00fade em MS\",\"datePublished\":\"2017-09-04T21:48:07+00:00\",\"dateModified\":\"2018-03-28T12:59:26+00:00\",\"mainEntityOfPage\":{\"@id\":\"https:\\\/\\\/vanderloubet.com.br\\\/deputado\\\/vander-consegue-liberacao-de-r-56-milhoes-para-custeio-da-saude-em-ms\\\/\"},\"wordCount\":164,\"publisher\":{\"@id\":\"https:\\\/\\\/vanderloubet.com.br\\\/deputado\\\/#organization\"},\"image\":{\"@id\":\"https:\\\/\\\/vanderloubet.com.br\\\/deputado\\\/vander-consegue-liberacao-de-r-56-milhoes-para-custeio-da-saude-em-ms\\\/#primaryimage\"},\"thumbnailUrl\":\"https:\\\/\\\/vanderloubet.com.br\\\/deputado\\\/wp-content\\\/uploads\\\/2016\\\/08\\\/foto-2016-08-23-deputado-vander-loubet.jpg\",\"keywords\":[\"emenda parlamentar\",\"sa\u00fade\"],\"articleSection\":[\"Mato Grosso do Sul\",\"Not\u00edcias\"],\"inLanguage\":\"pt-BR\"},{\"@type\":\"WebPage\",\"@id\":\"https:\\\/\\\/vanderloubet.com.br\\\/deputado\\\/vander-consegue-liberacao-de-r-56-milhoes-para-custeio-da-saude-em-ms\\\/\",\"url\":\"https:\\\/\\\/vanderloubet.com.br\\\/deputado\\\/vander-consegue-liberacao-de-r-56-milhoes-para-custeio-da-saude-em-ms\\\/\",\"name\":\"Vander consegue libera\u00e7\u00e3o de R$ 5,6 milh\u00f5es para custeio da sa\u00fade em MS\",\"isPartOf\":{\"@id\":\"https:\\\/\\\/vanderloubet.com.br\\\/deputado\\\/#website\"},\"primaryImageOfPage\":{\"@id\":\"https:\\\/\\\/vanderloubet.com.br\\\/deputado\\\/vander-consegue-liberacao-de-r-56-milhoes-para-custeio-da-saude-em-ms\\\/#primaryimage\"},\"image\":{\"@id\":\"https:\\\/\\\/vanderloubet.com.br\\\/deputado\\\/vander-consegue-liberacao-de-r-56-milhoes-para-custeio-da-saude-em-ms\\\/#primaryimage\"},\"thumbnailUrl\":\"https:\\\/\\\/vanderloubet.com.br\\\/deputado\\\/wp-content\\\/uploads\\\/2016\\\/08\\\/foto-2016-08-23-deputado-vander-loubet.jpg\",\"datePublished\":\"2017-09-04T21:48:07+00:00\",\"dateModified\":\"2018-03-28T12:59:26+00:00\",\"breadcrumb\":{\"@id\":\"https:\\\/\\\/vanderloubet.com.br\\\/deputado\\\/vander-consegue-liberacao-de-r-56-milhoes-para-custeio-da-saude-em-ms\\\/#breadcrumb\"},\"inLanguage\":\"pt-BR\",\"potentialAction\":[{\"@type\":\"ReadAction\",\"target\":[\"https:\\\/\\\/vanderloubet.com.br\\\/deputado\\\/vander-consegue-liberacao-de-r-56-milhoes-para-custeio-da-saude-em-ms\\\/\"]}]},{\"@type\":\"ImageObject\",\"inLanguage\":\"pt-BR\",\"@id\":\"https:\\\/\\\/vanderloubet.com.br\\\/deputado\\\/vander-consegue-liberacao-de-r-56-milhoes-para-custeio-da-saude-em-ms\\\/#primaryimage\",\"url\":\"https:\\\/\\\/vanderloubet.com.br\\\/deputado\\\/wp-content\\\/uploads\\\/2016\\\/08\\\/foto-2016-08-23-deputado-vander-loubet.jpg\",\"contentUrl\":\"https:\\\/\\\/vanderloubet.com.br\\\/deputado\\\/wp-content\\\/uploads\\\/2016\\\/08\\\/foto-2016-08-23-deputado-vander-loubet.jpg\",\"width\":960,\"height\":640,\"caption\":\"Deputado Vander Loubet no Plen\u00e1rio da C\u00e2mara\"},{\"@type\":\"BreadcrumbList\",\"@id\":\"https:\\\/\\\/vanderloubet.com.br\\\/deputado\\\/vander-consegue-liberacao-de-r-56-milhoes-para-custeio-da-saude-em-ms\\\/#breadcrumb\",\"itemListElement\":[{\"@type\":\"ListItem\",\"position\":1,\"name\":\"In\u00edcio\",\"item\":\"https:\\\/\\\/vanderloubet.com.br\\\/deputado\\\/\"},{\"@type\":\"ListItem\",\"position\":2,\"name\":\"Vander consegue libera\u00e7\u00e3o de R$ 5,6 milh\u00f5es para custeio da sa\u00fade em MS\"}]},{\"@type\":\"WebSite\",\"@id\":\"https:\\\/\\\/vanderloubet.com.br\\\/deputado\\\/#website\",\"url\":\"https:\\\/\\\/vanderloubet.com.br\\\/deputado\\\/\",\"name\":\"Deputado Federal Vander Loubet\",\"description\":\"O Federal de MS\",\"publisher\":{\"@id\":\"https:\\\/\\\/vanderloubet.com.br\\\/deputado\\\/#organization\"},\"alternateName\":\"Deputado Vander\",\"potentialAction\":[{\"@type\":\"SearchAction\",\"target\":{\"@type\":\"EntryPoint\",\"urlTemplate\":\"https:\\\/\\\/vanderloubet.com.br\\\/deputado\\\/?s={search_term_string}\"},\"query-input\":{\"@type\":\"PropertyValueSpecification\",\"valueRequired\":true,\"valueName\":\"search_term_string\"}}],\"inLanguage\":\"pt-BR\"},{\"@type\":\"Organization\",\"@id\":\"https:\\\/\\\/vanderloubet.com.br\\\/deputado\\\/#organization\",\"name\":\"Deputado Federal Vander Loubet\",\"alternateName\":\"Deputado Vander\",\"url\":\"https:\\\/\\\/vanderloubet.com.br\\\/deputado\\\/\",\"logo\":{\"@type\":\"ImageObject\",\"inLanguage\":\"pt-BR\",\"@id\":\"https:\\\/\\\/vanderloubet.com.br\\\/deputado\\\/#\\\/schema\\\/logo\\\/image\\\/\",\"url\":\"https:\\\/\\\/vanderloubet.com.br\\\/deputado\\\/wp-content\\\/uploads\\\/2023\\\/06\\\/foto-2023-06-19-mandato-deputado-vander.jpg\",\"contentUrl\":\"https:\\\/\\\/vanderloubet.com.br\\\/deputado\\\/wp-content\\\/uploads\\\/2023\\\/06\\\/foto-2023-06-19-mandato-deputado-vander.jpg\",\"width\":1080,\"height\":1080,\"caption\":\"Deputado Federal Vander Loubet\"},\"image\":{\"@id\":\"https:\\\/\\\/vanderloubet.com.br\\\/deputado\\\/#\\\/schema\\\/logo\\\/image\\\/\"},\"sameAs\":[\"https:\\\/\\\/facebook.com\\\/deputadovander\",\"https:\\\/\\\/x.com\\\/vanderloubet\",\"https:\\\/\\\/instagram.com\\\/vanderloubet\",\"https:\\\/\\\/youtube.com\\\/vanderloubet\",\"https:\\\/\\\/tiktok.com\\\/@vanderloubetms\"]},{\"@type\":\"Person\",\"@id\":\"https:\\\/\\\/vanderloubet.com.br\\\/deputado\\\/#\\\/schema\\\/person\\\/15b51bd564532a8a68d9dec1b8eb890e\",\"name\":\"\u00c9der\",\"image\":{\"@type\":\"ImageObject\",\"inLanguage\":\"pt-BR\",\"@id\":\"https:\\\/\\\/vanderloubet.com.br\\\/deputado\\\/wp-content\\\/litespeed\\\/avatar\\\/88ca4090d9d5ab1c9495f6ca03b68efa.jpg?ver=1777058957\",\"url\":\"https:\\\/\\\/vanderloubet.com.br\\\/deputado\\\/wp-content\\\/litespeed\\\/avatar\\\/88ca4090d9d5ab1c9495f6ca03b68efa.jpg?ver=1777058957\",\"contentUrl\":\"https:\\\/\\\/vanderloubet.com.br\\\/deputado\\\/wp-content\\\/litespeed\\\/avatar\\\/88ca4090d9d5ab1c9495f6ca03b68efa.jpg?ver=1777058957\",\"caption\":\"\u00c9der\"}}]}<\/script>\n<!-- \/ Yoast SEO plugin. -->","yoast_head_json":{"title":"Vander consegue libera\u00e7\u00e3o de R$ 5,6 milh\u00f5es para custeio da sa\u00fade em MS","robots":{"index":"index","follow":"follow","max-snippet":"max-snippet:-1","max-image-preview":"max-image-preview:large","max-video-preview":"max-video-preview:-1"},"canonical":"https:\/\/vanderloubet.com.br\/deputado\/vander-consegue-liberacao-de-r-56-milhoes-para-custeio-da-saude-em-ms\/","og_locale":"pt_BR","og_type":"article","og_title":"Vander consegue libera\u00e7\u00e3o de R$ 5,6 milh\u00f5es para custeio da sa\u00fade em MS","og_description":"Emenda do deputado foi paga pelo Or\u00e7amento da Uni\u00e3o de 2017 e ser\u00e1 distribu\u00edda pelo Estado para prefeituras.","og_url":"https:\/\/vanderloubet.com.br\/deputado\/vander-consegue-liberacao-de-r-56-milhoes-para-custeio-da-saude-em-ms\/","og_site_name":"Deputado Federal Vander Loubet","article_publisher":"https:\/\/facebook.com\/deputadovander","article_published_time":"2017-09-04T21:48:07+00:00","article_modified_time":"2018-03-28T12:59:26+00:00","og_image":[{"width":960,"height":640,"url":"https:\/\/vanderloubet.com.br\/deputado\/wp-content\/uploads\/2016\/08\/foto-2016-08-23-deputado-vander-loubet.jpg","type":"image\/jpeg"}],"author":"\u00c9der","twitter_card":"summary_large_image","twitter_creator":"@vanderloubet","twitter_site":"@vanderloubet","schema":{"@context":"https:\/\/schema.org","@graph":[{"@type":"Article","@id":"https:\/\/vanderloubet.com.br\/deputado\/vander-consegue-liberacao-de-r-56-milhoes-para-custeio-da-saude-em-ms\/#article","isPartOf":{"@id":"https:\/\/vanderloubet.com.br\/deputado\/vander-consegue-liberacao-de-r-56-milhoes-para-custeio-da-saude-em-ms\/"},"author":{"name":"\u00c9der","@id":"https:\/\/vanderloubet.com.br\/deputado\/#\/schema\/person\/15b51bd564532a8a68d9dec1b8eb890e"},"headline":"Vander consegue libera\u00e7\u00e3o de R$ 5,6 milh\u00f5es para custeio da sa\u00fade em MS","datePublished":"2017-09-04T21:48:07+00:00","dateModified":"2018-03-28T12:59:26+00:00","mainEntityOfPage":{"@id":"https:\/\/vanderloubet.com.br\/deputado\/vander-consegue-liberacao-de-r-56-milhoes-para-custeio-da-saude-em-ms\/"},"wordCount":164,"publisher":{"@id":"https:\/\/vanderloubet.com.br\/deputado\/#organization"},"image":{"@id":"https:\/\/vanderloubet.com.br\/deputado\/vander-consegue-liberacao-de-r-56-milhoes-para-custeio-da-saude-em-ms\/#primaryimage"},"thumbnailUrl":"https:\/\/vanderloubet.com.br\/deputado\/wp-content\/uploads\/2016\/08\/foto-2016-08-23-deputado-vander-loubet.jpg","keywords":["emenda parlamentar","sa\u00fade"],"articleSection":["Mato Grosso do Sul","Not\u00edcias"],"inLanguage":"pt-BR"},{"@type":"WebPage","@id":"https:\/\/vanderloubet.com.br\/deputado\/vander-consegue-liberacao-de-r-56-milhoes-para-custeio-da-saude-em-ms\/","url":"https:\/\/vanderloubet.com.br\/deputado\/vander-consegue-liberacao-de-r-56-milhoes-para-custeio-da-saude-em-ms\/","name":"Vander consegue libera\u00e7\u00e3o de R$ 5,6 milh\u00f5es para custeio da sa\u00fade em MS","isPartOf":{"@id":"https:\/\/vanderloubet.com.br\/deputado\/#website"},"primaryImageOfPage":{"@id":"https:\/\/vanderloubet.com.br\/deputado\/vander-consegue-liberacao-de-r-56-milhoes-para-custeio-da-saude-em-ms\/#primaryimage"},"image":{"@id":"https:\/\/vanderloubet.com.br\/deputado\/vander-consegue-liberacao-de-r-56-milhoes-para-custeio-da-saude-em-ms\/#primaryimage"},"thumbnailUrl":"https:\/\/vanderloubet.com.br\/deputado\/wp-content\/uploads\/2016\/08\/foto-2016-08-23-deputado-vander-loubet.jpg","datePublished":"2017-09-04T21:48:07+00:00","dateModified":"2018-03-28T12:59:26+00:00","breadcrumb":{"@id":"https:\/\/vanderloubet.com.br\/deputado\/vander-consegue-liberacao-de-r-56-milhoes-para-custeio-da-saude-em-ms\/#breadcrumb"},"inLanguage":"pt-BR","potentialAction":[{"@type":"ReadAction","target":["https:\/\/vanderloubet.com.br\/deputado\/vander-consegue-liberacao-de-r-56-milhoes-para-custeio-da-saude-em-ms\/"]}]},{"@type":"ImageObject","inLanguage":"pt-BR","@id":"https:\/\/vanderloubet.com.br\/deputado\/vander-consegue-liberacao-de-r-56-milhoes-para-custeio-da-saude-em-ms\/#primaryimage","url":"https:\/\/vanderloubet.com.br\/deputado\/wp-content\/uploads\/2016\/08\/foto-2016-08-23-deputado-vander-loubet.jpg","contentUrl":"https:\/\/vanderloubet.com.br\/deputado\/wp-content\/uploads\/2016\/08\/foto-2016-08-23-deputado-vander-loubet.jpg","width":960,"height":640,"caption":"Deputado Vander Loubet no Plen\u00e1rio da C\u00e2mara"},{"@type":"BreadcrumbList","@id":"https:\/\/vanderloubet.com.br\/deputado\/vander-consegue-liberacao-de-r-56-milhoes-para-custeio-da-saude-em-ms\/#breadcrumb","itemListElement":[{"@type":"ListItem","position":1,"name":"In\u00edcio","item":"https:\/\/vanderloubet.com.br\/deputado\/"},{"@type":"ListItem","position":2,"name":"Vander consegue libera\u00e7\u00e3o de R$ 5,6 milh\u00f5es para custeio da sa\u00fade em MS"}]},{"@type":"WebSite","@id":"https:\/\/vanderloubet.com.br\/deputado\/#website","url":"https:\/\/vanderloubet.com.br\/deputado\/","name":"Deputado Federal Vander Loubet","description":"O Federal de MS","publisher":{"@id":"https:\/\/vanderloubet.com.br\/deputado\/#organization"},"alternateName":"Deputado Vander","potentialAction":[{"@type":"SearchAction","target":{"@type":"EntryPoint","urlTemplate":"https:\/\/vanderloubet.com.br\/deputado\/?s={search_term_string}"},"query-input":{"@type":"PropertyValueSpecification","valueRequired":true,"valueName":"search_term_string"}}],"inLanguage":"pt-BR"},{"@type":"Organization","@id":"https:\/\/vanderloubet.com.br\/deputado\/#organization","name":"Deputado Federal Vander Loubet","alternateName":"Deputado Vander","url":"https:\/\/vanderloubet.com.br\/deputado\/","logo":{"@type":"ImageObject","inLanguage":"pt-BR","@id":"https:\/\/vanderloubet.com.br\/deputado\/#\/schema\/logo\/image\/","url":"https:\/\/vanderloubet.com.br\/deputado\/wp-content\/uploads\/2023\/06\/foto-2023-06-19-mandato-deputado-vander.jpg","contentUrl":"https:\/\/vanderloubet.com.br\/deputado\/wp-content\/uploads\/2023\/06\/foto-2023-06-19-mandato-deputado-vander.jpg","width":1080,"height":1080,"caption":"Deputado Federal Vander Loubet"},"image":{"@id":"https:\/\/vanderloubet.com.br\/deputado\/#\/schema\/logo\/image\/"},"sameAs":["https:\/\/facebook.com\/deputadovander","https:\/\/x.com\/vanderloubet","https:\/\/instagram.com\/vanderloubet","https:\/\/youtube.com\/vanderloubet","https:\/\/tiktok.com\/@vanderloubetms"]},{"@type":"Person","@id":"https:\/\/vanderloubet.com.br\/deputado\/#\/schema\/person\/15b51bd564532a8a68d9dec1b8eb890e","name":"\u00c9der","image":{"@type":"ImageObject","inLanguage":"pt-BR","@id":"https:\/\/vanderloubet.com.br\/deputado\/wp-content\/litespeed\/avatar\/88ca4090d9d5ab1c9495f6ca03b68efa.jpg?ver=1777058957","url":"https:\/\/vanderloubet.com.br\/deputado\/wp-content\/litespeed\/avatar\/88ca4090d9d5ab1c9495f6ca03b68efa.jpg?ver=1777058957","contentUrl":"https:\/\/vanderloubet.com.br\/deputado\/wp-content\/litespeed\/avatar\/88ca4090d9d5ab1c9495f6ca03b68efa.jpg?ver=1777058957","caption":"\u00c9der"}}]}},"jetpack_featured_media_url":"https:\/\/vanderloubet.com.br\/deputado\/wp-content\/uploads\/2016\/08\/foto-2016-08-23-deputado-vander-loubet.jpg","jetpack_sharing_enabled":true,"_links":{"self":[{"href":"https:\/\/vanderloubet.com.br\/deputado\/wp-json\/wp\/v2\/posts\/12959","targetHints":{"allow":["GET"]}}],"collection":[{"href":"https:\/\/vanderloubet.com.br\/deputado\/wp-json\/wp\/v2\/posts"}],"about":[{"href":"https:\/\/vanderloubet.com.br\/deputado\/wp-json\/wp\/v2\/types\/post"}],"author":[{"embeddable":true,"href":"https:\/\/vanderloubet.com.br\/deputado\/wp-json\/wp\/v2\/users\/2"}],"replies":[{"embeddable":true,"href":"https:\/\/vanderloubet.com.br\/deputado\/wp-json\/wp\/v2\/comments?post=12959"}],"version-history":[{"count":0,"href":"https:\/\/vanderloubet.com.br\/deputado\/wp-json\/wp\/v2\/posts\/12959\/revisions"}],"wp:featuredmedia":[{"embeddable":true,"href":"https:\/\/vanderloubet.com.br\/deputado\/wp-json\/wp\/v2\/media\/11668"}],"wp:attachment":[{"href":"https:\/\/vanderloubet.com.br\/deputado\/wp-json\/wp\/v2\/media?parent=12959"}],"wp:term":[{"taxonomy":"category","embeddable":true,"href":"https:\/\/vanderloubet.com.br\/deputado\/wp-json\/wp\/v2\/categories?post=12959"},{"taxonomy":"post_tag","embeddable":true,"href":"https:\/\/vanderloubet.com.br\/deputado\/wp-json\/wp\/v2\/tags?post=12959"}],"curies":[{"name":"wp","href":"https:\/\/api.w.org\/{rel}","templated":true}]}}