{"id":12936,"date":"2017-08-16T08:00:57","date_gmt":"2017-08-16T12:00:57","guid":{"rendered":"http:\/\/vanderloubet.com.br\/deputado\/?p=12936"},"modified":"2017-09-27T18:38:50","modified_gmt":"2017-09-27T22:38:50","slug":"aquidauana-inaugura-primeira-etapa-de-obra-do-pac-viabilizada-com-apoio-de-vander","status":"publish","type":"post","link":"https:\/\/vanderloubet.com.br\/deputado\/aquidauana-inaugura-primeira-etapa-de-obra-do-pac-viabilizada-com-apoio-de-vander\/","title":{"rendered":"Aquidauana inaugura primeira etapa de obra do PAC viabilizada com apoio de Vander"},"content":{"rendered":"\r\n                <style type=\"text\/css\">\r\n                    \r\n                    #tdi_1  .td-doubleSlider-2 .td-item1 {\r\n                        background: url(https:\/\/vanderloubet.com.br\/deputado\/wp-content\/uploads\/2017\/08\/foto-2017-08-16-pac2-aquidauana-01-80x60.jpg) 0 0 no-repeat;\r\n                    }\r\n                    #tdi_1  .td-doubleSlider-2 .td-item2 {\r\n                        background: url(https:\/\/vanderloubet.com.br\/deputado\/wp-content\/uploads\/2017\/08\/foto-2017-08-16-pac2-aquidauana-02-80x60.jpg) 0 0 no-repeat;\r\n                    }\r\n                <\/style>\r\n\r\n                <div id=\"tdi_1\" class=\"td-gallery td-slide-on-2-columns\">\r\n                    <div class=\"post_td_gallery\">\r\n                        <div class=\"td-gallery-slide-top\">\r\n                           <div class=\"td-gallery-title\"><\/div>\r\n\r\n                            <div class=\"td-gallery-controls-wrapper\">\r\n                                <div class=\"td-gallery-slide-count\"><span class=\"td-gallery-slide-item-focus\">1<\/span> de 2<\/div>\r\n                                <div class=\"td-gallery-slide-prev-next-but\">\r\n                                    <i class = \"td-icon-left doubleSliderPrevButton\"><\/i>\r\n                                    <i class = \"td-icon-right doubleSliderNextButton\"><\/i>\r\n                                <\/div>\r\n                            <\/div>\r\n                        <\/div>\r\n\r\n                        <div class = \"td-doubleSlider-1 \">\r\n                            <div class = \"td-slider\">\r\n                                \r\n                    <div class = \"td-slide-item td-item1\">\r\n                        <figure class=\"td-slide-galery-figure td-slide-popup-gallery\">\r\n                            <a class=\"slide-gallery-image-link\" href=\"https:\/\/vanderloubet.com.br\/deputado\/wp-content\/uploads\/2017\/08\/foto-2017-08-16-pac2-aquidauana-01.jpg\" title=\"Vander participou da inaugura\u00e7\u00e3o da 1\u00aa etapa das obras ao lado de diversas autoridades\"  data-caption=\"\"  data-description=\"Vander participou da inaugura&ccedil;&atilde;o da 1&ordf; etapa das obras ao lado de diversas autoridades\">\r\n                                <img decoding=\"async\" src=\"https:\/\/vanderloubet.com.br\/deputado\/wp-content\/uploads\/2017\/08\/foto-2017-08-16-pac2-aquidauana-01-630x420.jpg\" srcset=\"https:\/\/vanderloubet.com.br\/deputado\/wp-content\/uploads\/2017\/08\/foto-2017-08-16-pac2-aquidauana-01-630x420.jpg 630w, https:\/\/vanderloubet.com.br\/deputado\/wp-content\/uploads\/2017\/08\/foto-2017-08-16-pac2-aquidauana-01-350x233.jpg 350w, https:\/\/vanderloubet.com.br\/deputado\/wp-content\/uploads\/2017\/08\/foto-2017-08-16-pac2-aquidauana-01-768x512.jpg 768w, https:\/\/vanderloubet.com.br\/deputado\/wp-content\/uploads\/2017\/08\/foto-2017-08-16-pac2-aquidauana-01-700x467.jpg 700w, https:\/\/vanderloubet.com.br\/deputado\/wp-content\/uploads\/2017\/08\/foto-2017-08-16-pac2-aquidauana-01-696x464.jpg 696w, https:\/\/vanderloubet.com.br\/deputado\/wp-content\/uploads\/2017\/08\/foto-2017-08-16-pac2-aquidauana-01-1068x712.jpg 1068w, https:\/\/vanderloubet.com.br\/deputado\/wp-content\/uploads\/2017\/08\/foto-2017-08-16-pac2-aquidauana-01.jpg 1080w\" sizes=\"(max-width: 630px) 100vw, 630px\" alt=\"Vander participou da inaugura&ccedil;&atilde;o da 1&ordf; etapa das obras ao lado de diversas autoridades\">\r\n                            <\/a>\r\n                            <figcaption class = \"td-slide-caption td-gallery-slide-content\"><span>Vander participou da inaugura\u00e7\u00e3o da 1\u00aa etapa das obras ao lado de diversas autoridades<\/span><\/figcaption>\r\n                        <\/figure>\r\n                    <\/div>\r\n                    <div class = \"td-slide-item td-item2\">\r\n                        <figure class=\"td-slide-galery-figure td-slide-popup-gallery\">\r\n                            <a class=\"slide-gallery-image-link\" href=\"https:\/\/vanderloubet.com.br\/deputado\/wp-content\/uploads\/2017\/08\/foto-2017-08-16-pac2-aquidauana-02.jpg\" title=\"Vander discursando durante inaugura\u00e7\u00e3o da 1\u00aa etapa das obras do PAC 2 em Aquidauana\"  data-caption=\"\"  data-description=\"Vander discursando durante inaugura&ccedil;&atilde;o da 1&ordf; etapa das obras do PAC 2 em Aquidauana\">\r\n                                <img decoding=\"async\" src=\"https:\/\/vanderloubet.com.br\/deputado\/wp-content\/uploads\/2017\/08\/foto-2017-08-16-pac2-aquidauana-02-630x420.jpg\" srcset=\"https:\/\/vanderloubet.com.br\/deputado\/wp-content\/uploads\/2017\/08\/foto-2017-08-16-pac2-aquidauana-02-630x420.jpg 630w, https:\/\/vanderloubet.com.br\/deputado\/wp-content\/uploads\/2017\/08\/foto-2017-08-16-pac2-aquidauana-02-350x233.jpg 350w, https:\/\/vanderloubet.com.br\/deputado\/wp-content\/uploads\/2017\/08\/foto-2017-08-16-pac2-aquidauana-02-768x512.jpg 768w, https:\/\/vanderloubet.com.br\/deputado\/wp-content\/uploads\/2017\/08\/foto-2017-08-16-pac2-aquidauana-02-700x467.jpg 700w, https:\/\/vanderloubet.com.br\/deputado\/wp-content\/uploads\/2017\/08\/foto-2017-08-16-pac2-aquidauana-02-696x464.jpg 696w, https:\/\/vanderloubet.com.br\/deputado\/wp-content\/uploads\/2017\/08\/foto-2017-08-16-pac2-aquidauana-02-1068x712.jpg 1068w, https:\/\/vanderloubet.com.br\/deputado\/wp-content\/uploads\/2017\/08\/foto-2017-08-16-pac2-aquidauana-02.jpg 1080w\" sizes=\"(max-width: 630px) 100vw, 630px\" alt=\"Vander discursando durante inaugura&ccedil;&atilde;o da 1&ordf; etapa das obras do PAC 2 em Aquidauana\">\r\n                            <\/a>\r\n                            <figcaption class = \"td-slide-caption td-gallery-slide-content\"><span>Vander discursando durante inaugura\u00e7\u00e3o da 1\u00aa etapa das obras do PAC 2 em Aquidauana<\/span><\/figcaption>\r\n                        <\/figure>\r\n                    <\/div>\r\n                            <\/div>\r\n                        <\/div>\r\n\r\n                        <div class = \"td-doubleSlider-2\">\r\n                            <div class = \"td-slider\">\r\n                                \r\n                    <div class = \"td-button td-item1\">\r\n                        <div class = \"td-border\"><\/div>\r\n                    <\/div>\r\n                    <div class = \"td-button td-item2\">\r\n                        <div class = \"td-border\"><\/div>\r\n                    <\/div>\r\n                            <\/div>\r\n                        <\/div>\r\n\r\n                    <\/div>\r\n\r\n                <\/div>\r\n                \n<p>No dia do anivers\u00e1rio de 125 anos de Aquidauana, 15 de agosto, a Prefeitura fez a entrega da primeira etapa da pavimenta\u00e7\u00e3o asf\u00e1ltica e drenagem de \u00e1guas pluviais da segunda fase do do Programa de Acelera\u00e7\u00e3o do Crescimento (PAC 2) no Bairro Cidade Nova, junto com saneamento b\u00e1sico. Essa etapa beneficiou as vilas Eliane e Fragel. A obra foi inaugurada pelo prefeito Odilon Ribeiro com a presen\u00e7a do depuado federal Vander Loubet e do governador Reinaldo Azambuja, al\u00e9m de outras autoridades.<\/p>\n<p>Ao todo, o projeto representa investimento de R$ 16.294.982. Desse valor, R$ 13.468.280 se referem ao asfalto e drenagem &#8211; R$ 12.794.866 do PAC 2 (recursos que o deputado Vander ajudou a viabilizar em 2013 pelo Governo Federal) e R$ 673.414 de contrapartida da Prefeitura. S\u00e3o 7.200 metros de drenagem de \u00e1guas pluviais, 4.767 metros de drenagem profunda e 120 mil metros quadrados de pavimenta\u00e7\u00e3o asf\u00e1ltica (86 ruas).<\/p>\n<p>&#8220;Na \u00e9poca foi uma grande vit\u00f3ria a conquista dessa verba pela modalidade de Qualifica\u00e7\u00e3o de Vias Urbanas do PAC 2. Foi fruto de um trabalho intenso do nosso mandato e da Prefeitura junto ao Minist\u00e9rio das Cidades e \u00e0 Presid\u00eancia da Rep\u00fablica&#8221;, destacou Vander, ao lado do prefeito Odilon.<\/p>\n<p>Pela Empresa de Saneamento de Mato Grosso do Sul (Sanesul), foram destinados R$ 2.826.702 para amplia\u00e7\u00e3o do sistema de esgotamento sanit\u00e1rio na regi\u00e3o &#8211; constru\u00e7\u00e3o de 14.126 metros de rede coletora e 1.506 liga\u00e7\u00f5es domiciliares.<\/p>\n<p><strong>Mais recursos<\/strong> &#8211; Atualmente, Vander Loubet est\u00e1 destinando para Aquidauana emendas parlamentares e recursos federais que somam cerca de R$ 5,6 milh\u00f5es.<\/p>\n<p>Pelo Instituto Nacional de Coloniza\u00e7\u00e3o e Reforma Agr\u00e1ria (Incra) s\u00e3o R$ R$ 3,4 milh\u00f5es para implanta\u00e7\u00e3o de sistema de abastecimento de \u00e1gua no Assentamento Indai\u00e1. Em parceria com o Governo do Estado, o parlamentar est\u00e1 viabilizando R$ 1,5 milh\u00e3o para pavimenta\u00e7\u00e3o asf\u00e1ltica e recapeamento na cidade. E em conjunto com o tamb\u00e9m deputado federal Zeca do PT s\u00e3o duas emendas: uma de R$ 500 mil para a \u00e1rea da sa\u00fade e outra de R$ 230 mil para aquisi\u00e7\u00e3o de patrulha mecanizada.<\/p>\n<p>&#8220;Temos compromisso com o a popula\u00e7\u00e3o aquidauanense e por isso seguimos trabalhando muito para garantir benef\u00edcios para o munic\u00edpio&#8221;, concluiu o deputado.<\/p>\n<p><em>(\u00c9der Yanaguita &#8211; Ascom\/Dep. Vander Loubet)<\/em><\/p>\n","protected":false},"excerpt":{"rendered":"<p>Est\u00e3o sendo investidos R$ 13,4 milh\u00f5es em pavimenta\u00e7\u00e3o e drenagem &#8211; R$ 12,8 milh\u00f5es do PAC 2 e R$ 673 mil de contrapartida da Prefeitura.<\/p>\n","protected":false},"author":2,"featured_media":12937,"comment_status":"closed","ping_status":"closed","sticky":false,"template":"","format":"standard","meta":{"jetpack_post_was_ever_published":false,"_jetpack_newsletter_access":"","_jetpack_dont_email_post_to_subs":false,"_jetpack_newsletter_tier_id":0,"_jetpack_memberships_contains_paywalled_content":false,"_jetpack_memberships_contains_paid_content":false,"footnotes":""},"categories":[2097,10],"tags":[2334,1446,2281],"class_list":{"0":"post-12936","1":"post","2":"type-post","3":"status-publish","4":"format-standard","5":"has-post-thumbnail","7":"category-municipios-noticias","8":"category-noticias","9":"tag-infraestrutura-urbana","10":"tag-pac-2","11":"tag-saneamento-basico"},"yoast_head":"<!-- This site is optimized with the Yoast SEO plugin v27.4 - https:\/\/yoast.com\/product\/yoast-seo-wordpress\/ -->\n<title>Aquidauana inaugura primeira etapa de obra do PAC viabilizada com apoio de Vander<\/title>\n<meta name=\"robots\" content=\"index, follow, max-snippet:-1, max-image-preview:large, max-video-preview:-1\" \/>\n<link rel=\"canonical\" href=\"https:\/\/vanderloubet.com.br\/deputado\/aquidauana-inaugura-primeira-etapa-de-obra-do-pac-viabilizada-com-apoio-de-vander\/\" \/>\n<meta property=\"og:locale\" content=\"pt_BR\" \/>\n<meta property=\"og:type\" content=\"article\" \/>\n<meta property=\"og:title\" content=\"Aquidauana inaugura primeira etapa de obra do PAC viabilizada com apoio de Vander\" \/>\n<meta property=\"og:description\" content=\"Est\u00e3o sendo investidos R$ 13,4 milh\u00f5es em pavimenta\u00e7\u00e3o e drenagem - R$ 12,8 milh\u00f5es do PAC 2 e R$ 673 mil de contrapartida da Prefeitura.\" \/>\n<meta property=\"og:url\" content=\"https:\/\/vanderloubet.com.br\/deputado\/aquidauana-inaugura-primeira-etapa-de-obra-do-pac-viabilizada-com-apoio-de-vander\/\" \/>\n<meta property=\"og:site_name\" content=\"Deputado Federal Vander Loubet\" \/>\n<meta property=\"article:publisher\" content=\"https:\/\/facebook.com\/deputadovander\" \/>\n<meta property=\"article:published_time\" content=\"2017-08-16T12:00:57+00:00\" \/>\n<meta property=\"article:modified_time\" content=\"2017-09-27T22:38:50+00:00\" \/>\n<meta property=\"og:image\" content=\"https:\/\/vanderloubet.com.br\/deputado\/wp-content\/uploads\/2017\/08\/foto-2017-08-16-pac2-aquidauana-01.jpg\" \/>\n\t<meta property=\"og:image:width\" content=\"1080\" \/>\n\t<meta property=\"og:image:height\" content=\"720\" \/>\n\t<meta property=\"og:image:type\" content=\"image\/jpeg\" \/>\n<meta name=\"author\" content=\"\u00c9der\" \/>\n<meta name=\"twitter:card\" content=\"summary_large_image\" \/>\n<meta name=\"twitter:creator\" content=\"@vanderloubet\" \/>\n<meta name=\"twitter:site\" content=\"@vanderloubet\" \/>\n<script type=\"application\/ld+json\" class=\"yoast-schema-graph\">{\"@context\":\"https:\\\/\\\/schema.org\",\"@graph\":[{\"@type\":\"Article\",\"@id\":\"https:\\\/\\\/vanderloubet.com.br\\\/deputado\\\/aquidauana-inaugura-primeira-etapa-de-obra-do-pac-viabilizada-com-apoio-de-vander\\\/#article\",\"isPartOf\":{\"@id\":\"https:\\\/\\\/vanderloubet.com.br\\\/deputado\\\/aquidauana-inaugura-primeira-etapa-de-obra-do-pac-viabilizada-com-apoio-de-vander\\\/\"},\"author\":{\"name\":\"\u00c9der\",\"@id\":\"https:\\\/\\\/vanderloubet.com.br\\\/deputado\\\/#\\\/schema\\\/person\\\/15b51bd564532a8a68d9dec1b8eb890e\"},\"headline\":\"Aquidauana inaugura primeira etapa de obra do PAC viabilizada com apoio de Vander\",\"datePublished\":\"2017-08-16T12:00:57+00:00\",\"dateModified\":\"2017-09-27T22:38:50+00:00\",\"mainEntityOfPage\":{\"@id\":\"https:\\\/\\\/vanderloubet.com.br\\\/deputado\\\/aquidauana-inaugura-primeira-etapa-de-obra-do-pac-viabilizada-com-apoio-de-vander\\\/\"},\"wordCount\":400,\"publisher\":{\"@id\":\"https:\\\/\\\/vanderloubet.com.br\\\/deputado\\\/#organization\"},\"image\":{\"@id\":\"https:\\\/\\\/vanderloubet.com.br\\\/deputado\\\/aquidauana-inaugura-primeira-etapa-de-obra-do-pac-viabilizada-com-apoio-de-vander\\\/#primaryimage\"},\"thumbnailUrl\":\"https:\\\/\\\/vanderloubet.com.br\\\/deputado\\\/wp-content\\\/uploads\\\/2017\\\/08\\\/foto-2017-08-16-pac2-aquidauana-01.jpg\",\"keywords\":[\"infraestrutura urbana\",\"pac 2\",\"saneamento b\u00e1sico\"],\"articleSection\":[\"Munic\u00edpios\",\"Not\u00edcias\"],\"inLanguage\":\"pt-BR\"},{\"@type\":\"WebPage\",\"@id\":\"https:\\\/\\\/vanderloubet.com.br\\\/deputado\\\/aquidauana-inaugura-primeira-etapa-de-obra-do-pac-viabilizada-com-apoio-de-vander\\\/\",\"url\":\"https:\\\/\\\/vanderloubet.com.br\\\/deputado\\\/aquidauana-inaugura-primeira-etapa-de-obra-do-pac-viabilizada-com-apoio-de-vander\\\/\",\"name\":\"Aquidauana inaugura primeira etapa de obra do PAC viabilizada com apoio de Vander\",\"isPartOf\":{\"@id\":\"https:\\\/\\\/vanderloubet.com.br\\\/deputado\\\/#website\"},\"primaryImageOfPage\":{\"@id\":\"https:\\\/\\\/vanderloubet.com.br\\\/deputado\\\/aquidauana-inaugura-primeira-etapa-de-obra-do-pac-viabilizada-com-apoio-de-vander\\\/#primaryimage\"},\"image\":{\"@id\":\"https:\\\/\\\/vanderloubet.com.br\\\/deputado\\\/aquidauana-inaugura-primeira-etapa-de-obra-do-pac-viabilizada-com-apoio-de-vander\\\/#primaryimage\"},\"thumbnailUrl\":\"https:\\\/\\\/vanderloubet.com.br\\\/deputado\\\/wp-content\\\/uploads\\\/2017\\\/08\\\/foto-2017-08-16-pac2-aquidauana-01.jpg\",\"datePublished\":\"2017-08-16T12:00:57+00:00\",\"dateModified\":\"2017-09-27T22:38:50+00:00\",\"breadcrumb\":{\"@id\":\"https:\\\/\\\/vanderloubet.com.br\\\/deputado\\\/aquidauana-inaugura-primeira-etapa-de-obra-do-pac-viabilizada-com-apoio-de-vander\\\/#breadcrumb\"},\"inLanguage\":\"pt-BR\",\"potentialAction\":[{\"@type\":\"ReadAction\",\"target\":[\"https:\\\/\\\/vanderloubet.com.br\\\/deputado\\\/aquidauana-inaugura-primeira-etapa-de-obra-do-pac-viabilizada-com-apoio-de-vander\\\/\"]}]},{\"@type\":\"ImageObject\",\"inLanguage\":\"pt-BR\",\"@id\":\"https:\\\/\\\/vanderloubet.com.br\\\/deputado\\\/aquidauana-inaugura-primeira-etapa-de-obra-do-pac-viabilizada-com-apoio-de-vander\\\/#primaryimage\",\"url\":\"https:\\\/\\\/vanderloubet.com.br\\\/deputado\\\/wp-content\\\/uploads\\\/2017\\\/08\\\/foto-2017-08-16-pac2-aquidauana-01.jpg\",\"contentUrl\":\"https:\\\/\\\/vanderloubet.com.br\\\/deputado\\\/wp-content\\\/uploads\\\/2017\\\/08\\\/foto-2017-08-16-pac2-aquidauana-01.jpg\",\"width\":1080,\"height\":720,\"caption\":\"Vander participou da inaugura\u00e7\u00e3o da 1\u00aa etapa das obras ao lado de diversas autoridades\"},{\"@type\":\"BreadcrumbList\",\"@id\":\"https:\\\/\\\/vanderloubet.com.br\\\/deputado\\\/aquidauana-inaugura-primeira-etapa-de-obra-do-pac-viabilizada-com-apoio-de-vander\\\/#breadcrumb\",\"itemListElement\":[{\"@type\":\"ListItem\",\"position\":1,\"name\":\"In\u00edcio\",\"item\":\"https:\\\/\\\/vanderloubet.com.br\\\/deputado\\\/\"},{\"@type\":\"ListItem\",\"position\":2,\"name\":\"Aquidauana inaugura primeira etapa de obra do PAC viabilizada com apoio de Vander\"}]},{\"@type\":\"WebSite\",\"@id\":\"https:\\\/\\\/vanderloubet.com.br\\\/deputado\\\/#website\",\"url\":\"https:\\\/\\\/vanderloubet.com.br\\\/deputado\\\/\",\"name\":\"Deputado Federal Vander Loubet\",\"description\":\"O Federal de MS\",\"publisher\":{\"@id\":\"https:\\\/\\\/vanderloubet.com.br\\\/deputado\\\/#organization\"},\"alternateName\":\"Deputado Vander\",\"potentialAction\":[{\"@type\":\"SearchAction\",\"target\":{\"@type\":\"EntryPoint\",\"urlTemplate\":\"https:\\\/\\\/vanderloubet.com.br\\\/deputado\\\/?s={search_term_string}\"},\"query-input\":{\"@type\":\"PropertyValueSpecification\",\"valueRequired\":true,\"valueName\":\"search_term_string\"}}],\"inLanguage\":\"pt-BR\"},{\"@type\":\"Organization\",\"@id\":\"https:\\\/\\\/vanderloubet.com.br\\\/deputado\\\/#organization\",\"name\":\"Deputado Federal Vander Loubet\",\"alternateName\":\"Deputado Vander\",\"url\":\"https:\\\/\\\/vanderloubet.com.br\\\/deputado\\\/\",\"logo\":{\"@type\":\"ImageObject\",\"inLanguage\":\"pt-BR\",\"@id\":\"https:\\\/\\\/vanderloubet.com.br\\\/deputado\\\/#\\\/schema\\\/logo\\\/image\\\/\",\"url\":\"https:\\\/\\\/vanderloubet.com.br\\\/deputado\\\/wp-content\\\/uploads\\\/2023\\\/06\\\/foto-2023-06-19-mandato-deputado-vander.jpg\",\"contentUrl\":\"https:\\\/\\\/vanderloubet.com.br\\\/deputado\\\/wp-content\\\/uploads\\\/2023\\\/06\\\/foto-2023-06-19-mandato-deputado-vander.jpg\",\"width\":1080,\"height\":1080,\"caption\":\"Deputado Federal Vander Loubet\"},\"image\":{\"@id\":\"https:\\\/\\\/vanderloubet.com.br\\\/deputado\\\/#\\\/schema\\\/logo\\\/image\\\/\"},\"sameAs\":[\"https:\\\/\\\/facebook.com\\\/deputadovander\",\"https:\\\/\\\/x.com\\\/vanderloubet\",\"https:\\\/\\\/instagram.com\\\/vanderloubet\",\"https:\\\/\\\/youtube.com\\\/vanderloubet\",\"https:\\\/\\\/tiktok.com\\\/@vanderloubetms\"]},{\"@type\":\"Person\",\"@id\":\"https:\\\/\\\/vanderloubet.com.br\\\/deputado\\\/#\\\/schema\\\/person\\\/15b51bd564532a8a68d9dec1b8eb890e\",\"name\":\"\u00c9der\",\"image\":{\"@type\":\"ImageObject\",\"inLanguage\":\"pt-BR\",\"@id\":\"https:\\\/\\\/vanderloubet.com.br\\\/deputado\\\/wp-content\\\/litespeed\\\/avatar\\\/88ca4090d9d5ab1c9495f6ca03b68efa.jpg?ver=1777058957\",\"url\":\"https:\\\/\\\/vanderloubet.com.br\\\/deputado\\\/wp-content\\\/litespeed\\\/avatar\\\/88ca4090d9d5ab1c9495f6ca03b68efa.jpg?ver=1777058957\",\"contentUrl\":\"https:\\\/\\\/vanderloubet.com.br\\\/deputado\\\/wp-content\\\/litespeed\\\/avatar\\\/88ca4090d9d5ab1c9495f6ca03b68efa.jpg?ver=1777058957\",\"caption\":\"\u00c9der\"}}]}<\/script>\n<!-- \/ Yoast SEO plugin. -->","yoast_head_json":{"title":"Aquidauana inaugura primeira etapa de obra do PAC viabilizada com apoio de Vander","robots":{"index":"index","follow":"follow","max-snippet":"max-snippet:-1","max-image-preview":"max-image-preview:large","max-video-preview":"max-video-preview:-1"},"canonical":"https:\/\/vanderloubet.com.br\/deputado\/aquidauana-inaugura-primeira-etapa-de-obra-do-pac-viabilizada-com-apoio-de-vander\/","og_locale":"pt_BR","og_type":"article","og_title":"Aquidauana inaugura primeira etapa de obra do PAC viabilizada com apoio de Vander","og_description":"Est\u00e3o sendo investidos R$ 13,4 milh\u00f5es em pavimenta\u00e7\u00e3o e drenagem - R$ 12,8 milh\u00f5es do PAC 2 e R$ 673 mil de contrapartida da Prefeitura.","og_url":"https:\/\/vanderloubet.com.br\/deputado\/aquidauana-inaugura-primeira-etapa-de-obra-do-pac-viabilizada-com-apoio-de-vander\/","og_site_name":"Deputado Federal Vander Loubet","article_publisher":"https:\/\/facebook.com\/deputadovander","article_published_time":"2017-08-16T12:00:57+00:00","article_modified_time":"2017-09-27T22:38:50+00:00","og_image":[{"width":1080,"height":720,"url":"https:\/\/vanderloubet.com.br\/deputado\/wp-content\/uploads\/2017\/08\/foto-2017-08-16-pac2-aquidauana-01.jpg","type":"image\/jpeg"}],"author":"\u00c9der","twitter_card":"summary_large_image","twitter_creator":"@vanderloubet","twitter_site":"@vanderloubet","schema":{"@context":"https:\/\/schema.org","@graph":[{"@type":"Article","@id":"https:\/\/vanderloubet.com.br\/deputado\/aquidauana-inaugura-primeira-etapa-de-obra-do-pac-viabilizada-com-apoio-de-vander\/#article","isPartOf":{"@id":"https:\/\/vanderloubet.com.br\/deputado\/aquidauana-inaugura-primeira-etapa-de-obra-do-pac-viabilizada-com-apoio-de-vander\/"},"author":{"name":"\u00c9der","@id":"https:\/\/vanderloubet.com.br\/deputado\/#\/schema\/person\/15b51bd564532a8a68d9dec1b8eb890e"},"headline":"Aquidauana inaugura primeira etapa de obra do PAC viabilizada com apoio de Vander","datePublished":"2017-08-16T12:00:57+00:00","dateModified":"2017-09-27T22:38:50+00:00","mainEntityOfPage":{"@id":"https:\/\/vanderloubet.com.br\/deputado\/aquidauana-inaugura-primeira-etapa-de-obra-do-pac-viabilizada-com-apoio-de-vander\/"},"wordCount":400,"publisher":{"@id":"https:\/\/vanderloubet.com.br\/deputado\/#organization"},"image":{"@id":"https:\/\/vanderloubet.com.br\/deputado\/aquidauana-inaugura-primeira-etapa-de-obra-do-pac-viabilizada-com-apoio-de-vander\/#primaryimage"},"thumbnailUrl":"https:\/\/vanderloubet.com.br\/deputado\/wp-content\/uploads\/2017\/08\/foto-2017-08-16-pac2-aquidauana-01.jpg","keywords":["infraestrutura urbana","pac 2","saneamento b\u00e1sico"],"articleSection":["Munic\u00edpios","Not\u00edcias"],"inLanguage":"pt-BR"},{"@type":"WebPage","@id":"https:\/\/vanderloubet.com.br\/deputado\/aquidauana-inaugura-primeira-etapa-de-obra-do-pac-viabilizada-com-apoio-de-vander\/","url":"https:\/\/vanderloubet.com.br\/deputado\/aquidauana-inaugura-primeira-etapa-de-obra-do-pac-viabilizada-com-apoio-de-vander\/","name":"Aquidauana inaugura primeira etapa de obra do PAC viabilizada com apoio de Vander","isPartOf":{"@id":"https:\/\/vanderloubet.com.br\/deputado\/#website"},"primaryImageOfPage":{"@id":"https:\/\/vanderloubet.com.br\/deputado\/aquidauana-inaugura-primeira-etapa-de-obra-do-pac-viabilizada-com-apoio-de-vander\/#primaryimage"},"image":{"@id":"https:\/\/vanderloubet.com.br\/deputado\/aquidauana-inaugura-primeira-etapa-de-obra-do-pac-viabilizada-com-apoio-de-vander\/#primaryimage"},"thumbnailUrl":"https:\/\/vanderloubet.com.br\/deputado\/wp-content\/uploads\/2017\/08\/foto-2017-08-16-pac2-aquidauana-01.jpg","datePublished":"2017-08-16T12:00:57+00:00","dateModified":"2017-09-27T22:38:50+00:00","breadcrumb":{"@id":"https:\/\/vanderloubet.com.br\/deputado\/aquidauana-inaugura-primeira-etapa-de-obra-do-pac-viabilizada-com-apoio-de-vander\/#breadcrumb"},"inLanguage":"pt-BR","potentialAction":[{"@type":"ReadAction","target":["https:\/\/vanderloubet.com.br\/deputado\/aquidauana-inaugura-primeira-etapa-de-obra-do-pac-viabilizada-com-apoio-de-vander\/"]}]},{"@type":"ImageObject","inLanguage":"pt-BR","@id":"https:\/\/vanderloubet.com.br\/deputado\/aquidauana-inaugura-primeira-etapa-de-obra-do-pac-viabilizada-com-apoio-de-vander\/#primaryimage","url":"https:\/\/vanderloubet.com.br\/deputado\/wp-content\/uploads\/2017\/08\/foto-2017-08-16-pac2-aquidauana-01.jpg","contentUrl":"https:\/\/vanderloubet.com.br\/deputado\/wp-content\/uploads\/2017\/08\/foto-2017-08-16-pac2-aquidauana-01.jpg","width":1080,"height":720,"caption":"Vander participou da inaugura\u00e7\u00e3o da 1\u00aa etapa das obras ao lado de diversas autoridades"},{"@type":"BreadcrumbList","@id":"https:\/\/vanderloubet.com.br\/deputado\/aquidauana-inaugura-primeira-etapa-de-obra-do-pac-viabilizada-com-apoio-de-vander\/#breadcrumb","itemListElement":[{"@type":"ListItem","position":1,"name":"In\u00edcio","item":"https:\/\/vanderloubet.com.br\/deputado\/"},{"@type":"ListItem","position":2,"name":"Aquidauana inaugura primeira etapa de obra do PAC viabilizada com apoio de Vander"}]},{"@type":"WebSite","@id":"https:\/\/vanderloubet.com.br\/deputado\/#website","url":"https:\/\/vanderloubet.com.br\/deputado\/","name":"Deputado Federal Vander Loubet","description":"O Federal de MS","publisher":{"@id":"https:\/\/vanderloubet.com.br\/deputado\/#organization"},"alternateName":"Deputado Vander","potentialAction":[{"@type":"SearchAction","target":{"@type":"EntryPoint","urlTemplate":"https:\/\/vanderloubet.com.br\/deputado\/?s={search_term_string}"},"query-input":{"@type":"PropertyValueSpecification","valueRequired":true,"valueName":"search_term_string"}}],"inLanguage":"pt-BR"},{"@type":"Organization","@id":"https:\/\/vanderloubet.com.br\/deputado\/#organization","name":"Deputado Federal Vander Loubet","alternateName":"Deputado Vander","url":"https:\/\/vanderloubet.com.br\/deputado\/","logo":{"@type":"ImageObject","inLanguage":"pt-BR","@id":"https:\/\/vanderloubet.com.br\/deputado\/#\/schema\/logo\/image\/","url":"https:\/\/vanderloubet.com.br\/deputado\/wp-content\/uploads\/2023\/06\/foto-2023-06-19-mandato-deputado-vander.jpg","contentUrl":"https:\/\/vanderloubet.com.br\/deputado\/wp-content\/uploads\/2023\/06\/foto-2023-06-19-mandato-deputado-vander.jpg","width":1080,"height":1080,"caption":"Deputado Federal Vander Loubet"},"image":{"@id":"https:\/\/vanderloubet.com.br\/deputado\/#\/schema\/logo\/image\/"},"sameAs":["https:\/\/facebook.com\/deputadovander","https:\/\/x.com\/vanderloubet","https:\/\/instagram.com\/vanderloubet","https:\/\/youtube.com\/vanderloubet","https:\/\/tiktok.com\/@vanderloubetms"]},{"@type":"Person","@id":"https:\/\/vanderloubet.com.br\/deputado\/#\/schema\/person\/15b51bd564532a8a68d9dec1b8eb890e","name":"\u00c9der","image":{"@type":"ImageObject","inLanguage":"pt-BR","@id":"https:\/\/vanderloubet.com.br\/deputado\/wp-content\/litespeed\/avatar\/88ca4090d9d5ab1c9495f6ca03b68efa.jpg?ver=1777058957","url":"https:\/\/vanderloubet.com.br\/deputado\/wp-content\/litespeed\/avatar\/88ca4090d9d5ab1c9495f6ca03b68efa.jpg?ver=1777058957","contentUrl":"https:\/\/vanderloubet.com.br\/deputado\/wp-content\/litespeed\/avatar\/88ca4090d9d5ab1c9495f6ca03b68efa.jpg?ver=1777058957","caption":"\u00c9der"}}]}},"jetpack_featured_media_url":"https:\/\/vanderloubet.com.br\/deputado\/wp-content\/uploads\/2017\/08\/foto-2017-08-16-pac2-aquidauana-01.jpg","jetpack_sharing_enabled":true,"_links":{"self":[{"href":"https:\/\/vanderloubet.com.br\/deputado\/wp-json\/wp\/v2\/posts\/12936","targetHints":{"allow":["GET"]}}],"collection":[{"href":"https:\/\/vanderloubet.com.br\/deputado\/wp-json\/wp\/v2\/posts"}],"about":[{"href":"https:\/\/vanderloubet.com.br\/deputado\/wp-json\/wp\/v2\/types\/post"}],"author":[{"embeddable":true,"href":"https:\/\/vanderloubet.com.br\/deputado\/wp-json\/wp\/v2\/users\/2"}],"replies":[{"embeddable":true,"href":"https:\/\/vanderloubet.com.br\/deputado\/wp-json\/wp\/v2\/comments?post=12936"}],"version-history":[{"count":0,"href":"https:\/\/vanderloubet.com.br\/deputado\/wp-json\/wp\/v2\/posts\/12936\/revisions"}],"wp:featuredmedia":[{"embeddable":true,"href":"https:\/\/vanderloubet.com.br\/deputado\/wp-json\/wp\/v2\/media\/12937"}],"wp:attachment":[{"href":"https:\/\/vanderloubet.com.br\/deputado\/wp-json\/wp\/v2\/media?parent=12936"}],"wp:term":[{"taxonomy":"category","embeddable":true,"href":"https:\/\/vanderloubet.com.br\/deputado\/wp-json\/wp\/v2\/categories?post=12936"},{"taxonomy":"post_tag","embeddable":true,"href":"https:\/\/vanderloubet.com.br\/deputado\/wp-json\/wp\/v2\/tags?post=12936"}],"curies":[{"name":"wp","href":"https:\/\/api.w.org\/{rel}","templated":true}]}}