{"id":12912,"date":"2017-07-14T14:48:13","date_gmt":"2017-07-14T18:48:13","guid":{"rendered":"http:\/\/vanderloubet.com.br\/deputado\/?p=12912"},"modified":"2017-07-14T17:53:45","modified_gmt":"2017-07-14T21:53:45","slug":"pec-promulgada-por-dilma-com-apoio-de-vander-rende-4-bilhoes-aos-municipios","status":"publish","type":"post","link":"https:\/\/vanderloubet.com.br\/deputado\/pec-promulgada-por-dilma-com-apoio-de-vander-rende-4-bilhoes-aos-municipios\/","title":{"rendered":"PEC promulgada em 2014 com apoio de Vander rende R$ 3,99 bilh\u00f5es aos munic\u00edpios"},"content":{"rendered":"<figure id=\"attachment_12913\" aria-describedby=\"caption-attachment-12913\" style=\"width: 700px\" class=\"wp-caption alignnone\"><img decoding=\"async\" class=\"wp-image-12913 size-large\" title=\"PEC 84\/2014 foi promulgada por Dilma com apoio de Vander\" src=\"http:\/\/vanderloubet.com.br\/deputado\/wp-content\/uploads\/2017\/07\/foto-2017-07-14-dilma-rousseff-700x467.jpg\" alt=\"PEC 84\/2014 foi promulgada por Dilma com apoio de Vander\" width=\"700\" height=\"467\" srcset=\"https:\/\/vanderloubet.com.br\/deputado\/wp-content\/uploads\/2017\/07\/foto-2017-07-14-dilma-rousseff-700x467.jpg 700w, https:\/\/vanderloubet.com.br\/deputado\/wp-content\/uploads\/2017\/07\/foto-2017-07-14-dilma-rousseff-350x233.jpg 350w, https:\/\/vanderloubet.com.br\/deputado\/wp-content\/uploads\/2017\/07\/foto-2017-07-14-dilma-rousseff-768x512.jpg 768w, https:\/\/vanderloubet.com.br\/deputado\/wp-content\/uploads\/2017\/07\/foto-2017-07-14-dilma-rousseff-630x420.jpg 630w, https:\/\/vanderloubet.com.br\/deputado\/wp-content\/uploads\/2017\/07\/foto-2017-07-14-dilma-rousseff-696x464.jpg 696w, https:\/\/vanderloubet.com.br\/deputado\/wp-content\/uploads\/2017\/07\/foto-2017-07-14-dilma-rousseff.jpg 900w\" sizes=\"(max-width: 700px) 100vw, 700px\" \/><figcaption id=\"caption-attachment-12913\" class=\"wp-caption-text\">PEC 84\/2014 foi promulgada por Dilma com apoio de Vander<\/figcaption><\/figure>\n<p>O deputado federal Vander Loubet comemorou hoje (14) o repasse de R$ 3,99 bilh\u00f5es aos munic\u00edpios brasileiros por meio do Fundo de Participa\u00e7\u00e3o dos Munic\u00edpios (FPM). Os recursos est\u00e3o sendo depositados nesta sexta-feira aos 5.570 munic\u00edpios do pa\u00eds.<\/p>\n<p>Esse repasse \u00e9 resultado de negocia\u00e7\u00f5es realizadas entre prefeitos e o governo da ex-presidenta Dilma Rousseff no ano de 2014. Houve a promulga\u00e7\u00e3o da PEC 84\/2014, ocasi\u00e3o na qual foi elevado em 1% os repasses do FPM e escolhido o m\u00eas de julho para o dep\u00f3sito aos munic\u00edpios.<\/p>\n<p>Para Vander, a luta municipalista \u00e9 importante para a expans\u00e3o e melhoria da presta\u00e7\u00e3o dos servi\u00e7os p\u00fablicos \u00e0 popula\u00e7\u00e3o. &#8220;Por conta do momento dif\u00edcil que o pa\u00eds atravessa, com a queda das receitas, a destina\u00e7\u00e3o de mais recursos \u00e9 muito importante para que os munic\u00edpios possam ter mais condi\u00e7\u00f5es de honrar seus compromissos ou investir um pouco mais em \u00e1reas como sa\u00fade, educa\u00e7\u00e3o e infraestrutura&#8221;, completou Vander.<\/p>\n<p>A PEC 84\/2014 alterou o art. 159 da Constitui\u00e7\u00e3o Federal e elevou o percentual do produto da arrecada\u00e7\u00e3o de Imposto de Renda (IR) e Imposto sobre Produtos Industrializados (IPI) repassados pela Uni\u00e3o para o FPM. Cerca de 70% munic\u00edpios brasileiros tem no FPM sua principal fonte de receita.<\/p>\n<p>De acordo com dados da Confedera\u00e7\u00e3o Nacional de Munic\u00edpios (CNM), as 79 prefeituras de Mato Grosso do Sul deve receber hoje um total de R$ 59,7 milh\u00f5es.<\/p>\n<p><em>(\u00c9der Yanaguita &#8211; Ascom\/Dep. Vander Loubet)<\/em><\/p>\n","protected":false},"excerpt":{"rendered":"<p>PEC 84\/2014 garantiu aumento do repasse da Uni\u00e3o para o Fundo de Participa\u00e7\u00e3o dos Munic\u00edpios (FPM).<\/p>\n","protected":false},"author":2,"featured_media":12913,"comment_status":"closed","ping_status":"closed","sticky":false,"template":"","format":"standard","meta":{"jetpack_post_was_ever_published":false,"_jetpack_newsletter_access":"","_jetpack_dont_email_post_to_subs":false,"_jetpack_newsletter_tier_id":0,"_jetpack_memberships_contains_paywalled_content":false,"_jetpack_memberships_contains_paid_content":false,"footnotes":""},"categories":[2098,10],"tags":[2244],"class_list":{"0":"post-12912","1":"post","2":"type-post","3":"status-publish","4":"format-standard","5":"has-post-thumbnail","7":"category-brasil-noticias","8":"category-noticias","9":"tag-orcamento-geral-da-uniao"},"yoast_head":"<!-- This site is optimized with the Yoast SEO plugin v27.4 - https:\/\/yoast.com\/product\/yoast-seo-wordpress\/ -->\n<title>PEC promulgada em 2014 com apoio de Vander rende R$ 3,99 bilh\u00f5es aos munic\u00edpios<\/title>\n<meta name=\"robots\" content=\"index, follow, max-snippet:-1, max-image-preview:large, max-video-preview:-1\" \/>\n<link rel=\"canonical\" href=\"https:\/\/vanderloubet.com.br\/deputado\/pec-promulgada-por-dilma-com-apoio-de-vander-rende-4-bilhoes-aos-municipios\/\" \/>\n<meta property=\"og:locale\" content=\"pt_BR\" \/>\n<meta property=\"og:type\" content=\"article\" \/>\n<meta property=\"og:title\" content=\"PEC promulgada em 2014 com apoio de Vander rende R$ 3,99 bilh\u00f5es aos munic\u00edpios\" \/>\n<meta property=\"og:description\" content=\"PEC 84\/2014 garantiu aumento do repasse da Uni\u00e3o para o Fundo de Participa\u00e7\u00e3o dos Munic\u00edpios (FPM).\" \/>\n<meta property=\"og:url\" content=\"https:\/\/vanderloubet.com.br\/deputado\/pec-promulgada-por-dilma-com-apoio-de-vander-rende-4-bilhoes-aos-municipios\/\" \/>\n<meta property=\"og:site_name\" content=\"Deputado Federal Vander Loubet\" \/>\n<meta property=\"article:publisher\" content=\"https:\/\/facebook.com\/deputadovander\" \/>\n<meta property=\"article:published_time\" content=\"2017-07-14T18:48:13+00:00\" \/>\n<meta property=\"article:modified_time\" content=\"2017-07-14T21:53:45+00:00\" \/>\n<meta property=\"og:image\" content=\"https:\/\/vanderloubet.com.br\/deputado\/wp-content\/uploads\/2017\/07\/foto-2017-07-14-dilma-rousseff.jpg\" \/>\n\t<meta property=\"og:image:width\" content=\"900\" \/>\n\t<meta property=\"og:image:height\" content=\"600\" \/>\n\t<meta property=\"og:image:type\" content=\"image\/jpeg\" \/>\n<meta name=\"author\" content=\"\u00c9der\" \/>\n<meta name=\"twitter:card\" content=\"summary_large_image\" \/>\n<meta name=\"twitter:creator\" content=\"@vanderloubet\" \/>\n<meta name=\"twitter:site\" content=\"@vanderloubet\" \/>\n<script type=\"application\/ld+json\" class=\"yoast-schema-graph\">{\"@context\":\"https:\\\/\\\/schema.org\",\"@graph\":[{\"@type\":\"Article\",\"@id\":\"https:\\\/\\\/vanderloubet.com.br\\\/deputado\\\/pec-promulgada-por-dilma-com-apoio-de-vander-rende-4-bilhoes-aos-municipios\\\/#article\",\"isPartOf\":{\"@id\":\"https:\\\/\\\/vanderloubet.com.br\\\/deputado\\\/pec-promulgada-por-dilma-com-apoio-de-vander-rende-4-bilhoes-aos-municipios\\\/\"},\"author\":{\"name\":\"\u00c9der\",\"@id\":\"https:\\\/\\\/vanderloubet.com.br\\\/deputado\\\/#\\\/schema\\\/person\\\/15b51bd564532a8a68d9dec1b8eb890e\"},\"headline\":\"PEC promulgada em 2014 com apoio de Vander rende R$ 3,99 bilh\u00f5es aos munic\u00edpios\",\"datePublished\":\"2017-07-14T18:48:13+00:00\",\"dateModified\":\"2017-07-14T21:53:45+00:00\",\"mainEntityOfPage\":{\"@id\":\"https:\\\/\\\/vanderloubet.com.br\\\/deputado\\\/pec-promulgada-por-dilma-com-apoio-de-vander-rende-4-bilhoes-aos-municipios\\\/\"},\"wordCount\":282,\"publisher\":{\"@id\":\"https:\\\/\\\/vanderloubet.com.br\\\/deputado\\\/#organization\"},\"image\":{\"@id\":\"https:\\\/\\\/vanderloubet.com.br\\\/deputado\\\/pec-promulgada-por-dilma-com-apoio-de-vander-rende-4-bilhoes-aos-municipios\\\/#primaryimage\"},\"thumbnailUrl\":\"https:\\\/\\\/vanderloubet.com.br\\\/deputado\\\/wp-content\\\/uploads\\\/2017\\\/07\\\/foto-2017-07-14-dilma-rousseff.jpg\",\"keywords\":[\"or\u00e7amento geral da uni\u00e3o\"],\"articleSection\":[\"Brasil\",\"Not\u00edcias\"],\"inLanguage\":\"pt-BR\"},{\"@type\":\"WebPage\",\"@id\":\"https:\\\/\\\/vanderloubet.com.br\\\/deputado\\\/pec-promulgada-por-dilma-com-apoio-de-vander-rende-4-bilhoes-aos-municipios\\\/\",\"url\":\"https:\\\/\\\/vanderloubet.com.br\\\/deputado\\\/pec-promulgada-por-dilma-com-apoio-de-vander-rende-4-bilhoes-aos-municipios\\\/\",\"name\":\"PEC promulgada em 2014 com apoio de Vander rende R$ 3,99 bilh\u00f5es aos munic\u00edpios\",\"isPartOf\":{\"@id\":\"https:\\\/\\\/vanderloubet.com.br\\\/deputado\\\/#website\"},\"primaryImageOfPage\":{\"@id\":\"https:\\\/\\\/vanderloubet.com.br\\\/deputado\\\/pec-promulgada-por-dilma-com-apoio-de-vander-rende-4-bilhoes-aos-municipios\\\/#primaryimage\"},\"image\":{\"@id\":\"https:\\\/\\\/vanderloubet.com.br\\\/deputado\\\/pec-promulgada-por-dilma-com-apoio-de-vander-rende-4-bilhoes-aos-municipios\\\/#primaryimage\"},\"thumbnailUrl\":\"https:\\\/\\\/vanderloubet.com.br\\\/deputado\\\/wp-content\\\/uploads\\\/2017\\\/07\\\/foto-2017-07-14-dilma-rousseff.jpg\",\"datePublished\":\"2017-07-14T18:48:13+00:00\",\"dateModified\":\"2017-07-14T21:53:45+00:00\",\"breadcrumb\":{\"@id\":\"https:\\\/\\\/vanderloubet.com.br\\\/deputado\\\/pec-promulgada-por-dilma-com-apoio-de-vander-rende-4-bilhoes-aos-municipios\\\/#breadcrumb\"},\"inLanguage\":\"pt-BR\",\"potentialAction\":[{\"@type\":\"ReadAction\",\"target\":[\"https:\\\/\\\/vanderloubet.com.br\\\/deputado\\\/pec-promulgada-por-dilma-com-apoio-de-vander-rende-4-bilhoes-aos-municipios\\\/\"]}]},{\"@type\":\"ImageObject\",\"inLanguage\":\"pt-BR\",\"@id\":\"https:\\\/\\\/vanderloubet.com.br\\\/deputado\\\/pec-promulgada-por-dilma-com-apoio-de-vander-rende-4-bilhoes-aos-municipios\\\/#primaryimage\",\"url\":\"https:\\\/\\\/vanderloubet.com.br\\\/deputado\\\/wp-content\\\/uploads\\\/2017\\\/07\\\/foto-2017-07-14-dilma-rousseff.jpg\",\"contentUrl\":\"https:\\\/\\\/vanderloubet.com.br\\\/deputado\\\/wp-content\\\/uploads\\\/2017\\\/07\\\/foto-2017-07-14-dilma-rousseff.jpg\",\"width\":900,\"height\":600,\"caption\":\"PEC 84\\\/2014 foi promulgada por Dilma com apoio de Vander\"},{\"@type\":\"BreadcrumbList\",\"@id\":\"https:\\\/\\\/vanderloubet.com.br\\\/deputado\\\/pec-promulgada-por-dilma-com-apoio-de-vander-rende-4-bilhoes-aos-municipios\\\/#breadcrumb\",\"itemListElement\":[{\"@type\":\"ListItem\",\"position\":1,\"name\":\"In\u00edcio\",\"item\":\"https:\\\/\\\/vanderloubet.com.br\\\/deputado\\\/\"},{\"@type\":\"ListItem\",\"position\":2,\"name\":\"PEC promulgada em 2014 com apoio de Vander rende R$ 3,99 bilh\u00f5es aos munic\u00edpios\"}]},{\"@type\":\"WebSite\",\"@id\":\"https:\\\/\\\/vanderloubet.com.br\\\/deputado\\\/#website\",\"url\":\"https:\\\/\\\/vanderloubet.com.br\\\/deputado\\\/\",\"name\":\"Deputado Federal Vander Loubet\",\"description\":\"O Federal de MS\",\"publisher\":{\"@id\":\"https:\\\/\\\/vanderloubet.com.br\\\/deputado\\\/#organization\"},\"alternateName\":\"Deputado Vander\",\"potentialAction\":[{\"@type\":\"SearchAction\",\"target\":{\"@type\":\"EntryPoint\",\"urlTemplate\":\"https:\\\/\\\/vanderloubet.com.br\\\/deputado\\\/?s={search_term_string}\"},\"query-input\":{\"@type\":\"PropertyValueSpecification\",\"valueRequired\":true,\"valueName\":\"search_term_string\"}}],\"inLanguage\":\"pt-BR\"},{\"@type\":\"Organization\",\"@id\":\"https:\\\/\\\/vanderloubet.com.br\\\/deputado\\\/#organization\",\"name\":\"Deputado Federal Vander Loubet\",\"alternateName\":\"Deputado Vander\",\"url\":\"https:\\\/\\\/vanderloubet.com.br\\\/deputado\\\/\",\"logo\":{\"@type\":\"ImageObject\",\"inLanguage\":\"pt-BR\",\"@id\":\"https:\\\/\\\/vanderloubet.com.br\\\/deputado\\\/#\\\/schema\\\/logo\\\/image\\\/\",\"url\":\"https:\\\/\\\/vanderloubet.com.br\\\/deputado\\\/wp-content\\\/uploads\\\/2023\\\/06\\\/foto-2023-06-19-mandato-deputado-vander.jpg\",\"contentUrl\":\"https:\\\/\\\/vanderloubet.com.br\\\/deputado\\\/wp-content\\\/uploads\\\/2023\\\/06\\\/foto-2023-06-19-mandato-deputado-vander.jpg\",\"width\":1080,\"height\":1080,\"caption\":\"Deputado Federal Vander Loubet\"},\"image\":{\"@id\":\"https:\\\/\\\/vanderloubet.com.br\\\/deputado\\\/#\\\/schema\\\/logo\\\/image\\\/\"},\"sameAs\":[\"https:\\\/\\\/facebook.com\\\/deputadovander\",\"https:\\\/\\\/x.com\\\/vanderloubet\",\"https:\\\/\\\/instagram.com\\\/vanderloubet\",\"https:\\\/\\\/youtube.com\\\/vanderloubet\",\"https:\\\/\\\/tiktok.com\\\/@vanderloubetms\"]},{\"@type\":\"Person\",\"@id\":\"https:\\\/\\\/vanderloubet.com.br\\\/deputado\\\/#\\\/schema\\\/person\\\/15b51bd564532a8a68d9dec1b8eb890e\",\"name\":\"\u00c9der\",\"image\":{\"@type\":\"ImageObject\",\"inLanguage\":\"pt-BR\",\"@id\":\"https:\\\/\\\/vanderloubet.com.br\\\/deputado\\\/wp-content\\\/litespeed\\\/avatar\\\/88ca4090d9d5ab1c9495f6ca03b68efa.jpg?ver=1777058957\",\"url\":\"https:\\\/\\\/vanderloubet.com.br\\\/deputado\\\/wp-content\\\/litespeed\\\/avatar\\\/88ca4090d9d5ab1c9495f6ca03b68efa.jpg?ver=1777058957\",\"contentUrl\":\"https:\\\/\\\/vanderloubet.com.br\\\/deputado\\\/wp-content\\\/litespeed\\\/avatar\\\/88ca4090d9d5ab1c9495f6ca03b68efa.jpg?ver=1777058957\",\"caption\":\"\u00c9der\"}}]}<\/script>\n<!-- \/ Yoast SEO plugin. -->","yoast_head_json":{"title":"PEC promulgada em 2014 com apoio de Vander rende R$ 3,99 bilh\u00f5es aos munic\u00edpios","robots":{"index":"index","follow":"follow","max-snippet":"max-snippet:-1","max-image-preview":"max-image-preview:large","max-video-preview":"max-video-preview:-1"},"canonical":"https:\/\/vanderloubet.com.br\/deputado\/pec-promulgada-por-dilma-com-apoio-de-vander-rende-4-bilhoes-aos-municipios\/","og_locale":"pt_BR","og_type":"article","og_title":"PEC promulgada em 2014 com apoio de Vander rende R$ 3,99 bilh\u00f5es aos munic\u00edpios","og_description":"PEC 84\/2014 garantiu aumento do repasse da Uni\u00e3o para o Fundo de Participa\u00e7\u00e3o dos Munic\u00edpios (FPM).","og_url":"https:\/\/vanderloubet.com.br\/deputado\/pec-promulgada-por-dilma-com-apoio-de-vander-rende-4-bilhoes-aos-municipios\/","og_site_name":"Deputado Federal Vander Loubet","article_publisher":"https:\/\/facebook.com\/deputadovander","article_published_time":"2017-07-14T18:48:13+00:00","article_modified_time":"2017-07-14T21:53:45+00:00","og_image":[{"width":900,"height":600,"url":"https:\/\/vanderloubet.com.br\/deputado\/wp-content\/uploads\/2017\/07\/foto-2017-07-14-dilma-rousseff.jpg","type":"image\/jpeg"}],"author":"\u00c9der","twitter_card":"summary_large_image","twitter_creator":"@vanderloubet","twitter_site":"@vanderloubet","schema":{"@context":"https:\/\/schema.org","@graph":[{"@type":"Article","@id":"https:\/\/vanderloubet.com.br\/deputado\/pec-promulgada-por-dilma-com-apoio-de-vander-rende-4-bilhoes-aos-municipios\/#article","isPartOf":{"@id":"https:\/\/vanderloubet.com.br\/deputado\/pec-promulgada-por-dilma-com-apoio-de-vander-rende-4-bilhoes-aos-municipios\/"},"author":{"name":"\u00c9der","@id":"https:\/\/vanderloubet.com.br\/deputado\/#\/schema\/person\/15b51bd564532a8a68d9dec1b8eb890e"},"headline":"PEC promulgada em 2014 com apoio de Vander rende R$ 3,99 bilh\u00f5es aos munic\u00edpios","datePublished":"2017-07-14T18:48:13+00:00","dateModified":"2017-07-14T21:53:45+00:00","mainEntityOfPage":{"@id":"https:\/\/vanderloubet.com.br\/deputado\/pec-promulgada-por-dilma-com-apoio-de-vander-rende-4-bilhoes-aos-municipios\/"},"wordCount":282,"publisher":{"@id":"https:\/\/vanderloubet.com.br\/deputado\/#organization"},"image":{"@id":"https:\/\/vanderloubet.com.br\/deputado\/pec-promulgada-por-dilma-com-apoio-de-vander-rende-4-bilhoes-aos-municipios\/#primaryimage"},"thumbnailUrl":"https:\/\/vanderloubet.com.br\/deputado\/wp-content\/uploads\/2017\/07\/foto-2017-07-14-dilma-rousseff.jpg","keywords":["or\u00e7amento geral da uni\u00e3o"],"articleSection":["Brasil","Not\u00edcias"],"inLanguage":"pt-BR"},{"@type":"WebPage","@id":"https:\/\/vanderloubet.com.br\/deputado\/pec-promulgada-por-dilma-com-apoio-de-vander-rende-4-bilhoes-aos-municipios\/","url":"https:\/\/vanderloubet.com.br\/deputado\/pec-promulgada-por-dilma-com-apoio-de-vander-rende-4-bilhoes-aos-municipios\/","name":"PEC promulgada em 2014 com apoio de Vander rende R$ 3,99 bilh\u00f5es aos munic\u00edpios","isPartOf":{"@id":"https:\/\/vanderloubet.com.br\/deputado\/#website"},"primaryImageOfPage":{"@id":"https:\/\/vanderloubet.com.br\/deputado\/pec-promulgada-por-dilma-com-apoio-de-vander-rende-4-bilhoes-aos-municipios\/#primaryimage"},"image":{"@id":"https:\/\/vanderloubet.com.br\/deputado\/pec-promulgada-por-dilma-com-apoio-de-vander-rende-4-bilhoes-aos-municipios\/#primaryimage"},"thumbnailUrl":"https:\/\/vanderloubet.com.br\/deputado\/wp-content\/uploads\/2017\/07\/foto-2017-07-14-dilma-rousseff.jpg","datePublished":"2017-07-14T18:48:13+00:00","dateModified":"2017-07-14T21:53:45+00:00","breadcrumb":{"@id":"https:\/\/vanderloubet.com.br\/deputado\/pec-promulgada-por-dilma-com-apoio-de-vander-rende-4-bilhoes-aos-municipios\/#breadcrumb"},"inLanguage":"pt-BR","potentialAction":[{"@type":"ReadAction","target":["https:\/\/vanderloubet.com.br\/deputado\/pec-promulgada-por-dilma-com-apoio-de-vander-rende-4-bilhoes-aos-municipios\/"]}]},{"@type":"ImageObject","inLanguage":"pt-BR","@id":"https:\/\/vanderloubet.com.br\/deputado\/pec-promulgada-por-dilma-com-apoio-de-vander-rende-4-bilhoes-aos-municipios\/#primaryimage","url":"https:\/\/vanderloubet.com.br\/deputado\/wp-content\/uploads\/2017\/07\/foto-2017-07-14-dilma-rousseff.jpg","contentUrl":"https:\/\/vanderloubet.com.br\/deputado\/wp-content\/uploads\/2017\/07\/foto-2017-07-14-dilma-rousseff.jpg","width":900,"height":600,"caption":"PEC 84\/2014 foi promulgada por Dilma com apoio de Vander"},{"@type":"BreadcrumbList","@id":"https:\/\/vanderloubet.com.br\/deputado\/pec-promulgada-por-dilma-com-apoio-de-vander-rende-4-bilhoes-aos-municipios\/#breadcrumb","itemListElement":[{"@type":"ListItem","position":1,"name":"In\u00edcio","item":"https:\/\/vanderloubet.com.br\/deputado\/"},{"@type":"ListItem","position":2,"name":"PEC promulgada em 2014 com apoio de Vander rende R$ 3,99 bilh\u00f5es aos munic\u00edpios"}]},{"@type":"WebSite","@id":"https:\/\/vanderloubet.com.br\/deputado\/#website","url":"https:\/\/vanderloubet.com.br\/deputado\/","name":"Deputado Federal Vander Loubet","description":"O Federal de MS","publisher":{"@id":"https:\/\/vanderloubet.com.br\/deputado\/#organization"},"alternateName":"Deputado Vander","potentialAction":[{"@type":"SearchAction","target":{"@type":"EntryPoint","urlTemplate":"https:\/\/vanderloubet.com.br\/deputado\/?s={search_term_string}"},"query-input":{"@type":"PropertyValueSpecification","valueRequired":true,"valueName":"search_term_string"}}],"inLanguage":"pt-BR"},{"@type":"Organization","@id":"https:\/\/vanderloubet.com.br\/deputado\/#organization","name":"Deputado Federal Vander Loubet","alternateName":"Deputado Vander","url":"https:\/\/vanderloubet.com.br\/deputado\/","logo":{"@type":"ImageObject","inLanguage":"pt-BR","@id":"https:\/\/vanderloubet.com.br\/deputado\/#\/schema\/logo\/image\/","url":"https:\/\/vanderloubet.com.br\/deputado\/wp-content\/uploads\/2023\/06\/foto-2023-06-19-mandato-deputado-vander.jpg","contentUrl":"https:\/\/vanderloubet.com.br\/deputado\/wp-content\/uploads\/2023\/06\/foto-2023-06-19-mandato-deputado-vander.jpg","width":1080,"height":1080,"caption":"Deputado Federal Vander Loubet"},"image":{"@id":"https:\/\/vanderloubet.com.br\/deputado\/#\/schema\/logo\/image\/"},"sameAs":["https:\/\/facebook.com\/deputadovander","https:\/\/x.com\/vanderloubet","https:\/\/instagram.com\/vanderloubet","https:\/\/youtube.com\/vanderloubet","https:\/\/tiktok.com\/@vanderloubetms"]},{"@type":"Person","@id":"https:\/\/vanderloubet.com.br\/deputado\/#\/schema\/person\/15b51bd564532a8a68d9dec1b8eb890e","name":"\u00c9der","image":{"@type":"ImageObject","inLanguage":"pt-BR","@id":"https:\/\/vanderloubet.com.br\/deputado\/wp-content\/litespeed\/avatar\/88ca4090d9d5ab1c9495f6ca03b68efa.jpg?ver=1777058957","url":"https:\/\/vanderloubet.com.br\/deputado\/wp-content\/litespeed\/avatar\/88ca4090d9d5ab1c9495f6ca03b68efa.jpg?ver=1777058957","contentUrl":"https:\/\/vanderloubet.com.br\/deputado\/wp-content\/litespeed\/avatar\/88ca4090d9d5ab1c9495f6ca03b68efa.jpg?ver=1777058957","caption":"\u00c9der"}}]}},"jetpack_featured_media_url":"https:\/\/vanderloubet.com.br\/deputado\/wp-content\/uploads\/2017\/07\/foto-2017-07-14-dilma-rousseff.jpg","jetpack_sharing_enabled":true,"_links":{"self":[{"href":"https:\/\/vanderloubet.com.br\/deputado\/wp-json\/wp\/v2\/posts\/12912","targetHints":{"allow":["GET"]}}],"collection":[{"href":"https:\/\/vanderloubet.com.br\/deputado\/wp-json\/wp\/v2\/posts"}],"about":[{"href":"https:\/\/vanderloubet.com.br\/deputado\/wp-json\/wp\/v2\/types\/post"}],"author":[{"embeddable":true,"href":"https:\/\/vanderloubet.com.br\/deputado\/wp-json\/wp\/v2\/users\/2"}],"replies":[{"embeddable":true,"href":"https:\/\/vanderloubet.com.br\/deputado\/wp-json\/wp\/v2\/comments?post=12912"}],"version-history":[{"count":0,"href":"https:\/\/vanderloubet.com.br\/deputado\/wp-json\/wp\/v2\/posts\/12912\/revisions"}],"wp:featuredmedia":[{"embeddable":true,"href":"https:\/\/vanderloubet.com.br\/deputado\/wp-json\/wp\/v2\/media\/12913"}],"wp:attachment":[{"href":"https:\/\/vanderloubet.com.br\/deputado\/wp-json\/wp\/v2\/media?parent=12912"}],"wp:term":[{"taxonomy":"category","embeddable":true,"href":"https:\/\/vanderloubet.com.br\/deputado\/wp-json\/wp\/v2\/categories?post=12912"},{"taxonomy":"post_tag","embeddable":true,"href":"https:\/\/vanderloubet.com.br\/deputado\/wp-json\/wp\/v2\/tags?post=12912"}],"curies":[{"name":"wp","href":"https:\/\/api.w.org\/{rel}","templated":true}]}}