{"id":12878,"date":"2017-07-10T16:06:10","date_gmt":"2017-07-10T20:06:10","guid":{"rendered":"http:\/\/vanderloubet.com.br\/deputado\/?p=12878"},"modified":"2017-07-10T18:08:30","modified_gmt":"2017-07-10T22:08:30","slug":"vander-consegue-liberar-parcelas-de-emendas-para-quatro-municipios","status":"publish","type":"post","link":"https:\/\/vanderloubet.com.br\/deputado\/vander-consegue-liberar-parcelas-de-emendas-para-quatro-municipios\/","title":{"rendered":"Vander consegue liberar parcelas de emendas para quatro munic\u00edpios"},"content":{"rendered":"<figure id=\"attachment_12879\" aria-describedby=\"caption-attachment-12879\" style=\"width: 700px\" class=\"wp-caption alignnone\"><img decoding=\"async\" class=\"wp-image-12879 size-large\" title=\"Deputado Vander Loubet\" src=\"http:\/\/vanderloubet.com.br\/deputado\/wp-content\/uploads\/2017\/07\/foto-2017-07-10-deputado-vander-loubet-700x467.jpg\" alt=\"Deputado Vander Loubet\" width=\"700\" height=\"467\" srcset=\"https:\/\/vanderloubet.com.br\/deputado\/wp-content\/uploads\/2017\/07\/foto-2017-07-10-deputado-vander-loubet-700x467.jpg 700w, https:\/\/vanderloubet.com.br\/deputado\/wp-content\/uploads\/2017\/07\/foto-2017-07-10-deputado-vander-loubet-350x233.jpg 350w, https:\/\/vanderloubet.com.br\/deputado\/wp-content\/uploads\/2017\/07\/foto-2017-07-10-deputado-vander-loubet-768x512.jpg 768w, https:\/\/vanderloubet.com.br\/deputado\/wp-content\/uploads\/2017\/07\/foto-2017-07-10-deputado-vander-loubet-630x420.jpg 630w, https:\/\/vanderloubet.com.br\/deputado\/wp-content\/uploads\/2017\/07\/foto-2017-07-10-deputado-vander-loubet-696x464.jpg 696w, https:\/\/vanderloubet.com.br\/deputado\/wp-content\/uploads\/2017\/07\/foto-2017-07-10-deputado-vander-loubet-1068x712.jpg 1068w, https:\/\/vanderloubet.com.br\/deputado\/wp-content\/uploads\/2017\/07\/foto-2017-07-10-deputado-vander-loubet.jpg 1080w\" sizes=\"(max-width: 700px) 100vw, 700px\" \/><figcaption id=\"caption-attachment-12879\" class=\"wp-caption-text\">Deputado Vander Loubet<\/figcaption><\/figure>\n<p>Na semana passada, o deputado federal Vander Loubet recebeu um comunicado da Assessoria de Execu\u00e7\u00e3o Or\u00e7ament\u00e1ria da Lideran\u00e7a do PT na C\u00e2mara dos Deputados com a informa\u00e7\u00e3o de que o Governo Federal liberou o pagamento de quase R$ 495 mil em parcelas de conv\u00eanios firmados por meio de suas emendas parlamentares.<\/p>\n<p>A libera\u00e7\u00e3o dos recursos beneficia quatro munic\u00edpios: Amambai, Eldorado, Mundo Novo e S\u00e3o Gabriel do Oeste.<\/p>\n<p>&#8220;Depois de muita reivindica\u00e7\u00e3o e cobran\u00e7a meu mandato conseguiu essa libera\u00e7\u00e3o. Vamos seguir batalhando pela libera\u00e7\u00e3o de mais parcelas, n\u00e3o vamos descansar enquanto o governo n\u00e3o cumprir com os compromissos assumidos com minhas emendas e com os munic\u00edpios benefici\u00e1rios&#8221;, destacou o deputado.<\/p>\n<p>Para Amambai foi liberado o pagamento de uma parcela de R$ 146.250,00 referente a um conv\u00eanio com o Minist\u00e9rio do Esporte para revitaliza\u00e7\u00e3o do Est\u00e1dio Municipal Ernesto Landolfi (ilumina\u00e7\u00e3o, amplia\u00e7\u00e3o da arquibancada e reforma do vesti\u00e1rio e sanit\u00e1rios). Esse conv\u00eanio \u00e9 oriundo de uma emenda de Vander do ano de 2014 e totaliza R$ 542.500,00.<\/p>\n<p>A Prefeitura de Eldorado est\u00e1 autorizada a receber uma parcela de R$ 51.592,00 de conv\u00eanio que soma R$ 1 milh\u00e3o, firmado com o Minist\u00e9rio do Turismo gra\u00e7as a uma emenda do deputado Vander Loubet do ano de 2012. O objeto \u00e9 a constru\u00e7\u00e3o do Centro Municipal de Eventos. Esta \u00e9 a maior emenda j\u00e1 destinada por um parlamentar para o munic\u00edpio.<\/p>\n<p>Mundo Novo receber\u00e1 do Minist\u00e9rio do Esporte a segunda e \u00faltima parcela de R$ 195 mil referente ao conv\u00eanio de R$ 390.781,00 para implanta\u00e7\u00e3o de estrutura esportiva (kart\u00f3dromo) no Centro Municipal de Eventos. A emenda de Vander que originou esse conv\u00eanio \u00e9 do ano de 2014.<\/p>\n<p>Por fim, a Prefeitura de S\u00e3o Gabriel do Oeste deve receber uma parcela de R$ 102.033,00 do Minist\u00e9rio do Turismo por um conv\u00eanio de R$ 1,450 milh\u00e3o assinado gra\u00e7as a uma emenda do deputado do ano de 2012. O objeto \u00e9 a constru\u00e7\u00e3o da primeira etapa (pavilh\u00e3o de eventos\/tatersal de leil\u00f5es) do Parque Municipal de Exposi\u00e7\u00f5es, reivindica\u00e7\u00e3o antiga dos produtores rurais do munic\u00edpio.<\/p>\n<p><em>(\u00c9der Yanaguita &#8211; Ascom\/Dep. Vander Loubet)<\/em><\/p>\n","protected":false},"excerpt":{"rendered":"<p>Recursos liberados pelos minist\u00e9rios do Turismo e do Esporte beneficiam Amambai, Eldorado, Mundo Novo e S\u00e3o Gabriel do Oeste.<\/p>\n","protected":false},"author":2,"featured_media":12879,"comment_status":"closed","ping_status":"closed","sticky":false,"template":"","format":"standard","meta":{"jetpack_post_was_ever_published":false,"_jetpack_newsletter_access":"","_jetpack_dont_email_post_to_subs":false,"_jetpack_newsletter_tier_id":0,"_jetpack_memberships_contains_paywalled_content":false,"_jetpack_memberships_contains_paid_content":false,"footnotes":""},"categories":[2097,10],"tags":[2127,2305,1993],"class_list":{"0":"post-12878","1":"post","2":"type-post","3":"status-publish","4":"format-standard","5":"has-post-thumbnail","7":"category-municipios-noticias","8":"category-noticias","9":"tag-emenda-parlamentar","10":"tag-esporte-e-lazer","11":"tag-turismo"},"yoast_head":"<!-- This site is optimized with the Yoast SEO plugin v27.4 - https:\/\/yoast.com\/product\/yoast-seo-wordpress\/ -->\n<title>Vander consegue liberar parcelas de emendas para quatro munic\u00edpios<\/title>\n<meta name=\"robots\" content=\"index, follow, max-snippet:-1, max-image-preview:large, max-video-preview:-1\" \/>\n<link rel=\"canonical\" href=\"https:\/\/vanderloubet.com.br\/deputado\/vander-consegue-liberar-parcelas-de-emendas-para-quatro-municipios\/\" \/>\n<meta property=\"og:locale\" content=\"pt_BR\" \/>\n<meta property=\"og:type\" content=\"article\" \/>\n<meta property=\"og:title\" content=\"Vander consegue liberar parcelas de emendas para quatro munic\u00edpios\" \/>\n<meta property=\"og:description\" content=\"Recursos liberados pelos minist\u00e9rios do Turismo e do Esporte beneficiam Amambai, Eldorado, Mundo Novo e S\u00e3o Gabriel do Oeste.\" \/>\n<meta property=\"og:url\" content=\"https:\/\/vanderloubet.com.br\/deputado\/vander-consegue-liberar-parcelas-de-emendas-para-quatro-municipios\/\" \/>\n<meta property=\"og:site_name\" content=\"Deputado Federal Vander Loubet\" \/>\n<meta property=\"article:publisher\" content=\"https:\/\/facebook.com\/deputadovander\" \/>\n<meta property=\"article:published_time\" content=\"2017-07-10T20:06:10+00:00\" \/>\n<meta property=\"article:modified_time\" content=\"2017-07-10T22:08:30+00:00\" \/>\n<meta property=\"og:image\" content=\"https:\/\/vanderloubet.com.br\/deputado\/wp-content\/uploads\/2017\/07\/foto-2017-07-10-deputado-vander-loubet.jpg\" \/>\n\t<meta property=\"og:image:width\" content=\"1080\" \/>\n\t<meta property=\"og:image:height\" content=\"720\" \/>\n\t<meta property=\"og:image:type\" content=\"image\/jpeg\" \/>\n<meta name=\"author\" content=\"\u00c9der\" \/>\n<meta name=\"twitter:card\" content=\"summary_large_image\" \/>\n<meta name=\"twitter:creator\" content=\"@vanderloubet\" \/>\n<meta name=\"twitter:site\" content=\"@vanderloubet\" \/>\n<script type=\"application\/ld+json\" class=\"yoast-schema-graph\">{\"@context\":\"https:\\\/\\\/schema.org\",\"@graph\":[{\"@type\":\"Article\",\"@id\":\"https:\\\/\\\/vanderloubet.com.br\\\/deputado\\\/vander-consegue-liberar-parcelas-de-emendas-para-quatro-municipios\\\/#article\",\"isPartOf\":{\"@id\":\"https:\\\/\\\/vanderloubet.com.br\\\/deputado\\\/vander-consegue-liberar-parcelas-de-emendas-para-quatro-municipios\\\/\"},\"author\":{\"name\":\"\u00c9der\",\"@id\":\"https:\\\/\\\/vanderloubet.com.br\\\/deputado\\\/#\\\/schema\\\/person\\\/15b51bd564532a8a68d9dec1b8eb890e\"},\"headline\":\"Vander consegue liberar parcelas de emendas para quatro munic\u00edpios\",\"datePublished\":\"2017-07-10T20:06:10+00:00\",\"dateModified\":\"2017-07-10T22:08:30+00:00\",\"mainEntityOfPage\":{\"@id\":\"https:\\\/\\\/vanderloubet.com.br\\\/deputado\\\/vander-consegue-liberar-parcelas-de-emendas-para-quatro-municipios\\\/\"},\"wordCount\":393,\"publisher\":{\"@id\":\"https:\\\/\\\/vanderloubet.com.br\\\/deputado\\\/#organization\"},\"image\":{\"@id\":\"https:\\\/\\\/vanderloubet.com.br\\\/deputado\\\/vander-consegue-liberar-parcelas-de-emendas-para-quatro-municipios\\\/#primaryimage\"},\"thumbnailUrl\":\"https:\\\/\\\/vanderloubet.com.br\\\/deputado\\\/wp-content\\\/uploads\\\/2017\\\/07\\\/foto-2017-07-10-deputado-vander-loubet.jpg\",\"keywords\":[\"emenda parlamentar\",\"esporte e lazer\",\"turismo\"],\"articleSection\":[\"Munic\u00edpios\",\"Not\u00edcias\"],\"inLanguage\":\"pt-BR\"},{\"@type\":\"WebPage\",\"@id\":\"https:\\\/\\\/vanderloubet.com.br\\\/deputado\\\/vander-consegue-liberar-parcelas-de-emendas-para-quatro-municipios\\\/\",\"url\":\"https:\\\/\\\/vanderloubet.com.br\\\/deputado\\\/vander-consegue-liberar-parcelas-de-emendas-para-quatro-municipios\\\/\",\"name\":\"Vander consegue liberar parcelas de emendas para quatro munic\u00edpios\",\"isPartOf\":{\"@id\":\"https:\\\/\\\/vanderloubet.com.br\\\/deputado\\\/#website\"},\"primaryImageOfPage\":{\"@id\":\"https:\\\/\\\/vanderloubet.com.br\\\/deputado\\\/vander-consegue-liberar-parcelas-de-emendas-para-quatro-municipios\\\/#primaryimage\"},\"image\":{\"@id\":\"https:\\\/\\\/vanderloubet.com.br\\\/deputado\\\/vander-consegue-liberar-parcelas-de-emendas-para-quatro-municipios\\\/#primaryimage\"},\"thumbnailUrl\":\"https:\\\/\\\/vanderloubet.com.br\\\/deputado\\\/wp-content\\\/uploads\\\/2017\\\/07\\\/foto-2017-07-10-deputado-vander-loubet.jpg\",\"datePublished\":\"2017-07-10T20:06:10+00:00\",\"dateModified\":\"2017-07-10T22:08:30+00:00\",\"breadcrumb\":{\"@id\":\"https:\\\/\\\/vanderloubet.com.br\\\/deputado\\\/vander-consegue-liberar-parcelas-de-emendas-para-quatro-municipios\\\/#breadcrumb\"},\"inLanguage\":\"pt-BR\",\"potentialAction\":[{\"@type\":\"ReadAction\",\"target\":[\"https:\\\/\\\/vanderloubet.com.br\\\/deputado\\\/vander-consegue-liberar-parcelas-de-emendas-para-quatro-municipios\\\/\"]}]},{\"@type\":\"ImageObject\",\"inLanguage\":\"pt-BR\",\"@id\":\"https:\\\/\\\/vanderloubet.com.br\\\/deputado\\\/vander-consegue-liberar-parcelas-de-emendas-para-quatro-municipios\\\/#primaryimage\",\"url\":\"https:\\\/\\\/vanderloubet.com.br\\\/deputado\\\/wp-content\\\/uploads\\\/2017\\\/07\\\/foto-2017-07-10-deputado-vander-loubet.jpg\",\"contentUrl\":\"https:\\\/\\\/vanderloubet.com.br\\\/deputado\\\/wp-content\\\/uploads\\\/2017\\\/07\\\/foto-2017-07-10-deputado-vander-loubet.jpg\",\"width\":1080,\"height\":720,\"caption\":\"Deputado Vander Loubet\"},{\"@type\":\"BreadcrumbList\",\"@id\":\"https:\\\/\\\/vanderloubet.com.br\\\/deputado\\\/vander-consegue-liberar-parcelas-de-emendas-para-quatro-municipios\\\/#breadcrumb\",\"itemListElement\":[{\"@type\":\"ListItem\",\"position\":1,\"name\":\"In\u00edcio\",\"item\":\"https:\\\/\\\/vanderloubet.com.br\\\/deputado\\\/\"},{\"@type\":\"ListItem\",\"position\":2,\"name\":\"Vander consegue liberar parcelas de emendas para quatro munic\u00edpios\"}]},{\"@type\":\"WebSite\",\"@id\":\"https:\\\/\\\/vanderloubet.com.br\\\/deputado\\\/#website\",\"url\":\"https:\\\/\\\/vanderloubet.com.br\\\/deputado\\\/\",\"name\":\"Deputado Federal Vander Loubet\",\"description\":\"O Federal de MS\",\"publisher\":{\"@id\":\"https:\\\/\\\/vanderloubet.com.br\\\/deputado\\\/#organization\"},\"alternateName\":\"Deputado Vander\",\"potentialAction\":[{\"@type\":\"SearchAction\",\"target\":{\"@type\":\"EntryPoint\",\"urlTemplate\":\"https:\\\/\\\/vanderloubet.com.br\\\/deputado\\\/?s={search_term_string}\"},\"query-input\":{\"@type\":\"PropertyValueSpecification\",\"valueRequired\":true,\"valueName\":\"search_term_string\"}}],\"inLanguage\":\"pt-BR\"},{\"@type\":\"Organization\",\"@id\":\"https:\\\/\\\/vanderloubet.com.br\\\/deputado\\\/#organization\",\"name\":\"Deputado Federal Vander Loubet\",\"alternateName\":\"Deputado Vander\",\"url\":\"https:\\\/\\\/vanderloubet.com.br\\\/deputado\\\/\",\"logo\":{\"@type\":\"ImageObject\",\"inLanguage\":\"pt-BR\",\"@id\":\"https:\\\/\\\/vanderloubet.com.br\\\/deputado\\\/#\\\/schema\\\/logo\\\/image\\\/\",\"url\":\"https:\\\/\\\/vanderloubet.com.br\\\/deputado\\\/wp-content\\\/uploads\\\/2023\\\/06\\\/foto-2023-06-19-mandato-deputado-vander.jpg\",\"contentUrl\":\"https:\\\/\\\/vanderloubet.com.br\\\/deputado\\\/wp-content\\\/uploads\\\/2023\\\/06\\\/foto-2023-06-19-mandato-deputado-vander.jpg\",\"width\":1080,\"height\":1080,\"caption\":\"Deputado Federal Vander Loubet\"},\"image\":{\"@id\":\"https:\\\/\\\/vanderloubet.com.br\\\/deputado\\\/#\\\/schema\\\/logo\\\/image\\\/\"},\"sameAs\":[\"https:\\\/\\\/facebook.com\\\/deputadovander\",\"https:\\\/\\\/x.com\\\/vanderloubet\",\"https:\\\/\\\/instagram.com\\\/vanderloubet\",\"https:\\\/\\\/youtube.com\\\/vanderloubet\",\"https:\\\/\\\/tiktok.com\\\/@vanderloubetms\"]},{\"@type\":\"Person\",\"@id\":\"https:\\\/\\\/vanderloubet.com.br\\\/deputado\\\/#\\\/schema\\\/person\\\/15b51bd564532a8a68d9dec1b8eb890e\",\"name\":\"\u00c9der\",\"image\":{\"@type\":\"ImageObject\",\"inLanguage\":\"pt-BR\",\"@id\":\"https:\\\/\\\/vanderloubet.com.br\\\/deputado\\\/wp-content\\\/litespeed\\\/avatar\\\/88ca4090d9d5ab1c9495f6ca03b68efa.jpg?ver=1777058957\",\"url\":\"https:\\\/\\\/vanderloubet.com.br\\\/deputado\\\/wp-content\\\/litespeed\\\/avatar\\\/88ca4090d9d5ab1c9495f6ca03b68efa.jpg?ver=1777058957\",\"contentUrl\":\"https:\\\/\\\/vanderloubet.com.br\\\/deputado\\\/wp-content\\\/litespeed\\\/avatar\\\/88ca4090d9d5ab1c9495f6ca03b68efa.jpg?ver=1777058957\",\"caption\":\"\u00c9der\"}}]}<\/script>\n<!-- \/ Yoast SEO plugin. -->","yoast_head_json":{"title":"Vander consegue liberar parcelas de emendas para quatro munic\u00edpios","robots":{"index":"index","follow":"follow","max-snippet":"max-snippet:-1","max-image-preview":"max-image-preview:large","max-video-preview":"max-video-preview:-1"},"canonical":"https:\/\/vanderloubet.com.br\/deputado\/vander-consegue-liberar-parcelas-de-emendas-para-quatro-municipios\/","og_locale":"pt_BR","og_type":"article","og_title":"Vander consegue liberar parcelas de emendas para quatro munic\u00edpios","og_description":"Recursos liberados pelos minist\u00e9rios do Turismo e do Esporte beneficiam Amambai, Eldorado, Mundo Novo e S\u00e3o Gabriel do Oeste.","og_url":"https:\/\/vanderloubet.com.br\/deputado\/vander-consegue-liberar-parcelas-de-emendas-para-quatro-municipios\/","og_site_name":"Deputado Federal Vander Loubet","article_publisher":"https:\/\/facebook.com\/deputadovander","article_published_time":"2017-07-10T20:06:10+00:00","article_modified_time":"2017-07-10T22:08:30+00:00","og_image":[{"width":1080,"height":720,"url":"https:\/\/vanderloubet.com.br\/deputado\/wp-content\/uploads\/2017\/07\/foto-2017-07-10-deputado-vander-loubet.jpg","type":"image\/jpeg"}],"author":"\u00c9der","twitter_card":"summary_large_image","twitter_creator":"@vanderloubet","twitter_site":"@vanderloubet","schema":{"@context":"https:\/\/schema.org","@graph":[{"@type":"Article","@id":"https:\/\/vanderloubet.com.br\/deputado\/vander-consegue-liberar-parcelas-de-emendas-para-quatro-municipios\/#article","isPartOf":{"@id":"https:\/\/vanderloubet.com.br\/deputado\/vander-consegue-liberar-parcelas-de-emendas-para-quatro-municipios\/"},"author":{"name":"\u00c9der","@id":"https:\/\/vanderloubet.com.br\/deputado\/#\/schema\/person\/15b51bd564532a8a68d9dec1b8eb890e"},"headline":"Vander consegue liberar parcelas de emendas para quatro munic\u00edpios","datePublished":"2017-07-10T20:06:10+00:00","dateModified":"2017-07-10T22:08:30+00:00","mainEntityOfPage":{"@id":"https:\/\/vanderloubet.com.br\/deputado\/vander-consegue-liberar-parcelas-de-emendas-para-quatro-municipios\/"},"wordCount":393,"publisher":{"@id":"https:\/\/vanderloubet.com.br\/deputado\/#organization"},"image":{"@id":"https:\/\/vanderloubet.com.br\/deputado\/vander-consegue-liberar-parcelas-de-emendas-para-quatro-municipios\/#primaryimage"},"thumbnailUrl":"https:\/\/vanderloubet.com.br\/deputado\/wp-content\/uploads\/2017\/07\/foto-2017-07-10-deputado-vander-loubet.jpg","keywords":["emenda parlamentar","esporte e lazer","turismo"],"articleSection":["Munic\u00edpios","Not\u00edcias"],"inLanguage":"pt-BR"},{"@type":"WebPage","@id":"https:\/\/vanderloubet.com.br\/deputado\/vander-consegue-liberar-parcelas-de-emendas-para-quatro-municipios\/","url":"https:\/\/vanderloubet.com.br\/deputado\/vander-consegue-liberar-parcelas-de-emendas-para-quatro-municipios\/","name":"Vander consegue liberar parcelas de emendas para quatro munic\u00edpios","isPartOf":{"@id":"https:\/\/vanderloubet.com.br\/deputado\/#website"},"primaryImageOfPage":{"@id":"https:\/\/vanderloubet.com.br\/deputado\/vander-consegue-liberar-parcelas-de-emendas-para-quatro-municipios\/#primaryimage"},"image":{"@id":"https:\/\/vanderloubet.com.br\/deputado\/vander-consegue-liberar-parcelas-de-emendas-para-quatro-municipios\/#primaryimage"},"thumbnailUrl":"https:\/\/vanderloubet.com.br\/deputado\/wp-content\/uploads\/2017\/07\/foto-2017-07-10-deputado-vander-loubet.jpg","datePublished":"2017-07-10T20:06:10+00:00","dateModified":"2017-07-10T22:08:30+00:00","breadcrumb":{"@id":"https:\/\/vanderloubet.com.br\/deputado\/vander-consegue-liberar-parcelas-de-emendas-para-quatro-municipios\/#breadcrumb"},"inLanguage":"pt-BR","potentialAction":[{"@type":"ReadAction","target":["https:\/\/vanderloubet.com.br\/deputado\/vander-consegue-liberar-parcelas-de-emendas-para-quatro-municipios\/"]}]},{"@type":"ImageObject","inLanguage":"pt-BR","@id":"https:\/\/vanderloubet.com.br\/deputado\/vander-consegue-liberar-parcelas-de-emendas-para-quatro-municipios\/#primaryimage","url":"https:\/\/vanderloubet.com.br\/deputado\/wp-content\/uploads\/2017\/07\/foto-2017-07-10-deputado-vander-loubet.jpg","contentUrl":"https:\/\/vanderloubet.com.br\/deputado\/wp-content\/uploads\/2017\/07\/foto-2017-07-10-deputado-vander-loubet.jpg","width":1080,"height":720,"caption":"Deputado Vander Loubet"},{"@type":"BreadcrumbList","@id":"https:\/\/vanderloubet.com.br\/deputado\/vander-consegue-liberar-parcelas-de-emendas-para-quatro-municipios\/#breadcrumb","itemListElement":[{"@type":"ListItem","position":1,"name":"In\u00edcio","item":"https:\/\/vanderloubet.com.br\/deputado\/"},{"@type":"ListItem","position":2,"name":"Vander consegue liberar parcelas de emendas para quatro munic\u00edpios"}]},{"@type":"WebSite","@id":"https:\/\/vanderloubet.com.br\/deputado\/#website","url":"https:\/\/vanderloubet.com.br\/deputado\/","name":"Deputado Federal Vander Loubet","description":"O Federal de MS","publisher":{"@id":"https:\/\/vanderloubet.com.br\/deputado\/#organization"},"alternateName":"Deputado Vander","potentialAction":[{"@type":"SearchAction","target":{"@type":"EntryPoint","urlTemplate":"https:\/\/vanderloubet.com.br\/deputado\/?s={search_term_string}"},"query-input":{"@type":"PropertyValueSpecification","valueRequired":true,"valueName":"search_term_string"}}],"inLanguage":"pt-BR"},{"@type":"Organization","@id":"https:\/\/vanderloubet.com.br\/deputado\/#organization","name":"Deputado Federal Vander Loubet","alternateName":"Deputado Vander","url":"https:\/\/vanderloubet.com.br\/deputado\/","logo":{"@type":"ImageObject","inLanguage":"pt-BR","@id":"https:\/\/vanderloubet.com.br\/deputado\/#\/schema\/logo\/image\/","url":"https:\/\/vanderloubet.com.br\/deputado\/wp-content\/uploads\/2023\/06\/foto-2023-06-19-mandato-deputado-vander.jpg","contentUrl":"https:\/\/vanderloubet.com.br\/deputado\/wp-content\/uploads\/2023\/06\/foto-2023-06-19-mandato-deputado-vander.jpg","width":1080,"height":1080,"caption":"Deputado Federal Vander Loubet"},"image":{"@id":"https:\/\/vanderloubet.com.br\/deputado\/#\/schema\/logo\/image\/"},"sameAs":["https:\/\/facebook.com\/deputadovander","https:\/\/x.com\/vanderloubet","https:\/\/instagram.com\/vanderloubet","https:\/\/youtube.com\/vanderloubet","https:\/\/tiktok.com\/@vanderloubetms"]},{"@type":"Person","@id":"https:\/\/vanderloubet.com.br\/deputado\/#\/schema\/person\/15b51bd564532a8a68d9dec1b8eb890e","name":"\u00c9der","image":{"@type":"ImageObject","inLanguage":"pt-BR","@id":"https:\/\/vanderloubet.com.br\/deputado\/wp-content\/litespeed\/avatar\/88ca4090d9d5ab1c9495f6ca03b68efa.jpg?ver=1777058957","url":"https:\/\/vanderloubet.com.br\/deputado\/wp-content\/litespeed\/avatar\/88ca4090d9d5ab1c9495f6ca03b68efa.jpg?ver=1777058957","contentUrl":"https:\/\/vanderloubet.com.br\/deputado\/wp-content\/litespeed\/avatar\/88ca4090d9d5ab1c9495f6ca03b68efa.jpg?ver=1777058957","caption":"\u00c9der"}}]}},"jetpack_featured_media_url":"https:\/\/vanderloubet.com.br\/deputado\/wp-content\/uploads\/2017\/07\/foto-2017-07-10-deputado-vander-loubet.jpg","jetpack_sharing_enabled":true,"_links":{"self":[{"href":"https:\/\/vanderloubet.com.br\/deputado\/wp-json\/wp\/v2\/posts\/12878","targetHints":{"allow":["GET"]}}],"collection":[{"href":"https:\/\/vanderloubet.com.br\/deputado\/wp-json\/wp\/v2\/posts"}],"about":[{"href":"https:\/\/vanderloubet.com.br\/deputado\/wp-json\/wp\/v2\/types\/post"}],"author":[{"embeddable":true,"href":"https:\/\/vanderloubet.com.br\/deputado\/wp-json\/wp\/v2\/users\/2"}],"replies":[{"embeddable":true,"href":"https:\/\/vanderloubet.com.br\/deputado\/wp-json\/wp\/v2\/comments?post=12878"}],"version-history":[{"count":0,"href":"https:\/\/vanderloubet.com.br\/deputado\/wp-json\/wp\/v2\/posts\/12878\/revisions"}],"wp:featuredmedia":[{"embeddable":true,"href":"https:\/\/vanderloubet.com.br\/deputado\/wp-json\/wp\/v2\/media\/12879"}],"wp:attachment":[{"href":"https:\/\/vanderloubet.com.br\/deputado\/wp-json\/wp\/v2\/media?parent=12878"}],"wp:term":[{"taxonomy":"category","embeddable":true,"href":"https:\/\/vanderloubet.com.br\/deputado\/wp-json\/wp\/v2\/categories?post=12878"},{"taxonomy":"post_tag","embeddable":true,"href":"https:\/\/vanderloubet.com.br\/deputado\/wp-json\/wp\/v2\/tags?post=12878"}],"curies":[{"name":"wp","href":"https:\/\/api.w.org\/{rel}","templated":true}]}}