{"id":12868,"date":"2017-07-04T16:53:09","date_gmt":"2017-07-04T20:53:09","guid":{"rendered":"http:\/\/vanderloubet.com.br\/deputado\/?p=12868"},"modified":"2017-08-09T16:37:31","modified_gmt":"2017-08-09T20:37:31","slug":"vander-reprova-proposta-de-retirar-verba-da-educacao-para-normalizar-emissao-de-passaportes","status":"publish","type":"post","link":"https:\/\/vanderloubet.com.br\/deputado\/vander-reprova-proposta-de-retirar-verba-da-educacao-para-normalizar-emissao-de-passaportes\/","title":{"rendered":"Vander reprova ideia de tirar verba da Educa\u00e7\u00e3o para normalizar passaportes"},"content":{"rendered":"\r\n                <style type=\"text\/css\">\r\n                    \r\n                    #tdi_1  .td-doubleSlider-2 .td-item1 {\r\n                        background: url(https:\/\/vanderloubet.com.br\/deputado\/wp-content\/uploads\/2017\/07\/foto-2017-07-04-cmo-01-80x60.jpg) 0 0 no-repeat;\r\n                    }\r\n                    #tdi_1  .td-doubleSlider-2 .td-item2 {\r\n                        background: url(https:\/\/vanderloubet.com.br\/deputado\/wp-content\/uploads\/2017\/07\/foto-2017-07-04-cmo-02-80x60.jpg) 0 0 no-repeat;\r\n                    }\r\n                <\/style>\r\n\r\n                <div id=\"tdi_1\" class=\"td-gallery td-slide-on-2-columns\">\r\n                    <div class=\"post_td_gallery\">\r\n                        <div class=\"td-gallery-slide-top\">\r\n                           <div class=\"td-gallery-title\"><\/div>\r\n\r\n                            <div class=\"td-gallery-controls-wrapper\">\r\n                                <div class=\"td-gallery-slide-count\"><span class=\"td-gallery-slide-item-focus\">1<\/span> de 2<\/div>\r\n                                <div class=\"td-gallery-slide-prev-next-but\">\r\n                                    <i class = \"td-icon-left doubleSliderPrevButton\"><\/i>\r\n                                    <i class = \"td-icon-right doubleSliderNextButton\"><\/i>\r\n                                <\/div>\r\n                            <\/div>\r\n                        <\/div>\r\n\r\n                        <div class = \"td-doubleSlider-1 \">\r\n                            <div class = \"td-slider\">\r\n                                \r\n                    <div class = \"td-slide-item td-item1\">\r\n                        <figure class=\"td-slide-galery-figure td-slide-popup-gallery\">\r\n                            <a class=\"slide-gallery-image-link\" href=\"https:\/\/vanderloubet.com.br\/deputado\/wp-content\/uploads\/2017\/07\/foto-2017-07-04-cmo-01.jpg\" title=\"Deputado Vander Loubet, participando de sess\u00e3o da CMO\"  data-caption=\"\"  data-description=\"Deputado Vander Loubet, participando de sess&atilde;o da CMO\">\r\n                                <img decoding=\"async\" src=\"https:\/\/vanderloubet.com.br\/deputado\/wp-content\/uploads\/2017\/07\/foto-2017-07-04-cmo-01-840x420.jpg\" srcset=\"https:\/\/vanderloubet.com.br\/deputado\/wp-content\/uploads\/2017\/07\/foto-2017-07-04-cmo-01-840x420.jpg 840w, https:\/\/vanderloubet.com.br\/deputado\/wp-content\/uploads\/2017\/07\/foto-2017-07-04-cmo-01-350x175.jpg 350w, https:\/\/vanderloubet.com.br\/deputado\/wp-content\/uploads\/2017\/07\/foto-2017-07-04-cmo-01-768x384.jpg 768w, https:\/\/vanderloubet.com.br\/deputado\/wp-content\/uploads\/2017\/07\/foto-2017-07-04-cmo-01-700x350.jpg 700w, https:\/\/vanderloubet.com.br\/deputado\/wp-content\/uploads\/2017\/07\/foto-2017-07-04-cmo-01-696x348.jpg 696w, https:\/\/vanderloubet.com.br\/deputado\/wp-content\/uploads\/2017\/07\/foto-2017-07-04-cmo-01-1068x534.jpg 1068w, https:\/\/vanderloubet.com.br\/deputado\/wp-content\/uploads\/2017\/07\/foto-2017-07-04-cmo-01.jpg 1080w\" sizes=\"(max-width: 840px) 100vw, 840px\" alt=\"Deputado Vander Loubet, participando de sess&atilde;o da CMO\">\r\n                            <\/a>\r\n                            <figcaption class = \"td-slide-caption td-gallery-slide-content\"><span>Deputado Vander Loubet, participando de sess\u00e3o da CMO<\/span><\/figcaption>\r\n                        <\/figure>\r\n                    <\/div>\r\n                    <div class = \"td-slide-item td-item2\">\r\n                        <figure class=\"td-slide-galery-figure td-slide-popup-gallery\">\r\n                            <a class=\"slide-gallery-image-link\" href=\"https:\/\/vanderloubet.com.br\/deputado\/wp-content\/uploads\/2017\/07\/foto-2017-07-04-cmo-02.jpg\" title=\"Membros da CMO reprovaram ideia de retirar verba da Educa\u00e7\u00e3o\"  data-caption=\"\"  data-description=\"Membros da CMO reprovaram ideia de retirar verba da Educa&ccedil;&atilde;o\">\r\n                                <img decoding=\"async\" src=\"https:\/\/vanderloubet.com.br\/deputado\/wp-content\/uploads\/2017\/07\/foto-2017-07-04-cmo-02-840x420.jpg\" srcset=\"https:\/\/vanderloubet.com.br\/deputado\/wp-content\/uploads\/2017\/07\/foto-2017-07-04-cmo-02-840x420.jpg 840w, https:\/\/vanderloubet.com.br\/deputado\/wp-content\/uploads\/2017\/07\/foto-2017-07-04-cmo-02-350x175.jpg 350w, https:\/\/vanderloubet.com.br\/deputado\/wp-content\/uploads\/2017\/07\/foto-2017-07-04-cmo-02-768x384.jpg 768w, https:\/\/vanderloubet.com.br\/deputado\/wp-content\/uploads\/2017\/07\/foto-2017-07-04-cmo-02-700x350.jpg 700w, https:\/\/vanderloubet.com.br\/deputado\/wp-content\/uploads\/2017\/07\/foto-2017-07-04-cmo-02-696x348.jpg 696w, https:\/\/vanderloubet.com.br\/deputado\/wp-content\/uploads\/2017\/07\/foto-2017-07-04-cmo-02-1068x534.jpg 1068w, https:\/\/vanderloubet.com.br\/deputado\/wp-content\/uploads\/2017\/07\/foto-2017-07-04-cmo-02.jpg 1080w\" sizes=\"(max-width: 840px) 100vw, 840px\" alt=\"Membros da CMO reprovaram ideia de retirar verba da Educa&ccedil;&atilde;o\">\r\n                            <\/a>\r\n                            <figcaption class = \"td-slide-caption td-gallery-slide-content\"><span>Membros da CMO reprovaram ideia de retirar verba da Educa\u00e7\u00e3o<\/span><\/figcaption>\r\n                        <\/figure>\r\n                    <\/div>\r\n                            <\/div>\r\n                        <\/div>\r\n\r\n                        <div class = \"td-doubleSlider-2\">\r\n                            <div class = \"td-slider\">\r\n                                \r\n                    <div class = \"td-button td-item1\">\r\n                        <div class = \"td-border\"><\/div>\r\n                    <\/div>\r\n                    <div class = \"td-button td-item2\">\r\n                        <div class = \"td-border\"><\/div>\r\n                    <\/div>\r\n                            <\/div>\r\n                        <\/div>\r\n\r\n                    <\/div>\r\n\r\n                <\/div>\r\n                \n<p><em><strong>Cr\u00e9dito suplementar de R$ 102,3 milh\u00f5es foi aprovado na Comiss\u00e3o Mista de Or\u00e7amento, mas origem do recurso foi modificada para n\u00e3o prejudicar a Educa\u00e7\u00e3o<\/strong><\/em><\/p>\n<p>A Comiss\u00e3o Mista de Planos, Or\u00e7amentos P\u00fablicos e Fiscaliza\u00e7\u00e3o (CMO) aprovou hoje (4) o Projeto de Lei de de Cr\u00e9dito Suplementar (PLN) 8\/2017, enviando pelo Poder Executivo ao Congresso Nacional, que trata da disponibiliza\u00e7\u00e3o de recursos para normalizar a emiss\u00e3o de passaportes no pa\u00eds.<\/p>\n<p>A proposta, enviada em 29 de junho, causou grande pol\u00eamica, j\u00e1 que o governo de Michel Temer prop\u00f4s retirar R$ 102,3 milh\u00f5es do Minist\u00e9rio da Educa\u00e7\u00e3o para atender ao Departamento de Pol\u00edcia Federal (DPF).<\/p>\n<p>O alvo do governo eram recursos destinados para &#8220;Fomento \u00e0s A\u00e7\u00f5es de Gradua\u00e7\u00e3o, P\u00f3s-Gradua\u00e7\u00e3o, Ensino, Pesquisa e Extens\u00e3o&#8221; (R$ 10,4 milh\u00f5es), &#8220;Apoio \u00e0 Capacita\u00e7\u00e3o e Forma\u00e7\u00e3o Inicial e Continuada para a Educa\u00e7\u00e3o B\u00e1sica&#8221; (R$ 24 milh\u00f5es), &#8220;Apoio a Iniciativas de Valoriza\u00e7\u00e3o da Diversidade, de Promo\u00e7\u00e3o dos Direitos Humanos e de Inclus\u00e3o&#8221; (R$ 4 milh\u00f5es) e &#8220;Apoio \u00e0 Alfabetiza\u00e7\u00e3o, \u00e0 Educa\u00e7\u00e3o de Jovens e Adultos e a Programas de Eleva\u00e7\u00e3o de Escolaridade, com Qualifica\u00e7\u00e3o Profissional e Participa\u00e7\u00e3o Cidad\u00e3&#8221; (64 milh\u00f5es).<\/p>\n<p>&#8220;De forma alguma pod\u00edamos compactuar com essa proposta. N\u00e3o cabe mexer na verba da Educa\u00e7\u00e3o. Entendemos que \u00e9 importante regularizar a situa\u00e7\u00e3o de emiss\u00e3o de passaportes, mas tem que ser por outra via&#8221;, defendeu o deputado federal Vander Loubet (PT-MS), membro titular da CMO.<\/p>\n<p>Ap\u00f3s press\u00e3o de Vander e de outros deputados da Comiss\u00e3o, o texto do PLN foi alterado para que a fonte de origem do remanejamento deixasse de ser o Minist\u00e9rio da Educa\u00e7\u00e3o. Ficou acordado que os recursos sair\u00e3o do Minist\u00e9rio das Rela\u00e7\u00f5es Exteriores.<\/p>\n<p>A emiss\u00e3o de passaportes foi suspensa pela Pol\u00edcia Federal (PF) no dia 28 de junho ap\u00f3s ter sido atingido o limite de dota\u00e7\u00e3o or\u00e7ament\u00e1ria para a atividade. Estima-se que est\u00e3o deixando de ser emitidos cerca de oito mil passaportes por dia.<\/p>\n<p>O valor de R$ 102,3 milh\u00f5es \u00e9 o apontado pela PF para normalizar o servi\u00e7o de emiss\u00e3o de passaportes at\u00e9 o final do ano.<\/p>\n<p><em>(\u00c9der Yanaguita &#8211; Ascom\/Dep. Vander Loubet)<\/em><\/p>\n","protected":false},"excerpt":{"rendered":"<p>Cr\u00e9dito suplementar de R$ 102 milh\u00f5es foi aprovado na Comiss\u00e3o Mista de Or\u00e7amento, mas origem do recurso foi modificada.<\/p>\n","protected":false},"author":2,"featured_media":12869,"comment_status":"closed","ping_status":"closed","sticky":false,"template":"","format":"standard","meta":{"jetpack_post_was_ever_published":false,"_jetpack_newsletter_access":"","_jetpack_dont_email_post_to_subs":false,"_jetpack_newsletter_tier_id":0,"_jetpack_memberships_contains_paywalled_content":false,"_jetpack_memberships_contains_paid_content":false,"footnotes":""},"categories":[2098,10],"tags":[697,2244,1635,2220],"class_list":{"0":"post-12868","1":"post","2":"type-post","3":"status-publish","4":"format-standard","5":"has-post-thumbnail","7":"category-brasil-noticias","8":"category-noticias","9":"tag-educacao","10":"tag-orcamento-geral-da-uniao","11":"tag-projeto-de-lei","12":"tag-seguranca-publica"},"yoast_head":"<!-- This site is optimized with the Yoast SEO plugin v27.4 - https:\/\/yoast.com\/product\/yoast-seo-wordpress\/ -->\n<title>Vander reprova ideia de tirar verba da Educa\u00e7\u00e3o para normalizar passaportes<\/title>\n<meta name=\"robots\" content=\"index, follow, max-snippet:-1, max-image-preview:large, max-video-preview:-1\" \/>\n<link rel=\"canonical\" href=\"https:\/\/vanderloubet.com.br\/deputado\/vander-reprova-proposta-de-retirar-verba-da-educacao-para-normalizar-emissao-de-passaportes\/\" \/>\n<meta property=\"og:locale\" content=\"pt_BR\" \/>\n<meta property=\"og:type\" content=\"article\" \/>\n<meta property=\"og:title\" content=\"Vander reprova ideia de tirar verba da Educa\u00e7\u00e3o para normalizar passaportes\" \/>\n<meta property=\"og:description\" content=\"Cr\u00e9dito suplementar de R$ 102 milh\u00f5es foi aprovado na Comiss\u00e3o Mista de Or\u00e7amento, mas origem do recurso foi modificada.\" \/>\n<meta property=\"og:url\" content=\"https:\/\/vanderloubet.com.br\/deputado\/vander-reprova-proposta-de-retirar-verba-da-educacao-para-normalizar-emissao-de-passaportes\/\" \/>\n<meta property=\"og:site_name\" content=\"Deputado Federal Vander Loubet\" \/>\n<meta property=\"article:publisher\" content=\"https:\/\/facebook.com\/deputadovander\" \/>\n<meta property=\"article:published_time\" content=\"2017-07-04T20:53:09+00:00\" \/>\n<meta property=\"article:modified_time\" content=\"2017-08-09T20:37:31+00:00\" \/>\n<meta property=\"og:image\" content=\"https:\/\/vanderloubet.com.br\/deputado\/wp-content\/uploads\/2017\/07\/foto-2017-07-04-cmo-01.jpg\" \/>\n\t<meta property=\"og:image:width\" content=\"1080\" \/>\n\t<meta property=\"og:image:height\" content=\"540\" \/>\n\t<meta property=\"og:image:type\" content=\"image\/jpeg\" \/>\n<meta name=\"author\" content=\"\u00c9der\" \/>\n<meta name=\"twitter:card\" content=\"summary_large_image\" \/>\n<meta name=\"twitter:creator\" content=\"@vanderloubet\" \/>\n<meta name=\"twitter:site\" content=\"@vanderloubet\" \/>\n<script type=\"application\/ld+json\" class=\"yoast-schema-graph\">{\"@context\":\"https:\\\/\\\/schema.org\",\"@graph\":[{\"@type\":\"Article\",\"@id\":\"https:\\\/\\\/vanderloubet.com.br\\\/deputado\\\/vander-reprova-proposta-de-retirar-verba-da-educacao-para-normalizar-emissao-de-passaportes\\\/#article\",\"isPartOf\":{\"@id\":\"https:\\\/\\\/vanderloubet.com.br\\\/deputado\\\/vander-reprova-proposta-de-retirar-verba-da-educacao-para-normalizar-emissao-de-passaportes\\\/\"},\"author\":{\"name\":\"\u00c9der\",\"@id\":\"https:\\\/\\\/vanderloubet.com.br\\\/deputado\\\/#\\\/schema\\\/person\\\/15b51bd564532a8a68d9dec1b8eb890e\"},\"headline\":\"Vander reprova ideia de tirar verba da Educa\u00e7\u00e3o para normalizar passaportes\",\"datePublished\":\"2017-07-04T20:53:09+00:00\",\"dateModified\":\"2017-08-09T20:37:31+00:00\",\"mainEntityOfPage\":{\"@id\":\"https:\\\/\\\/vanderloubet.com.br\\\/deputado\\\/vander-reprova-proposta-de-retirar-verba-da-educacao-para-normalizar-emissao-de-passaportes\\\/\"},\"wordCount\":408,\"publisher\":{\"@id\":\"https:\\\/\\\/vanderloubet.com.br\\\/deputado\\\/#organization\"},\"image\":{\"@id\":\"https:\\\/\\\/vanderloubet.com.br\\\/deputado\\\/vander-reprova-proposta-de-retirar-verba-da-educacao-para-normalizar-emissao-de-passaportes\\\/#primaryimage\"},\"thumbnailUrl\":\"https:\\\/\\\/vanderloubet.com.br\\\/deputado\\\/wp-content\\\/uploads\\\/2017\\\/07\\\/foto-2017-07-04-cmo-01.jpg\",\"keywords\":[\"educa\u00e7\u00e3o\",\"or\u00e7amento geral da uni\u00e3o\",\"projeto de lei\",\"seguran\u00e7a p\u00fablica\"],\"articleSection\":[\"Brasil\",\"Not\u00edcias\"],\"inLanguage\":\"pt-BR\"},{\"@type\":\"WebPage\",\"@id\":\"https:\\\/\\\/vanderloubet.com.br\\\/deputado\\\/vander-reprova-proposta-de-retirar-verba-da-educacao-para-normalizar-emissao-de-passaportes\\\/\",\"url\":\"https:\\\/\\\/vanderloubet.com.br\\\/deputado\\\/vander-reprova-proposta-de-retirar-verba-da-educacao-para-normalizar-emissao-de-passaportes\\\/\",\"name\":\"Vander reprova ideia de tirar verba da Educa\u00e7\u00e3o para normalizar passaportes\",\"isPartOf\":{\"@id\":\"https:\\\/\\\/vanderloubet.com.br\\\/deputado\\\/#website\"},\"primaryImageOfPage\":{\"@id\":\"https:\\\/\\\/vanderloubet.com.br\\\/deputado\\\/vander-reprova-proposta-de-retirar-verba-da-educacao-para-normalizar-emissao-de-passaportes\\\/#primaryimage\"},\"image\":{\"@id\":\"https:\\\/\\\/vanderloubet.com.br\\\/deputado\\\/vander-reprova-proposta-de-retirar-verba-da-educacao-para-normalizar-emissao-de-passaportes\\\/#primaryimage\"},\"thumbnailUrl\":\"https:\\\/\\\/vanderloubet.com.br\\\/deputado\\\/wp-content\\\/uploads\\\/2017\\\/07\\\/foto-2017-07-04-cmo-01.jpg\",\"datePublished\":\"2017-07-04T20:53:09+00:00\",\"dateModified\":\"2017-08-09T20:37:31+00:00\",\"breadcrumb\":{\"@id\":\"https:\\\/\\\/vanderloubet.com.br\\\/deputado\\\/vander-reprova-proposta-de-retirar-verba-da-educacao-para-normalizar-emissao-de-passaportes\\\/#breadcrumb\"},\"inLanguage\":\"pt-BR\",\"potentialAction\":[{\"@type\":\"ReadAction\",\"target\":[\"https:\\\/\\\/vanderloubet.com.br\\\/deputado\\\/vander-reprova-proposta-de-retirar-verba-da-educacao-para-normalizar-emissao-de-passaportes\\\/\"]}]},{\"@type\":\"ImageObject\",\"inLanguage\":\"pt-BR\",\"@id\":\"https:\\\/\\\/vanderloubet.com.br\\\/deputado\\\/vander-reprova-proposta-de-retirar-verba-da-educacao-para-normalizar-emissao-de-passaportes\\\/#primaryimage\",\"url\":\"https:\\\/\\\/vanderloubet.com.br\\\/deputado\\\/wp-content\\\/uploads\\\/2017\\\/07\\\/foto-2017-07-04-cmo-01.jpg\",\"contentUrl\":\"https:\\\/\\\/vanderloubet.com.br\\\/deputado\\\/wp-content\\\/uploads\\\/2017\\\/07\\\/foto-2017-07-04-cmo-01.jpg\",\"width\":1080,\"height\":540,\"caption\":\"Deputado Vander Loubet, participando de sess\u00e3o da CMO\"},{\"@type\":\"BreadcrumbList\",\"@id\":\"https:\\\/\\\/vanderloubet.com.br\\\/deputado\\\/vander-reprova-proposta-de-retirar-verba-da-educacao-para-normalizar-emissao-de-passaportes\\\/#breadcrumb\",\"itemListElement\":[{\"@type\":\"ListItem\",\"position\":1,\"name\":\"In\u00edcio\",\"item\":\"https:\\\/\\\/vanderloubet.com.br\\\/deputado\\\/\"},{\"@type\":\"ListItem\",\"position\":2,\"name\":\"Vander reprova ideia de tirar verba da Educa\u00e7\u00e3o para normalizar passaportes\"}]},{\"@type\":\"WebSite\",\"@id\":\"https:\\\/\\\/vanderloubet.com.br\\\/deputado\\\/#website\",\"url\":\"https:\\\/\\\/vanderloubet.com.br\\\/deputado\\\/\",\"name\":\"Deputado Federal Vander Loubet\",\"description\":\"O Federal de MS\",\"publisher\":{\"@id\":\"https:\\\/\\\/vanderloubet.com.br\\\/deputado\\\/#organization\"},\"alternateName\":\"Deputado Vander\",\"potentialAction\":[{\"@type\":\"SearchAction\",\"target\":{\"@type\":\"EntryPoint\",\"urlTemplate\":\"https:\\\/\\\/vanderloubet.com.br\\\/deputado\\\/?s={search_term_string}\"},\"query-input\":{\"@type\":\"PropertyValueSpecification\",\"valueRequired\":true,\"valueName\":\"search_term_string\"}}],\"inLanguage\":\"pt-BR\"},{\"@type\":\"Organization\",\"@id\":\"https:\\\/\\\/vanderloubet.com.br\\\/deputado\\\/#organization\",\"name\":\"Deputado Federal Vander Loubet\",\"alternateName\":\"Deputado Vander\",\"url\":\"https:\\\/\\\/vanderloubet.com.br\\\/deputado\\\/\",\"logo\":{\"@type\":\"ImageObject\",\"inLanguage\":\"pt-BR\",\"@id\":\"https:\\\/\\\/vanderloubet.com.br\\\/deputado\\\/#\\\/schema\\\/logo\\\/image\\\/\",\"url\":\"https:\\\/\\\/vanderloubet.com.br\\\/deputado\\\/wp-content\\\/uploads\\\/2023\\\/06\\\/foto-2023-06-19-mandato-deputado-vander.jpg\",\"contentUrl\":\"https:\\\/\\\/vanderloubet.com.br\\\/deputado\\\/wp-content\\\/uploads\\\/2023\\\/06\\\/foto-2023-06-19-mandato-deputado-vander.jpg\",\"width\":1080,\"height\":1080,\"caption\":\"Deputado Federal Vander Loubet\"},\"image\":{\"@id\":\"https:\\\/\\\/vanderloubet.com.br\\\/deputado\\\/#\\\/schema\\\/logo\\\/image\\\/\"},\"sameAs\":[\"https:\\\/\\\/facebook.com\\\/deputadovander\",\"https:\\\/\\\/x.com\\\/vanderloubet\",\"https:\\\/\\\/instagram.com\\\/vanderloubet\",\"https:\\\/\\\/youtube.com\\\/vanderloubet\",\"https:\\\/\\\/tiktok.com\\\/@vanderloubetms\"]},{\"@type\":\"Person\",\"@id\":\"https:\\\/\\\/vanderloubet.com.br\\\/deputado\\\/#\\\/schema\\\/person\\\/15b51bd564532a8a68d9dec1b8eb890e\",\"name\":\"\u00c9der\",\"image\":{\"@type\":\"ImageObject\",\"inLanguage\":\"pt-BR\",\"@id\":\"https:\\\/\\\/vanderloubet.com.br\\\/deputado\\\/wp-content\\\/litespeed\\\/avatar\\\/88ca4090d9d5ab1c9495f6ca03b68efa.jpg?ver=1777058957\",\"url\":\"https:\\\/\\\/vanderloubet.com.br\\\/deputado\\\/wp-content\\\/litespeed\\\/avatar\\\/88ca4090d9d5ab1c9495f6ca03b68efa.jpg?ver=1777058957\",\"contentUrl\":\"https:\\\/\\\/vanderloubet.com.br\\\/deputado\\\/wp-content\\\/litespeed\\\/avatar\\\/88ca4090d9d5ab1c9495f6ca03b68efa.jpg?ver=1777058957\",\"caption\":\"\u00c9der\"}}]}<\/script>\n<!-- \/ Yoast SEO plugin. -->","yoast_head_json":{"title":"Vander reprova ideia de tirar verba da Educa\u00e7\u00e3o para normalizar passaportes","robots":{"index":"index","follow":"follow","max-snippet":"max-snippet:-1","max-image-preview":"max-image-preview:large","max-video-preview":"max-video-preview:-1"},"canonical":"https:\/\/vanderloubet.com.br\/deputado\/vander-reprova-proposta-de-retirar-verba-da-educacao-para-normalizar-emissao-de-passaportes\/","og_locale":"pt_BR","og_type":"article","og_title":"Vander reprova ideia de tirar verba da Educa\u00e7\u00e3o para normalizar passaportes","og_description":"Cr\u00e9dito suplementar de R$ 102 milh\u00f5es foi aprovado na Comiss\u00e3o Mista de Or\u00e7amento, mas origem do recurso foi modificada.","og_url":"https:\/\/vanderloubet.com.br\/deputado\/vander-reprova-proposta-de-retirar-verba-da-educacao-para-normalizar-emissao-de-passaportes\/","og_site_name":"Deputado Federal Vander Loubet","article_publisher":"https:\/\/facebook.com\/deputadovander","article_published_time":"2017-07-04T20:53:09+00:00","article_modified_time":"2017-08-09T20:37:31+00:00","og_image":[{"width":1080,"height":540,"url":"https:\/\/vanderloubet.com.br\/deputado\/wp-content\/uploads\/2017\/07\/foto-2017-07-04-cmo-01.jpg","type":"image\/jpeg"}],"author":"\u00c9der","twitter_card":"summary_large_image","twitter_creator":"@vanderloubet","twitter_site":"@vanderloubet","schema":{"@context":"https:\/\/schema.org","@graph":[{"@type":"Article","@id":"https:\/\/vanderloubet.com.br\/deputado\/vander-reprova-proposta-de-retirar-verba-da-educacao-para-normalizar-emissao-de-passaportes\/#article","isPartOf":{"@id":"https:\/\/vanderloubet.com.br\/deputado\/vander-reprova-proposta-de-retirar-verba-da-educacao-para-normalizar-emissao-de-passaportes\/"},"author":{"name":"\u00c9der","@id":"https:\/\/vanderloubet.com.br\/deputado\/#\/schema\/person\/15b51bd564532a8a68d9dec1b8eb890e"},"headline":"Vander reprova ideia de tirar verba da Educa\u00e7\u00e3o para normalizar passaportes","datePublished":"2017-07-04T20:53:09+00:00","dateModified":"2017-08-09T20:37:31+00:00","mainEntityOfPage":{"@id":"https:\/\/vanderloubet.com.br\/deputado\/vander-reprova-proposta-de-retirar-verba-da-educacao-para-normalizar-emissao-de-passaportes\/"},"wordCount":408,"publisher":{"@id":"https:\/\/vanderloubet.com.br\/deputado\/#organization"},"image":{"@id":"https:\/\/vanderloubet.com.br\/deputado\/vander-reprova-proposta-de-retirar-verba-da-educacao-para-normalizar-emissao-de-passaportes\/#primaryimage"},"thumbnailUrl":"https:\/\/vanderloubet.com.br\/deputado\/wp-content\/uploads\/2017\/07\/foto-2017-07-04-cmo-01.jpg","keywords":["educa\u00e7\u00e3o","or\u00e7amento geral da uni\u00e3o","projeto de lei","seguran\u00e7a p\u00fablica"],"articleSection":["Brasil","Not\u00edcias"],"inLanguage":"pt-BR"},{"@type":"WebPage","@id":"https:\/\/vanderloubet.com.br\/deputado\/vander-reprova-proposta-de-retirar-verba-da-educacao-para-normalizar-emissao-de-passaportes\/","url":"https:\/\/vanderloubet.com.br\/deputado\/vander-reprova-proposta-de-retirar-verba-da-educacao-para-normalizar-emissao-de-passaportes\/","name":"Vander reprova ideia de tirar verba da Educa\u00e7\u00e3o para normalizar passaportes","isPartOf":{"@id":"https:\/\/vanderloubet.com.br\/deputado\/#website"},"primaryImageOfPage":{"@id":"https:\/\/vanderloubet.com.br\/deputado\/vander-reprova-proposta-de-retirar-verba-da-educacao-para-normalizar-emissao-de-passaportes\/#primaryimage"},"image":{"@id":"https:\/\/vanderloubet.com.br\/deputado\/vander-reprova-proposta-de-retirar-verba-da-educacao-para-normalizar-emissao-de-passaportes\/#primaryimage"},"thumbnailUrl":"https:\/\/vanderloubet.com.br\/deputado\/wp-content\/uploads\/2017\/07\/foto-2017-07-04-cmo-01.jpg","datePublished":"2017-07-04T20:53:09+00:00","dateModified":"2017-08-09T20:37:31+00:00","breadcrumb":{"@id":"https:\/\/vanderloubet.com.br\/deputado\/vander-reprova-proposta-de-retirar-verba-da-educacao-para-normalizar-emissao-de-passaportes\/#breadcrumb"},"inLanguage":"pt-BR","potentialAction":[{"@type":"ReadAction","target":["https:\/\/vanderloubet.com.br\/deputado\/vander-reprova-proposta-de-retirar-verba-da-educacao-para-normalizar-emissao-de-passaportes\/"]}]},{"@type":"ImageObject","inLanguage":"pt-BR","@id":"https:\/\/vanderloubet.com.br\/deputado\/vander-reprova-proposta-de-retirar-verba-da-educacao-para-normalizar-emissao-de-passaportes\/#primaryimage","url":"https:\/\/vanderloubet.com.br\/deputado\/wp-content\/uploads\/2017\/07\/foto-2017-07-04-cmo-01.jpg","contentUrl":"https:\/\/vanderloubet.com.br\/deputado\/wp-content\/uploads\/2017\/07\/foto-2017-07-04-cmo-01.jpg","width":1080,"height":540,"caption":"Deputado Vander Loubet, participando de sess\u00e3o da CMO"},{"@type":"BreadcrumbList","@id":"https:\/\/vanderloubet.com.br\/deputado\/vander-reprova-proposta-de-retirar-verba-da-educacao-para-normalizar-emissao-de-passaportes\/#breadcrumb","itemListElement":[{"@type":"ListItem","position":1,"name":"In\u00edcio","item":"https:\/\/vanderloubet.com.br\/deputado\/"},{"@type":"ListItem","position":2,"name":"Vander reprova ideia de tirar verba da Educa\u00e7\u00e3o para normalizar passaportes"}]},{"@type":"WebSite","@id":"https:\/\/vanderloubet.com.br\/deputado\/#website","url":"https:\/\/vanderloubet.com.br\/deputado\/","name":"Deputado Federal Vander Loubet","description":"O Federal de MS","publisher":{"@id":"https:\/\/vanderloubet.com.br\/deputado\/#organization"},"alternateName":"Deputado Vander","potentialAction":[{"@type":"SearchAction","target":{"@type":"EntryPoint","urlTemplate":"https:\/\/vanderloubet.com.br\/deputado\/?s={search_term_string}"},"query-input":{"@type":"PropertyValueSpecification","valueRequired":true,"valueName":"search_term_string"}}],"inLanguage":"pt-BR"},{"@type":"Organization","@id":"https:\/\/vanderloubet.com.br\/deputado\/#organization","name":"Deputado Federal Vander Loubet","alternateName":"Deputado Vander","url":"https:\/\/vanderloubet.com.br\/deputado\/","logo":{"@type":"ImageObject","inLanguage":"pt-BR","@id":"https:\/\/vanderloubet.com.br\/deputado\/#\/schema\/logo\/image\/","url":"https:\/\/vanderloubet.com.br\/deputado\/wp-content\/uploads\/2023\/06\/foto-2023-06-19-mandato-deputado-vander.jpg","contentUrl":"https:\/\/vanderloubet.com.br\/deputado\/wp-content\/uploads\/2023\/06\/foto-2023-06-19-mandato-deputado-vander.jpg","width":1080,"height":1080,"caption":"Deputado Federal Vander Loubet"},"image":{"@id":"https:\/\/vanderloubet.com.br\/deputado\/#\/schema\/logo\/image\/"},"sameAs":["https:\/\/facebook.com\/deputadovander","https:\/\/x.com\/vanderloubet","https:\/\/instagram.com\/vanderloubet","https:\/\/youtube.com\/vanderloubet","https:\/\/tiktok.com\/@vanderloubetms"]},{"@type":"Person","@id":"https:\/\/vanderloubet.com.br\/deputado\/#\/schema\/person\/15b51bd564532a8a68d9dec1b8eb890e","name":"\u00c9der","image":{"@type":"ImageObject","inLanguage":"pt-BR","@id":"https:\/\/vanderloubet.com.br\/deputado\/wp-content\/litespeed\/avatar\/88ca4090d9d5ab1c9495f6ca03b68efa.jpg?ver=1777058957","url":"https:\/\/vanderloubet.com.br\/deputado\/wp-content\/litespeed\/avatar\/88ca4090d9d5ab1c9495f6ca03b68efa.jpg?ver=1777058957","contentUrl":"https:\/\/vanderloubet.com.br\/deputado\/wp-content\/litespeed\/avatar\/88ca4090d9d5ab1c9495f6ca03b68efa.jpg?ver=1777058957","caption":"\u00c9der"}}]}},"jetpack_featured_media_url":"https:\/\/vanderloubet.com.br\/deputado\/wp-content\/uploads\/2017\/07\/foto-2017-07-04-cmo-01.jpg","jetpack_sharing_enabled":true,"_links":{"self":[{"href":"https:\/\/vanderloubet.com.br\/deputado\/wp-json\/wp\/v2\/posts\/12868","targetHints":{"allow":["GET"]}}],"collection":[{"href":"https:\/\/vanderloubet.com.br\/deputado\/wp-json\/wp\/v2\/posts"}],"about":[{"href":"https:\/\/vanderloubet.com.br\/deputado\/wp-json\/wp\/v2\/types\/post"}],"author":[{"embeddable":true,"href":"https:\/\/vanderloubet.com.br\/deputado\/wp-json\/wp\/v2\/users\/2"}],"replies":[{"embeddable":true,"href":"https:\/\/vanderloubet.com.br\/deputado\/wp-json\/wp\/v2\/comments?post=12868"}],"version-history":[{"count":0,"href":"https:\/\/vanderloubet.com.br\/deputado\/wp-json\/wp\/v2\/posts\/12868\/revisions"}],"wp:featuredmedia":[{"embeddable":true,"href":"https:\/\/vanderloubet.com.br\/deputado\/wp-json\/wp\/v2\/media\/12869"}],"wp:attachment":[{"href":"https:\/\/vanderloubet.com.br\/deputado\/wp-json\/wp\/v2\/media?parent=12868"}],"wp:term":[{"taxonomy":"category","embeddable":true,"href":"https:\/\/vanderloubet.com.br\/deputado\/wp-json\/wp\/v2\/categories?post=12868"},{"taxonomy":"post_tag","embeddable":true,"href":"https:\/\/vanderloubet.com.br\/deputado\/wp-json\/wp\/v2\/tags?post=12868"}],"curies":[{"name":"wp","href":"https:\/\/api.w.org\/{rel}","templated":true}]}}