{"id":12861,"date":"2017-07-04T10:19:16","date_gmt":"2017-07-04T14:19:16","guid":{"rendered":"http:\/\/vanderloubet.com.br\/deputado\/?p=12861"},"modified":"2017-07-04T10:55:42","modified_gmt":"2017-07-04T14:55:42","slug":"parcelas-de-emenda-de-vander-sao-liberadas-para-saude-de-corumba","status":"publish","type":"post","link":"https:\/\/vanderloubet.com.br\/deputado\/parcelas-de-emenda-de-vander-sao-liberadas-para-saude-de-corumba\/","title":{"rendered":"Parcelas de emenda de Vander s\u00e3o liberadas para sa\u00fade de Corumb\u00e1"},"content":{"rendered":"\r\n                <style type=\"text\/css\">\r\n                    \r\n                    #tdi_1  .td-doubleSlider-2 .td-item1 {\r\n                        background: url(https:\/\/vanderloubet.com.br\/deputado\/wp-content\/uploads\/2017\/07\/foto-2017-07-04-corumba-saude-centro-mulher-80x60.jpg) 0 0 no-repeat;\r\n                    }\r\n                    #tdi_1  .td-doubleSlider-2 .td-item2 {\r\n                        background: url(https:\/\/vanderloubet.com.br\/deputado\/wp-content\/uploads\/2017\/07\/foto-2017-07-04-corumba-saude-cis-laboratorio-80x60.jpg) 0 0 no-repeat;\r\n                    }\r\n                <\/style>\r\n\r\n                <div id=\"tdi_1\" class=\"td-gallery td-slide-on-2-columns\">\r\n                    <div class=\"post_td_gallery\">\r\n                        <div class=\"td-gallery-slide-top\">\r\n                           <div class=\"td-gallery-title\"><\/div>\r\n\r\n                            <div class=\"td-gallery-controls-wrapper\">\r\n                                <div class=\"td-gallery-slide-count\"><span class=\"td-gallery-slide-item-focus\">1<\/span> de 2<\/div>\r\n                                <div class=\"td-gallery-slide-prev-next-but\">\r\n                                    <i class = \"td-icon-left doubleSliderPrevButton\"><\/i>\r\n                                    <i class = \"td-icon-right doubleSliderNextButton\"><\/i>\r\n                                <\/div>\r\n                            <\/div>\r\n                        <\/div>\r\n\r\n                        <div class = \"td-doubleSlider-1 \">\r\n                            <div class = \"td-slider\">\r\n                                \r\n                    <div class = \"td-slide-item td-item1\">\r\n                        <figure class=\"td-slide-galery-figure td-slide-popup-gallery\">\r\n                            <a class=\"slide-gallery-image-link\" href=\"https:\/\/vanderloubet.com.br\/deputado\/wp-content\/uploads\/2017\/07\/foto-2017-07-04-corumba-saude-centro-mulher.jpg\" title=\"Obra no Centro de Sa\u00fade da Mulher Dr. Nicolau Fragelli em agosto de 2016 (Foto: Ascom\/PMC)\"  data-caption=\"\"  data-description=\"Obra no Centro de Sa&uacute;de da Mulher Dr. Nicolau Fragelli em agosto de 2016 (Foto: Ascom\/PMC)\">\r\n                                <img decoding=\"async\" src=\"https:\/\/vanderloubet.com.br\/deputado\/wp-content\/uploads\/2017\/07\/foto-2017-07-04-corumba-saude-centro-mulher-630x420.jpg\" srcset=\"https:\/\/vanderloubet.com.br\/deputado\/wp-content\/uploads\/2017\/07\/foto-2017-07-04-corumba-saude-centro-mulher-630x420.jpg 630w, https:\/\/vanderloubet.com.br\/deputado\/wp-content\/uploads\/2017\/07\/foto-2017-07-04-corumba-saude-centro-mulher-350x233.jpg 350w, https:\/\/vanderloubet.com.br\/deputado\/wp-content\/uploads\/2017\/07\/foto-2017-07-04-corumba-saude-centro-mulher-768x512.jpg 768w, https:\/\/vanderloubet.com.br\/deputado\/wp-content\/uploads\/2017\/07\/foto-2017-07-04-corumba-saude-centro-mulher-700x467.jpg 700w, https:\/\/vanderloubet.com.br\/deputado\/wp-content\/uploads\/2017\/07\/foto-2017-07-04-corumba-saude-centro-mulher-696x464.jpg 696w, https:\/\/vanderloubet.com.br\/deputado\/wp-content\/uploads\/2017\/07\/foto-2017-07-04-corumba-saude-centro-mulher-1068x712.jpg 1068w, https:\/\/vanderloubet.com.br\/deputado\/wp-content\/uploads\/2017\/07\/foto-2017-07-04-corumba-saude-centro-mulher.jpg 1080w\" sizes=\"(max-width: 630px) 100vw, 630px\" alt=\"Obra no Centro de Sa&uacute;de da Mulher Dr. Nicolau Fragelli em agosto de 2016 (Foto: Ascom\/PMC)\">\r\n                            <\/a>\r\n                            <figcaption class = \"td-slide-caption td-gallery-slide-content\"><span>Obra no Centro de Sa\u00fade da Mulher Dr. Nicolau Fragelli em agosto de 2016 (Foto: Ascom\/PMC)<\/span><\/figcaption>\r\n                        <\/figure>\r\n                    <\/div>\r\n                    <div class = \"td-slide-item td-item2\">\r\n                        <figure class=\"td-slide-galery-figure td-slide-popup-gallery\">\r\n                            <a class=\"slide-gallery-image-link\" href=\"https:\/\/vanderloubet.com.br\/deputado\/wp-content\/uploads\/2017\/07\/foto-2017-07-04-corumba-saude-cis-laboratorio.jpg\" title=\"Obra no CIS e Laborat\u00f3rio de An\u00e1lises Cl\u00ednicas em agosto de 2016 (Foto: Ascom\/PMC)\"  data-caption=\"\"  data-description=\"Obra no CIS e Laborat&oacute;rio de An&aacute;lises Cl&iacute;nicas em agosto de 2016 (Foto: Ascom\/PMC)\">\r\n                                <img decoding=\"async\" src=\"https:\/\/vanderloubet.com.br\/deputado\/wp-content\/uploads\/2017\/07\/foto-2017-07-04-corumba-saude-cis-laboratorio-630x420.jpg\" srcset=\"https:\/\/vanderloubet.com.br\/deputado\/wp-content\/uploads\/2017\/07\/foto-2017-07-04-corumba-saude-cis-laboratorio-630x420.jpg 630w, https:\/\/vanderloubet.com.br\/deputado\/wp-content\/uploads\/2017\/07\/foto-2017-07-04-corumba-saude-cis-laboratorio-350x233.jpg 350w, https:\/\/vanderloubet.com.br\/deputado\/wp-content\/uploads\/2017\/07\/foto-2017-07-04-corumba-saude-cis-laboratorio-768x512.jpg 768w, https:\/\/vanderloubet.com.br\/deputado\/wp-content\/uploads\/2017\/07\/foto-2017-07-04-corumba-saude-cis-laboratorio-700x467.jpg 700w, https:\/\/vanderloubet.com.br\/deputado\/wp-content\/uploads\/2017\/07\/foto-2017-07-04-corumba-saude-cis-laboratorio-696x464.jpg 696w, https:\/\/vanderloubet.com.br\/deputado\/wp-content\/uploads\/2017\/07\/foto-2017-07-04-corumba-saude-cis-laboratorio-1068x712.jpg 1068w, https:\/\/vanderloubet.com.br\/deputado\/wp-content\/uploads\/2017\/07\/foto-2017-07-04-corumba-saude-cis-laboratorio.jpg 1080w\" sizes=\"(max-width: 630px) 100vw, 630px\" alt=\"Obra no CIS e Laborat&oacute;rio de An&aacute;lises Cl&iacute;nicas em agosto de 2016 (Foto: Ascom\/PMC)\">\r\n                            <\/a>\r\n                            <figcaption class = \"td-slide-caption td-gallery-slide-content\"><span>Obra no CIS e Laborat\u00f3rio de An\u00e1lises Cl\u00ednicas em agosto de 2016 (Foto: Ascom\/PMC)<\/span><\/figcaption>\r\n                        <\/figure>\r\n                    <\/div>\r\n                            <\/div>\r\n                        <\/div>\r\n\r\n                        <div class = \"td-doubleSlider-2\">\r\n                            <div class = \"td-slider\">\r\n                                \r\n                    <div class = \"td-button td-item1\">\r\n                        <div class = \"td-border\"><\/div>\r\n                    <\/div>\r\n                    <div class = \"td-button td-item2\">\r\n                        <div class = \"td-border\"><\/div>\r\n                    <\/div>\r\n                            <\/div>\r\n                        <\/div>\r\n\r\n                    <\/div>\r\n\r\n                <\/div>\r\n                \n<p>No m\u00eas de junho, o Governo Federal liberou cerca de R$ 294 mil em parcelas de uma emenda parlamentar de bancada indicada pelo deputado federal Vander Loubet para investimento em obras de sa\u00fade no munic\u00edpio de Corumb\u00e1.<\/p>\n<p>Uma das obras se refere ao Centro de Acolhimento de Tr\u00e2nsito para usu\u00e1rios do SUS em tratamento. O pr\u00e9dio da Prefeitura na Rua Jos\u00e9 Fragelli, no Bairro Popular Nova, est\u00e1 passando por reforma e readequa\u00e7\u00e3o. O conv\u00eanio entre o Munic\u00edpio e a Uni\u00e3o soma R$ 863 mil. Foram liberadas duas parcelas de R$ 125.772,64 (R$ 251.545,28 ao todo).<\/p>\n<p>A outra obra que teve recursos liberados \u00e9 a reforma e readequa\u00e7\u00e3o do Centro de Sa\u00fade da Mulher Dr. Nicolau Fragelli. O conv\u00eanio para essa a\u00e7\u00e3o totaliza R$ 1,15 milh\u00e3o. A parcela liberada foi de R$ 42.396,18.<\/p>\n<p><strong>Mais obras na sa\u00fade<\/strong> &#8211; Com recursos da emenda de bancada viabilizada pelo deputado Vander Loubet no Or\u00e7amento Geral da Uni\u00e3o de 2013 est\u00e3o sendo investidos pela Uni\u00e3o e pela Prefeitura quase R$ 6,5 milh\u00f5es na sa\u00fade de Corumb\u00e1.<\/p>\n<p>Al\u00e9m da reforma e readequa\u00e7\u00e3o do Centro de Sa\u00fade da Mulher Dr. Nicolau Fragelli e do Centro de Acolhimento de Tr\u00e2nsito, os recursos est\u00e3o sendo aplicados na reforma e readequa\u00e7\u00e3o do Centro de Sa\u00fade da Ladeira Cunha e Cruz (mais de R$ 386 mil); na reforma e adequa\u00e7\u00e3o do antigo Clube Noroeste na esquina da Rua Porto Carreiro com Rua Frei Mariano para sediar o Centro Integrado de Sa\u00fade (CIS) e o Laborat\u00f3rio de An\u00e1lises Cl\u00ednicas (R$ 950 mil); e na reforma e adequa\u00e7\u00e3o do Centro de Refer\u00eancia em DST\/Aids Dr. Jo\u00e3o de Brito (mais de R$ 575 mil).<\/p>\n<p>Al\u00e9m de Vander, assinaram a emenda de bancada o deputado federal Henrique Mandetta e o ent\u00e3o deputado federal e atual governador Reinaldo Azambuja.<\/p>\n<p>Outra obra de sa\u00fade que conta com o apoio do deputado Vander Loubet \u00e9 a constru\u00e7\u00e3o de uma Unidade B\u00e1sica de Sa\u00fase (UBS) no Residencial Conquista Guat\u00f3, no Bairro Padre Ernesto Sassida.<\/p>\n<p>O projeto est\u00e1 or\u00e7ado em R$1,015 milh\u00e3o, dos quais R$ 512 mil vir\u00e3o de uma emenda individual do parlamentar, apresentada ao Or\u00e7amento Geral da Uni\u00e3o de 2014. Outra emenda de Vander, no valor de R$ 238 mil, ser\u00e1 usada para aquisi\u00e7\u00e3o de equipamentos, m\u00f3veis e materiais para a nova UBS.<\/p>\n<p><em>(\u00c9der Yanaguita &#8211; Ascom\/Dep. Vander Loubet)<\/em><\/p>\n","protected":false},"excerpt":{"rendered":"<p>Recursos s\u00e3o para obras de reforma em Centro de Acolhimento de Tr\u00e2nsito e em Centro de Sa\u00fade da Mulher.<\/p>\n","protected":false},"author":2,"featured_media":12862,"comment_status":"closed","ping_status":"closed","sticky":false,"template":"","format":"standard","meta":{"jetpack_post_was_ever_published":false,"_jetpack_newsletter_access":"","_jetpack_dont_email_post_to_subs":false,"_jetpack_newsletter_tier_id":0,"_jetpack_memberships_contains_paywalled_content":false,"_jetpack_memberships_contains_paid_content":false,"footnotes":""},"categories":[2097,10],"tags":[2127,1803],"class_list":{"0":"post-12861","1":"post","2":"type-post","3":"status-publish","4":"format-standard","5":"has-post-thumbnail","7":"category-municipios-noticias","8":"category-noticias","9":"tag-emenda-parlamentar","10":"tag-saude"},"yoast_head":"<!-- This site is optimized with the Yoast SEO plugin v27.4 - https:\/\/yoast.com\/product\/yoast-seo-wordpress\/ -->\n<title>Parcelas de emenda de Vander s\u00e3o liberadas para sa\u00fade de Corumb\u00e1<\/title>\n<meta name=\"robots\" content=\"index, follow, max-snippet:-1, max-image-preview:large, max-video-preview:-1\" \/>\n<link rel=\"canonical\" href=\"https:\/\/vanderloubet.com.br\/deputado\/parcelas-de-emenda-de-vander-sao-liberadas-para-saude-de-corumba\/\" \/>\n<meta property=\"og:locale\" content=\"pt_BR\" \/>\n<meta property=\"og:type\" content=\"article\" \/>\n<meta property=\"og:title\" content=\"Parcelas de emenda de Vander s\u00e3o liberadas para sa\u00fade de Corumb\u00e1\" \/>\n<meta property=\"og:description\" content=\"Recursos s\u00e3o para obras de reforma em Centro de Acolhimento de Tr\u00e2nsito e em Centro de Sa\u00fade da Mulher.\" \/>\n<meta property=\"og:url\" content=\"https:\/\/vanderloubet.com.br\/deputado\/parcelas-de-emenda-de-vander-sao-liberadas-para-saude-de-corumba\/\" \/>\n<meta property=\"og:site_name\" content=\"Deputado Federal Vander Loubet\" \/>\n<meta property=\"article:publisher\" content=\"https:\/\/facebook.com\/deputadovander\" \/>\n<meta property=\"article:published_time\" content=\"2017-07-04T14:19:16+00:00\" \/>\n<meta property=\"article:modified_time\" content=\"2017-07-04T14:55:42+00:00\" \/>\n<meta property=\"og:image\" content=\"https:\/\/vanderloubet.com.br\/deputado\/wp-content\/uploads\/2017\/07\/foto-2017-07-04-corumba-saude-centro-mulher.jpg\" \/>\n\t<meta property=\"og:image:width\" content=\"1080\" \/>\n\t<meta property=\"og:image:height\" content=\"720\" \/>\n\t<meta property=\"og:image:type\" content=\"image\/jpeg\" \/>\n<meta name=\"author\" content=\"\u00c9der\" \/>\n<meta name=\"twitter:card\" content=\"summary_large_image\" \/>\n<meta name=\"twitter:creator\" content=\"@vanderloubet\" \/>\n<meta name=\"twitter:site\" content=\"@vanderloubet\" \/>\n<script type=\"application\/ld+json\" class=\"yoast-schema-graph\">{\"@context\":\"https:\\\/\\\/schema.org\",\"@graph\":[{\"@type\":\"Article\",\"@id\":\"https:\\\/\\\/vanderloubet.com.br\\\/deputado\\\/parcelas-de-emenda-de-vander-sao-liberadas-para-saude-de-corumba\\\/#article\",\"isPartOf\":{\"@id\":\"https:\\\/\\\/vanderloubet.com.br\\\/deputado\\\/parcelas-de-emenda-de-vander-sao-liberadas-para-saude-de-corumba\\\/\"},\"author\":{\"name\":\"\u00c9der\",\"@id\":\"https:\\\/\\\/vanderloubet.com.br\\\/deputado\\\/#\\\/schema\\\/person\\\/15b51bd564532a8a68d9dec1b8eb890e\"},\"headline\":\"Parcelas de emenda de Vander s\u00e3o liberadas para sa\u00fade de Corumb\u00e1\",\"datePublished\":\"2017-07-04T14:19:16+00:00\",\"dateModified\":\"2017-07-04T14:55:42+00:00\",\"mainEntityOfPage\":{\"@id\":\"https:\\\/\\\/vanderloubet.com.br\\\/deputado\\\/parcelas-de-emenda-de-vander-sao-liberadas-para-saude-de-corumba\\\/\"},\"wordCount\":439,\"publisher\":{\"@id\":\"https:\\\/\\\/vanderloubet.com.br\\\/deputado\\\/#organization\"},\"image\":{\"@id\":\"https:\\\/\\\/vanderloubet.com.br\\\/deputado\\\/parcelas-de-emenda-de-vander-sao-liberadas-para-saude-de-corumba\\\/#primaryimage\"},\"thumbnailUrl\":\"https:\\\/\\\/vanderloubet.com.br\\\/deputado\\\/wp-content\\\/uploads\\\/2017\\\/07\\\/foto-2017-07-04-corumba-saude-centro-mulher.jpg\",\"keywords\":[\"emenda parlamentar\",\"sa\u00fade\"],\"articleSection\":[\"Munic\u00edpios\",\"Not\u00edcias\"],\"inLanguage\":\"pt-BR\"},{\"@type\":\"WebPage\",\"@id\":\"https:\\\/\\\/vanderloubet.com.br\\\/deputado\\\/parcelas-de-emenda-de-vander-sao-liberadas-para-saude-de-corumba\\\/\",\"url\":\"https:\\\/\\\/vanderloubet.com.br\\\/deputado\\\/parcelas-de-emenda-de-vander-sao-liberadas-para-saude-de-corumba\\\/\",\"name\":\"Parcelas de emenda de Vander s\u00e3o liberadas para sa\u00fade de Corumb\u00e1\",\"isPartOf\":{\"@id\":\"https:\\\/\\\/vanderloubet.com.br\\\/deputado\\\/#website\"},\"primaryImageOfPage\":{\"@id\":\"https:\\\/\\\/vanderloubet.com.br\\\/deputado\\\/parcelas-de-emenda-de-vander-sao-liberadas-para-saude-de-corumba\\\/#primaryimage\"},\"image\":{\"@id\":\"https:\\\/\\\/vanderloubet.com.br\\\/deputado\\\/parcelas-de-emenda-de-vander-sao-liberadas-para-saude-de-corumba\\\/#primaryimage\"},\"thumbnailUrl\":\"https:\\\/\\\/vanderloubet.com.br\\\/deputado\\\/wp-content\\\/uploads\\\/2017\\\/07\\\/foto-2017-07-04-corumba-saude-centro-mulher.jpg\",\"datePublished\":\"2017-07-04T14:19:16+00:00\",\"dateModified\":\"2017-07-04T14:55:42+00:00\",\"breadcrumb\":{\"@id\":\"https:\\\/\\\/vanderloubet.com.br\\\/deputado\\\/parcelas-de-emenda-de-vander-sao-liberadas-para-saude-de-corumba\\\/#breadcrumb\"},\"inLanguage\":\"pt-BR\",\"potentialAction\":[{\"@type\":\"ReadAction\",\"target\":[\"https:\\\/\\\/vanderloubet.com.br\\\/deputado\\\/parcelas-de-emenda-de-vander-sao-liberadas-para-saude-de-corumba\\\/\"]}]},{\"@type\":\"ImageObject\",\"inLanguage\":\"pt-BR\",\"@id\":\"https:\\\/\\\/vanderloubet.com.br\\\/deputado\\\/parcelas-de-emenda-de-vander-sao-liberadas-para-saude-de-corumba\\\/#primaryimage\",\"url\":\"https:\\\/\\\/vanderloubet.com.br\\\/deputado\\\/wp-content\\\/uploads\\\/2017\\\/07\\\/foto-2017-07-04-corumba-saude-centro-mulher.jpg\",\"contentUrl\":\"https:\\\/\\\/vanderloubet.com.br\\\/deputado\\\/wp-content\\\/uploads\\\/2017\\\/07\\\/foto-2017-07-04-corumba-saude-centro-mulher.jpg\",\"width\":1080,\"height\":720,\"caption\":\"Obra no Centro de Sa\u00fade da Mulher Dr. Nicolau Fragelli em agosto de 2016 (Foto: Ascom\\\/PMC)\"},{\"@type\":\"BreadcrumbList\",\"@id\":\"https:\\\/\\\/vanderloubet.com.br\\\/deputado\\\/parcelas-de-emenda-de-vander-sao-liberadas-para-saude-de-corumba\\\/#breadcrumb\",\"itemListElement\":[{\"@type\":\"ListItem\",\"position\":1,\"name\":\"In\u00edcio\",\"item\":\"https:\\\/\\\/vanderloubet.com.br\\\/deputado\\\/\"},{\"@type\":\"ListItem\",\"position\":2,\"name\":\"Parcelas de emenda de Vander s\u00e3o liberadas para sa\u00fade de Corumb\u00e1\"}]},{\"@type\":\"WebSite\",\"@id\":\"https:\\\/\\\/vanderloubet.com.br\\\/deputado\\\/#website\",\"url\":\"https:\\\/\\\/vanderloubet.com.br\\\/deputado\\\/\",\"name\":\"Deputado Federal Vander Loubet\",\"description\":\"O Federal de MS\",\"publisher\":{\"@id\":\"https:\\\/\\\/vanderloubet.com.br\\\/deputado\\\/#organization\"},\"alternateName\":\"Deputado Vander\",\"potentialAction\":[{\"@type\":\"SearchAction\",\"target\":{\"@type\":\"EntryPoint\",\"urlTemplate\":\"https:\\\/\\\/vanderloubet.com.br\\\/deputado\\\/?s={search_term_string}\"},\"query-input\":{\"@type\":\"PropertyValueSpecification\",\"valueRequired\":true,\"valueName\":\"search_term_string\"}}],\"inLanguage\":\"pt-BR\"},{\"@type\":\"Organization\",\"@id\":\"https:\\\/\\\/vanderloubet.com.br\\\/deputado\\\/#organization\",\"name\":\"Deputado Federal Vander Loubet\",\"alternateName\":\"Deputado Vander\",\"url\":\"https:\\\/\\\/vanderloubet.com.br\\\/deputado\\\/\",\"logo\":{\"@type\":\"ImageObject\",\"inLanguage\":\"pt-BR\",\"@id\":\"https:\\\/\\\/vanderloubet.com.br\\\/deputado\\\/#\\\/schema\\\/logo\\\/image\\\/\",\"url\":\"https:\\\/\\\/vanderloubet.com.br\\\/deputado\\\/wp-content\\\/uploads\\\/2023\\\/06\\\/foto-2023-06-19-mandato-deputado-vander.jpg\",\"contentUrl\":\"https:\\\/\\\/vanderloubet.com.br\\\/deputado\\\/wp-content\\\/uploads\\\/2023\\\/06\\\/foto-2023-06-19-mandato-deputado-vander.jpg\",\"width\":1080,\"height\":1080,\"caption\":\"Deputado Federal Vander Loubet\"},\"image\":{\"@id\":\"https:\\\/\\\/vanderloubet.com.br\\\/deputado\\\/#\\\/schema\\\/logo\\\/image\\\/\"},\"sameAs\":[\"https:\\\/\\\/facebook.com\\\/deputadovander\",\"https:\\\/\\\/x.com\\\/vanderloubet\",\"https:\\\/\\\/instagram.com\\\/vanderloubet\",\"https:\\\/\\\/youtube.com\\\/vanderloubet\",\"https:\\\/\\\/tiktok.com\\\/@vanderloubetms\"]},{\"@type\":\"Person\",\"@id\":\"https:\\\/\\\/vanderloubet.com.br\\\/deputado\\\/#\\\/schema\\\/person\\\/15b51bd564532a8a68d9dec1b8eb890e\",\"name\":\"\u00c9der\",\"image\":{\"@type\":\"ImageObject\",\"inLanguage\":\"pt-BR\",\"@id\":\"https:\\\/\\\/vanderloubet.com.br\\\/deputado\\\/wp-content\\\/litespeed\\\/avatar\\\/88ca4090d9d5ab1c9495f6ca03b68efa.jpg?ver=1777058957\",\"url\":\"https:\\\/\\\/vanderloubet.com.br\\\/deputado\\\/wp-content\\\/litespeed\\\/avatar\\\/88ca4090d9d5ab1c9495f6ca03b68efa.jpg?ver=1777058957\",\"contentUrl\":\"https:\\\/\\\/vanderloubet.com.br\\\/deputado\\\/wp-content\\\/litespeed\\\/avatar\\\/88ca4090d9d5ab1c9495f6ca03b68efa.jpg?ver=1777058957\",\"caption\":\"\u00c9der\"}}]}<\/script>\n<!-- \/ Yoast SEO plugin. -->","yoast_head_json":{"title":"Parcelas de emenda de Vander s\u00e3o liberadas para sa\u00fade de Corumb\u00e1","robots":{"index":"index","follow":"follow","max-snippet":"max-snippet:-1","max-image-preview":"max-image-preview:large","max-video-preview":"max-video-preview:-1"},"canonical":"https:\/\/vanderloubet.com.br\/deputado\/parcelas-de-emenda-de-vander-sao-liberadas-para-saude-de-corumba\/","og_locale":"pt_BR","og_type":"article","og_title":"Parcelas de emenda de Vander s\u00e3o liberadas para sa\u00fade de Corumb\u00e1","og_description":"Recursos s\u00e3o para obras de reforma em Centro de Acolhimento de Tr\u00e2nsito e em Centro de Sa\u00fade da Mulher.","og_url":"https:\/\/vanderloubet.com.br\/deputado\/parcelas-de-emenda-de-vander-sao-liberadas-para-saude-de-corumba\/","og_site_name":"Deputado Federal Vander Loubet","article_publisher":"https:\/\/facebook.com\/deputadovander","article_published_time":"2017-07-04T14:19:16+00:00","article_modified_time":"2017-07-04T14:55:42+00:00","og_image":[{"width":1080,"height":720,"url":"https:\/\/vanderloubet.com.br\/deputado\/wp-content\/uploads\/2017\/07\/foto-2017-07-04-corumba-saude-centro-mulher.jpg","type":"image\/jpeg"}],"author":"\u00c9der","twitter_card":"summary_large_image","twitter_creator":"@vanderloubet","twitter_site":"@vanderloubet","schema":{"@context":"https:\/\/schema.org","@graph":[{"@type":"Article","@id":"https:\/\/vanderloubet.com.br\/deputado\/parcelas-de-emenda-de-vander-sao-liberadas-para-saude-de-corumba\/#article","isPartOf":{"@id":"https:\/\/vanderloubet.com.br\/deputado\/parcelas-de-emenda-de-vander-sao-liberadas-para-saude-de-corumba\/"},"author":{"name":"\u00c9der","@id":"https:\/\/vanderloubet.com.br\/deputado\/#\/schema\/person\/15b51bd564532a8a68d9dec1b8eb890e"},"headline":"Parcelas de emenda de Vander s\u00e3o liberadas para sa\u00fade de Corumb\u00e1","datePublished":"2017-07-04T14:19:16+00:00","dateModified":"2017-07-04T14:55:42+00:00","mainEntityOfPage":{"@id":"https:\/\/vanderloubet.com.br\/deputado\/parcelas-de-emenda-de-vander-sao-liberadas-para-saude-de-corumba\/"},"wordCount":439,"publisher":{"@id":"https:\/\/vanderloubet.com.br\/deputado\/#organization"},"image":{"@id":"https:\/\/vanderloubet.com.br\/deputado\/parcelas-de-emenda-de-vander-sao-liberadas-para-saude-de-corumba\/#primaryimage"},"thumbnailUrl":"https:\/\/vanderloubet.com.br\/deputado\/wp-content\/uploads\/2017\/07\/foto-2017-07-04-corumba-saude-centro-mulher.jpg","keywords":["emenda parlamentar","sa\u00fade"],"articleSection":["Munic\u00edpios","Not\u00edcias"],"inLanguage":"pt-BR"},{"@type":"WebPage","@id":"https:\/\/vanderloubet.com.br\/deputado\/parcelas-de-emenda-de-vander-sao-liberadas-para-saude-de-corumba\/","url":"https:\/\/vanderloubet.com.br\/deputado\/parcelas-de-emenda-de-vander-sao-liberadas-para-saude-de-corumba\/","name":"Parcelas de emenda de Vander s\u00e3o liberadas para sa\u00fade de Corumb\u00e1","isPartOf":{"@id":"https:\/\/vanderloubet.com.br\/deputado\/#website"},"primaryImageOfPage":{"@id":"https:\/\/vanderloubet.com.br\/deputado\/parcelas-de-emenda-de-vander-sao-liberadas-para-saude-de-corumba\/#primaryimage"},"image":{"@id":"https:\/\/vanderloubet.com.br\/deputado\/parcelas-de-emenda-de-vander-sao-liberadas-para-saude-de-corumba\/#primaryimage"},"thumbnailUrl":"https:\/\/vanderloubet.com.br\/deputado\/wp-content\/uploads\/2017\/07\/foto-2017-07-04-corumba-saude-centro-mulher.jpg","datePublished":"2017-07-04T14:19:16+00:00","dateModified":"2017-07-04T14:55:42+00:00","breadcrumb":{"@id":"https:\/\/vanderloubet.com.br\/deputado\/parcelas-de-emenda-de-vander-sao-liberadas-para-saude-de-corumba\/#breadcrumb"},"inLanguage":"pt-BR","potentialAction":[{"@type":"ReadAction","target":["https:\/\/vanderloubet.com.br\/deputado\/parcelas-de-emenda-de-vander-sao-liberadas-para-saude-de-corumba\/"]}]},{"@type":"ImageObject","inLanguage":"pt-BR","@id":"https:\/\/vanderloubet.com.br\/deputado\/parcelas-de-emenda-de-vander-sao-liberadas-para-saude-de-corumba\/#primaryimage","url":"https:\/\/vanderloubet.com.br\/deputado\/wp-content\/uploads\/2017\/07\/foto-2017-07-04-corumba-saude-centro-mulher.jpg","contentUrl":"https:\/\/vanderloubet.com.br\/deputado\/wp-content\/uploads\/2017\/07\/foto-2017-07-04-corumba-saude-centro-mulher.jpg","width":1080,"height":720,"caption":"Obra no Centro de Sa\u00fade da Mulher Dr. Nicolau Fragelli em agosto de 2016 (Foto: Ascom\/PMC)"},{"@type":"BreadcrumbList","@id":"https:\/\/vanderloubet.com.br\/deputado\/parcelas-de-emenda-de-vander-sao-liberadas-para-saude-de-corumba\/#breadcrumb","itemListElement":[{"@type":"ListItem","position":1,"name":"In\u00edcio","item":"https:\/\/vanderloubet.com.br\/deputado\/"},{"@type":"ListItem","position":2,"name":"Parcelas de emenda de Vander s\u00e3o liberadas para sa\u00fade de Corumb\u00e1"}]},{"@type":"WebSite","@id":"https:\/\/vanderloubet.com.br\/deputado\/#website","url":"https:\/\/vanderloubet.com.br\/deputado\/","name":"Deputado Federal Vander Loubet","description":"O Federal de MS","publisher":{"@id":"https:\/\/vanderloubet.com.br\/deputado\/#organization"},"alternateName":"Deputado Vander","potentialAction":[{"@type":"SearchAction","target":{"@type":"EntryPoint","urlTemplate":"https:\/\/vanderloubet.com.br\/deputado\/?s={search_term_string}"},"query-input":{"@type":"PropertyValueSpecification","valueRequired":true,"valueName":"search_term_string"}}],"inLanguage":"pt-BR"},{"@type":"Organization","@id":"https:\/\/vanderloubet.com.br\/deputado\/#organization","name":"Deputado Federal Vander Loubet","alternateName":"Deputado Vander","url":"https:\/\/vanderloubet.com.br\/deputado\/","logo":{"@type":"ImageObject","inLanguage":"pt-BR","@id":"https:\/\/vanderloubet.com.br\/deputado\/#\/schema\/logo\/image\/","url":"https:\/\/vanderloubet.com.br\/deputado\/wp-content\/uploads\/2023\/06\/foto-2023-06-19-mandato-deputado-vander.jpg","contentUrl":"https:\/\/vanderloubet.com.br\/deputado\/wp-content\/uploads\/2023\/06\/foto-2023-06-19-mandato-deputado-vander.jpg","width":1080,"height":1080,"caption":"Deputado Federal Vander Loubet"},"image":{"@id":"https:\/\/vanderloubet.com.br\/deputado\/#\/schema\/logo\/image\/"},"sameAs":["https:\/\/facebook.com\/deputadovander","https:\/\/x.com\/vanderloubet","https:\/\/instagram.com\/vanderloubet","https:\/\/youtube.com\/vanderloubet","https:\/\/tiktok.com\/@vanderloubetms"]},{"@type":"Person","@id":"https:\/\/vanderloubet.com.br\/deputado\/#\/schema\/person\/15b51bd564532a8a68d9dec1b8eb890e","name":"\u00c9der","image":{"@type":"ImageObject","inLanguage":"pt-BR","@id":"https:\/\/vanderloubet.com.br\/deputado\/wp-content\/litespeed\/avatar\/88ca4090d9d5ab1c9495f6ca03b68efa.jpg?ver=1777058957","url":"https:\/\/vanderloubet.com.br\/deputado\/wp-content\/litespeed\/avatar\/88ca4090d9d5ab1c9495f6ca03b68efa.jpg?ver=1777058957","contentUrl":"https:\/\/vanderloubet.com.br\/deputado\/wp-content\/litespeed\/avatar\/88ca4090d9d5ab1c9495f6ca03b68efa.jpg?ver=1777058957","caption":"\u00c9der"}}]}},"jetpack_featured_media_url":"https:\/\/vanderloubet.com.br\/deputado\/wp-content\/uploads\/2017\/07\/foto-2017-07-04-corumba-saude-centro-mulher.jpg","jetpack_sharing_enabled":true,"_links":{"self":[{"href":"https:\/\/vanderloubet.com.br\/deputado\/wp-json\/wp\/v2\/posts\/12861","targetHints":{"allow":["GET"]}}],"collection":[{"href":"https:\/\/vanderloubet.com.br\/deputado\/wp-json\/wp\/v2\/posts"}],"about":[{"href":"https:\/\/vanderloubet.com.br\/deputado\/wp-json\/wp\/v2\/types\/post"}],"author":[{"embeddable":true,"href":"https:\/\/vanderloubet.com.br\/deputado\/wp-json\/wp\/v2\/users\/2"}],"replies":[{"embeddable":true,"href":"https:\/\/vanderloubet.com.br\/deputado\/wp-json\/wp\/v2\/comments?post=12861"}],"version-history":[{"count":0,"href":"https:\/\/vanderloubet.com.br\/deputado\/wp-json\/wp\/v2\/posts\/12861\/revisions"}],"wp:featuredmedia":[{"embeddable":true,"href":"https:\/\/vanderloubet.com.br\/deputado\/wp-json\/wp\/v2\/media\/12862"}],"wp:attachment":[{"href":"https:\/\/vanderloubet.com.br\/deputado\/wp-json\/wp\/v2\/media?parent=12861"}],"wp:term":[{"taxonomy":"category","embeddable":true,"href":"https:\/\/vanderloubet.com.br\/deputado\/wp-json\/wp\/v2\/categories?post=12861"},{"taxonomy":"post_tag","embeddable":true,"href":"https:\/\/vanderloubet.com.br\/deputado\/wp-json\/wp\/v2\/tags?post=12861"}],"curies":[{"name":"wp","href":"https:\/\/api.w.org\/{rel}","templated":true}]}}