{"id":12849,"date":"2017-07-03T09:00:18","date_gmt":"2017-07-03T13:00:18","guid":{"rendered":"http:\/\/vanderloubet.com.br\/deputado\/?p=12849"},"modified":"2018-02-22T16:23:02","modified_gmt":"2018-02-22T20:23:02","slug":"conheca-cinco-maldades-da-reforma-trabalhista","status":"publish","type":"post","link":"https:\/\/vanderloubet.com.br\/deputado\/conheca-cinco-maldades-da-reforma-trabalhista\/","title":{"rendered":"Conhe\u00e7a cinco maldades da Reforma Trabalhista"},"content":{"rendered":"<figure id=\"attachment_12852\" aria-describedby=\"caption-attachment-12852\" style=\"width: 700px\" class=\"wp-caption alignnone\"><img decoding=\"async\" class=\"wp-image-12852 size-large\" title=\"Mulheres ser\u00e3o as mais penalizadas pela reforma trabalhista proposta pelos golpistas\" src=\"http:\/\/vanderloubet.com.br\/deputado\/wp-content\/uploads\/2017\/07\/foto-2017-07-03-mulheres-construcao-civil-700x467.jpg\" alt=\"Mulheres ser\u00e3o as mais penalizadas pela reforma trabalhista proposta pelos golpistas\" width=\"700\" height=\"467\" srcset=\"https:\/\/vanderloubet.com.br\/deputado\/wp-content\/uploads\/2017\/07\/foto-2017-07-03-mulheres-construcao-civil-700x467.jpg 700w, https:\/\/vanderloubet.com.br\/deputado\/wp-content\/uploads\/2017\/07\/foto-2017-07-03-mulheres-construcao-civil-350x233.jpg 350w, https:\/\/vanderloubet.com.br\/deputado\/wp-content\/uploads\/2017\/07\/foto-2017-07-03-mulheres-construcao-civil-768x512.jpg 768w, https:\/\/vanderloubet.com.br\/deputado\/wp-content\/uploads\/2017\/07\/foto-2017-07-03-mulheres-construcao-civil-630x420.jpg 630w, https:\/\/vanderloubet.com.br\/deputado\/wp-content\/uploads\/2017\/07\/foto-2017-07-03-mulheres-construcao-civil-696x464.jpg 696w, https:\/\/vanderloubet.com.br\/deputado\/wp-content\/uploads\/2017\/07\/foto-2017-07-03-mulheres-construcao-civil.jpg 900w\" sizes=\"(max-width: 700px) 100vw, 700px\" \/><figcaption id=\"caption-attachment-12852\" class=\"wp-caption-text\">Mulheres ser\u00e3o as mais penalizadas pela reforma trabalhista proposta pelos golpistas<\/figcaption><\/figure>\n<p><a href=\"https:\/\/www.brasildefato.com.br\/2017\/06\/30\/conheca-cinco-maldades-da-reforma-trabalhista\/index.html\" target=\"_blank\" rel=\"noopener\">https:\/\/www.brasildefato.com.br\/2017\/06\/30\/conheca-cinco-maldades-da-reforma-trabalhista\/index.html<\/a><\/p>\n<p>Em meio \u00e0 den\u00fancias de corrup\u00e7\u00e3o envolvendo diretamente o presidente ileg\u00edtimo Michel Temer (PMDB), o governo tenta aprovar a reforma trabalhista, que retira direitos dos trabalhadores para favorecer grandes empres\u00e1rios. O projeto de lei que muda a Consolida\u00e7\u00e3o das Leis do Trabalho (CLT), aprovado na quarta-feira (28), na Comiss\u00e3o de Constitui\u00e7\u00e3o e Justi\u00e7a (CCJ), seguir\u00e1 para a \u00faltima etapa de vota\u00e7\u00e3o, no plen\u00e1rio do Senado Federal. Veja o que muda na CLT e como isso afeta sua vida.<\/p>\n<p><strong>1.<\/strong> Gr\u00e1vidas e lactantes poder\u00e3o trabalhar em lugares insalubres. Se aprovada, a reforma permitir\u00e1 que mulheres gr\u00e1vidas ou que est\u00e3o amamentando trabalhem em lugares insalubres de grau m\u00e9dio e m\u00ednimo. S\u00f3 ficar\u00e1 proibido o grau m\u00e1ximo. Nos locais insalubres, as trabalhadoras ter\u00e3o contato com produtos qu\u00edmicos, agentes biol\u00f3gicos, radia\u00e7\u00e3o, exposi\u00e7\u00e3o ao calor, ambiente hospitalar de risco, frio intenso e outros.<\/p>\n<p><strong>2.<\/strong> Ass\u00e9dio moral e sexual ser\u00e1 precificado de acordo com condi\u00e7\u00e3o social da v\u00edtima. Caso esse crime seja cometido pelo patr\u00e3o, a v\u00edtima ser\u00e1 indenizada de acordo com o sal\u00e1rio que ela recebe. As trabalhadoras que ganham menos ficar\u00e3o mais vulner\u00e1veis. \u201cUma gerente que for assediada ganhar\u00e1 uma indeniza\u00e7\u00e3o maior do que uma secret\u00e1ria. Assim, sair\u00e1 mais barato assediar as trabalhadoras do ch\u00e3o de f\u00e1brica\u201d, explica a senadora Gleisi Hoffmann.<\/p>\n<p><strong>3.<\/strong> Mulheres deixar\u00e3o de ter direito a descanso. A reforma revoga o artigo 384 da CLT. Na pr\u00e1tica, acaba com o direito da mulher descansar 15 minutos, como previsto hoje, antes de come\u00e7ar uma jornada extraordin\u00e1ria, ou seja, a hora extra. No passado, o Superior Tribunal Federal (STF) decidiu que esse dispositivo \u00e9 constitucional devido \u00e0 dupla jornada de trabalho das mulheres.<\/p>\n<p><strong>4.<\/strong> Trabalho de 12 horas seguidas por dia. O governo quer aprovar uma medida que permita que o trabalhador possa ter jornada de 12 horas e descanso de 36 horas, quando a legisla\u00e7\u00e3o brasileira hoje estabelece jornada m\u00e1xima de 8 horas. Levando em conta que o patr\u00e3o tem muito mais poder na hora de negociar, o trabalhador ficaria exposto a jornadas exaustivas que podem comprometer sua sa\u00fade.<\/p>\n<p><strong>5.<\/strong> Trabalho intermitente. Nesse tipo de trabalho o empregado n\u00e3o tem v\u00ednculo com a empresa, nem hor\u00e1rio certo, mas fica a disposi\u00e7\u00e3o do patr\u00e3o 24h por dia e s\u00f3 recebe as horas trabalhadas. Funciona assim: quando a empresa chamar, a pessoa trabalha 4h. Se n\u00e3o voltar a chamar o trabalhador s\u00f3 receber\u00e1 por essas 4h. E se ela n\u00e3o quiser mais os servi\u00e7os n\u00e3o haver\u00e1 rescis\u00e3o de contrato, f\u00e9rias, d\u00e9cimo terceiro. Sindicatos classificam essa jornada como a &#8220;escravid\u00e3o do s\u00e9culo 21&#8221;.<\/p>\n<p><em>(Fonte: Brasil de Fato)<\/em><\/p>\n","protected":false},"excerpt":{"rendered":"<p>Mudan\u00e7a na lei proposta por governo ileg\u00edtimo e parlamentares golpistas deixar\u00e1 trabalhadoras mais vulner\u00e1veis a ass\u00e9dios e a jornadas exaustivas.<\/p>\n","protected":false},"author":2,"featured_media":12852,"comment_status":"closed","ping_status":"closed","sticky":false,"template":"","format":"standard","meta":{"jetpack_post_was_ever_published":false,"_jetpack_newsletter_access":"","_jetpack_dont_email_post_to_subs":false,"_jetpack_newsletter_tier_id":0,"_jetpack_memberships_contains_paywalled_content":false,"_jetpack_memberships_contains_paid_content":false,"footnotes":""},"categories":[2098,10],"tags":[1635,2378],"class_list":{"0":"post-12849","1":"post","2":"type-post","3":"status-publish","4":"format-standard","5":"has-post-thumbnail","7":"category-brasil-noticias","8":"category-noticias","9":"tag-projeto-de-lei","10":"tag-reforma-trabalhista"},"yoast_head":"<!-- This site is optimized with the Yoast SEO plugin v27.4 - https:\/\/yoast.com\/product\/yoast-seo-wordpress\/ -->\n<title>Conhe\u00e7a cinco maldades da Reforma Trabalhista<\/title>\n<meta name=\"robots\" content=\"index, follow, max-snippet:-1, max-image-preview:large, max-video-preview:-1\" \/>\n<link rel=\"canonical\" href=\"https:\/\/vanderloubet.com.br\/deputado\/conheca-cinco-maldades-da-reforma-trabalhista\/\" \/>\n<meta property=\"og:locale\" content=\"pt_BR\" \/>\n<meta property=\"og:type\" content=\"article\" \/>\n<meta property=\"og:title\" content=\"Conhe\u00e7a cinco maldades da Reforma Trabalhista\" \/>\n<meta property=\"og:description\" content=\"Mudan\u00e7a na lei proposta por governo ileg\u00edtimo e parlamentares golpistas deixar\u00e1 trabalhadoras mais vulner\u00e1veis a ass\u00e9dios e a jornadas exaustivas.\" \/>\n<meta property=\"og:url\" content=\"https:\/\/vanderloubet.com.br\/deputado\/conheca-cinco-maldades-da-reforma-trabalhista\/\" \/>\n<meta property=\"og:site_name\" content=\"Deputado Federal Vander Loubet\" \/>\n<meta property=\"article:publisher\" content=\"https:\/\/facebook.com\/deputadovander\" \/>\n<meta property=\"article:published_time\" content=\"2017-07-03T13:00:18+00:00\" \/>\n<meta property=\"article:modified_time\" content=\"2018-02-22T20:23:02+00:00\" \/>\n<meta property=\"og:image\" content=\"https:\/\/vanderloubet.com.br\/deputado\/wp-content\/uploads\/2017\/07\/foto-2017-07-03-mulheres-construcao-civil.jpg\" \/>\n\t<meta property=\"og:image:width\" content=\"900\" \/>\n\t<meta property=\"og:image:height\" content=\"600\" \/>\n\t<meta property=\"og:image:type\" content=\"image\/jpeg\" \/>\n<meta name=\"author\" content=\"\u00c9der\" \/>\n<meta name=\"twitter:card\" content=\"summary_large_image\" \/>\n<meta name=\"twitter:creator\" content=\"@vanderloubet\" \/>\n<meta name=\"twitter:site\" content=\"@vanderloubet\" \/>\n<script type=\"application\/ld+json\" class=\"yoast-schema-graph\">{\"@context\":\"https:\\\/\\\/schema.org\",\"@graph\":[{\"@type\":\"Article\",\"@id\":\"https:\\\/\\\/vanderloubet.com.br\\\/deputado\\\/conheca-cinco-maldades-da-reforma-trabalhista\\\/#article\",\"isPartOf\":{\"@id\":\"https:\\\/\\\/vanderloubet.com.br\\\/deputado\\\/conheca-cinco-maldades-da-reforma-trabalhista\\\/\"},\"author\":{\"name\":\"\u00c9der\",\"@id\":\"https:\\\/\\\/vanderloubet.com.br\\\/deputado\\\/#\\\/schema\\\/person\\\/15b51bd564532a8a68d9dec1b8eb890e\"},\"headline\":\"Conhe\u00e7a cinco maldades da Reforma Trabalhista\",\"datePublished\":\"2017-07-03T13:00:18+00:00\",\"dateModified\":\"2018-02-22T20:23:02+00:00\",\"mainEntityOfPage\":{\"@id\":\"https:\\\/\\\/vanderloubet.com.br\\\/deputado\\\/conheca-cinco-maldades-da-reforma-trabalhista\\\/\"},\"wordCount\":496,\"publisher\":{\"@id\":\"https:\\\/\\\/vanderloubet.com.br\\\/deputado\\\/#organization\"},\"image\":{\"@id\":\"https:\\\/\\\/vanderloubet.com.br\\\/deputado\\\/conheca-cinco-maldades-da-reforma-trabalhista\\\/#primaryimage\"},\"thumbnailUrl\":\"https:\\\/\\\/vanderloubet.com.br\\\/deputado\\\/wp-content\\\/uploads\\\/2017\\\/07\\\/foto-2017-07-03-mulheres-construcao-civil.jpg\",\"keywords\":[\"projeto de lei\",\"reforma trabalhista\"],\"articleSection\":[\"Brasil\",\"Not\u00edcias\"],\"inLanguage\":\"pt-BR\"},{\"@type\":\"WebPage\",\"@id\":\"https:\\\/\\\/vanderloubet.com.br\\\/deputado\\\/conheca-cinco-maldades-da-reforma-trabalhista\\\/\",\"url\":\"https:\\\/\\\/vanderloubet.com.br\\\/deputado\\\/conheca-cinco-maldades-da-reforma-trabalhista\\\/\",\"name\":\"Conhe\u00e7a cinco maldades da Reforma Trabalhista\",\"isPartOf\":{\"@id\":\"https:\\\/\\\/vanderloubet.com.br\\\/deputado\\\/#website\"},\"primaryImageOfPage\":{\"@id\":\"https:\\\/\\\/vanderloubet.com.br\\\/deputado\\\/conheca-cinco-maldades-da-reforma-trabalhista\\\/#primaryimage\"},\"image\":{\"@id\":\"https:\\\/\\\/vanderloubet.com.br\\\/deputado\\\/conheca-cinco-maldades-da-reforma-trabalhista\\\/#primaryimage\"},\"thumbnailUrl\":\"https:\\\/\\\/vanderloubet.com.br\\\/deputado\\\/wp-content\\\/uploads\\\/2017\\\/07\\\/foto-2017-07-03-mulheres-construcao-civil.jpg\",\"datePublished\":\"2017-07-03T13:00:18+00:00\",\"dateModified\":\"2018-02-22T20:23:02+00:00\",\"breadcrumb\":{\"@id\":\"https:\\\/\\\/vanderloubet.com.br\\\/deputado\\\/conheca-cinco-maldades-da-reforma-trabalhista\\\/#breadcrumb\"},\"inLanguage\":\"pt-BR\",\"potentialAction\":[{\"@type\":\"ReadAction\",\"target\":[\"https:\\\/\\\/vanderloubet.com.br\\\/deputado\\\/conheca-cinco-maldades-da-reforma-trabalhista\\\/\"]}]},{\"@type\":\"ImageObject\",\"inLanguage\":\"pt-BR\",\"@id\":\"https:\\\/\\\/vanderloubet.com.br\\\/deputado\\\/conheca-cinco-maldades-da-reforma-trabalhista\\\/#primaryimage\",\"url\":\"https:\\\/\\\/vanderloubet.com.br\\\/deputado\\\/wp-content\\\/uploads\\\/2017\\\/07\\\/foto-2017-07-03-mulheres-construcao-civil.jpg\",\"contentUrl\":\"https:\\\/\\\/vanderloubet.com.br\\\/deputado\\\/wp-content\\\/uploads\\\/2017\\\/07\\\/foto-2017-07-03-mulheres-construcao-civil.jpg\",\"width\":900,\"height\":600,\"caption\":\"Mulheres ser\u00e3o as mais penalizadas pela reforma trabalhista proposta pelos golpistas\"},{\"@type\":\"BreadcrumbList\",\"@id\":\"https:\\\/\\\/vanderloubet.com.br\\\/deputado\\\/conheca-cinco-maldades-da-reforma-trabalhista\\\/#breadcrumb\",\"itemListElement\":[{\"@type\":\"ListItem\",\"position\":1,\"name\":\"In\u00edcio\",\"item\":\"https:\\\/\\\/vanderloubet.com.br\\\/deputado\\\/\"},{\"@type\":\"ListItem\",\"position\":2,\"name\":\"Conhe\u00e7a cinco maldades da Reforma Trabalhista\"}]},{\"@type\":\"WebSite\",\"@id\":\"https:\\\/\\\/vanderloubet.com.br\\\/deputado\\\/#website\",\"url\":\"https:\\\/\\\/vanderloubet.com.br\\\/deputado\\\/\",\"name\":\"Deputado Federal Vander Loubet\",\"description\":\"O Federal de MS\",\"publisher\":{\"@id\":\"https:\\\/\\\/vanderloubet.com.br\\\/deputado\\\/#organization\"},\"alternateName\":\"Deputado Vander\",\"potentialAction\":[{\"@type\":\"SearchAction\",\"target\":{\"@type\":\"EntryPoint\",\"urlTemplate\":\"https:\\\/\\\/vanderloubet.com.br\\\/deputado\\\/?s={search_term_string}\"},\"query-input\":{\"@type\":\"PropertyValueSpecification\",\"valueRequired\":true,\"valueName\":\"search_term_string\"}}],\"inLanguage\":\"pt-BR\"},{\"@type\":\"Organization\",\"@id\":\"https:\\\/\\\/vanderloubet.com.br\\\/deputado\\\/#organization\",\"name\":\"Deputado Federal Vander Loubet\",\"alternateName\":\"Deputado Vander\",\"url\":\"https:\\\/\\\/vanderloubet.com.br\\\/deputado\\\/\",\"logo\":{\"@type\":\"ImageObject\",\"inLanguage\":\"pt-BR\",\"@id\":\"https:\\\/\\\/vanderloubet.com.br\\\/deputado\\\/#\\\/schema\\\/logo\\\/image\\\/\",\"url\":\"https:\\\/\\\/vanderloubet.com.br\\\/deputado\\\/wp-content\\\/uploads\\\/2023\\\/06\\\/foto-2023-06-19-mandato-deputado-vander.jpg\",\"contentUrl\":\"https:\\\/\\\/vanderloubet.com.br\\\/deputado\\\/wp-content\\\/uploads\\\/2023\\\/06\\\/foto-2023-06-19-mandato-deputado-vander.jpg\",\"width\":1080,\"height\":1080,\"caption\":\"Deputado Federal Vander Loubet\"},\"image\":{\"@id\":\"https:\\\/\\\/vanderloubet.com.br\\\/deputado\\\/#\\\/schema\\\/logo\\\/image\\\/\"},\"sameAs\":[\"https:\\\/\\\/facebook.com\\\/deputadovander\",\"https:\\\/\\\/x.com\\\/vanderloubet\",\"https:\\\/\\\/instagram.com\\\/vanderloubet\",\"https:\\\/\\\/youtube.com\\\/vanderloubet\",\"https:\\\/\\\/tiktok.com\\\/@vanderloubetms\"]},{\"@type\":\"Person\",\"@id\":\"https:\\\/\\\/vanderloubet.com.br\\\/deputado\\\/#\\\/schema\\\/person\\\/15b51bd564532a8a68d9dec1b8eb890e\",\"name\":\"\u00c9der\",\"image\":{\"@type\":\"ImageObject\",\"inLanguage\":\"pt-BR\",\"@id\":\"https:\\\/\\\/vanderloubet.com.br\\\/deputado\\\/wp-content\\\/litespeed\\\/avatar\\\/88ca4090d9d5ab1c9495f6ca03b68efa.jpg?ver=1777058957\",\"url\":\"https:\\\/\\\/vanderloubet.com.br\\\/deputado\\\/wp-content\\\/litespeed\\\/avatar\\\/88ca4090d9d5ab1c9495f6ca03b68efa.jpg?ver=1777058957\",\"contentUrl\":\"https:\\\/\\\/vanderloubet.com.br\\\/deputado\\\/wp-content\\\/litespeed\\\/avatar\\\/88ca4090d9d5ab1c9495f6ca03b68efa.jpg?ver=1777058957\",\"caption\":\"\u00c9der\"}}]}<\/script>\n<!-- \/ Yoast SEO plugin. -->","yoast_head_json":{"title":"Conhe\u00e7a cinco maldades da Reforma Trabalhista","robots":{"index":"index","follow":"follow","max-snippet":"max-snippet:-1","max-image-preview":"max-image-preview:large","max-video-preview":"max-video-preview:-1"},"canonical":"https:\/\/vanderloubet.com.br\/deputado\/conheca-cinco-maldades-da-reforma-trabalhista\/","og_locale":"pt_BR","og_type":"article","og_title":"Conhe\u00e7a cinco maldades da Reforma Trabalhista","og_description":"Mudan\u00e7a na lei proposta por governo ileg\u00edtimo e parlamentares golpistas deixar\u00e1 trabalhadoras mais vulner\u00e1veis a ass\u00e9dios e a jornadas exaustivas.","og_url":"https:\/\/vanderloubet.com.br\/deputado\/conheca-cinco-maldades-da-reforma-trabalhista\/","og_site_name":"Deputado Federal Vander Loubet","article_publisher":"https:\/\/facebook.com\/deputadovander","article_published_time":"2017-07-03T13:00:18+00:00","article_modified_time":"2018-02-22T20:23:02+00:00","og_image":[{"width":900,"height":600,"url":"https:\/\/vanderloubet.com.br\/deputado\/wp-content\/uploads\/2017\/07\/foto-2017-07-03-mulheres-construcao-civil.jpg","type":"image\/jpeg"}],"author":"\u00c9der","twitter_card":"summary_large_image","twitter_creator":"@vanderloubet","twitter_site":"@vanderloubet","schema":{"@context":"https:\/\/schema.org","@graph":[{"@type":"Article","@id":"https:\/\/vanderloubet.com.br\/deputado\/conheca-cinco-maldades-da-reforma-trabalhista\/#article","isPartOf":{"@id":"https:\/\/vanderloubet.com.br\/deputado\/conheca-cinco-maldades-da-reforma-trabalhista\/"},"author":{"name":"\u00c9der","@id":"https:\/\/vanderloubet.com.br\/deputado\/#\/schema\/person\/15b51bd564532a8a68d9dec1b8eb890e"},"headline":"Conhe\u00e7a cinco maldades da Reforma Trabalhista","datePublished":"2017-07-03T13:00:18+00:00","dateModified":"2018-02-22T20:23:02+00:00","mainEntityOfPage":{"@id":"https:\/\/vanderloubet.com.br\/deputado\/conheca-cinco-maldades-da-reforma-trabalhista\/"},"wordCount":496,"publisher":{"@id":"https:\/\/vanderloubet.com.br\/deputado\/#organization"},"image":{"@id":"https:\/\/vanderloubet.com.br\/deputado\/conheca-cinco-maldades-da-reforma-trabalhista\/#primaryimage"},"thumbnailUrl":"https:\/\/vanderloubet.com.br\/deputado\/wp-content\/uploads\/2017\/07\/foto-2017-07-03-mulheres-construcao-civil.jpg","keywords":["projeto de lei","reforma trabalhista"],"articleSection":["Brasil","Not\u00edcias"],"inLanguage":"pt-BR"},{"@type":"WebPage","@id":"https:\/\/vanderloubet.com.br\/deputado\/conheca-cinco-maldades-da-reforma-trabalhista\/","url":"https:\/\/vanderloubet.com.br\/deputado\/conheca-cinco-maldades-da-reforma-trabalhista\/","name":"Conhe\u00e7a cinco maldades da Reforma Trabalhista","isPartOf":{"@id":"https:\/\/vanderloubet.com.br\/deputado\/#website"},"primaryImageOfPage":{"@id":"https:\/\/vanderloubet.com.br\/deputado\/conheca-cinco-maldades-da-reforma-trabalhista\/#primaryimage"},"image":{"@id":"https:\/\/vanderloubet.com.br\/deputado\/conheca-cinco-maldades-da-reforma-trabalhista\/#primaryimage"},"thumbnailUrl":"https:\/\/vanderloubet.com.br\/deputado\/wp-content\/uploads\/2017\/07\/foto-2017-07-03-mulheres-construcao-civil.jpg","datePublished":"2017-07-03T13:00:18+00:00","dateModified":"2018-02-22T20:23:02+00:00","breadcrumb":{"@id":"https:\/\/vanderloubet.com.br\/deputado\/conheca-cinco-maldades-da-reforma-trabalhista\/#breadcrumb"},"inLanguage":"pt-BR","potentialAction":[{"@type":"ReadAction","target":["https:\/\/vanderloubet.com.br\/deputado\/conheca-cinco-maldades-da-reforma-trabalhista\/"]}]},{"@type":"ImageObject","inLanguage":"pt-BR","@id":"https:\/\/vanderloubet.com.br\/deputado\/conheca-cinco-maldades-da-reforma-trabalhista\/#primaryimage","url":"https:\/\/vanderloubet.com.br\/deputado\/wp-content\/uploads\/2017\/07\/foto-2017-07-03-mulheres-construcao-civil.jpg","contentUrl":"https:\/\/vanderloubet.com.br\/deputado\/wp-content\/uploads\/2017\/07\/foto-2017-07-03-mulheres-construcao-civil.jpg","width":900,"height":600,"caption":"Mulheres ser\u00e3o as mais penalizadas pela reforma trabalhista proposta pelos golpistas"},{"@type":"BreadcrumbList","@id":"https:\/\/vanderloubet.com.br\/deputado\/conheca-cinco-maldades-da-reforma-trabalhista\/#breadcrumb","itemListElement":[{"@type":"ListItem","position":1,"name":"In\u00edcio","item":"https:\/\/vanderloubet.com.br\/deputado\/"},{"@type":"ListItem","position":2,"name":"Conhe\u00e7a cinco maldades da Reforma Trabalhista"}]},{"@type":"WebSite","@id":"https:\/\/vanderloubet.com.br\/deputado\/#website","url":"https:\/\/vanderloubet.com.br\/deputado\/","name":"Deputado Federal Vander Loubet","description":"O Federal de MS","publisher":{"@id":"https:\/\/vanderloubet.com.br\/deputado\/#organization"},"alternateName":"Deputado Vander","potentialAction":[{"@type":"SearchAction","target":{"@type":"EntryPoint","urlTemplate":"https:\/\/vanderloubet.com.br\/deputado\/?s={search_term_string}"},"query-input":{"@type":"PropertyValueSpecification","valueRequired":true,"valueName":"search_term_string"}}],"inLanguage":"pt-BR"},{"@type":"Organization","@id":"https:\/\/vanderloubet.com.br\/deputado\/#organization","name":"Deputado Federal Vander Loubet","alternateName":"Deputado Vander","url":"https:\/\/vanderloubet.com.br\/deputado\/","logo":{"@type":"ImageObject","inLanguage":"pt-BR","@id":"https:\/\/vanderloubet.com.br\/deputado\/#\/schema\/logo\/image\/","url":"https:\/\/vanderloubet.com.br\/deputado\/wp-content\/uploads\/2023\/06\/foto-2023-06-19-mandato-deputado-vander.jpg","contentUrl":"https:\/\/vanderloubet.com.br\/deputado\/wp-content\/uploads\/2023\/06\/foto-2023-06-19-mandato-deputado-vander.jpg","width":1080,"height":1080,"caption":"Deputado Federal Vander Loubet"},"image":{"@id":"https:\/\/vanderloubet.com.br\/deputado\/#\/schema\/logo\/image\/"},"sameAs":["https:\/\/facebook.com\/deputadovander","https:\/\/x.com\/vanderloubet","https:\/\/instagram.com\/vanderloubet","https:\/\/youtube.com\/vanderloubet","https:\/\/tiktok.com\/@vanderloubetms"]},{"@type":"Person","@id":"https:\/\/vanderloubet.com.br\/deputado\/#\/schema\/person\/15b51bd564532a8a68d9dec1b8eb890e","name":"\u00c9der","image":{"@type":"ImageObject","inLanguage":"pt-BR","@id":"https:\/\/vanderloubet.com.br\/deputado\/wp-content\/litespeed\/avatar\/88ca4090d9d5ab1c9495f6ca03b68efa.jpg?ver=1777058957","url":"https:\/\/vanderloubet.com.br\/deputado\/wp-content\/litespeed\/avatar\/88ca4090d9d5ab1c9495f6ca03b68efa.jpg?ver=1777058957","contentUrl":"https:\/\/vanderloubet.com.br\/deputado\/wp-content\/litespeed\/avatar\/88ca4090d9d5ab1c9495f6ca03b68efa.jpg?ver=1777058957","caption":"\u00c9der"}}]}},"jetpack_featured_media_url":"https:\/\/vanderloubet.com.br\/deputado\/wp-content\/uploads\/2017\/07\/foto-2017-07-03-mulheres-construcao-civil.jpg","jetpack_sharing_enabled":true,"_links":{"self":[{"href":"https:\/\/vanderloubet.com.br\/deputado\/wp-json\/wp\/v2\/posts\/12849","targetHints":{"allow":["GET"]}}],"collection":[{"href":"https:\/\/vanderloubet.com.br\/deputado\/wp-json\/wp\/v2\/posts"}],"about":[{"href":"https:\/\/vanderloubet.com.br\/deputado\/wp-json\/wp\/v2\/types\/post"}],"author":[{"embeddable":true,"href":"https:\/\/vanderloubet.com.br\/deputado\/wp-json\/wp\/v2\/users\/2"}],"replies":[{"embeddable":true,"href":"https:\/\/vanderloubet.com.br\/deputado\/wp-json\/wp\/v2\/comments?post=12849"}],"version-history":[{"count":0,"href":"https:\/\/vanderloubet.com.br\/deputado\/wp-json\/wp\/v2\/posts\/12849\/revisions"}],"wp:featuredmedia":[{"embeddable":true,"href":"https:\/\/vanderloubet.com.br\/deputado\/wp-json\/wp\/v2\/media\/12852"}],"wp:attachment":[{"href":"https:\/\/vanderloubet.com.br\/deputado\/wp-json\/wp\/v2\/media?parent=12849"}],"wp:term":[{"taxonomy":"category","embeddable":true,"href":"https:\/\/vanderloubet.com.br\/deputado\/wp-json\/wp\/v2\/categories?post=12849"},{"taxonomy":"post_tag","embeddable":true,"href":"https:\/\/vanderloubet.com.br\/deputado\/wp-json\/wp\/v2\/tags?post=12849"}],"curies":[{"name":"wp","href":"https:\/\/api.w.org\/{rel}","templated":true}]}}