{"id":12839,"date":"2017-06-26T17:31:50","date_gmt":"2017-06-26T21:31:50","guid":{"rendered":"http:\/\/vanderloubet.com.br\/deputado\/?p=12839"},"modified":"2017-06-26T17:31:50","modified_gmt":"2017-06-26T21:31:50","slug":"zeca-e-vander-discutem-livre-comercio-e-universidade-da-fronteira-em-corumba","status":"publish","type":"post","link":"https:\/\/vanderloubet.com.br\/deputado\/zeca-e-vander-discutem-livre-comercio-e-universidade-da-fronteira-em-corumba\/","title":{"rendered":"Zeca e Vander discutem livre com\u00e9rcio e universidade da fronteira em Corumb\u00e1"},"content":{"rendered":"\r\n                <style type=\"text\/css\">\r\n                    \r\n                    #tdi_1  .td-doubleSlider-2 .td-item1 {\r\n                        background: url(https:\/\/vanderloubet.com.br\/deputado\/wp-content\/uploads\/2017\/06\/foto-2017-06-26-ufms-corumba-01-80x60.jpg) 0 0 no-repeat;\r\n                    }\r\n                    #tdi_1  .td-doubleSlider-2 .td-item2 {\r\n                        background: url(https:\/\/vanderloubet.com.br\/deputado\/wp-content\/uploads\/2017\/06\/foto-2017-06-26-ufms-corumba-02-80x60.jpg) 0 0 no-repeat;\r\n                    }\r\n                    #tdi_1  .td-doubleSlider-2 .td-item3 {\r\n                        background: url(https:\/\/vanderloubet.com.br\/deputado\/wp-content\/uploads\/2017\/06\/foto-2017-06-26-ufms-corumba-03-80x60.jpg) 0 0 no-repeat;\r\n                    }\r\n                    #tdi_1  .td-doubleSlider-2 .td-item4 {\r\n                        background: url(https:\/\/vanderloubet.com.br\/deputado\/wp-content\/uploads\/2017\/06\/foto-2017-06-26-ufms-corumba-04-80x60.jpg) 0 0 no-repeat;\r\n                    }\r\n                <\/style>\r\n\r\n                <div id=\"tdi_1\" class=\"td-gallery td-slide-on-2-columns\">\r\n                    <div class=\"post_td_gallery\">\r\n                        <div class=\"td-gallery-slide-top\">\r\n                           <div class=\"td-gallery-title\"><\/div>\r\n\r\n                            <div class=\"td-gallery-controls-wrapper\">\r\n                                <div class=\"td-gallery-slide-count\"><span class=\"td-gallery-slide-item-focus\">1<\/span> de 4<\/div>\r\n                                <div class=\"td-gallery-slide-prev-next-but\">\r\n                                    <i class = \"td-icon-left doubleSliderPrevButton\"><\/i>\r\n                                    <i class = \"td-icon-right doubleSliderNextButton\"><\/i>\r\n                                <\/div>\r\n                            <\/div>\r\n                        <\/div>\r\n\r\n                        <div class = \"td-doubleSlider-1 \">\r\n                            <div class = \"td-slider\">\r\n                                \r\n                    <div class = \"td-slide-item td-item1\">\r\n                        <figure class=\"td-slide-galery-figure td-slide-popup-gallery\">\r\n                            <a class=\"slide-gallery-image-link\" href=\"https:\/\/vanderloubet.com.br\/deputado\/wp-content\/uploads\/2017\/06\/foto-2017-06-26-ufms-corumba-01.jpg\" title=\"Reuni\u00e3o contou com empres\u00e1rios, integrantes de movimentos sociais e estudantes e professores da UFMS\"  data-caption=\"\"  data-description=\"Reuni&atilde;o contou com empres&aacute;rios, integrantes de movimentos sociais e estudantes e professores da UFMS\">\r\n                                <img decoding=\"async\" src=\"https:\/\/vanderloubet.com.br\/deputado\/wp-content\/uploads\/2017\/06\/foto-2017-06-26-ufms-corumba-01-630x420.jpg\" srcset=\"https:\/\/vanderloubet.com.br\/deputado\/wp-content\/uploads\/2017\/06\/foto-2017-06-26-ufms-corumba-01-630x420.jpg 630w, https:\/\/vanderloubet.com.br\/deputado\/wp-content\/uploads\/2017\/06\/foto-2017-06-26-ufms-corumba-01-350x233.jpg 350w, https:\/\/vanderloubet.com.br\/deputado\/wp-content\/uploads\/2017\/06\/foto-2017-06-26-ufms-corumba-01-768x512.jpg 768w, https:\/\/vanderloubet.com.br\/deputado\/wp-content\/uploads\/2017\/06\/foto-2017-06-26-ufms-corumba-01-700x467.jpg 700w, https:\/\/vanderloubet.com.br\/deputado\/wp-content\/uploads\/2017\/06\/foto-2017-06-26-ufms-corumba-01-696x464.jpg 696w, https:\/\/vanderloubet.com.br\/deputado\/wp-content\/uploads\/2017\/06\/foto-2017-06-26-ufms-corumba-01.jpg 900w\" sizes=\"(max-width: 630px) 100vw, 630px\" alt=\"Reuni&atilde;o contou com empres&aacute;rios, integrantes de movimentos sociais e estudantes e professores da UFMS\">\r\n                            <\/a>\r\n                            <figcaption class = \"td-slide-caption td-gallery-slide-content\"><span>Reuni\u00e3o contou com empres\u00e1rios, integrantes de movimentos sociais e estudantes e professores da UFMS<\/span><\/figcaption>\r\n                        <\/figure>\r\n                    <\/div>\r\n                    <div class = \"td-slide-item td-item2\">\r\n                        <figure class=\"td-slide-galery-figure td-slide-popup-gallery\">\r\n                            <a class=\"slide-gallery-image-link\" href=\"https:\/\/vanderloubet.com.br\/deputado\/wp-content\/uploads\/2017\/06\/foto-2017-06-26-ufms-corumba-02.jpg\" title=\"Reuni\u00e3o contou com empres\u00e1rios, integrantes de movimentos sociais e estudantes e professores da UFMS\"  data-caption=\"\"  data-description=\"Reuni&atilde;o contou com empres&aacute;rios, integrantes de movimentos sociais e estudantes e professores da UFMS\">\r\n                                <img decoding=\"async\" src=\"https:\/\/vanderloubet.com.br\/deputado\/wp-content\/uploads\/2017\/06\/foto-2017-06-26-ufms-corumba-02-630x420.jpg\" srcset=\"https:\/\/vanderloubet.com.br\/deputado\/wp-content\/uploads\/2017\/06\/foto-2017-06-26-ufms-corumba-02-630x420.jpg 630w, https:\/\/vanderloubet.com.br\/deputado\/wp-content\/uploads\/2017\/06\/foto-2017-06-26-ufms-corumba-02-350x233.jpg 350w, https:\/\/vanderloubet.com.br\/deputado\/wp-content\/uploads\/2017\/06\/foto-2017-06-26-ufms-corumba-02-768x512.jpg 768w, https:\/\/vanderloubet.com.br\/deputado\/wp-content\/uploads\/2017\/06\/foto-2017-06-26-ufms-corumba-02-700x467.jpg 700w, https:\/\/vanderloubet.com.br\/deputado\/wp-content\/uploads\/2017\/06\/foto-2017-06-26-ufms-corumba-02-696x464.jpg 696w, https:\/\/vanderloubet.com.br\/deputado\/wp-content\/uploads\/2017\/06\/foto-2017-06-26-ufms-corumba-02.jpg 900w\" sizes=\"(max-width: 630px) 100vw, 630px\" alt=\"Reuni&atilde;o contou com empres&aacute;rios, integrantes de movimentos sociais e estudantes e professores da UFMS\">\r\n                            <\/a>\r\n                            <figcaption class = \"td-slide-caption td-gallery-slide-content\"><span>Reuni\u00e3o contou com empres\u00e1rios, integrantes de movimentos sociais e estudantes e professores da UFMS<\/span><\/figcaption>\r\n                        <\/figure>\r\n                    <\/div>\r\n                    <div class = \"td-slide-item td-item3\">\r\n                        <figure class=\"td-slide-galery-figure td-slide-popup-gallery\">\r\n                            <a class=\"slide-gallery-image-link\" href=\"https:\/\/vanderloubet.com.br\/deputado\/wp-content\/uploads\/2017\/06\/foto-2017-06-26-ufms-corumba-03.jpg\" title=\"Reuni\u00e3o contou com empres\u00e1rios, integrantes de movimentos sociais e estudantes e professores da UFMS\"  data-caption=\"\"  data-description=\"Reuni&atilde;o contou com empres&aacute;rios, integrantes de movimentos sociais e estudantes e professores da UFMS\">\r\n                                <img decoding=\"async\" src=\"https:\/\/vanderloubet.com.br\/deputado\/wp-content\/uploads\/2017\/06\/foto-2017-06-26-ufms-corumba-03-630x420.jpg\" srcset=\"https:\/\/vanderloubet.com.br\/deputado\/wp-content\/uploads\/2017\/06\/foto-2017-06-26-ufms-corumba-03-630x420.jpg 630w, https:\/\/vanderloubet.com.br\/deputado\/wp-content\/uploads\/2017\/06\/foto-2017-06-26-ufms-corumba-03-350x233.jpg 350w, https:\/\/vanderloubet.com.br\/deputado\/wp-content\/uploads\/2017\/06\/foto-2017-06-26-ufms-corumba-03-768x512.jpg 768w, https:\/\/vanderloubet.com.br\/deputado\/wp-content\/uploads\/2017\/06\/foto-2017-06-26-ufms-corumba-03-700x467.jpg 700w, https:\/\/vanderloubet.com.br\/deputado\/wp-content\/uploads\/2017\/06\/foto-2017-06-26-ufms-corumba-03-696x464.jpg 696w, https:\/\/vanderloubet.com.br\/deputado\/wp-content\/uploads\/2017\/06\/foto-2017-06-26-ufms-corumba-03.jpg 900w\" sizes=\"(max-width: 630px) 100vw, 630px\" alt=\"Reuni&atilde;o contou com empres&aacute;rios, integrantes de movimentos sociais e estudantes e professores da UFMS\">\r\n                            <\/a>\r\n                            <figcaption class = \"td-slide-caption td-gallery-slide-content\"><span>Reuni\u00e3o contou com empres\u00e1rios, integrantes de movimentos sociais e estudantes e professores da UFMS<\/span><\/figcaption>\r\n                        <\/figure>\r\n                    <\/div>\r\n                    <div class = \"td-slide-item td-item4\">\r\n                        <figure class=\"td-slide-galery-figure td-slide-popup-gallery\">\r\n                            <a class=\"slide-gallery-image-link\" href=\"https:\/\/vanderloubet.com.br\/deputado\/wp-content\/uploads\/2017\/06\/foto-2017-06-26-ufms-corumba-04.jpg\" title=\"Reuni\u00e3o contou com empres\u00e1rios, integrantes de movimentos sociais e estudantes e professores da UFMS\"  data-caption=\"\"  data-description=\"Reuni&atilde;o contou com empres&aacute;rios, integrantes de movimentos sociais e estudantes e professores da UFMS\">\r\n                                <img decoding=\"async\" src=\"https:\/\/vanderloubet.com.br\/deputado\/wp-content\/uploads\/2017\/06\/foto-2017-06-26-ufms-corumba-04-630x420.jpg\" srcset=\"https:\/\/vanderloubet.com.br\/deputado\/wp-content\/uploads\/2017\/06\/foto-2017-06-26-ufms-corumba-04-630x420.jpg 630w, https:\/\/vanderloubet.com.br\/deputado\/wp-content\/uploads\/2017\/06\/foto-2017-06-26-ufms-corumba-04-350x233.jpg 350w, https:\/\/vanderloubet.com.br\/deputado\/wp-content\/uploads\/2017\/06\/foto-2017-06-26-ufms-corumba-04-768x512.jpg 768w, https:\/\/vanderloubet.com.br\/deputado\/wp-content\/uploads\/2017\/06\/foto-2017-06-26-ufms-corumba-04-700x467.jpg 700w, https:\/\/vanderloubet.com.br\/deputado\/wp-content\/uploads\/2017\/06\/foto-2017-06-26-ufms-corumba-04-696x464.jpg 696w, https:\/\/vanderloubet.com.br\/deputado\/wp-content\/uploads\/2017\/06\/foto-2017-06-26-ufms-corumba-04.jpg 900w\" sizes=\"(max-width: 630px) 100vw, 630px\" alt=\"Reuni&atilde;o contou com empres&aacute;rios, integrantes de movimentos sociais e estudantes e professores da UFMS\">\r\n                            <\/a>\r\n                            <figcaption class = \"td-slide-caption td-gallery-slide-content\"><span>Reuni\u00e3o contou com empres\u00e1rios, integrantes de movimentos sociais e estudantes e professores da UFMS<\/span><\/figcaption>\r\n                        <\/figure>\r\n                    <\/div>\r\n                            <\/div>\r\n                        <\/div>\r\n\r\n                        <div class = \"td-doubleSlider-2\">\r\n                            <div class = \"td-slider\">\r\n                                \r\n                    <div class = \"td-button td-item1\">\r\n                        <div class = \"td-border\"><\/div>\r\n                    <\/div>\r\n                    <div class = \"td-button td-item2\">\r\n                        <div class = \"td-border\"><\/div>\r\n                    <\/div>\r\n                    <div class = \"td-button td-item3\">\r\n                        <div class = \"td-border\"><\/div>\r\n                    <\/div>\r\n                    <div class = \"td-button td-item4\">\r\n                        <div class = \"td-border\"><\/div>\r\n                    <\/div>\r\n                            <\/div>\r\n                        <\/div>\r\n\r\n                    <\/div>\r\n\r\n                <\/div>\r\n                \n<p>Os deputados federais Zeca do PT e Vander Loubet participaram na \u00faltima sexta-feira (23) de uma reuni\u00e3o para discutir a cria\u00e7\u00e3o da \u00c1rea de Livre Com\u00e9rcio (ALC) de Corumb\u00e1 e da Universidade Livre da Am\u00e9rica Latina. O evento foi realizado no Campus Pantanal, da Universidade Federal de Mato Grosso do Sul (UFMS), em Corumb\u00e1.<\/p>\n<p>Estiveram presentes empres\u00e1rios, integrantes de movimentos sociais e estudantes e professores da UFMS, que debateram a import\u00e2ncia da ALC para Corumb\u00e1, que poder\u00e1 ter benef\u00edcios fiscais e tribut\u00e1rios para estimular o desenvolvimento do munic\u00edpio por ser uma cidade-g\u00eamea \u00e0s cidades bolivianas de Puerto Su\u00e1rez e Puerto Quijarro.<\/p>\n<p>O conceito de cidades-g\u00eameas foi criado pelo Governo Federal por meio de lei em 2014 e reconhece munic\u00edpios situados na linha de fronteira, seja seca ou fluvial, que apresentem grande potencial de integra\u00e7\u00e3o econ\u00f4mica e cultural. <\/p>\n<p><strong>Integra\u00e7\u00e3o<\/strong> &#8211; Outro tema debatido na reuni\u00e3o foi a cria\u00e7\u00e3o da Universidade Aberta da Am\u00e9rica Latina ou Universidade da Fronteira, que seria um desmembramento da UFMS para cria\u00e7\u00e3o de uma nova universidade, que tenha como objetivo a integra\u00e7\u00e3o com os pa\u00edses latino-americanos, da mesma forma que ocorreu com a Universidade Federal da Integra\u00e7\u00e3o Latino-Americana (Unila), criada em Foz do Igua\u00e7u (PR).<\/p>\n<p>Na UFMS, os deputados ainda trataram com os diretores do Campus Pantanal sobre a implanta\u00e7\u00e3o do curso de Medicina e a constru\u00e7\u00e3o de moradias estudantis e restaurantes universit\u00e1rios.<\/p>\n","protected":false},"excerpt":{"rendered":"<p>Reuni\u00e3o na UFMS contou com empres\u00e1rios, integrantes de movimentos sociais e estudantes e professores da universidade.<\/p>\n","protected":false},"author":2,"featured_media":12840,"comment_status":"closed","ping_status":"closed","sticky":false,"template":"","format":"standard","meta":{"jetpack_post_was_ever_published":false,"_jetpack_newsletter_access":"","_jetpack_dont_email_post_to_subs":false,"_jetpack_newsletter_tier_id":0,"_jetpack_memberships_contains_paywalled_content":false,"_jetpack_memberships_contains_paid_content":false,"footnotes":""},"categories":[2097,10],"tags":[2309,697,1031],"class_list":{"0":"post-12839","1":"post","2":"type-post","3":"status-publish","4":"format-standard","5":"has-post-thumbnail","7":"category-municipios-noticias","8":"category-noticias","9":"tag-desenvolvimento-economico","10":"tag-educacao","11":"tag-integracao"},"yoast_head":"<!-- This site is optimized with the Yoast SEO plugin v27.4 - https:\/\/yoast.com\/product\/yoast-seo-wordpress\/ -->\n<title>Zeca e Vander discutem livre com\u00e9rcio e universidade da fronteira em Corumb\u00e1<\/title>\n<meta name=\"robots\" content=\"index, follow, max-snippet:-1, max-image-preview:large, max-video-preview:-1\" \/>\n<link rel=\"canonical\" href=\"https:\/\/vanderloubet.com.br\/deputado\/zeca-e-vander-discutem-livre-comercio-e-universidade-da-fronteira-em-corumba\/\" \/>\n<meta property=\"og:locale\" content=\"pt_BR\" \/>\n<meta property=\"og:type\" content=\"article\" \/>\n<meta property=\"og:title\" content=\"Zeca e Vander discutem livre com\u00e9rcio e universidade da fronteira em Corumb\u00e1\" \/>\n<meta property=\"og:description\" content=\"Reuni\u00e3o na UFMS contou com empres\u00e1rios, integrantes de movimentos sociais e estudantes e professores da universidade.\" \/>\n<meta property=\"og:url\" content=\"https:\/\/vanderloubet.com.br\/deputado\/zeca-e-vander-discutem-livre-comercio-e-universidade-da-fronteira-em-corumba\/\" \/>\n<meta property=\"og:site_name\" content=\"Deputado Federal Vander Loubet\" \/>\n<meta property=\"article:publisher\" content=\"https:\/\/facebook.com\/deputadovander\" \/>\n<meta property=\"article:published_time\" content=\"2017-06-26T21:31:50+00:00\" \/>\n<meta property=\"og:image\" content=\"https:\/\/vanderloubet.com.br\/deputado\/wp-content\/uploads\/2017\/06\/foto-2017-06-26-ufms-corumba-01.jpg\" \/>\n\t<meta property=\"og:image:width\" content=\"900\" \/>\n\t<meta property=\"og:image:height\" content=\"600\" \/>\n\t<meta property=\"og:image:type\" content=\"image\/jpeg\" \/>\n<meta name=\"author\" content=\"\u00c9der\" \/>\n<meta name=\"twitter:card\" content=\"summary_large_image\" \/>\n<meta name=\"twitter:creator\" content=\"@vanderloubet\" \/>\n<meta name=\"twitter:site\" content=\"@vanderloubet\" \/>\n<script type=\"application\/ld+json\" class=\"yoast-schema-graph\">{\"@context\":\"https:\\\/\\\/schema.org\",\"@graph\":[{\"@type\":\"Article\",\"@id\":\"https:\\\/\\\/vanderloubet.com.br\\\/deputado\\\/zeca-e-vander-discutem-livre-comercio-e-universidade-da-fronteira-em-corumba\\\/#article\",\"isPartOf\":{\"@id\":\"https:\\\/\\\/vanderloubet.com.br\\\/deputado\\\/zeca-e-vander-discutem-livre-comercio-e-universidade-da-fronteira-em-corumba\\\/\"},\"author\":{\"name\":\"\u00c9der\",\"@id\":\"https:\\\/\\\/vanderloubet.com.br\\\/deputado\\\/#\\\/schema\\\/person\\\/15b51bd564532a8a68d9dec1b8eb890e\"},\"headline\":\"Zeca e Vander discutem livre com\u00e9rcio e universidade da fronteira em Corumb\u00e1\",\"datePublished\":\"2017-06-26T21:31:50+00:00\",\"mainEntityOfPage\":{\"@id\":\"https:\\\/\\\/vanderloubet.com.br\\\/deputado\\\/zeca-e-vander-discutem-livre-comercio-e-universidade-da-fronteira-em-corumba\\\/\"},\"wordCount\":273,\"publisher\":{\"@id\":\"https:\\\/\\\/vanderloubet.com.br\\\/deputado\\\/#organization\"},\"image\":{\"@id\":\"https:\\\/\\\/vanderloubet.com.br\\\/deputado\\\/zeca-e-vander-discutem-livre-comercio-e-universidade-da-fronteira-em-corumba\\\/#primaryimage\"},\"thumbnailUrl\":\"https:\\\/\\\/vanderloubet.com.br\\\/deputado\\\/wp-content\\\/uploads\\\/2017\\\/06\\\/foto-2017-06-26-ufms-corumba-01.jpg\",\"keywords\":[\"desenvolvimento econ\u00f4mico\",\"educa\u00e7\u00e3o\",\"integra\u00e7\u00e3o\"],\"articleSection\":[\"Munic\u00edpios\",\"Not\u00edcias\"],\"inLanguage\":\"pt-BR\"},{\"@type\":\"WebPage\",\"@id\":\"https:\\\/\\\/vanderloubet.com.br\\\/deputado\\\/zeca-e-vander-discutem-livre-comercio-e-universidade-da-fronteira-em-corumba\\\/\",\"url\":\"https:\\\/\\\/vanderloubet.com.br\\\/deputado\\\/zeca-e-vander-discutem-livre-comercio-e-universidade-da-fronteira-em-corumba\\\/\",\"name\":\"Zeca e Vander discutem livre com\u00e9rcio e universidade da fronteira em Corumb\u00e1\",\"isPartOf\":{\"@id\":\"https:\\\/\\\/vanderloubet.com.br\\\/deputado\\\/#website\"},\"primaryImageOfPage\":{\"@id\":\"https:\\\/\\\/vanderloubet.com.br\\\/deputado\\\/zeca-e-vander-discutem-livre-comercio-e-universidade-da-fronteira-em-corumba\\\/#primaryimage\"},\"image\":{\"@id\":\"https:\\\/\\\/vanderloubet.com.br\\\/deputado\\\/zeca-e-vander-discutem-livre-comercio-e-universidade-da-fronteira-em-corumba\\\/#primaryimage\"},\"thumbnailUrl\":\"https:\\\/\\\/vanderloubet.com.br\\\/deputado\\\/wp-content\\\/uploads\\\/2017\\\/06\\\/foto-2017-06-26-ufms-corumba-01.jpg\",\"datePublished\":\"2017-06-26T21:31:50+00:00\",\"breadcrumb\":{\"@id\":\"https:\\\/\\\/vanderloubet.com.br\\\/deputado\\\/zeca-e-vander-discutem-livre-comercio-e-universidade-da-fronteira-em-corumba\\\/#breadcrumb\"},\"inLanguage\":\"pt-BR\",\"potentialAction\":[{\"@type\":\"ReadAction\",\"target\":[\"https:\\\/\\\/vanderloubet.com.br\\\/deputado\\\/zeca-e-vander-discutem-livre-comercio-e-universidade-da-fronteira-em-corumba\\\/\"]}]},{\"@type\":\"ImageObject\",\"inLanguage\":\"pt-BR\",\"@id\":\"https:\\\/\\\/vanderloubet.com.br\\\/deputado\\\/zeca-e-vander-discutem-livre-comercio-e-universidade-da-fronteira-em-corumba\\\/#primaryimage\",\"url\":\"https:\\\/\\\/vanderloubet.com.br\\\/deputado\\\/wp-content\\\/uploads\\\/2017\\\/06\\\/foto-2017-06-26-ufms-corumba-01.jpg\",\"contentUrl\":\"https:\\\/\\\/vanderloubet.com.br\\\/deputado\\\/wp-content\\\/uploads\\\/2017\\\/06\\\/foto-2017-06-26-ufms-corumba-01.jpg\",\"width\":900,\"height\":600,\"caption\":\"Reuni\u00e3o contou com empres\u00e1rios, integrantes de movimentos sociais e estudantes e professores da UFMS\"},{\"@type\":\"BreadcrumbList\",\"@id\":\"https:\\\/\\\/vanderloubet.com.br\\\/deputado\\\/zeca-e-vander-discutem-livre-comercio-e-universidade-da-fronteira-em-corumba\\\/#breadcrumb\",\"itemListElement\":[{\"@type\":\"ListItem\",\"position\":1,\"name\":\"In\u00edcio\",\"item\":\"https:\\\/\\\/vanderloubet.com.br\\\/deputado\\\/\"},{\"@type\":\"ListItem\",\"position\":2,\"name\":\"Zeca e Vander discutem livre com\u00e9rcio e universidade da fronteira em Corumb\u00e1\"}]},{\"@type\":\"WebSite\",\"@id\":\"https:\\\/\\\/vanderloubet.com.br\\\/deputado\\\/#website\",\"url\":\"https:\\\/\\\/vanderloubet.com.br\\\/deputado\\\/\",\"name\":\"Deputado Federal Vander Loubet\",\"description\":\"O Federal de MS\",\"publisher\":{\"@id\":\"https:\\\/\\\/vanderloubet.com.br\\\/deputado\\\/#organization\"},\"alternateName\":\"Deputado Vander\",\"potentialAction\":[{\"@type\":\"SearchAction\",\"target\":{\"@type\":\"EntryPoint\",\"urlTemplate\":\"https:\\\/\\\/vanderloubet.com.br\\\/deputado\\\/?s={search_term_string}\"},\"query-input\":{\"@type\":\"PropertyValueSpecification\",\"valueRequired\":true,\"valueName\":\"search_term_string\"}}],\"inLanguage\":\"pt-BR\"},{\"@type\":\"Organization\",\"@id\":\"https:\\\/\\\/vanderloubet.com.br\\\/deputado\\\/#organization\",\"name\":\"Deputado Federal Vander Loubet\",\"alternateName\":\"Deputado Vander\",\"url\":\"https:\\\/\\\/vanderloubet.com.br\\\/deputado\\\/\",\"logo\":{\"@type\":\"ImageObject\",\"inLanguage\":\"pt-BR\",\"@id\":\"https:\\\/\\\/vanderloubet.com.br\\\/deputado\\\/#\\\/schema\\\/logo\\\/image\\\/\",\"url\":\"https:\\\/\\\/vanderloubet.com.br\\\/deputado\\\/wp-content\\\/uploads\\\/2023\\\/06\\\/foto-2023-06-19-mandato-deputado-vander.jpg\",\"contentUrl\":\"https:\\\/\\\/vanderloubet.com.br\\\/deputado\\\/wp-content\\\/uploads\\\/2023\\\/06\\\/foto-2023-06-19-mandato-deputado-vander.jpg\",\"width\":1080,\"height\":1080,\"caption\":\"Deputado Federal Vander Loubet\"},\"image\":{\"@id\":\"https:\\\/\\\/vanderloubet.com.br\\\/deputado\\\/#\\\/schema\\\/logo\\\/image\\\/\"},\"sameAs\":[\"https:\\\/\\\/facebook.com\\\/deputadovander\",\"https:\\\/\\\/x.com\\\/vanderloubet\",\"https:\\\/\\\/instagram.com\\\/vanderloubet\",\"https:\\\/\\\/youtube.com\\\/vanderloubet\",\"https:\\\/\\\/tiktok.com\\\/@vanderloubetms\"]},{\"@type\":\"Person\",\"@id\":\"https:\\\/\\\/vanderloubet.com.br\\\/deputado\\\/#\\\/schema\\\/person\\\/15b51bd564532a8a68d9dec1b8eb890e\",\"name\":\"\u00c9der\",\"image\":{\"@type\":\"ImageObject\",\"inLanguage\":\"pt-BR\",\"@id\":\"https:\\\/\\\/vanderloubet.com.br\\\/deputado\\\/wp-content\\\/litespeed\\\/avatar\\\/88ca4090d9d5ab1c9495f6ca03b68efa.jpg?ver=1777058957\",\"url\":\"https:\\\/\\\/vanderloubet.com.br\\\/deputado\\\/wp-content\\\/litespeed\\\/avatar\\\/88ca4090d9d5ab1c9495f6ca03b68efa.jpg?ver=1777058957\",\"contentUrl\":\"https:\\\/\\\/vanderloubet.com.br\\\/deputado\\\/wp-content\\\/litespeed\\\/avatar\\\/88ca4090d9d5ab1c9495f6ca03b68efa.jpg?ver=1777058957\",\"caption\":\"\u00c9der\"}}]}<\/script>\n<!-- \/ Yoast SEO plugin. -->","yoast_head_json":{"title":"Zeca e Vander discutem livre com\u00e9rcio e universidade da fronteira em Corumb\u00e1","robots":{"index":"index","follow":"follow","max-snippet":"max-snippet:-1","max-image-preview":"max-image-preview:large","max-video-preview":"max-video-preview:-1"},"canonical":"https:\/\/vanderloubet.com.br\/deputado\/zeca-e-vander-discutem-livre-comercio-e-universidade-da-fronteira-em-corumba\/","og_locale":"pt_BR","og_type":"article","og_title":"Zeca e Vander discutem livre com\u00e9rcio e universidade da fronteira em Corumb\u00e1","og_description":"Reuni\u00e3o na UFMS contou com empres\u00e1rios, integrantes de movimentos sociais e estudantes e professores da universidade.","og_url":"https:\/\/vanderloubet.com.br\/deputado\/zeca-e-vander-discutem-livre-comercio-e-universidade-da-fronteira-em-corumba\/","og_site_name":"Deputado Federal Vander Loubet","article_publisher":"https:\/\/facebook.com\/deputadovander","article_published_time":"2017-06-26T21:31:50+00:00","og_image":[{"width":900,"height":600,"url":"https:\/\/vanderloubet.com.br\/deputado\/wp-content\/uploads\/2017\/06\/foto-2017-06-26-ufms-corumba-01.jpg","type":"image\/jpeg"}],"author":"\u00c9der","twitter_card":"summary_large_image","twitter_creator":"@vanderloubet","twitter_site":"@vanderloubet","schema":{"@context":"https:\/\/schema.org","@graph":[{"@type":"Article","@id":"https:\/\/vanderloubet.com.br\/deputado\/zeca-e-vander-discutem-livre-comercio-e-universidade-da-fronteira-em-corumba\/#article","isPartOf":{"@id":"https:\/\/vanderloubet.com.br\/deputado\/zeca-e-vander-discutem-livre-comercio-e-universidade-da-fronteira-em-corumba\/"},"author":{"name":"\u00c9der","@id":"https:\/\/vanderloubet.com.br\/deputado\/#\/schema\/person\/15b51bd564532a8a68d9dec1b8eb890e"},"headline":"Zeca e Vander discutem livre com\u00e9rcio e universidade da fronteira em Corumb\u00e1","datePublished":"2017-06-26T21:31:50+00:00","mainEntityOfPage":{"@id":"https:\/\/vanderloubet.com.br\/deputado\/zeca-e-vander-discutem-livre-comercio-e-universidade-da-fronteira-em-corumba\/"},"wordCount":273,"publisher":{"@id":"https:\/\/vanderloubet.com.br\/deputado\/#organization"},"image":{"@id":"https:\/\/vanderloubet.com.br\/deputado\/zeca-e-vander-discutem-livre-comercio-e-universidade-da-fronteira-em-corumba\/#primaryimage"},"thumbnailUrl":"https:\/\/vanderloubet.com.br\/deputado\/wp-content\/uploads\/2017\/06\/foto-2017-06-26-ufms-corumba-01.jpg","keywords":["desenvolvimento econ\u00f4mico","educa\u00e7\u00e3o","integra\u00e7\u00e3o"],"articleSection":["Munic\u00edpios","Not\u00edcias"],"inLanguage":"pt-BR"},{"@type":"WebPage","@id":"https:\/\/vanderloubet.com.br\/deputado\/zeca-e-vander-discutem-livre-comercio-e-universidade-da-fronteira-em-corumba\/","url":"https:\/\/vanderloubet.com.br\/deputado\/zeca-e-vander-discutem-livre-comercio-e-universidade-da-fronteira-em-corumba\/","name":"Zeca e Vander discutem livre com\u00e9rcio e universidade da fronteira em Corumb\u00e1","isPartOf":{"@id":"https:\/\/vanderloubet.com.br\/deputado\/#website"},"primaryImageOfPage":{"@id":"https:\/\/vanderloubet.com.br\/deputado\/zeca-e-vander-discutem-livre-comercio-e-universidade-da-fronteira-em-corumba\/#primaryimage"},"image":{"@id":"https:\/\/vanderloubet.com.br\/deputado\/zeca-e-vander-discutem-livre-comercio-e-universidade-da-fronteira-em-corumba\/#primaryimage"},"thumbnailUrl":"https:\/\/vanderloubet.com.br\/deputado\/wp-content\/uploads\/2017\/06\/foto-2017-06-26-ufms-corumba-01.jpg","datePublished":"2017-06-26T21:31:50+00:00","breadcrumb":{"@id":"https:\/\/vanderloubet.com.br\/deputado\/zeca-e-vander-discutem-livre-comercio-e-universidade-da-fronteira-em-corumba\/#breadcrumb"},"inLanguage":"pt-BR","potentialAction":[{"@type":"ReadAction","target":["https:\/\/vanderloubet.com.br\/deputado\/zeca-e-vander-discutem-livre-comercio-e-universidade-da-fronteira-em-corumba\/"]}]},{"@type":"ImageObject","inLanguage":"pt-BR","@id":"https:\/\/vanderloubet.com.br\/deputado\/zeca-e-vander-discutem-livre-comercio-e-universidade-da-fronteira-em-corumba\/#primaryimage","url":"https:\/\/vanderloubet.com.br\/deputado\/wp-content\/uploads\/2017\/06\/foto-2017-06-26-ufms-corumba-01.jpg","contentUrl":"https:\/\/vanderloubet.com.br\/deputado\/wp-content\/uploads\/2017\/06\/foto-2017-06-26-ufms-corumba-01.jpg","width":900,"height":600,"caption":"Reuni\u00e3o contou com empres\u00e1rios, integrantes de movimentos sociais e estudantes e professores da UFMS"},{"@type":"BreadcrumbList","@id":"https:\/\/vanderloubet.com.br\/deputado\/zeca-e-vander-discutem-livre-comercio-e-universidade-da-fronteira-em-corumba\/#breadcrumb","itemListElement":[{"@type":"ListItem","position":1,"name":"In\u00edcio","item":"https:\/\/vanderloubet.com.br\/deputado\/"},{"@type":"ListItem","position":2,"name":"Zeca e Vander discutem livre com\u00e9rcio e universidade da fronteira em Corumb\u00e1"}]},{"@type":"WebSite","@id":"https:\/\/vanderloubet.com.br\/deputado\/#website","url":"https:\/\/vanderloubet.com.br\/deputado\/","name":"Deputado Federal Vander Loubet","description":"O Federal de MS","publisher":{"@id":"https:\/\/vanderloubet.com.br\/deputado\/#organization"},"alternateName":"Deputado Vander","potentialAction":[{"@type":"SearchAction","target":{"@type":"EntryPoint","urlTemplate":"https:\/\/vanderloubet.com.br\/deputado\/?s={search_term_string}"},"query-input":{"@type":"PropertyValueSpecification","valueRequired":true,"valueName":"search_term_string"}}],"inLanguage":"pt-BR"},{"@type":"Organization","@id":"https:\/\/vanderloubet.com.br\/deputado\/#organization","name":"Deputado Federal Vander Loubet","alternateName":"Deputado Vander","url":"https:\/\/vanderloubet.com.br\/deputado\/","logo":{"@type":"ImageObject","inLanguage":"pt-BR","@id":"https:\/\/vanderloubet.com.br\/deputado\/#\/schema\/logo\/image\/","url":"https:\/\/vanderloubet.com.br\/deputado\/wp-content\/uploads\/2023\/06\/foto-2023-06-19-mandato-deputado-vander.jpg","contentUrl":"https:\/\/vanderloubet.com.br\/deputado\/wp-content\/uploads\/2023\/06\/foto-2023-06-19-mandato-deputado-vander.jpg","width":1080,"height":1080,"caption":"Deputado Federal Vander Loubet"},"image":{"@id":"https:\/\/vanderloubet.com.br\/deputado\/#\/schema\/logo\/image\/"},"sameAs":["https:\/\/facebook.com\/deputadovander","https:\/\/x.com\/vanderloubet","https:\/\/instagram.com\/vanderloubet","https:\/\/youtube.com\/vanderloubet","https:\/\/tiktok.com\/@vanderloubetms"]},{"@type":"Person","@id":"https:\/\/vanderloubet.com.br\/deputado\/#\/schema\/person\/15b51bd564532a8a68d9dec1b8eb890e","name":"\u00c9der","image":{"@type":"ImageObject","inLanguage":"pt-BR","@id":"https:\/\/vanderloubet.com.br\/deputado\/wp-content\/litespeed\/avatar\/88ca4090d9d5ab1c9495f6ca03b68efa.jpg?ver=1777058957","url":"https:\/\/vanderloubet.com.br\/deputado\/wp-content\/litespeed\/avatar\/88ca4090d9d5ab1c9495f6ca03b68efa.jpg?ver=1777058957","contentUrl":"https:\/\/vanderloubet.com.br\/deputado\/wp-content\/litespeed\/avatar\/88ca4090d9d5ab1c9495f6ca03b68efa.jpg?ver=1777058957","caption":"\u00c9der"}}]}},"jetpack_featured_media_url":"https:\/\/vanderloubet.com.br\/deputado\/wp-content\/uploads\/2017\/06\/foto-2017-06-26-ufms-corumba-01.jpg","jetpack_sharing_enabled":true,"_links":{"self":[{"href":"https:\/\/vanderloubet.com.br\/deputado\/wp-json\/wp\/v2\/posts\/12839","targetHints":{"allow":["GET"]}}],"collection":[{"href":"https:\/\/vanderloubet.com.br\/deputado\/wp-json\/wp\/v2\/posts"}],"about":[{"href":"https:\/\/vanderloubet.com.br\/deputado\/wp-json\/wp\/v2\/types\/post"}],"author":[{"embeddable":true,"href":"https:\/\/vanderloubet.com.br\/deputado\/wp-json\/wp\/v2\/users\/2"}],"replies":[{"embeddable":true,"href":"https:\/\/vanderloubet.com.br\/deputado\/wp-json\/wp\/v2\/comments?post=12839"}],"version-history":[{"count":0,"href":"https:\/\/vanderloubet.com.br\/deputado\/wp-json\/wp\/v2\/posts\/12839\/revisions"}],"wp:featuredmedia":[{"embeddable":true,"href":"https:\/\/vanderloubet.com.br\/deputado\/wp-json\/wp\/v2\/media\/12840"}],"wp:attachment":[{"href":"https:\/\/vanderloubet.com.br\/deputado\/wp-json\/wp\/v2\/media?parent=12839"}],"wp:term":[{"taxonomy":"category","embeddable":true,"href":"https:\/\/vanderloubet.com.br\/deputado\/wp-json\/wp\/v2\/categories?post=12839"},{"taxonomy":"post_tag","embeddable":true,"href":"https:\/\/vanderloubet.com.br\/deputado\/wp-json\/wp\/v2\/tags?post=12839"}],"curies":[{"name":"wp","href":"https:\/\/api.w.org\/{rel}","templated":true}]}}