{"id":12784,"date":"2017-06-12T10:45:46","date_gmt":"2017-06-12T14:45:46","guid":{"rendered":"http:\/\/vanderloubet.com.br\/deputado\/?p=12784"},"modified":"2017-06-12T10:49:22","modified_gmt":"2017-06-12T14:49:22","slug":"vander-e-zeca-anunciam-recursos-para-prefeitura-de-ladario","status":"publish","type":"post","link":"https:\/\/vanderloubet.com.br\/deputado\/vander-e-zeca-anunciam-recursos-para-prefeitura-de-ladario\/","title":{"rendered":"Vander e Zeca anunciam recursos para Prefeitura de Lad\u00e1rio"},"content":{"rendered":"<figure id=\"attachment_12785\" aria-describedby=\"caption-attachment-12785\" style=\"width: 700px\" class=\"wp-caption alignnone\"><img decoding=\"async\" class=\"wp-image-12785 size-large\" title=\"Vista a\u00e9rea de Lad\u00e1rio (Foto: Cl\u00f3vis Neto)\" src=\"http:\/\/vanderloubet.com.br\/deputado\/wp-content\/uploads\/2017\/06\/foto-2017-06-12-ladario-700x467.jpg\" alt=\"Vista a\u00e9rea de Lad\u00e1rio (Foto: Cl\u00f3vis Neto)\" width=\"700\" height=\"467\" srcset=\"https:\/\/vanderloubet.com.br\/deputado\/wp-content\/uploads\/2017\/06\/foto-2017-06-12-ladario-700x467.jpg 700w, https:\/\/vanderloubet.com.br\/deputado\/wp-content\/uploads\/2017\/06\/foto-2017-06-12-ladario-350x233.jpg 350w, https:\/\/vanderloubet.com.br\/deputado\/wp-content\/uploads\/2017\/06\/foto-2017-06-12-ladario-768x512.jpg 768w, https:\/\/vanderloubet.com.br\/deputado\/wp-content\/uploads\/2017\/06\/foto-2017-06-12-ladario-630x420.jpg 630w, https:\/\/vanderloubet.com.br\/deputado\/wp-content\/uploads\/2017\/06\/foto-2017-06-12-ladario-696x464.jpg 696w, https:\/\/vanderloubet.com.br\/deputado\/wp-content\/uploads\/2017\/06\/foto-2017-06-12-ladario.jpg 900w\" sizes=\"(max-width: 700px) 100vw, 700px\" \/><figcaption id=\"caption-attachment-12785\" class=\"wp-caption-text\">Vista a\u00e9rea de Lad\u00e1rio (Foto: Cl\u00f3vis Neto)<\/figcaption><\/figure>\n<p>O prefeito de Lad\u00e1rio, Carlos Ruso, recebeu na manh\u00e3 da \u00faltima sexta-feira (9) em seu gabinete a visita do deputado federal Zeca do PT.<\/p>\n<p>Zeca esteve na cidade para conhecer o projeto arquitet\u00f4nico da futura sede do Programa Semear, projeto este que est\u00e1 or\u00e7ado em R$ 1,6 milh\u00e3o. Junto com o deputado federal Vander Loubet, Zeca se comprometeu com o prefeito a viabilizar emendas parlamentares para apoiar a constru\u00e7\u00e3o da sede.<\/p>\n<p>Al\u00e9m disso, os deputados petistas j\u00e1 confirmaram que destinaram para Lad\u00e1rio uma emenda no valor de R$ 300 mil para aplica\u00e7\u00e3o na sa\u00fade p\u00fablica e mais R$ 160 mil para aquisi\u00e7\u00e3o de um caminh\u00e3o para auxiliar o transporte da produ\u00e7\u00e3o agr\u00edcola do Assentamento 72 para comercializa\u00e7\u00e3o na \u00e1rea urbana, permitindo gera\u00e7\u00e3o renda aos assentados e garantindo produtos frescos e de qualidade para as fam\u00edlias ladarenses.<\/p>\n<p>Carlos Ruso aproveitou a ocasi\u00e3o para fazer um pedido aos deputados Vander e Zeca: apoio para constru\u00e7\u00e3o da rodovi\u00e1ria de Lad\u00e1rio, um sonho que se for atendido, ir\u00e1 proporcionar mais conforto e acessibilidade aos usu\u00e1rios. Al\u00e9m disso, representantes do Assentamento 72 solicitaram um caminh\u00e3o pipa para atender os assentados e a APA Baia Negra. O deputado Zeca informou que trabalhar\u00e1 junto com o deputado Vander para tentar atender as demandas.<\/p>\n<p><em>(Fonte: Ascom\/Prefeitura de Lad\u00e1rio)<\/em><\/p>\n","protected":false},"excerpt":{"rendered":"<p>Est\u00e3o confirmadas pelos deputados duas emendas: uma de R$ 300 mil para sa\u00fade e outra de R$ 160 mil para agricultura familiar.<\/p>\n","protected":false},"author":2,"featured_media":12785,"comment_status":"closed","ping_status":"closed","sticky":false,"template":"","format":"standard","meta":{"jetpack_post_was_ever_published":false,"_jetpack_newsletter_access":"","_jetpack_dont_email_post_to_subs":false,"_jetpack_newsletter_tier_id":0,"_jetpack_memberships_contains_paywalled_content":false,"_jetpack_memberships_contains_paid_content":false,"footnotes":""},"categories":[2097,10],"tags":[2132,2127,1803],"class_list":{"0":"post-12784","1":"post","2":"type-post","3":"status-publish","4":"format-standard","5":"has-post-thumbnail","7":"category-municipios-noticias","8":"category-noticias","9":"tag-agricultura-familiar","10":"tag-emenda-parlamentar","11":"tag-saude"},"yoast_head":"<!-- This site is optimized with the Yoast SEO plugin v27.4 - https:\/\/yoast.com\/product\/yoast-seo-wordpress\/ -->\n<title>Vander e Zeca anunciam recursos para Prefeitura de Lad\u00e1rio<\/title>\n<meta name=\"robots\" content=\"index, follow, max-snippet:-1, max-image-preview:large, max-video-preview:-1\" \/>\n<link rel=\"canonical\" href=\"https:\/\/vanderloubet.com.br\/deputado\/vander-e-zeca-anunciam-recursos-para-prefeitura-de-ladario\/\" \/>\n<meta property=\"og:locale\" content=\"pt_BR\" \/>\n<meta property=\"og:type\" content=\"article\" \/>\n<meta property=\"og:title\" content=\"Vander e Zeca anunciam recursos para Prefeitura de Lad\u00e1rio\" \/>\n<meta property=\"og:description\" content=\"Est\u00e3o confirmadas pelos deputados duas emendas: uma de R$ 300 mil para sa\u00fade e outra de R$ 160 mil para agricultura familiar.\" \/>\n<meta property=\"og:url\" content=\"https:\/\/vanderloubet.com.br\/deputado\/vander-e-zeca-anunciam-recursos-para-prefeitura-de-ladario\/\" \/>\n<meta property=\"og:site_name\" content=\"Deputado Federal Vander Loubet\" \/>\n<meta property=\"article:publisher\" content=\"https:\/\/facebook.com\/deputadovander\" \/>\n<meta property=\"article:published_time\" content=\"2017-06-12T14:45:46+00:00\" \/>\n<meta property=\"article:modified_time\" content=\"2017-06-12T14:49:22+00:00\" \/>\n<meta property=\"og:image\" content=\"https:\/\/vanderloubet.com.br\/deputado\/wp-content\/uploads\/2017\/06\/foto-2017-06-12-ladario.jpg\" \/>\n\t<meta property=\"og:image:width\" content=\"900\" \/>\n\t<meta property=\"og:image:height\" content=\"600\" \/>\n\t<meta property=\"og:image:type\" content=\"image\/jpeg\" \/>\n<meta name=\"author\" content=\"\u00c9der\" \/>\n<meta name=\"twitter:card\" content=\"summary_large_image\" \/>\n<meta name=\"twitter:creator\" content=\"@vanderloubet\" \/>\n<meta name=\"twitter:site\" content=\"@vanderloubet\" \/>\n<script type=\"application\/ld+json\" class=\"yoast-schema-graph\">{\"@context\":\"https:\\\/\\\/schema.org\",\"@graph\":[{\"@type\":\"Article\",\"@id\":\"https:\\\/\\\/vanderloubet.com.br\\\/deputado\\\/vander-e-zeca-anunciam-recursos-para-prefeitura-de-ladario\\\/#article\",\"isPartOf\":{\"@id\":\"https:\\\/\\\/vanderloubet.com.br\\\/deputado\\\/vander-e-zeca-anunciam-recursos-para-prefeitura-de-ladario\\\/\"},\"author\":{\"name\":\"\u00c9der\",\"@id\":\"https:\\\/\\\/vanderloubet.com.br\\\/deputado\\\/#\\\/schema\\\/person\\\/15b51bd564532a8a68d9dec1b8eb890e\"},\"headline\":\"Vander e Zeca anunciam recursos para Prefeitura de Lad\u00e1rio\",\"datePublished\":\"2017-06-12T14:45:46+00:00\",\"dateModified\":\"2017-06-12T14:49:22+00:00\",\"mainEntityOfPage\":{\"@id\":\"https:\\\/\\\/vanderloubet.com.br\\\/deputado\\\/vander-e-zeca-anunciam-recursos-para-prefeitura-de-ladario\\\/\"},\"wordCount\":257,\"publisher\":{\"@id\":\"https:\\\/\\\/vanderloubet.com.br\\\/deputado\\\/#organization\"},\"image\":{\"@id\":\"https:\\\/\\\/vanderloubet.com.br\\\/deputado\\\/vander-e-zeca-anunciam-recursos-para-prefeitura-de-ladario\\\/#primaryimage\"},\"thumbnailUrl\":\"https:\\\/\\\/vanderloubet.com.br\\\/deputado\\\/wp-content\\\/uploads\\\/2017\\\/06\\\/foto-2017-06-12-ladario.jpg\",\"keywords\":[\"agricultura familiar\",\"emenda parlamentar\",\"sa\u00fade\"],\"articleSection\":[\"Munic\u00edpios\",\"Not\u00edcias\"],\"inLanguage\":\"pt-BR\"},{\"@type\":\"WebPage\",\"@id\":\"https:\\\/\\\/vanderloubet.com.br\\\/deputado\\\/vander-e-zeca-anunciam-recursos-para-prefeitura-de-ladario\\\/\",\"url\":\"https:\\\/\\\/vanderloubet.com.br\\\/deputado\\\/vander-e-zeca-anunciam-recursos-para-prefeitura-de-ladario\\\/\",\"name\":\"Vander e Zeca anunciam recursos para Prefeitura de Lad\u00e1rio\",\"isPartOf\":{\"@id\":\"https:\\\/\\\/vanderloubet.com.br\\\/deputado\\\/#website\"},\"primaryImageOfPage\":{\"@id\":\"https:\\\/\\\/vanderloubet.com.br\\\/deputado\\\/vander-e-zeca-anunciam-recursos-para-prefeitura-de-ladario\\\/#primaryimage\"},\"image\":{\"@id\":\"https:\\\/\\\/vanderloubet.com.br\\\/deputado\\\/vander-e-zeca-anunciam-recursos-para-prefeitura-de-ladario\\\/#primaryimage\"},\"thumbnailUrl\":\"https:\\\/\\\/vanderloubet.com.br\\\/deputado\\\/wp-content\\\/uploads\\\/2017\\\/06\\\/foto-2017-06-12-ladario.jpg\",\"datePublished\":\"2017-06-12T14:45:46+00:00\",\"dateModified\":\"2017-06-12T14:49:22+00:00\",\"breadcrumb\":{\"@id\":\"https:\\\/\\\/vanderloubet.com.br\\\/deputado\\\/vander-e-zeca-anunciam-recursos-para-prefeitura-de-ladario\\\/#breadcrumb\"},\"inLanguage\":\"pt-BR\",\"potentialAction\":[{\"@type\":\"ReadAction\",\"target\":[\"https:\\\/\\\/vanderloubet.com.br\\\/deputado\\\/vander-e-zeca-anunciam-recursos-para-prefeitura-de-ladario\\\/\"]}]},{\"@type\":\"ImageObject\",\"inLanguage\":\"pt-BR\",\"@id\":\"https:\\\/\\\/vanderloubet.com.br\\\/deputado\\\/vander-e-zeca-anunciam-recursos-para-prefeitura-de-ladario\\\/#primaryimage\",\"url\":\"https:\\\/\\\/vanderloubet.com.br\\\/deputado\\\/wp-content\\\/uploads\\\/2017\\\/06\\\/foto-2017-06-12-ladario.jpg\",\"contentUrl\":\"https:\\\/\\\/vanderloubet.com.br\\\/deputado\\\/wp-content\\\/uploads\\\/2017\\\/06\\\/foto-2017-06-12-ladario.jpg\",\"width\":900,\"height\":600,\"caption\":\"Vista a\u00e9rea de Lad\u00e1rio (Foto: Cl\u00f3vis Neto)\"},{\"@type\":\"BreadcrumbList\",\"@id\":\"https:\\\/\\\/vanderloubet.com.br\\\/deputado\\\/vander-e-zeca-anunciam-recursos-para-prefeitura-de-ladario\\\/#breadcrumb\",\"itemListElement\":[{\"@type\":\"ListItem\",\"position\":1,\"name\":\"In\u00edcio\",\"item\":\"https:\\\/\\\/vanderloubet.com.br\\\/deputado\\\/\"},{\"@type\":\"ListItem\",\"position\":2,\"name\":\"Vander e Zeca anunciam recursos para Prefeitura de Lad\u00e1rio\"}]},{\"@type\":\"WebSite\",\"@id\":\"https:\\\/\\\/vanderloubet.com.br\\\/deputado\\\/#website\",\"url\":\"https:\\\/\\\/vanderloubet.com.br\\\/deputado\\\/\",\"name\":\"Deputado Federal Vander Loubet\",\"description\":\"O Federal de MS\",\"publisher\":{\"@id\":\"https:\\\/\\\/vanderloubet.com.br\\\/deputado\\\/#organization\"},\"alternateName\":\"Deputado Vander\",\"potentialAction\":[{\"@type\":\"SearchAction\",\"target\":{\"@type\":\"EntryPoint\",\"urlTemplate\":\"https:\\\/\\\/vanderloubet.com.br\\\/deputado\\\/?s={search_term_string}\"},\"query-input\":{\"@type\":\"PropertyValueSpecification\",\"valueRequired\":true,\"valueName\":\"search_term_string\"}}],\"inLanguage\":\"pt-BR\"},{\"@type\":\"Organization\",\"@id\":\"https:\\\/\\\/vanderloubet.com.br\\\/deputado\\\/#organization\",\"name\":\"Deputado Federal Vander Loubet\",\"alternateName\":\"Deputado Vander\",\"url\":\"https:\\\/\\\/vanderloubet.com.br\\\/deputado\\\/\",\"logo\":{\"@type\":\"ImageObject\",\"inLanguage\":\"pt-BR\",\"@id\":\"https:\\\/\\\/vanderloubet.com.br\\\/deputado\\\/#\\\/schema\\\/logo\\\/image\\\/\",\"url\":\"https:\\\/\\\/vanderloubet.com.br\\\/deputado\\\/wp-content\\\/uploads\\\/2023\\\/06\\\/foto-2023-06-19-mandato-deputado-vander.jpg\",\"contentUrl\":\"https:\\\/\\\/vanderloubet.com.br\\\/deputado\\\/wp-content\\\/uploads\\\/2023\\\/06\\\/foto-2023-06-19-mandato-deputado-vander.jpg\",\"width\":1080,\"height\":1080,\"caption\":\"Deputado Federal Vander Loubet\"},\"image\":{\"@id\":\"https:\\\/\\\/vanderloubet.com.br\\\/deputado\\\/#\\\/schema\\\/logo\\\/image\\\/\"},\"sameAs\":[\"https:\\\/\\\/facebook.com\\\/deputadovander\",\"https:\\\/\\\/x.com\\\/vanderloubet\",\"https:\\\/\\\/instagram.com\\\/vanderloubet\",\"https:\\\/\\\/youtube.com\\\/vanderloubet\",\"https:\\\/\\\/tiktok.com\\\/@vanderloubetms\"]},{\"@type\":\"Person\",\"@id\":\"https:\\\/\\\/vanderloubet.com.br\\\/deputado\\\/#\\\/schema\\\/person\\\/15b51bd564532a8a68d9dec1b8eb890e\",\"name\":\"\u00c9der\",\"image\":{\"@type\":\"ImageObject\",\"inLanguage\":\"pt-BR\",\"@id\":\"https:\\\/\\\/vanderloubet.com.br\\\/deputado\\\/wp-content\\\/litespeed\\\/avatar\\\/88ca4090d9d5ab1c9495f6ca03b68efa.jpg?ver=1777058957\",\"url\":\"https:\\\/\\\/vanderloubet.com.br\\\/deputado\\\/wp-content\\\/litespeed\\\/avatar\\\/88ca4090d9d5ab1c9495f6ca03b68efa.jpg?ver=1777058957\",\"contentUrl\":\"https:\\\/\\\/vanderloubet.com.br\\\/deputado\\\/wp-content\\\/litespeed\\\/avatar\\\/88ca4090d9d5ab1c9495f6ca03b68efa.jpg?ver=1777058957\",\"caption\":\"\u00c9der\"}}]}<\/script>\n<!-- \/ Yoast SEO plugin. -->","yoast_head_json":{"title":"Vander e Zeca anunciam recursos para Prefeitura de Lad\u00e1rio","robots":{"index":"index","follow":"follow","max-snippet":"max-snippet:-1","max-image-preview":"max-image-preview:large","max-video-preview":"max-video-preview:-1"},"canonical":"https:\/\/vanderloubet.com.br\/deputado\/vander-e-zeca-anunciam-recursos-para-prefeitura-de-ladario\/","og_locale":"pt_BR","og_type":"article","og_title":"Vander e Zeca anunciam recursos para Prefeitura de Lad\u00e1rio","og_description":"Est\u00e3o confirmadas pelos deputados duas emendas: uma de R$ 300 mil para sa\u00fade e outra de R$ 160 mil para agricultura familiar.","og_url":"https:\/\/vanderloubet.com.br\/deputado\/vander-e-zeca-anunciam-recursos-para-prefeitura-de-ladario\/","og_site_name":"Deputado Federal Vander Loubet","article_publisher":"https:\/\/facebook.com\/deputadovander","article_published_time":"2017-06-12T14:45:46+00:00","article_modified_time":"2017-06-12T14:49:22+00:00","og_image":[{"width":900,"height":600,"url":"https:\/\/vanderloubet.com.br\/deputado\/wp-content\/uploads\/2017\/06\/foto-2017-06-12-ladario.jpg","type":"image\/jpeg"}],"author":"\u00c9der","twitter_card":"summary_large_image","twitter_creator":"@vanderloubet","twitter_site":"@vanderloubet","schema":{"@context":"https:\/\/schema.org","@graph":[{"@type":"Article","@id":"https:\/\/vanderloubet.com.br\/deputado\/vander-e-zeca-anunciam-recursos-para-prefeitura-de-ladario\/#article","isPartOf":{"@id":"https:\/\/vanderloubet.com.br\/deputado\/vander-e-zeca-anunciam-recursos-para-prefeitura-de-ladario\/"},"author":{"name":"\u00c9der","@id":"https:\/\/vanderloubet.com.br\/deputado\/#\/schema\/person\/15b51bd564532a8a68d9dec1b8eb890e"},"headline":"Vander e Zeca anunciam recursos para Prefeitura de Lad\u00e1rio","datePublished":"2017-06-12T14:45:46+00:00","dateModified":"2017-06-12T14:49:22+00:00","mainEntityOfPage":{"@id":"https:\/\/vanderloubet.com.br\/deputado\/vander-e-zeca-anunciam-recursos-para-prefeitura-de-ladario\/"},"wordCount":257,"publisher":{"@id":"https:\/\/vanderloubet.com.br\/deputado\/#organization"},"image":{"@id":"https:\/\/vanderloubet.com.br\/deputado\/vander-e-zeca-anunciam-recursos-para-prefeitura-de-ladario\/#primaryimage"},"thumbnailUrl":"https:\/\/vanderloubet.com.br\/deputado\/wp-content\/uploads\/2017\/06\/foto-2017-06-12-ladario.jpg","keywords":["agricultura familiar","emenda parlamentar","sa\u00fade"],"articleSection":["Munic\u00edpios","Not\u00edcias"],"inLanguage":"pt-BR"},{"@type":"WebPage","@id":"https:\/\/vanderloubet.com.br\/deputado\/vander-e-zeca-anunciam-recursos-para-prefeitura-de-ladario\/","url":"https:\/\/vanderloubet.com.br\/deputado\/vander-e-zeca-anunciam-recursos-para-prefeitura-de-ladario\/","name":"Vander e Zeca anunciam recursos para Prefeitura de Lad\u00e1rio","isPartOf":{"@id":"https:\/\/vanderloubet.com.br\/deputado\/#website"},"primaryImageOfPage":{"@id":"https:\/\/vanderloubet.com.br\/deputado\/vander-e-zeca-anunciam-recursos-para-prefeitura-de-ladario\/#primaryimage"},"image":{"@id":"https:\/\/vanderloubet.com.br\/deputado\/vander-e-zeca-anunciam-recursos-para-prefeitura-de-ladario\/#primaryimage"},"thumbnailUrl":"https:\/\/vanderloubet.com.br\/deputado\/wp-content\/uploads\/2017\/06\/foto-2017-06-12-ladario.jpg","datePublished":"2017-06-12T14:45:46+00:00","dateModified":"2017-06-12T14:49:22+00:00","breadcrumb":{"@id":"https:\/\/vanderloubet.com.br\/deputado\/vander-e-zeca-anunciam-recursos-para-prefeitura-de-ladario\/#breadcrumb"},"inLanguage":"pt-BR","potentialAction":[{"@type":"ReadAction","target":["https:\/\/vanderloubet.com.br\/deputado\/vander-e-zeca-anunciam-recursos-para-prefeitura-de-ladario\/"]}]},{"@type":"ImageObject","inLanguage":"pt-BR","@id":"https:\/\/vanderloubet.com.br\/deputado\/vander-e-zeca-anunciam-recursos-para-prefeitura-de-ladario\/#primaryimage","url":"https:\/\/vanderloubet.com.br\/deputado\/wp-content\/uploads\/2017\/06\/foto-2017-06-12-ladario.jpg","contentUrl":"https:\/\/vanderloubet.com.br\/deputado\/wp-content\/uploads\/2017\/06\/foto-2017-06-12-ladario.jpg","width":900,"height":600,"caption":"Vista a\u00e9rea de Lad\u00e1rio (Foto: Cl\u00f3vis Neto)"},{"@type":"BreadcrumbList","@id":"https:\/\/vanderloubet.com.br\/deputado\/vander-e-zeca-anunciam-recursos-para-prefeitura-de-ladario\/#breadcrumb","itemListElement":[{"@type":"ListItem","position":1,"name":"In\u00edcio","item":"https:\/\/vanderloubet.com.br\/deputado\/"},{"@type":"ListItem","position":2,"name":"Vander e Zeca anunciam recursos para Prefeitura de Lad\u00e1rio"}]},{"@type":"WebSite","@id":"https:\/\/vanderloubet.com.br\/deputado\/#website","url":"https:\/\/vanderloubet.com.br\/deputado\/","name":"Deputado Federal Vander Loubet","description":"O Federal de MS","publisher":{"@id":"https:\/\/vanderloubet.com.br\/deputado\/#organization"},"alternateName":"Deputado Vander","potentialAction":[{"@type":"SearchAction","target":{"@type":"EntryPoint","urlTemplate":"https:\/\/vanderloubet.com.br\/deputado\/?s={search_term_string}"},"query-input":{"@type":"PropertyValueSpecification","valueRequired":true,"valueName":"search_term_string"}}],"inLanguage":"pt-BR"},{"@type":"Organization","@id":"https:\/\/vanderloubet.com.br\/deputado\/#organization","name":"Deputado Federal Vander Loubet","alternateName":"Deputado Vander","url":"https:\/\/vanderloubet.com.br\/deputado\/","logo":{"@type":"ImageObject","inLanguage":"pt-BR","@id":"https:\/\/vanderloubet.com.br\/deputado\/#\/schema\/logo\/image\/","url":"https:\/\/vanderloubet.com.br\/deputado\/wp-content\/uploads\/2023\/06\/foto-2023-06-19-mandato-deputado-vander.jpg","contentUrl":"https:\/\/vanderloubet.com.br\/deputado\/wp-content\/uploads\/2023\/06\/foto-2023-06-19-mandato-deputado-vander.jpg","width":1080,"height":1080,"caption":"Deputado Federal Vander Loubet"},"image":{"@id":"https:\/\/vanderloubet.com.br\/deputado\/#\/schema\/logo\/image\/"},"sameAs":["https:\/\/facebook.com\/deputadovander","https:\/\/x.com\/vanderloubet","https:\/\/instagram.com\/vanderloubet","https:\/\/youtube.com\/vanderloubet","https:\/\/tiktok.com\/@vanderloubetms"]},{"@type":"Person","@id":"https:\/\/vanderloubet.com.br\/deputado\/#\/schema\/person\/15b51bd564532a8a68d9dec1b8eb890e","name":"\u00c9der","image":{"@type":"ImageObject","inLanguage":"pt-BR","@id":"https:\/\/vanderloubet.com.br\/deputado\/wp-content\/litespeed\/avatar\/88ca4090d9d5ab1c9495f6ca03b68efa.jpg?ver=1777058957","url":"https:\/\/vanderloubet.com.br\/deputado\/wp-content\/litespeed\/avatar\/88ca4090d9d5ab1c9495f6ca03b68efa.jpg?ver=1777058957","contentUrl":"https:\/\/vanderloubet.com.br\/deputado\/wp-content\/litespeed\/avatar\/88ca4090d9d5ab1c9495f6ca03b68efa.jpg?ver=1777058957","caption":"\u00c9der"}}]}},"jetpack_featured_media_url":"https:\/\/vanderloubet.com.br\/deputado\/wp-content\/uploads\/2017\/06\/foto-2017-06-12-ladario.jpg","jetpack_sharing_enabled":true,"_links":{"self":[{"href":"https:\/\/vanderloubet.com.br\/deputado\/wp-json\/wp\/v2\/posts\/12784","targetHints":{"allow":["GET"]}}],"collection":[{"href":"https:\/\/vanderloubet.com.br\/deputado\/wp-json\/wp\/v2\/posts"}],"about":[{"href":"https:\/\/vanderloubet.com.br\/deputado\/wp-json\/wp\/v2\/types\/post"}],"author":[{"embeddable":true,"href":"https:\/\/vanderloubet.com.br\/deputado\/wp-json\/wp\/v2\/users\/2"}],"replies":[{"embeddable":true,"href":"https:\/\/vanderloubet.com.br\/deputado\/wp-json\/wp\/v2\/comments?post=12784"}],"version-history":[{"count":0,"href":"https:\/\/vanderloubet.com.br\/deputado\/wp-json\/wp\/v2\/posts\/12784\/revisions"}],"wp:featuredmedia":[{"embeddable":true,"href":"https:\/\/vanderloubet.com.br\/deputado\/wp-json\/wp\/v2\/media\/12785"}],"wp:attachment":[{"href":"https:\/\/vanderloubet.com.br\/deputado\/wp-json\/wp\/v2\/media?parent=12784"}],"wp:term":[{"taxonomy":"category","embeddable":true,"href":"https:\/\/vanderloubet.com.br\/deputado\/wp-json\/wp\/v2\/categories?post=12784"},{"taxonomy":"post_tag","embeddable":true,"href":"https:\/\/vanderloubet.com.br\/deputado\/wp-json\/wp\/v2\/tags?post=12784"}],"curies":[{"name":"wp","href":"https:\/\/api.w.org\/{rel}","templated":true}]}}