{"id":12780,"date":"2017-06-12T10:18:13","date_gmt":"2017-06-12T14:18:13","guid":{"rendered":"http:\/\/vanderloubet.com.br\/deputado\/?p=12780"},"modified":"2017-07-10T18:14:30","modified_gmt":"2017-07-10T22:14:30","slug":"bairro-cidade-nova-de-aquidauana-recebe-pavimentacao-e-drenagem-do-pac2","status":"publish","type":"post","link":"https:\/\/vanderloubet.com.br\/deputado\/bairro-cidade-nova-de-aquidauana-recebe-pavimentacao-e-drenagem-do-pac2\/","title":{"rendered":"Bairro Cidade Nova de Aquidauana recebe pavimenta\u00e7\u00e3o e drenagem do PAC 2"},"content":{"rendered":"\r\n                <style type=\"text\/css\">\r\n                    \r\n                    #tdi_1  .td-doubleSlider-2 .td-item1 {\r\n                        background: url(https:\/\/vanderloubet.com.br\/deputado\/wp-content\/uploads\/2017\/06\/foto-2017-06-12-pac2-aquidauna-01-80x60.jpg) 0 0 no-repeat;\r\n                    }\r\n                    #tdi_1  .td-doubleSlider-2 .td-item2 {\r\n                        background: url(https:\/\/vanderloubet.com.br\/deputado\/wp-content\/uploads\/2017\/06\/foto-2017-06-12-pac2-aquidauna-02-80x60.jpg) 0 0 no-repeat;\r\n                    }\r\n                <\/style>\r\n\r\n                <div id=\"tdi_1\" class=\"td-gallery td-slide-on-2-columns\">\r\n                    <div class=\"post_td_gallery\">\r\n                        <div class=\"td-gallery-slide-top\">\r\n                           <div class=\"td-gallery-title\"><\/div>\r\n\r\n                            <div class=\"td-gallery-controls-wrapper\">\r\n                                <div class=\"td-gallery-slide-count\"><span class=\"td-gallery-slide-item-focus\">1<\/span> de 2<\/div>\r\n                                <div class=\"td-gallery-slide-prev-next-but\">\r\n                                    <i class = \"td-icon-left doubleSliderPrevButton\"><\/i>\r\n                                    <i class = \"td-icon-right doubleSliderNextButton\"><\/i>\r\n                                <\/div>\r\n                            <\/div>\r\n                        <\/div>\r\n\r\n                        <div class = \"td-doubleSlider-1 \">\r\n                            <div class = \"td-slider\">\r\n                                \r\n                    <div class = \"td-slide-item td-item1\">\r\n                        <figure class=\"td-slide-galery-figure td-slide-popup-gallery\">\r\n                            <a class=\"slide-gallery-image-link\" href=\"https:\/\/vanderloubet.com.br\/deputado\/wp-content\/uploads\/2017\/06\/foto-2017-06-12-pac2-aquidauna-01.jpg\" title=\"Vander e Odilon visitaram as obras no dia 9 de junho\"  data-caption=\"\"  data-description=\"Vander e Odilon visitaram as obras no dia 9 de junho\">\r\n                                <img decoding=\"async\" src=\"https:\/\/vanderloubet.com.br\/deputado\/wp-content\/uploads\/2017\/06\/foto-2017-06-12-pac2-aquidauna-01-630x420.jpg\" srcset=\"https:\/\/vanderloubet.com.br\/deputado\/wp-content\/uploads\/2017\/06\/foto-2017-06-12-pac2-aquidauna-01-630x420.jpg 630w, https:\/\/vanderloubet.com.br\/deputado\/wp-content\/uploads\/2017\/06\/foto-2017-06-12-pac2-aquidauna-01-350x233.jpg 350w, https:\/\/vanderloubet.com.br\/deputado\/wp-content\/uploads\/2017\/06\/foto-2017-06-12-pac2-aquidauna-01-768x512.jpg 768w, https:\/\/vanderloubet.com.br\/deputado\/wp-content\/uploads\/2017\/06\/foto-2017-06-12-pac2-aquidauna-01-700x467.jpg 700w, https:\/\/vanderloubet.com.br\/deputado\/wp-content\/uploads\/2017\/06\/foto-2017-06-12-pac2-aquidauna-01-696x464.jpg 696w, https:\/\/vanderloubet.com.br\/deputado\/wp-content\/uploads\/2017\/06\/foto-2017-06-12-pac2-aquidauna-01.jpg 900w\" sizes=\"(max-width: 630px) 100vw, 630px\" alt=\"Vander e Odilon visitaram as obras no dia 9 de junho\">\r\n                            <\/a>\r\n                            <figcaption class = \"td-slide-caption td-gallery-slide-content\"><span>Vander e Odilon visitaram as obras no dia 9 de junho<\/span><\/figcaption>\r\n                        <\/figure>\r\n                    <\/div>\r\n                    <div class = \"td-slide-item td-item2\">\r\n                        <figure class=\"td-slide-galery-figure td-slide-popup-gallery\">\r\n                            <a class=\"slide-gallery-image-link\" href=\"https:\/\/vanderloubet.com.br\/deputado\/wp-content\/uploads\/2017\/06\/foto-2017-06-12-pac2-aquidauna-02.jpg\" title=\"Vander e Odilon visitaram as obras no dia 9 de junho\"  data-caption=\"\"  data-description=\"Vander e Odilon visitaram as obras no dia 9 de junho\">\r\n                                <img decoding=\"async\" src=\"https:\/\/vanderloubet.com.br\/deputado\/wp-content\/uploads\/2017\/06\/foto-2017-06-12-pac2-aquidauna-02-630x420.jpg\" srcset=\"https:\/\/vanderloubet.com.br\/deputado\/wp-content\/uploads\/2017\/06\/foto-2017-06-12-pac2-aquidauna-02-630x420.jpg 630w, https:\/\/vanderloubet.com.br\/deputado\/wp-content\/uploads\/2017\/06\/foto-2017-06-12-pac2-aquidauna-02-350x233.jpg 350w, https:\/\/vanderloubet.com.br\/deputado\/wp-content\/uploads\/2017\/06\/foto-2017-06-12-pac2-aquidauna-02-768x512.jpg 768w, https:\/\/vanderloubet.com.br\/deputado\/wp-content\/uploads\/2017\/06\/foto-2017-06-12-pac2-aquidauna-02-700x467.jpg 700w, https:\/\/vanderloubet.com.br\/deputado\/wp-content\/uploads\/2017\/06\/foto-2017-06-12-pac2-aquidauna-02-696x464.jpg 696w, https:\/\/vanderloubet.com.br\/deputado\/wp-content\/uploads\/2017\/06\/foto-2017-06-12-pac2-aquidauna-02.jpg 900w\" sizes=\"(max-width: 630px) 100vw, 630px\" alt=\"Vander e Odilon visitaram as obras no dia 9 de junho\">\r\n                            <\/a>\r\n                            <figcaption class = \"td-slide-caption td-gallery-slide-content\"><span>Vander e Odilon visitaram as obras no dia 9 de junho<\/span><\/figcaption>\r\n                        <\/figure>\r\n                    <\/div>\r\n                            <\/div>\r\n                        <\/div>\r\n\r\n                        <div class = \"td-doubleSlider-2\">\r\n                            <div class = \"td-slider\">\r\n                                \r\n                    <div class = \"td-button td-item1\">\r\n                        <div class = \"td-border\"><\/div>\r\n                    <\/div>\r\n                    <div class = \"td-button td-item2\">\r\n                        <div class = \"td-border\"><\/div>\r\n                    <\/div>\r\n                            <\/div>\r\n                        <\/div>\r\n\r\n                    <\/div>\r\n\r\n                <\/div>\r\n                \n<p>O momento \u00e9 de alegria e otimismo para a comunidade dos bairros Cidade Nova e Vila Eliane, em Aquidauana. Os moradores da regi\u00e3o j\u00e1 come\u00e7am a ver a chegada do t\u00e3o sonhado asfalto.<\/p>\n<p>As obras de drenagem (7.200 metros de drenagem de \u00e1guas pluviais e 4.767 metros de drenagem profunda) e pavimenta\u00e7\u00e3o asf\u00e1ltica (86 ruas &#8211; 120 mil m\u00b2) executadas pela Prefeitura s\u00e3o resultado de conv\u00eanio com o Governo Federal dentro da segunda fase do Programa de Acelera\u00e7\u00e3o do Crescimento (PAC 2), cujos recursos foram viabilizados com o apoio do deputado federal Vander Loubet em 2013.<\/p>\n<p>&#8220;Na \u00e9poca foi uma grande vit\u00f3ria a conquista dessa verba pela modalidade de Qualifica\u00e7\u00e3o de Vias Urbanas do PAC 2. Foi fruto de um trabalho intenso junto ao Minist\u00e9rio das Cidades e \u00e0 Presid\u00eancia da Rep\u00fablica&#8221;, destaca Vander, que visitou a obra na sexta-feira (9) acompanhado pelo prefeito Odilon Ribeiro.<\/p>\n<p>Est\u00e3o sendo investidos R$ 13.468.280 &#8211; R$ 12.794.866 do PAC 2 e contrapartida da Prefeitura no valor de R$ 673.414. A empresa respons\u00e1vel pela execu\u00e7\u00e3o da obra \u00e9 a Pactual Engenharia.<\/p>\n<p>Al\u00e9m dos recursos do PAC 2, a a\u00e7\u00e3o da Prefeitura conta ainda com a parceria do Governo do Estado, que est\u00e1 viabilizando a expans\u00e3o da rede coletora de esgoto na regi\u00e3o por meio da Empresa de Saneamento do Estado (Sanesul). Est\u00e3o sendo constru\u00eddos mais 13 mil metros de novas redes coletoras de esgoto com previs\u00e3o inicial de 679 liga\u00e7\u00f5es domiciliares. O investimento \u00e9 de R$ 2.826.702.<\/p>\n<p>O prefeito Odilon e o gerente de planejamento Ronaldo \u00c2ngelo acompanham diariamente o andamento dos trabalhos. &#8220;Est\u00e1 sendo consolidado um sonho da comunidade desta regi\u00e3o. \u00c9 somente o come\u00e7o, tem muita coisa para acontecer\u201d, declarou o prefeito. A previs\u00e3o de dura\u00e7\u00e3o de todo o trabalho \u00e9 de 18 meses.<\/p>\n<p><em>(Fonte: Agecom\/Prefeitura de Aquidauana)<\/em><\/p>\n","protected":false},"excerpt":{"rendered":"<p>Est\u00e3o sendo investidos R$ 13,4 milh\u00f5es, dos quais R$ 12,8 foram viabilizados com apoio do deputado Vander Loubet.<\/p>\n","protected":false},"author":2,"featured_media":12781,"comment_status":"closed","ping_status":"closed","sticky":false,"template":"","format":"standard","meta":{"jetpack_post_was_ever_published":false,"_jetpack_newsletter_access":"","_jetpack_dont_email_post_to_subs":false,"_jetpack_newsletter_tier_id":0,"_jetpack_memberships_contains_paywalled_content":false,"_jetpack_memberships_contains_paid_content":false,"footnotes":""},"categories":[2097,10],"tags":[2334,1446,2152],"class_list":{"0":"post-12780","1":"post","2":"type-post","3":"status-publish","4":"format-standard","5":"has-post-thumbnail","7":"category-municipios-noticias","8":"category-noticias","9":"tag-infraestrutura-urbana","10":"tag-pac-2","11":"tag-qualificacao-de-vias-urbanas"},"yoast_head":"<!-- This site is optimized with the Yoast SEO plugin v27.4 - https:\/\/yoast.com\/product\/yoast-seo-wordpress\/ -->\n<title>Bairro Cidade Nova de Aquidauana recebe pavimenta\u00e7\u00e3o e drenagem do PAC 2<\/title>\n<meta name=\"robots\" content=\"index, follow, max-snippet:-1, max-image-preview:large, max-video-preview:-1\" \/>\n<link rel=\"canonical\" href=\"https:\/\/vanderloubet.com.br\/deputado\/bairro-cidade-nova-de-aquidauana-recebe-pavimentacao-e-drenagem-do-pac2\/\" \/>\n<meta property=\"og:locale\" content=\"pt_BR\" \/>\n<meta property=\"og:type\" content=\"article\" \/>\n<meta property=\"og:title\" content=\"Bairro Cidade Nova de Aquidauana recebe pavimenta\u00e7\u00e3o e drenagem do PAC 2\" \/>\n<meta property=\"og:description\" content=\"Est\u00e3o sendo investidos R$ 13,4 milh\u00f5es, dos quais R$ 12,8 foram viabilizados com apoio do deputado Vander Loubet.\" \/>\n<meta property=\"og:url\" content=\"https:\/\/vanderloubet.com.br\/deputado\/bairro-cidade-nova-de-aquidauana-recebe-pavimentacao-e-drenagem-do-pac2\/\" \/>\n<meta property=\"og:site_name\" content=\"Deputado Federal Vander Loubet\" \/>\n<meta property=\"article:publisher\" content=\"https:\/\/facebook.com\/deputadovander\" \/>\n<meta property=\"article:published_time\" content=\"2017-06-12T14:18:13+00:00\" \/>\n<meta property=\"article:modified_time\" content=\"2017-07-10T22:14:30+00:00\" \/>\n<meta property=\"og:image\" content=\"https:\/\/vanderloubet.com.br\/deputado\/wp-content\/uploads\/2017\/06\/foto-2017-06-12-pac2-aquidauna-01.jpg\" \/>\n\t<meta property=\"og:image:width\" content=\"900\" \/>\n\t<meta property=\"og:image:height\" content=\"600\" \/>\n\t<meta property=\"og:image:type\" content=\"image\/jpeg\" \/>\n<meta name=\"author\" content=\"\u00c9der\" \/>\n<meta name=\"twitter:card\" content=\"summary_large_image\" \/>\n<meta name=\"twitter:creator\" content=\"@vanderloubet\" \/>\n<meta name=\"twitter:site\" content=\"@vanderloubet\" \/>\n<script type=\"application\/ld+json\" class=\"yoast-schema-graph\">{\"@context\":\"https:\\\/\\\/schema.org\",\"@graph\":[{\"@type\":\"Article\",\"@id\":\"https:\\\/\\\/vanderloubet.com.br\\\/deputado\\\/bairro-cidade-nova-de-aquidauana-recebe-pavimentacao-e-drenagem-do-pac2\\\/#article\",\"isPartOf\":{\"@id\":\"https:\\\/\\\/vanderloubet.com.br\\\/deputado\\\/bairro-cidade-nova-de-aquidauana-recebe-pavimentacao-e-drenagem-do-pac2\\\/\"},\"author\":{\"name\":\"\u00c9der\",\"@id\":\"https:\\\/\\\/vanderloubet.com.br\\\/deputado\\\/#\\\/schema\\\/person\\\/15b51bd564532a8a68d9dec1b8eb890e\"},\"headline\":\"Bairro Cidade Nova de Aquidauana recebe pavimenta\u00e7\u00e3o e drenagem do PAC 2\",\"datePublished\":\"2017-06-12T14:18:13+00:00\",\"dateModified\":\"2017-07-10T22:14:30+00:00\",\"mainEntityOfPage\":{\"@id\":\"https:\\\/\\\/vanderloubet.com.br\\\/deputado\\\/bairro-cidade-nova-de-aquidauana-recebe-pavimentacao-e-drenagem-do-pac2\\\/\"},\"wordCount\":323,\"publisher\":{\"@id\":\"https:\\\/\\\/vanderloubet.com.br\\\/deputado\\\/#organization\"},\"image\":{\"@id\":\"https:\\\/\\\/vanderloubet.com.br\\\/deputado\\\/bairro-cidade-nova-de-aquidauana-recebe-pavimentacao-e-drenagem-do-pac2\\\/#primaryimage\"},\"thumbnailUrl\":\"https:\\\/\\\/vanderloubet.com.br\\\/deputado\\\/wp-content\\\/uploads\\\/2017\\\/06\\\/foto-2017-06-12-pac2-aquidauna-01.jpg\",\"keywords\":[\"infraestrutura urbana\",\"pac 2\",\"qualifica\u00e7\u00e3o de vias urbanas\"],\"articleSection\":[\"Munic\u00edpios\",\"Not\u00edcias\"],\"inLanguage\":\"pt-BR\"},{\"@type\":\"WebPage\",\"@id\":\"https:\\\/\\\/vanderloubet.com.br\\\/deputado\\\/bairro-cidade-nova-de-aquidauana-recebe-pavimentacao-e-drenagem-do-pac2\\\/\",\"url\":\"https:\\\/\\\/vanderloubet.com.br\\\/deputado\\\/bairro-cidade-nova-de-aquidauana-recebe-pavimentacao-e-drenagem-do-pac2\\\/\",\"name\":\"Bairro Cidade Nova de Aquidauana recebe pavimenta\u00e7\u00e3o e drenagem do PAC 2\",\"isPartOf\":{\"@id\":\"https:\\\/\\\/vanderloubet.com.br\\\/deputado\\\/#website\"},\"primaryImageOfPage\":{\"@id\":\"https:\\\/\\\/vanderloubet.com.br\\\/deputado\\\/bairro-cidade-nova-de-aquidauana-recebe-pavimentacao-e-drenagem-do-pac2\\\/#primaryimage\"},\"image\":{\"@id\":\"https:\\\/\\\/vanderloubet.com.br\\\/deputado\\\/bairro-cidade-nova-de-aquidauana-recebe-pavimentacao-e-drenagem-do-pac2\\\/#primaryimage\"},\"thumbnailUrl\":\"https:\\\/\\\/vanderloubet.com.br\\\/deputado\\\/wp-content\\\/uploads\\\/2017\\\/06\\\/foto-2017-06-12-pac2-aquidauna-01.jpg\",\"datePublished\":\"2017-06-12T14:18:13+00:00\",\"dateModified\":\"2017-07-10T22:14:30+00:00\",\"breadcrumb\":{\"@id\":\"https:\\\/\\\/vanderloubet.com.br\\\/deputado\\\/bairro-cidade-nova-de-aquidauana-recebe-pavimentacao-e-drenagem-do-pac2\\\/#breadcrumb\"},\"inLanguage\":\"pt-BR\",\"potentialAction\":[{\"@type\":\"ReadAction\",\"target\":[\"https:\\\/\\\/vanderloubet.com.br\\\/deputado\\\/bairro-cidade-nova-de-aquidauana-recebe-pavimentacao-e-drenagem-do-pac2\\\/\"]}]},{\"@type\":\"ImageObject\",\"inLanguage\":\"pt-BR\",\"@id\":\"https:\\\/\\\/vanderloubet.com.br\\\/deputado\\\/bairro-cidade-nova-de-aquidauana-recebe-pavimentacao-e-drenagem-do-pac2\\\/#primaryimage\",\"url\":\"https:\\\/\\\/vanderloubet.com.br\\\/deputado\\\/wp-content\\\/uploads\\\/2017\\\/06\\\/foto-2017-06-12-pac2-aquidauna-01.jpg\",\"contentUrl\":\"https:\\\/\\\/vanderloubet.com.br\\\/deputado\\\/wp-content\\\/uploads\\\/2017\\\/06\\\/foto-2017-06-12-pac2-aquidauna-01.jpg\",\"width\":900,\"height\":600,\"caption\":\"Vander e Odilon visitaram as obras no dia 9 de junho\"},{\"@type\":\"BreadcrumbList\",\"@id\":\"https:\\\/\\\/vanderloubet.com.br\\\/deputado\\\/bairro-cidade-nova-de-aquidauana-recebe-pavimentacao-e-drenagem-do-pac2\\\/#breadcrumb\",\"itemListElement\":[{\"@type\":\"ListItem\",\"position\":1,\"name\":\"In\u00edcio\",\"item\":\"https:\\\/\\\/vanderloubet.com.br\\\/deputado\\\/\"},{\"@type\":\"ListItem\",\"position\":2,\"name\":\"Bairro Cidade Nova de Aquidauana recebe pavimenta\u00e7\u00e3o e drenagem do PAC 2\"}]},{\"@type\":\"WebSite\",\"@id\":\"https:\\\/\\\/vanderloubet.com.br\\\/deputado\\\/#website\",\"url\":\"https:\\\/\\\/vanderloubet.com.br\\\/deputado\\\/\",\"name\":\"Deputado Federal Vander Loubet\",\"description\":\"O Federal de MS\",\"publisher\":{\"@id\":\"https:\\\/\\\/vanderloubet.com.br\\\/deputado\\\/#organization\"},\"alternateName\":\"Deputado Vander\",\"potentialAction\":[{\"@type\":\"SearchAction\",\"target\":{\"@type\":\"EntryPoint\",\"urlTemplate\":\"https:\\\/\\\/vanderloubet.com.br\\\/deputado\\\/?s={search_term_string}\"},\"query-input\":{\"@type\":\"PropertyValueSpecification\",\"valueRequired\":true,\"valueName\":\"search_term_string\"}}],\"inLanguage\":\"pt-BR\"},{\"@type\":\"Organization\",\"@id\":\"https:\\\/\\\/vanderloubet.com.br\\\/deputado\\\/#organization\",\"name\":\"Deputado Federal Vander Loubet\",\"alternateName\":\"Deputado Vander\",\"url\":\"https:\\\/\\\/vanderloubet.com.br\\\/deputado\\\/\",\"logo\":{\"@type\":\"ImageObject\",\"inLanguage\":\"pt-BR\",\"@id\":\"https:\\\/\\\/vanderloubet.com.br\\\/deputado\\\/#\\\/schema\\\/logo\\\/image\\\/\",\"url\":\"https:\\\/\\\/vanderloubet.com.br\\\/deputado\\\/wp-content\\\/uploads\\\/2023\\\/06\\\/foto-2023-06-19-mandato-deputado-vander.jpg\",\"contentUrl\":\"https:\\\/\\\/vanderloubet.com.br\\\/deputado\\\/wp-content\\\/uploads\\\/2023\\\/06\\\/foto-2023-06-19-mandato-deputado-vander.jpg\",\"width\":1080,\"height\":1080,\"caption\":\"Deputado Federal Vander Loubet\"},\"image\":{\"@id\":\"https:\\\/\\\/vanderloubet.com.br\\\/deputado\\\/#\\\/schema\\\/logo\\\/image\\\/\"},\"sameAs\":[\"https:\\\/\\\/facebook.com\\\/deputadovander\",\"https:\\\/\\\/x.com\\\/vanderloubet\",\"https:\\\/\\\/instagram.com\\\/vanderloubet\",\"https:\\\/\\\/youtube.com\\\/vanderloubet\",\"https:\\\/\\\/tiktok.com\\\/@vanderloubetms\"]},{\"@type\":\"Person\",\"@id\":\"https:\\\/\\\/vanderloubet.com.br\\\/deputado\\\/#\\\/schema\\\/person\\\/15b51bd564532a8a68d9dec1b8eb890e\",\"name\":\"\u00c9der\",\"image\":{\"@type\":\"ImageObject\",\"inLanguage\":\"pt-BR\",\"@id\":\"https:\\\/\\\/vanderloubet.com.br\\\/deputado\\\/wp-content\\\/litespeed\\\/avatar\\\/88ca4090d9d5ab1c9495f6ca03b68efa.jpg?ver=1777058957\",\"url\":\"https:\\\/\\\/vanderloubet.com.br\\\/deputado\\\/wp-content\\\/litespeed\\\/avatar\\\/88ca4090d9d5ab1c9495f6ca03b68efa.jpg?ver=1777058957\",\"contentUrl\":\"https:\\\/\\\/vanderloubet.com.br\\\/deputado\\\/wp-content\\\/litespeed\\\/avatar\\\/88ca4090d9d5ab1c9495f6ca03b68efa.jpg?ver=1777058957\",\"caption\":\"\u00c9der\"}}]}<\/script>\n<!-- \/ Yoast SEO plugin. -->","yoast_head_json":{"title":"Bairro Cidade Nova de Aquidauana recebe pavimenta\u00e7\u00e3o e drenagem do PAC 2","robots":{"index":"index","follow":"follow","max-snippet":"max-snippet:-1","max-image-preview":"max-image-preview:large","max-video-preview":"max-video-preview:-1"},"canonical":"https:\/\/vanderloubet.com.br\/deputado\/bairro-cidade-nova-de-aquidauana-recebe-pavimentacao-e-drenagem-do-pac2\/","og_locale":"pt_BR","og_type":"article","og_title":"Bairro Cidade Nova de Aquidauana recebe pavimenta\u00e7\u00e3o e drenagem do PAC 2","og_description":"Est\u00e3o sendo investidos R$ 13,4 milh\u00f5es, dos quais R$ 12,8 foram viabilizados com apoio do deputado Vander Loubet.","og_url":"https:\/\/vanderloubet.com.br\/deputado\/bairro-cidade-nova-de-aquidauana-recebe-pavimentacao-e-drenagem-do-pac2\/","og_site_name":"Deputado Federal Vander Loubet","article_publisher":"https:\/\/facebook.com\/deputadovander","article_published_time":"2017-06-12T14:18:13+00:00","article_modified_time":"2017-07-10T22:14:30+00:00","og_image":[{"width":900,"height":600,"url":"https:\/\/vanderloubet.com.br\/deputado\/wp-content\/uploads\/2017\/06\/foto-2017-06-12-pac2-aquidauna-01.jpg","type":"image\/jpeg"}],"author":"\u00c9der","twitter_card":"summary_large_image","twitter_creator":"@vanderloubet","twitter_site":"@vanderloubet","schema":{"@context":"https:\/\/schema.org","@graph":[{"@type":"Article","@id":"https:\/\/vanderloubet.com.br\/deputado\/bairro-cidade-nova-de-aquidauana-recebe-pavimentacao-e-drenagem-do-pac2\/#article","isPartOf":{"@id":"https:\/\/vanderloubet.com.br\/deputado\/bairro-cidade-nova-de-aquidauana-recebe-pavimentacao-e-drenagem-do-pac2\/"},"author":{"name":"\u00c9der","@id":"https:\/\/vanderloubet.com.br\/deputado\/#\/schema\/person\/15b51bd564532a8a68d9dec1b8eb890e"},"headline":"Bairro Cidade Nova de Aquidauana recebe pavimenta\u00e7\u00e3o e drenagem do PAC 2","datePublished":"2017-06-12T14:18:13+00:00","dateModified":"2017-07-10T22:14:30+00:00","mainEntityOfPage":{"@id":"https:\/\/vanderloubet.com.br\/deputado\/bairro-cidade-nova-de-aquidauana-recebe-pavimentacao-e-drenagem-do-pac2\/"},"wordCount":323,"publisher":{"@id":"https:\/\/vanderloubet.com.br\/deputado\/#organization"},"image":{"@id":"https:\/\/vanderloubet.com.br\/deputado\/bairro-cidade-nova-de-aquidauana-recebe-pavimentacao-e-drenagem-do-pac2\/#primaryimage"},"thumbnailUrl":"https:\/\/vanderloubet.com.br\/deputado\/wp-content\/uploads\/2017\/06\/foto-2017-06-12-pac2-aquidauna-01.jpg","keywords":["infraestrutura urbana","pac 2","qualifica\u00e7\u00e3o de vias urbanas"],"articleSection":["Munic\u00edpios","Not\u00edcias"],"inLanguage":"pt-BR"},{"@type":"WebPage","@id":"https:\/\/vanderloubet.com.br\/deputado\/bairro-cidade-nova-de-aquidauana-recebe-pavimentacao-e-drenagem-do-pac2\/","url":"https:\/\/vanderloubet.com.br\/deputado\/bairro-cidade-nova-de-aquidauana-recebe-pavimentacao-e-drenagem-do-pac2\/","name":"Bairro Cidade Nova de Aquidauana recebe pavimenta\u00e7\u00e3o e drenagem do PAC 2","isPartOf":{"@id":"https:\/\/vanderloubet.com.br\/deputado\/#website"},"primaryImageOfPage":{"@id":"https:\/\/vanderloubet.com.br\/deputado\/bairro-cidade-nova-de-aquidauana-recebe-pavimentacao-e-drenagem-do-pac2\/#primaryimage"},"image":{"@id":"https:\/\/vanderloubet.com.br\/deputado\/bairro-cidade-nova-de-aquidauana-recebe-pavimentacao-e-drenagem-do-pac2\/#primaryimage"},"thumbnailUrl":"https:\/\/vanderloubet.com.br\/deputado\/wp-content\/uploads\/2017\/06\/foto-2017-06-12-pac2-aquidauna-01.jpg","datePublished":"2017-06-12T14:18:13+00:00","dateModified":"2017-07-10T22:14:30+00:00","breadcrumb":{"@id":"https:\/\/vanderloubet.com.br\/deputado\/bairro-cidade-nova-de-aquidauana-recebe-pavimentacao-e-drenagem-do-pac2\/#breadcrumb"},"inLanguage":"pt-BR","potentialAction":[{"@type":"ReadAction","target":["https:\/\/vanderloubet.com.br\/deputado\/bairro-cidade-nova-de-aquidauana-recebe-pavimentacao-e-drenagem-do-pac2\/"]}]},{"@type":"ImageObject","inLanguage":"pt-BR","@id":"https:\/\/vanderloubet.com.br\/deputado\/bairro-cidade-nova-de-aquidauana-recebe-pavimentacao-e-drenagem-do-pac2\/#primaryimage","url":"https:\/\/vanderloubet.com.br\/deputado\/wp-content\/uploads\/2017\/06\/foto-2017-06-12-pac2-aquidauna-01.jpg","contentUrl":"https:\/\/vanderloubet.com.br\/deputado\/wp-content\/uploads\/2017\/06\/foto-2017-06-12-pac2-aquidauna-01.jpg","width":900,"height":600,"caption":"Vander e Odilon visitaram as obras no dia 9 de junho"},{"@type":"BreadcrumbList","@id":"https:\/\/vanderloubet.com.br\/deputado\/bairro-cidade-nova-de-aquidauana-recebe-pavimentacao-e-drenagem-do-pac2\/#breadcrumb","itemListElement":[{"@type":"ListItem","position":1,"name":"In\u00edcio","item":"https:\/\/vanderloubet.com.br\/deputado\/"},{"@type":"ListItem","position":2,"name":"Bairro Cidade Nova de Aquidauana recebe pavimenta\u00e7\u00e3o e drenagem do PAC 2"}]},{"@type":"WebSite","@id":"https:\/\/vanderloubet.com.br\/deputado\/#website","url":"https:\/\/vanderloubet.com.br\/deputado\/","name":"Deputado Federal Vander Loubet","description":"O Federal de MS","publisher":{"@id":"https:\/\/vanderloubet.com.br\/deputado\/#organization"},"alternateName":"Deputado Vander","potentialAction":[{"@type":"SearchAction","target":{"@type":"EntryPoint","urlTemplate":"https:\/\/vanderloubet.com.br\/deputado\/?s={search_term_string}"},"query-input":{"@type":"PropertyValueSpecification","valueRequired":true,"valueName":"search_term_string"}}],"inLanguage":"pt-BR"},{"@type":"Organization","@id":"https:\/\/vanderloubet.com.br\/deputado\/#organization","name":"Deputado Federal Vander Loubet","alternateName":"Deputado Vander","url":"https:\/\/vanderloubet.com.br\/deputado\/","logo":{"@type":"ImageObject","inLanguage":"pt-BR","@id":"https:\/\/vanderloubet.com.br\/deputado\/#\/schema\/logo\/image\/","url":"https:\/\/vanderloubet.com.br\/deputado\/wp-content\/uploads\/2023\/06\/foto-2023-06-19-mandato-deputado-vander.jpg","contentUrl":"https:\/\/vanderloubet.com.br\/deputado\/wp-content\/uploads\/2023\/06\/foto-2023-06-19-mandato-deputado-vander.jpg","width":1080,"height":1080,"caption":"Deputado Federal Vander Loubet"},"image":{"@id":"https:\/\/vanderloubet.com.br\/deputado\/#\/schema\/logo\/image\/"},"sameAs":["https:\/\/facebook.com\/deputadovander","https:\/\/x.com\/vanderloubet","https:\/\/instagram.com\/vanderloubet","https:\/\/youtube.com\/vanderloubet","https:\/\/tiktok.com\/@vanderloubetms"]},{"@type":"Person","@id":"https:\/\/vanderloubet.com.br\/deputado\/#\/schema\/person\/15b51bd564532a8a68d9dec1b8eb890e","name":"\u00c9der","image":{"@type":"ImageObject","inLanguage":"pt-BR","@id":"https:\/\/vanderloubet.com.br\/deputado\/wp-content\/litespeed\/avatar\/88ca4090d9d5ab1c9495f6ca03b68efa.jpg?ver=1777058957","url":"https:\/\/vanderloubet.com.br\/deputado\/wp-content\/litespeed\/avatar\/88ca4090d9d5ab1c9495f6ca03b68efa.jpg?ver=1777058957","contentUrl":"https:\/\/vanderloubet.com.br\/deputado\/wp-content\/litespeed\/avatar\/88ca4090d9d5ab1c9495f6ca03b68efa.jpg?ver=1777058957","caption":"\u00c9der"}}]}},"jetpack_featured_media_url":"https:\/\/vanderloubet.com.br\/deputado\/wp-content\/uploads\/2017\/06\/foto-2017-06-12-pac2-aquidauna-01.jpg","jetpack_sharing_enabled":true,"_links":{"self":[{"href":"https:\/\/vanderloubet.com.br\/deputado\/wp-json\/wp\/v2\/posts\/12780","targetHints":{"allow":["GET"]}}],"collection":[{"href":"https:\/\/vanderloubet.com.br\/deputado\/wp-json\/wp\/v2\/posts"}],"about":[{"href":"https:\/\/vanderloubet.com.br\/deputado\/wp-json\/wp\/v2\/types\/post"}],"author":[{"embeddable":true,"href":"https:\/\/vanderloubet.com.br\/deputado\/wp-json\/wp\/v2\/users\/2"}],"replies":[{"embeddable":true,"href":"https:\/\/vanderloubet.com.br\/deputado\/wp-json\/wp\/v2\/comments?post=12780"}],"version-history":[{"count":0,"href":"https:\/\/vanderloubet.com.br\/deputado\/wp-json\/wp\/v2\/posts\/12780\/revisions"}],"wp:featuredmedia":[{"embeddable":true,"href":"https:\/\/vanderloubet.com.br\/deputado\/wp-json\/wp\/v2\/media\/12781"}],"wp:attachment":[{"href":"https:\/\/vanderloubet.com.br\/deputado\/wp-json\/wp\/v2\/media?parent=12780"}],"wp:term":[{"taxonomy":"category","embeddable":true,"href":"https:\/\/vanderloubet.com.br\/deputado\/wp-json\/wp\/v2\/categories?post=12780"},{"taxonomy":"post_tag","embeddable":true,"href":"https:\/\/vanderloubet.com.br\/deputado\/wp-json\/wp\/v2\/tags?post=12780"}],"curies":[{"name":"wp","href":"https:\/\/api.w.org\/{rel}","templated":true}]}}