{"id":12704,"date":"2017-05-25T22:33:21","date_gmt":"2017-05-26T02:33:21","guid":{"rendered":"http:\/\/vanderloubet.com.br\/deputado\/?p=12704"},"modified":"2017-05-25T22:35:27","modified_gmt":"2017-05-26T02:35:27","slug":"kartodromo-viabilizado-por-vander-em-mundo-novo-tera-primeiras-corridas","status":"publish","type":"post","link":"https:\/\/vanderloubet.com.br\/deputado\/kartodromo-viabilizado-por-vander-em-mundo-novo-tera-primeiras-corridas\/","title":{"rendered":"Kart\u00f3dromo viabilizado por Vander em Mundo Novo ter\u00e1 primeiras corridas"},"content":{"rendered":"<figure id=\"attachment_12705\" aria-describedby=\"caption-attachment-12705\" style=\"width: 700px\" class=\"wp-caption alignnone\"><img decoding=\"async\" class=\"wp-image-12705 size-large\" title=\"Uma das categorias que ser\u00e3o disputadas \u00e9 a Stock 125\" src=\"http:\/\/vanderloubet.com.br\/deputado\/wp-content\/uploads\/2017\/05\/foto-2017-05-26-kart-700x467.jpg\" alt=\"Uma das categorias que ser\u00e3o disputadas \u00e9 a Stock 125\" width=\"700\" height=\"467\" srcset=\"https:\/\/vanderloubet.com.br\/deputado\/wp-content\/uploads\/2017\/05\/foto-2017-05-26-kart-700x467.jpg 700w, https:\/\/vanderloubet.com.br\/deputado\/wp-content\/uploads\/2017\/05\/foto-2017-05-26-kart-350x233.jpg 350w, https:\/\/vanderloubet.com.br\/deputado\/wp-content\/uploads\/2017\/05\/foto-2017-05-26-kart-768x512.jpg 768w, https:\/\/vanderloubet.com.br\/deputado\/wp-content\/uploads\/2017\/05\/foto-2017-05-26-kart-630x420.jpg 630w, https:\/\/vanderloubet.com.br\/deputado\/wp-content\/uploads\/2017\/05\/foto-2017-05-26-kart-696x464.jpg 696w, https:\/\/vanderloubet.com.br\/deputado\/wp-content\/uploads\/2017\/05\/foto-2017-05-26-kart.jpg 900w\" sizes=\"(max-width: 700px) 100vw, 700px\" \/><figcaption id=\"caption-attachment-12705\" class=\"wp-caption-text\">Uma das categorias que ser\u00e3o disputadas \u00e9 a Stock 125<\/figcaption><\/figure>\n<p>Nos dias 27 e 28 deste m\u00eas (s\u00e1bado e domingo), a Prefeitura Municipal e a Associa\u00e7\u00e3o de Kart Amador de Mundo Novo (Akamu) realizam a 1\u00aa Copa Mundo Novo de Kart, que marca a abertura do Kart\u00f3dromo Municipal para competi\u00e7\u00f5es. A pista foi viabilizada por meio de uma emenda parlamentar do deputado federal Vander Loubet pelo Minist\u00e9rio do Esporte.<\/p>\n<p>O conv\u00eanio entre Prefeitura e Governo Federal soma quase R$ 402.500,00 &#8211; R$ 390 mil s\u00e3o da emenda do deputado e R$ 12.500,00 s\u00e3o da contrapartida do Munic\u00edpio.<\/p>\n<p>A constru\u00e7\u00e3o do kart\u00f3dromo atendeu a um pedido da gest\u00e3o do prefeito Humberto Amaducci e do vice-prefeito Nivaldo Marques, do ex-vereador Aleamir Biazussi e do vereador Alfonso Lavarda, que era secret\u00e1rio municipal de Obras quando a pista come\u00e7ou a ser constru\u00edda.<\/p>\n<p>A competi\u00e7\u00e3o contar\u00e1 com pilotos de Mato Grosso do Sul e do estado vizinho Paran\u00e1. Ser\u00e3o disputadas provas em cinco categorias: Stock 125 A, Stock 125 B, Homda S4 Original, Batom e For\u00e7a Livre\/RD. Os treinos livres come\u00e7am no s\u00e1bado a partir das 14 horas. No domingo as provas come\u00e7as \u00e0s 9 horas. O evento contar\u00e1 tamb\u00e9m com show musical da banda Dazantiga.<\/p>\n<p>Localizada no Bairro S\u00e3o Jorge, na Avenida Sidney Gir\u00e3o, a pista municipal de kart cobre uma \u00e1rea de 5.531 m\u00b2 (6.740 m\u00b2 considerando o gramado nos arredores).<\/p>\n<p><em>(\u00c9der Yanaguita &#8211; Ascom\/Dep. Vander Loubet)<\/em><\/p>\n","protected":false},"excerpt":{"rendered":"<p>Conv\u00eanio para constru\u00e7\u00e3o da pista soma R$ 402,5 mil &#8211; R$ 390 mil se referem a uma emenda parlamentar do deputado.<\/p>\n","protected":false},"author":2,"featured_media":12705,"comment_status":"closed","ping_status":"closed","sticky":false,"template":"","format":"standard","meta":{"jetpack_post_was_ever_published":false,"_jetpack_newsletter_access":"","_jetpack_dont_email_post_to_subs":false,"_jetpack_newsletter_tier_id":0,"_jetpack_memberships_contains_paywalled_content":false,"_jetpack_memberships_contains_paid_content":false,"footnotes":""},"categories":[2097,10],"tags":[2377,2127,2305],"class_list":{"0":"post-12704","1":"post","2":"type-post","3":"status-publish","4":"format-standard","5":"has-post-thumbnail","7":"category-municipios-noticias","8":"category-noticias","9":"tag-automobilismo","10":"tag-emenda-parlamentar","11":"tag-esporte-e-lazer"},"yoast_head":"<!-- This site is optimized with the Yoast SEO plugin v27.4 - https:\/\/yoast.com\/product\/yoast-seo-wordpress\/ -->\n<title>Kart\u00f3dromo viabilizado por Vander em Mundo Novo ter\u00e1 primeiras corridas<\/title>\n<meta name=\"robots\" content=\"index, follow, max-snippet:-1, max-image-preview:large, max-video-preview:-1\" \/>\n<link rel=\"canonical\" href=\"https:\/\/vanderloubet.com.br\/deputado\/kartodromo-viabilizado-por-vander-em-mundo-novo-tera-primeiras-corridas\/\" \/>\n<meta property=\"og:locale\" content=\"pt_BR\" \/>\n<meta property=\"og:type\" content=\"article\" \/>\n<meta property=\"og:title\" content=\"Kart\u00f3dromo viabilizado por Vander em Mundo Novo ter\u00e1 primeiras corridas\" \/>\n<meta property=\"og:description\" content=\"Conv\u00eanio para constru\u00e7\u00e3o da pista soma R$ 402,5 mil - R$ 390 mil se referem a uma emenda parlamentar do deputado.\" \/>\n<meta property=\"og:url\" content=\"https:\/\/vanderloubet.com.br\/deputado\/kartodromo-viabilizado-por-vander-em-mundo-novo-tera-primeiras-corridas\/\" \/>\n<meta property=\"og:site_name\" content=\"Deputado Federal Vander Loubet\" \/>\n<meta property=\"article:publisher\" content=\"https:\/\/facebook.com\/deputadovander\" \/>\n<meta property=\"article:published_time\" content=\"2017-05-26T02:33:21+00:00\" \/>\n<meta property=\"article:modified_time\" content=\"2017-05-26T02:35:27+00:00\" \/>\n<meta property=\"og:image\" content=\"https:\/\/vanderloubet.com.br\/deputado\/wp-content\/uploads\/2017\/05\/foto-2017-05-26-kart.jpg\" \/>\n\t<meta property=\"og:image:width\" content=\"900\" \/>\n\t<meta property=\"og:image:height\" content=\"600\" \/>\n\t<meta property=\"og:image:type\" content=\"image\/jpeg\" \/>\n<meta name=\"author\" content=\"\u00c9der\" \/>\n<meta name=\"twitter:card\" content=\"summary_large_image\" \/>\n<meta name=\"twitter:creator\" content=\"@vanderloubet\" \/>\n<meta name=\"twitter:site\" content=\"@vanderloubet\" \/>\n<script type=\"application\/ld+json\" class=\"yoast-schema-graph\">{\"@context\":\"https:\\\/\\\/schema.org\",\"@graph\":[{\"@type\":\"Article\",\"@id\":\"https:\\\/\\\/vanderloubet.com.br\\\/deputado\\\/kartodromo-viabilizado-por-vander-em-mundo-novo-tera-primeiras-corridas\\\/#article\",\"isPartOf\":{\"@id\":\"https:\\\/\\\/vanderloubet.com.br\\\/deputado\\\/kartodromo-viabilizado-por-vander-em-mundo-novo-tera-primeiras-corridas\\\/\"},\"author\":{\"name\":\"\u00c9der\",\"@id\":\"https:\\\/\\\/vanderloubet.com.br\\\/deputado\\\/#\\\/schema\\\/person\\\/15b51bd564532a8a68d9dec1b8eb890e\"},\"headline\":\"Kart\u00f3dromo viabilizado por Vander em Mundo Novo ter\u00e1 primeiras corridas\",\"datePublished\":\"2017-05-26T02:33:21+00:00\",\"dateModified\":\"2017-05-26T02:35:27+00:00\",\"mainEntityOfPage\":{\"@id\":\"https:\\\/\\\/vanderloubet.com.br\\\/deputado\\\/kartodromo-viabilizado-por-vander-em-mundo-novo-tera-primeiras-corridas\\\/\"},\"wordCount\":266,\"publisher\":{\"@id\":\"https:\\\/\\\/vanderloubet.com.br\\\/deputado\\\/#organization\"},\"image\":{\"@id\":\"https:\\\/\\\/vanderloubet.com.br\\\/deputado\\\/kartodromo-viabilizado-por-vander-em-mundo-novo-tera-primeiras-corridas\\\/#primaryimage\"},\"thumbnailUrl\":\"https:\\\/\\\/vanderloubet.com.br\\\/deputado\\\/wp-content\\\/uploads\\\/2017\\\/05\\\/foto-2017-05-26-kart.jpg\",\"keywords\":[\"automobilismo\",\"emenda parlamentar\",\"esporte e lazer\"],\"articleSection\":[\"Munic\u00edpios\",\"Not\u00edcias\"],\"inLanguage\":\"pt-BR\"},{\"@type\":\"WebPage\",\"@id\":\"https:\\\/\\\/vanderloubet.com.br\\\/deputado\\\/kartodromo-viabilizado-por-vander-em-mundo-novo-tera-primeiras-corridas\\\/\",\"url\":\"https:\\\/\\\/vanderloubet.com.br\\\/deputado\\\/kartodromo-viabilizado-por-vander-em-mundo-novo-tera-primeiras-corridas\\\/\",\"name\":\"Kart\u00f3dromo viabilizado por Vander em Mundo Novo ter\u00e1 primeiras corridas\",\"isPartOf\":{\"@id\":\"https:\\\/\\\/vanderloubet.com.br\\\/deputado\\\/#website\"},\"primaryImageOfPage\":{\"@id\":\"https:\\\/\\\/vanderloubet.com.br\\\/deputado\\\/kartodromo-viabilizado-por-vander-em-mundo-novo-tera-primeiras-corridas\\\/#primaryimage\"},\"image\":{\"@id\":\"https:\\\/\\\/vanderloubet.com.br\\\/deputado\\\/kartodromo-viabilizado-por-vander-em-mundo-novo-tera-primeiras-corridas\\\/#primaryimage\"},\"thumbnailUrl\":\"https:\\\/\\\/vanderloubet.com.br\\\/deputado\\\/wp-content\\\/uploads\\\/2017\\\/05\\\/foto-2017-05-26-kart.jpg\",\"datePublished\":\"2017-05-26T02:33:21+00:00\",\"dateModified\":\"2017-05-26T02:35:27+00:00\",\"breadcrumb\":{\"@id\":\"https:\\\/\\\/vanderloubet.com.br\\\/deputado\\\/kartodromo-viabilizado-por-vander-em-mundo-novo-tera-primeiras-corridas\\\/#breadcrumb\"},\"inLanguage\":\"pt-BR\",\"potentialAction\":[{\"@type\":\"ReadAction\",\"target\":[\"https:\\\/\\\/vanderloubet.com.br\\\/deputado\\\/kartodromo-viabilizado-por-vander-em-mundo-novo-tera-primeiras-corridas\\\/\"]}]},{\"@type\":\"ImageObject\",\"inLanguage\":\"pt-BR\",\"@id\":\"https:\\\/\\\/vanderloubet.com.br\\\/deputado\\\/kartodromo-viabilizado-por-vander-em-mundo-novo-tera-primeiras-corridas\\\/#primaryimage\",\"url\":\"https:\\\/\\\/vanderloubet.com.br\\\/deputado\\\/wp-content\\\/uploads\\\/2017\\\/05\\\/foto-2017-05-26-kart.jpg\",\"contentUrl\":\"https:\\\/\\\/vanderloubet.com.br\\\/deputado\\\/wp-content\\\/uploads\\\/2017\\\/05\\\/foto-2017-05-26-kart.jpg\",\"width\":900,\"height\":600,\"caption\":\"Uma das categorias que ser\u00e3o disputadas \u00e9 a Stock 125\"},{\"@type\":\"BreadcrumbList\",\"@id\":\"https:\\\/\\\/vanderloubet.com.br\\\/deputado\\\/kartodromo-viabilizado-por-vander-em-mundo-novo-tera-primeiras-corridas\\\/#breadcrumb\",\"itemListElement\":[{\"@type\":\"ListItem\",\"position\":1,\"name\":\"In\u00edcio\",\"item\":\"https:\\\/\\\/vanderloubet.com.br\\\/deputado\\\/\"},{\"@type\":\"ListItem\",\"position\":2,\"name\":\"Kart\u00f3dromo viabilizado por Vander em Mundo Novo ter\u00e1 primeiras corridas\"}]},{\"@type\":\"WebSite\",\"@id\":\"https:\\\/\\\/vanderloubet.com.br\\\/deputado\\\/#website\",\"url\":\"https:\\\/\\\/vanderloubet.com.br\\\/deputado\\\/\",\"name\":\"Deputado Federal Vander Loubet\",\"description\":\"O Federal de MS\",\"publisher\":{\"@id\":\"https:\\\/\\\/vanderloubet.com.br\\\/deputado\\\/#organization\"},\"alternateName\":\"Deputado Vander\",\"potentialAction\":[{\"@type\":\"SearchAction\",\"target\":{\"@type\":\"EntryPoint\",\"urlTemplate\":\"https:\\\/\\\/vanderloubet.com.br\\\/deputado\\\/?s={search_term_string}\"},\"query-input\":{\"@type\":\"PropertyValueSpecification\",\"valueRequired\":true,\"valueName\":\"search_term_string\"}}],\"inLanguage\":\"pt-BR\"},{\"@type\":\"Organization\",\"@id\":\"https:\\\/\\\/vanderloubet.com.br\\\/deputado\\\/#organization\",\"name\":\"Deputado Federal Vander Loubet\",\"alternateName\":\"Deputado Vander\",\"url\":\"https:\\\/\\\/vanderloubet.com.br\\\/deputado\\\/\",\"logo\":{\"@type\":\"ImageObject\",\"inLanguage\":\"pt-BR\",\"@id\":\"https:\\\/\\\/vanderloubet.com.br\\\/deputado\\\/#\\\/schema\\\/logo\\\/image\\\/\",\"url\":\"https:\\\/\\\/vanderloubet.com.br\\\/deputado\\\/wp-content\\\/uploads\\\/2023\\\/06\\\/foto-2023-06-19-mandato-deputado-vander.jpg\",\"contentUrl\":\"https:\\\/\\\/vanderloubet.com.br\\\/deputado\\\/wp-content\\\/uploads\\\/2023\\\/06\\\/foto-2023-06-19-mandato-deputado-vander.jpg\",\"width\":1080,\"height\":1080,\"caption\":\"Deputado Federal Vander Loubet\"},\"image\":{\"@id\":\"https:\\\/\\\/vanderloubet.com.br\\\/deputado\\\/#\\\/schema\\\/logo\\\/image\\\/\"},\"sameAs\":[\"https:\\\/\\\/facebook.com\\\/deputadovander\",\"https:\\\/\\\/x.com\\\/vanderloubet\",\"https:\\\/\\\/instagram.com\\\/vanderloubet\",\"https:\\\/\\\/youtube.com\\\/vanderloubet\",\"https:\\\/\\\/tiktok.com\\\/@vanderloubetms\"]},{\"@type\":\"Person\",\"@id\":\"https:\\\/\\\/vanderloubet.com.br\\\/deputado\\\/#\\\/schema\\\/person\\\/15b51bd564532a8a68d9dec1b8eb890e\",\"name\":\"\u00c9der\",\"image\":{\"@type\":\"ImageObject\",\"inLanguage\":\"pt-BR\",\"@id\":\"https:\\\/\\\/vanderloubet.com.br\\\/deputado\\\/wp-content\\\/litespeed\\\/avatar\\\/88ca4090d9d5ab1c9495f6ca03b68efa.jpg?ver=1777058957\",\"url\":\"https:\\\/\\\/vanderloubet.com.br\\\/deputado\\\/wp-content\\\/litespeed\\\/avatar\\\/88ca4090d9d5ab1c9495f6ca03b68efa.jpg?ver=1777058957\",\"contentUrl\":\"https:\\\/\\\/vanderloubet.com.br\\\/deputado\\\/wp-content\\\/litespeed\\\/avatar\\\/88ca4090d9d5ab1c9495f6ca03b68efa.jpg?ver=1777058957\",\"caption\":\"\u00c9der\"}}]}<\/script>\n<!-- \/ Yoast SEO plugin. -->","yoast_head_json":{"title":"Kart\u00f3dromo viabilizado por Vander em Mundo Novo ter\u00e1 primeiras corridas","robots":{"index":"index","follow":"follow","max-snippet":"max-snippet:-1","max-image-preview":"max-image-preview:large","max-video-preview":"max-video-preview:-1"},"canonical":"https:\/\/vanderloubet.com.br\/deputado\/kartodromo-viabilizado-por-vander-em-mundo-novo-tera-primeiras-corridas\/","og_locale":"pt_BR","og_type":"article","og_title":"Kart\u00f3dromo viabilizado por Vander em Mundo Novo ter\u00e1 primeiras corridas","og_description":"Conv\u00eanio para constru\u00e7\u00e3o da pista soma R$ 402,5 mil - R$ 390 mil se referem a uma emenda parlamentar do deputado.","og_url":"https:\/\/vanderloubet.com.br\/deputado\/kartodromo-viabilizado-por-vander-em-mundo-novo-tera-primeiras-corridas\/","og_site_name":"Deputado Federal Vander Loubet","article_publisher":"https:\/\/facebook.com\/deputadovander","article_published_time":"2017-05-26T02:33:21+00:00","article_modified_time":"2017-05-26T02:35:27+00:00","og_image":[{"width":900,"height":600,"url":"https:\/\/vanderloubet.com.br\/deputado\/wp-content\/uploads\/2017\/05\/foto-2017-05-26-kart.jpg","type":"image\/jpeg"}],"author":"\u00c9der","twitter_card":"summary_large_image","twitter_creator":"@vanderloubet","twitter_site":"@vanderloubet","schema":{"@context":"https:\/\/schema.org","@graph":[{"@type":"Article","@id":"https:\/\/vanderloubet.com.br\/deputado\/kartodromo-viabilizado-por-vander-em-mundo-novo-tera-primeiras-corridas\/#article","isPartOf":{"@id":"https:\/\/vanderloubet.com.br\/deputado\/kartodromo-viabilizado-por-vander-em-mundo-novo-tera-primeiras-corridas\/"},"author":{"name":"\u00c9der","@id":"https:\/\/vanderloubet.com.br\/deputado\/#\/schema\/person\/15b51bd564532a8a68d9dec1b8eb890e"},"headline":"Kart\u00f3dromo viabilizado por Vander em Mundo Novo ter\u00e1 primeiras corridas","datePublished":"2017-05-26T02:33:21+00:00","dateModified":"2017-05-26T02:35:27+00:00","mainEntityOfPage":{"@id":"https:\/\/vanderloubet.com.br\/deputado\/kartodromo-viabilizado-por-vander-em-mundo-novo-tera-primeiras-corridas\/"},"wordCount":266,"publisher":{"@id":"https:\/\/vanderloubet.com.br\/deputado\/#organization"},"image":{"@id":"https:\/\/vanderloubet.com.br\/deputado\/kartodromo-viabilizado-por-vander-em-mundo-novo-tera-primeiras-corridas\/#primaryimage"},"thumbnailUrl":"https:\/\/vanderloubet.com.br\/deputado\/wp-content\/uploads\/2017\/05\/foto-2017-05-26-kart.jpg","keywords":["automobilismo","emenda parlamentar","esporte e lazer"],"articleSection":["Munic\u00edpios","Not\u00edcias"],"inLanguage":"pt-BR"},{"@type":"WebPage","@id":"https:\/\/vanderloubet.com.br\/deputado\/kartodromo-viabilizado-por-vander-em-mundo-novo-tera-primeiras-corridas\/","url":"https:\/\/vanderloubet.com.br\/deputado\/kartodromo-viabilizado-por-vander-em-mundo-novo-tera-primeiras-corridas\/","name":"Kart\u00f3dromo viabilizado por Vander em Mundo Novo ter\u00e1 primeiras corridas","isPartOf":{"@id":"https:\/\/vanderloubet.com.br\/deputado\/#website"},"primaryImageOfPage":{"@id":"https:\/\/vanderloubet.com.br\/deputado\/kartodromo-viabilizado-por-vander-em-mundo-novo-tera-primeiras-corridas\/#primaryimage"},"image":{"@id":"https:\/\/vanderloubet.com.br\/deputado\/kartodromo-viabilizado-por-vander-em-mundo-novo-tera-primeiras-corridas\/#primaryimage"},"thumbnailUrl":"https:\/\/vanderloubet.com.br\/deputado\/wp-content\/uploads\/2017\/05\/foto-2017-05-26-kart.jpg","datePublished":"2017-05-26T02:33:21+00:00","dateModified":"2017-05-26T02:35:27+00:00","breadcrumb":{"@id":"https:\/\/vanderloubet.com.br\/deputado\/kartodromo-viabilizado-por-vander-em-mundo-novo-tera-primeiras-corridas\/#breadcrumb"},"inLanguage":"pt-BR","potentialAction":[{"@type":"ReadAction","target":["https:\/\/vanderloubet.com.br\/deputado\/kartodromo-viabilizado-por-vander-em-mundo-novo-tera-primeiras-corridas\/"]}]},{"@type":"ImageObject","inLanguage":"pt-BR","@id":"https:\/\/vanderloubet.com.br\/deputado\/kartodromo-viabilizado-por-vander-em-mundo-novo-tera-primeiras-corridas\/#primaryimage","url":"https:\/\/vanderloubet.com.br\/deputado\/wp-content\/uploads\/2017\/05\/foto-2017-05-26-kart.jpg","contentUrl":"https:\/\/vanderloubet.com.br\/deputado\/wp-content\/uploads\/2017\/05\/foto-2017-05-26-kart.jpg","width":900,"height":600,"caption":"Uma das categorias que ser\u00e3o disputadas \u00e9 a Stock 125"},{"@type":"BreadcrumbList","@id":"https:\/\/vanderloubet.com.br\/deputado\/kartodromo-viabilizado-por-vander-em-mundo-novo-tera-primeiras-corridas\/#breadcrumb","itemListElement":[{"@type":"ListItem","position":1,"name":"In\u00edcio","item":"https:\/\/vanderloubet.com.br\/deputado\/"},{"@type":"ListItem","position":2,"name":"Kart\u00f3dromo viabilizado por Vander em Mundo Novo ter\u00e1 primeiras corridas"}]},{"@type":"WebSite","@id":"https:\/\/vanderloubet.com.br\/deputado\/#website","url":"https:\/\/vanderloubet.com.br\/deputado\/","name":"Deputado Federal Vander Loubet","description":"O Federal de MS","publisher":{"@id":"https:\/\/vanderloubet.com.br\/deputado\/#organization"},"alternateName":"Deputado Vander","potentialAction":[{"@type":"SearchAction","target":{"@type":"EntryPoint","urlTemplate":"https:\/\/vanderloubet.com.br\/deputado\/?s={search_term_string}"},"query-input":{"@type":"PropertyValueSpecification","valueRequired":true,"valueName":"search_term_string"}}],"inLanguage":"pt-BR"},{"@type":"Organization","@id":"https:\/\/vanderloubet.com.br\/deputado\/#organization","name":"Deputado Federal Vander Loubet","alternateName":"Deputado Vander","url":"https:\/\/vanderloubet.com.br\/deputado\/","logo":{"@type":"ImageObject","inLanguage":"pt-BR","@id":"https:\/\/vanderloubet.com.br\/deputado\/#\/schema\/logo\/image\/","url":"https:\/\/vanderloubet.com.br\/deputado\/wp-content\/uploads\/2023\/06\/foto-2023-06-19-mandato-deputado-vander.jpg","contentUrl":"https:\/\/vanderloubet.com.br\/deputado\/wp-content\/uploads\/2023\/06\/foto-2023-06-19-mandato-deputado-vander.jpg","width":1080,"height":1080,"caption":"Deputado Federal Vander Loubet"},"image":{"@id":"https:\/\/vanderloubet.com.br\/deputado\/#\/schema\/logo\/image\/"},"sameAs":["https:\/\/facebook.com\/deputadovander","https:\/\/x.com\/vanderloubet","https:\/\/instagram.com\/vanderloubet","https:\/\/youtube.com\/vanderloubet","https:\/\/tiktok.com\/@vanderloubetms"]},{"@type":"Person","@id":"https:\/\/vanderloubet.com.br\/deputado\/#\/schema\/person\/15b51bd564532a8a68d9dec1b8eb890e","name":"\u00c9der","image":{"@type":"ImageObject","inLanguage":"pt-BR","@id":"https:\/\/vanderloubet.com.br\/deputado\/wp-content\/litespeed\/avatar\/88ca4090d9d5ab1c9495f6ca03b68efa.jpg?ver=1777058957","url":"https:\/\/vanderloubet.com.br\/deputado\/wp-content\/litespeed\/avatar\/88ca4090d9d5ab1c9495f6ca03b68efa.jpg?ver=1777058957","contentUrl":"https:\/\/vanderloubet.com.br\/deputado\/wp-content\/litespeed\/avatar\/88ca4090d9d5ab1c9495f6ca03b68efa.jpg?ver=1777058957","caption":"\u00c9der"}}]}},"jetpack_featured_media_url":"https:\/\/vanderloubet.com.br\/deputado\/wp-content\/uploads\/2017\/05\/foto-2017-05-26-kart.jpg","jetpack_sharing_enabled":true,"_links":{"self":[{"href":"https:\/\/vanderloubet.com.br\/deputado\/wp-json\/wp\/v2\/posts\/12704","targetHints":{"allow":["GET"]}}],"collection":[{"href":"https:\/\/vanderloubet.com.br\/deputado\/wp-json\/wp\/v2\/posts"}],"about":[{"href":"https:\/\/vanderloubet.com.br\/deputado\/wp-json\/wp\/v2\/types\/post"}],"author":[{"embeddable":true,"href":"https:\/\/vanderloubet.com.br\/deputado\/wp-json\/wp\/v2\/users\/2"}],"replies":[{"embeddable":true,"href":"https:\/\/vanderloubet.com.br\/deputado\/wp-json\/wp\/v2\/comments?post=12704"}],"version-history":[{"count":0,"href":"https:\/\/vanderloubet.com.br\/deputado\/wp-json\/wp\/v2\/posts\/12704\/revisions"}],"wp:featuredmedia":[{"embeddable":true,"href":"https:\/\/vanderloubet.com.br\/deputado\/wp-json\/wp\/v2\/media\/12705"}],"wp:attachment":[{"href":"https:\/\/vanderloubet.com.br\/deputado\/wp-json\/wp\/v2\/media?parent=12704"}],"wp:term":[{"taxonomy":"category","embeddable":true,"href":"https:\/\/vanderloubet.com.br\/deputado\/wp-json\/wp\/v2\/categories?post=12704"},{"taxonomy":"post_tag","embeddable":true,"href":"https:\/\/vanderloubet.com.br\/deputado\/wp-json\/wp\/v2\/tags?post=12704"}],"curies":[{"name":"wp","href":"https:\/\/api.w.org\/{rel}","templated":true}]}}