{"id":124,"date":"2010-02-11T13:19:27","date_gmt":"2010-02-11T17:19:27","guid":{"rendered":"http:\/\/www.deputadovander.com.br\/website\/?p=124"},"modified":"2010-02-11T13:19:27","modified_gmt":"2010-02-11T17:19:27","slug":"bela-vista-recebe-mais-r-1-milhao-de-vander-para-asfalto-e-drenagem","status":"publish","type":"post","link":"https:\/\/vanderloubet.com.br\/deputado\/bela-vista-recebe-mais-r-1-milhao-de-vander-para-asfalto-e-drenagem\/","title":{"rendered":"Bela Vista recebe mais R$ 1 milh\u00e3o de Vander para asfalto e drenagem"},"content":{"rendered":"<p style=\"text-align: center;\">\n<figure id=\"attachment_125\" aria-describedby=\"caption-attachment-125\" style=\"width: 300px\" class=\"wp-caption aligncenter\"><a href=\"http:\/\/deputadovander.com.br\/website\/wp-content\/uploads\/2010\/02\/foto-2010-02-11-bela-vista1.jpg\" target=\"_blank\"><img decoding=\"async\" class=\"size-medium wp-image-125 \" title=\"foto-2010-02-11-bela-vista\" src=\"http:\/\/www.deputadovander.com.br\/website\/wp-content\/uploads\/2010\/02\/foto-2010-02-11-bela-vista-300x225.jpg\" alt=\"Bela Vista\" width=\"300\" height=\"225\" \/><\/a><figcaption id=\"caption-attachment-125\" class=\"wp-caption-text\">Bela Vista<\/figcaption><\/figure>\n<p>O deputado federal Vander Loubet assegurou mais obras de infraestrutura urbana para Bela Vista por meio de emenda parlamentar ao Or\u00e7amento Geral da Uni\u00e3o (OGU) de 2009 no valor de R$ 1 milh\u00e3o. O recurso ser\u00e1 usado para execu\u00e7\u00e3o de projetos de pavimenta\u00e7\u00e3o asf\u00e1ltica e drenagem, que constam entre as prioridades do prefeito Chico Maia.<\/p>\n<p>O recurso foi empenhado pelo Minist\u00e9rio da Integra\u00e7\u00e3o Nacional e ser\u00e1 aplicado pela Prefeitura em diversas ruas. Para o deputado, trata-se de uma preocupa\u00e7\u00e3o elogi\u00e1vel da administra\u00e7\u00e3o, tendo em vista o crescimento da cidade. &#8220;O prefeito Chico Maia e toda sua equipe cumprem um desejo fundamental da popula\u00e7\u00e3o. Bela Vista cresce e avan\u00e7a na condi\u00e7\u00e3o de um dos p\u00f3los de desenvolvimento da fronteira no sudoeste e suas demandas precisam ser atendidas&#8221;, afirma Vander.<\/p>\n<p>O povo belavistense tem recebido a aten\u00e7\u00e3o do deputado Vander desde o in\u00edcio do seu mandato. Ao longo destes sete anos de exerc\u00edcio parlamentar, o deputado j\u00e1 garantiu em Bras\u00edlia e junto ao governo estadual diversos recursos e projetos para a regi\u00e3o. Por meio de emendas e outras interven\u00e7\u00f5es no \u00e2mbito do governo federal, destacam-se os seguintes investimentos e setores atendidos:<\/p>\n<ul>\n<li>M\u00e1quinas e equipamentos (R$ 300.000,00)<\/li>\n<li>Melhorias para o Parque de Exposi\u00e7\u00f5es (R$ 78 mil na primeira etapa e R$ 150 mil na segunda, para climatiza\u00e7\u00e3o do ambiente)<\/li>\n<li>Patrulha mecanizada (R$ 87 mil)<\/li>\n<li>Rede de esgoto (R$ 200 mil)<\/li>\n<li>Asfalto (duas etapas, uma de R$ 195 mil e outra de R$ 146 mil)<\/li>\n<li>Habita\u00e7\u00e3o popular (uma etapa de R$ 195 mil e outra de R$ 136 mil)<\/li>\n<li>Energia el\u00e9trica (no programa Luz para Todos, R$ 4 milh\u00f5es, somadas as fases j\u00e1 conclu\u00eddas e as que est\u00e3o em andamento)<\/li>\n<\/ul>\n","protected":false},"excerpt":{"rendered":"<p>O recurso ser\u00e1 usado para execu\u00e7\u00e3o de projetos de pavimenta\u00e7\u00e3o asf\u00e1ltica e drenagem, que constam entre as prioridades do prefeito Chico Maia.<\/p>\n","protected":false},"author":2,"featured_media":0,"comment_status":"open","ping_status":"open","sticky":false,"template":"","format":"standard","meta":{"jetpack_post_was_ever_published":false,"_jetpack_newsletter_access":"","_jetpack_dont_email_post_to_subs":false,"_jetpack_newsletter_tier_id":0,"_jetpack_memberships_contains_paywalled_content":false,"_jetpack_memberships_contains_paid_content":false,"footnotes":""},"categories":[10],"tags":[190,252,677,709,2035],"class_list":{"0":"post-124","1":"post","2":"type-post","3":"status-publish","4":"format-standard","6":"category-noticias","7":"tag-asfalto","8":"tag-bela-vista","9":"tag-drenagem","10":"tag-emenda","11":"tag-vander-loubet"},"yoast_head":"<!-- This site is optimized with the Yoast SEO plugin v27.4 - https:\/\/yoast.com\/product\/yoast-seo-wordpress\/ -->\n<title>Bela Vista recebe mais R$ 1 milh\u00e3o de Vander para asfalto e drenagem<\/title>\n<meta name=\"robots\" content=\"index, follow, max-snippet:-1, max-image-preview:large, max-video-preview:-1\" \/>\n<link rel=\"canonical\" href=\"https:\/\/vanderloubet.com.br\/deputado\/bela-vista-recebe-mais-r-1-milhao-de-vander-para-asfalto-e-drenagem\/\" \/>\n<meta property=\"og:locale\" content=\"pt_BR\" \/>\n<meta property=\"og:type\" content=\"article\" \/>\n<meta property=\"og:title\" content=\"Bela Vista recebe mais R$ 1 milh\u00e3o de Vander para asfalto e drenagem\" \/>\n<meta property=\"og:description\" content=\"O recurso ser\u00e1 usado para execu\u00e7\u00e3o de projetos de pavimenta\u00e7\u00e3o asf\u00e1ltica e drenagem, que constam entre as prioridades do prefeito Chico Maia.\" \/>\n<meta property=\"og:url\" content=\"https:\/\/vanderloubet.com.br\/deputado\/bela-vista-recebe-mais-r-1-milhao-de-vander-para-asfalto-e-drenagem\/\" \/>\n<meta property=\"og:site_name\" content=\"Deputado Federal Vander Loubet\" \/>\n<meta property=\"article:publisher\" content=\"https:\/\/facebook.com\/deputadovander\" \/>\n<meta property=\"article:published_time\" content=\"2010-02-11T17:19:27+00:00\" \/>\n<meta property=\"og:image\" content=\"http:\/\/www.deputadovander.com.br\/website\/wp-content\/uploads\/2010\/02\/foto-2010-02-11-bela-vista-300x225.jpg\" \/>\n<meta name=\"author\" content=\"\u00c9der\" \/>\n<meta name=\"twitter:card\" content=\"summary_large_image\" \/>\n<meta name=\"twitter:creator\" content=\"@vanderloubet\" \/>\n<meta name=\"twitter:site\" content=\"@vanderloubet\" \/>\n<script type=\"application\/ld+json\" class=\"yoast-schema-graph\">{\"@context\":\"https:\\\/\\\/schema.org\",\"@graph\":[{\"@type\":\"Article\",\"@id\":\"https:\\\/\\\/vanderloubet.com.br\\\/deputado\\\/bela-vista-recebe-mais-r-1-milhao-de-vander-para-asfalto-e-drenagem\\\/#article\",\"isPartOf\":{\"@id\":\"https:\\\/\\\/vanderloubet.com.br\\\/deputado\\\/bela-vista-recebe-mais-r-1-milhao-de-vander-para-asfalto-e-drenagem\\\/\"},\"author\":{\"name\":\"\u00c9der\",\"@id\":\"https:\\\/\\\/vanderloubet.com.br\\\/deputado\\\/#\\\/schema\\\/person\\\/15b51bd564532a8a68d9dec1b8eb890e\"},\"headline\":\"Bela Vista recebe mais R$ 1 milh\u00e3o de Vander para asfalto e drenagem\",\"datePublished\":\"2010-02-11T17:19:27+00:00\",\"mainEntityOfPage\":{\"@id\":\"https:\\\/\\\/vanderloubet.com.br\\\/deputado\\\/bela-vista-recebe-mais-r-1-milhao-de-vander-para-asfalto-e-drenagem\\\/\"},\"wordCount\":316,\"commentCount\":0,\"publisher\":{\"@id\":\"https:\\\/\\\/vanderloubet.com.br\\\/deputado\\\/#organization\"},\"image\":{\"@id\":\"https:\\\/\\\/vanderloubet.com.br\\\/deputado\\\/bela-vista-recebe-mais-r-1-milhao-de-vander-para-asfalto-e-drenagem\\\/#primaryimage\"},\"thumbnailUrl\":\"http:\\\/\\\/www.deputadovander.com.br\\\/website\\\/wp-content\\\/uploads\\\/2010\\\/02\\\/foto-2010-02-11-bela-vista-300x225.jpg\",\"keywords\":[\"asfalto\",\"bela vista\",\"drenagem\",\"emenda\",\"vander loubet\"],\"articleSection\":[\"Not\u00edcias\"],\"inLanguage\":\"pt-BR\",\"potentialAction\":[{\"@type\":\"CommentAction\",\"name\":\"Comment\",\"target\":[\"https:\\\/\\\/vanderloubet.com.br\\\/deputado\\\/bela-vista-recebe-mais-r-1-milhao-de-vander-para-asfalto-e-drenagem\\\/#respond\"]}]},{\"@type\":\"WebPage\",\"@id\":\"https:\\\/\\\/vanderloubet.com.br\\\/deputado\\\/bela-vista-recebe-mais-r-1-milhao-de-vander-para-asfalto-e-drenagem\\\/\",\"url\":\"https:\\\/\\\/vanderloubet.com.br\\\/deputado\\\/bela-vista-recebe-mais-r-1-milhao-de-vander-para-asfalto-e-drenagem\\\/\",\"name\":\"Bela Vista recebe mais R$ 1 milh\u00e3o de Vander para asfalto e drenagem\",\"isPartOf\":{\"@id\":\"https:\\\/\\\/vanderloubet.com.br\\\/deputado\\\/#website\"},\"primaryImageOfPage\":{\"@id\":\"https:\\\/\\\/vanderloubet.com.br\\\/deputado\\\/bela-vista-recebe-mais-r-1-milhao-de-vander-para-asfalto-e-drenagem\\\/#primaryimage\"},\"image\":{\"@id\":\"https:\\\/\\\/vanderloubet.com.br\\\/deputado\\\/bela-vista-recebe-mais-r-1-milhao-de-vander-para-asfalto-e-drenagem\\\/#primaryimage\"},\"thumbnailUrl\":\"http:\\\/\\\/www.deputadovander.com.br\\\/website\\\/wp-content\\\/uploads\\\/2010\\\/02\\\/foto-2010-02-11-bela-vista-300x225.jpg\",\"datePublished\":\"2010-02-11T17:19:27+00:00\",\"breadcrumb\":{\"@id\":\"https:\\\/\\\/vanderloubet.com.br\\\/deputado\\\/bela-vista-recebe-mais-r-1-milhao-de-vander-para-asfalto-e-drenagem\\\/#breadcrumb\"},\"inLanguage\":\"pt-BR\",\"potentialAction\":[{\"@type\":\"ReadAction\",\"target\":[\"https:\\\/\\\/vanderloubet.com.br\\\/deputado\\\/bela-vista-recebe-mais-r-1-milhao-de-vander-para-asfalto-e-drenagem\\\/\"]}]},{\"@type\":\"ImageObject\",\"inLanguage\":\"pt-BR\",\"@id\":\"https:\\\/\\\/vanderloubet.com.br\\\/deputado\\\/bela-vista-recebe-mais-r-1-milhao-de-vander-para-asfalto-e-drenagem\\\/#primaryimage\",\"url\":\"http:\\\/\\\/www.deputadovander.com.br\\\/website\\\/wp-content\\\/uploads\\\/2010\\\/02\\\/foto-2010-02-11-bela-vista-300x225.jpg\",\"contentUrl\":\"http:\\\/\\\/www.deputadovander.com.br\\\/website\\\/wp-content\\\/uploads\\\/2010\\\/02\\\/foto-2010-02-11-bela-vista-300x225.jpg\"},{\"@type\":\"BreadcrumbList\",\"@id\":\"https:\\\/\\\/vanderloubet.com.br\\\/deputado\\\/bela-vista-recebe-mais-r-1-milhao-de-vander-para-asfalto-e-drenagem\\\/#breadcrumb\",\"itemListElement\":[{\"@type\":\"ListItem\",\"position\":1,\"name\":\"In\u00edcio\",\"item\":\"https:\\\/\\\/vanderloubet.com.br\\\/deputado\\\/\"},{\"@type\":\"ListItem\",\"position\":2,\"name\":\"Bela Vista recebe mais R$ 1 milh\u00e3o de Vander para asfalto e drenagem\"}]},{\"@type\":\"WebSite\",\"@id\":\"https:\\\/\\\/vanderloubet.com.br\\\/deputado\\\/#website\",\"url\":\"https:\\\/\\\/vanderloubet.com.br\\\/deputado\\\/\",\"name\":\"Deputado Federal Vander Loubet\",\"description\":\"O Federal de MS\",\"publisher\":{\"@id\":\"https:\\\/\\\/vanderloubet.com.br\\\/deputado\\\/#organization\"},\"alternateName\":\"Deputado Vander\",\"potentialAction\":[{\"@type\":\"SearchAction\",\"target\":{\"@type\":\"EntryPoint\",\"urlTemplate\":\"https:\\\/\\\/vanderloubet.com.br\\\/deputado\\\/?s={search_term_string}\"},\"query-input\":{\"@type\":\"PropertyValueSpecification\",\"valueRequired\":true,\"valueName\":\"search_term_string\"}}],\"inLanguage\":\"pt-BR\"},{\"@type\":\"Organization\",\"@id\":\"https:\\\/\\\/vanderloubet.com.br\\\/deputado\\\/#organization\",\"name\":\"Deputado Federal Vander Loubet\",\"alternateName\":\"Deputado Vander\",\"url\":\"https:\\\/\\\/vanderloubet.com.br\\\/deputado\\\/\",\"logo\":{\"@type\":\"ImageObject\",\"inLanguage\":\"pt-BR\",\"@id\":\"https:\\\/\\\/vanderloubet.com.br\\\/deputado\\\/#\\\/schema\\\/logo\\\/image\\\/\",\"url\":\"https:\\\/\\\/vanderloubet.com.br\\\/deputado\\\/wp-content\\\/uploads\\\/2023\\\/06\\\/foto-2023-06-19-mandato-deputado-vander.jpg\",\"contentUrl\":\"https:\\\/\\\/vanderloubet.com.br\\\/deputado\\\/wp-content\\\/uploads\\\/2023\\\/06\\\/foto-2023-06-19-mandato-deputado-vander.jpg\",\"width\":1080,\"height\":1080,\"caption\":\"Deputado Federal Vander Loubet\"},\"image\":{\"@id\":\"https:\\\/\\\/vanderloubet.com.br\\\/deputado\\\/#\\\/schema\\\/logo\\\/image\\\/\"},\"sameAs\":[\"https:\\\/\\\/facebook.com\\\/deputadovander\",\"https:\\\/\\\/x.com\\\/vanderloubet\",\"https:\\\/\\\/instagram.com\\\/vanderloubet\",\"https:\\\/\\\/youtube.com\\\/vanderloubet\",\"https:\\\/\\\/tiktok.com\\\/@vanderloubetms\"]},{\"@type\":\"Person\",\"@id\":\"https:\\\/\\\/vanderloubet.com.br\\\/deputado\\\/#\\\/schema\\\/person\\\/15b51bd564532a8a68d9dec1b8eb890e\",\"name\":\"\u00c9der\",\"image\":{\"@type\":\"ImageObject\",\"inLanguage\":\"pt-BR\",\"@id\":\"https:\\\/\\\/vanderloubet.com.br\\\/deputado\\\/wp-content\\\/litespeed\\\/avatar\\\/88ca4090d9d5ab1c9495f6ca03b68efa.jpg?ver=1777058957\",\"url\":\"https:\\\/\\\/vanderloubet.com.br\\\/deputado\\\/wp-content\\\/litespeed\\\/avatar\\\/88ca4090d9d5ab1c9495f6ca03b68efa.jpg?ver=1777058957\",\"contentUrl\":\"https:\\\/\\\/vanderloubet.com.br\\\/deputado\\\/wp-content\\\/litespeed\\\/avatar\\\/88ca4090d9d5ab1c9495f6ca03b68efa.jpg?ver=1777058957\",\"caption\":\"\u00c9der\"}}]}<\/script>\n<!-- \/ Yoast SEO plugin. -->","yoast_head_json":{"title":"Bela Vista recebe mais R$ 1 milh\u00e3o de Vander para asfalto e drenagem","robots":{"index":"index","follow":"follow","max-snippet":"max-snippet:-1","max-image-preview":"max-image-preview:large","max-video-preview":"max-video-preview:-1"},"canonical":"https:\/\/vanderloubet.com.br\/deputado\/bela-vista-recebe-mais-r-1-milhao-de-vander-para-asfalto-e-drenagem\/","og_locale":"pt_BR","og_type":"article","og_title":"Bela Vista recebe mais R$ 1 milh\u00e3o de Vander para asfalto e drenagem","og_description":"O recurso ser\u00e1 usado para execu\u00e7\u00e3o de projetos de pavimenta\u00e7\u00e3o asf\u00e1ltica e drenagem, que constam entre as prioridades do prefeito Chico Maia.","og_url":"https:\/\/vanderloubet.com.br\/deputado\/bela-vista-recebe-mais-r-1-milhao-de-vander-para-asfalto-e-drenagem\/","og_site_name":"Deputado Federal Vander Loubet","article_publisher":"https:\/\/facebook.com\/deputadovander","article_published_time":"2010-02-11T17:19:27+00:00","og_image":[{"url":"http:\/\/www.deputadovander.com.br\/website\/wp-content\/uploads\/2010\/02\/foto-2010-02-11-bela-vista-300x225.jpg","type":"","width":"","height":""}],"author":"\u00c9der","twitter_card":"summary_large_image","twitter_creator":"@vanderloubet","twitter_site":"@vanderloubet","schema":{"@context":"https:\/\/schema.org","@graph":[{"@type":"Article","@id":"https:\/\/vanderloubet.com.br\/deputado\/bela-vista-recebe-mais-r-1-milhao-de-vander-para-asfalto-e-drenagem\/#article","isPartOf":{"@id":"https:\/\/vanderloubet.com.br\/deputado\/bela-vista-recebe-mais-r-1-milhao-de-vander-para-asfalto-e-drenagem\/"},"author":{"name":"\u00c9der","@id":"https:\/\/vanderloubet.com.br\/deputado\/#\/schema\/person\/15b51bd564532a8a68d9dec1b8eb890e"},"headline":"Bela Vista recebe mais R$ 1 milh\u00e3o de Vander para asfalto e drenagem","datePublished":"2010-02-11T17:19:27+00:00","mainEntityOfPage":{"@id":"https:\/\/vanderloubet.com.br\/deputado\/bela-vista-recebe-mais-r-1-milhao-de-vander-para-asfalto-e-drenagem\/"},"wordCount":316,"commentCount":0,"publisher":{"@id":"https:\/\/vanderloubet.com.br\/deputado\/#organization"},"image":{"@id":"https:\/\/vanderloubet.com.br\/deputado\/bela-vista-recebe-mais-r-1-milhao-de-vander-para-asfalto-e-drenagem\/#primaryimage"},"thumbnailUrl":"http:\/\/www.deputadovander.com.br\/website\/wp-content\/uploads\/2010\/02\/foto-2010-02-11-bela-vista-300x225.jpg","keywords":["asfalto","bela vista","drenagem","emenda","vander loubet"],"articleSection":["Not\u00edcias"],"inLanguage":"pt-BR","potentialAction":[{"@type":"CommentAction","name":"Comment","target":["https:\/\/vanderloubet.com.br\/deputado\/bela-vista-recebe-mais-r-1-milhao-de-vander-para-asfalto-e-drenagem\/#respond"]}]},{"@type":"WebPage","@id":"https:\/\/vanderloubet.com.br\/deputado\/bela-vista-recebe-mais-r-1-milhao-de-vander-para-asfalto-e-drenagem\/","url":"https:\/\/vanderloubet.com.br\/deputado\/bela-vista-recebe-mais-r-1-milhao-de-vander-para-asfalto-e-drenagem\/","name":"Bela Vista recebe mais R$ 1 milh\u00e3o de Vander para asfalto e drenagem","isPartOf":{"@id":"https:\/\/vanderloubet.com.br\/deputado\/#website"},"primaryImageOfPage":{"@id":"https:\/\/vanderloubet.com.br\/deputado\/bela-vista-recebe-mais-r-1-milhao-de-vander-para-asfalto-e-drenagem\/#primaryimage"},"image":{"@id":"https:\/\/vanderloubet.com.br\/deputado\/bela-vista-recebe-mais-r-1-milhao-de-vander-para-asfalto-e-drenagem\/#primaryimage"},"thumbnailUrl":"http:\/\/www.deputadovander.com.br\/website\/wp-content\/uploads\/2010\/02\/foto-2010-02-11-bela-vista-300x225.jpg","datePublished":"2010-02-11T17:19:27+00:00","breadcrumb":{"@id":"https:\/\/vanderloubet.com.br\/deputado\/bela-vista-recebe-mais-r-1-milhao-de-vander-para-asfalto-e-drenagem\/#breadcrumb"},"inLanguage":"pt-BR","potentialAction":[{"@type":"ReadAction","target":["https:\/\/vanderloubet.com.br\/deputado\/bela-vista-recebe-mais-r-1-milhao-de-vander-para-asfalto-e-drenagem\/"]}]},{"@type":"ImageObject","inLanguage":"pt-BR","@id":"https:\/\/vanderloubet.com.br\/deputado\/bela-vista-recebe-mais-r-1-milhao-de-vander-para-asfalto-e-drenagem\/#primaryimage","url":"http:\/\/www.deputadovander.com.br\/website\/wp-content\/uploads\/2010\/02\/foto-2010-02-11-bela-vista-300x225.jpg","contentUrl":"http:\/\/www.deputadovander.com.br\/website\/wp-content\/uploads\/2010\/02\/foto-2010-02-11-bela-vista-300x225.jpg"},{"@type":"BreadcrumbList","@id":"https:\/\/vanderloubet.com.br\/deputado\/bela-vista-recebe-mais-r-1-milhao-de-vander-para-asfalto-e-drenagem\/#breadcrumb","itemListElement":[{"@type":"ListItem","position":1,"name":"In\u00edcio","item":"https:\/\/vanderloubet.com.br\/deputado\/"},{"@type":"ListItem","position":2,"name":"Bela Vista recebe mais R$ 1 milh\u00e3o de Vander para asfalto e drenagem"}]},{"@type":"WebSite","@id":"https:\/\/vanderloubet.com.br\/deputado\/#website","url":"https:\/\/vanderloubet.com.br\/deputado\/","name":"Deputado Federal Vander Loubet","description":"O Federal de MS","publisher":{"@id":"https:\/\/vanderloubet.com.br\/deputado\/#organization"},"alternateName":"Deputado Vander","potentialAction":[{"@type":"SearchAction","target":{"@type":"EntryPoint","urlTemplate":"https:\/\/vanderloubet.com.br\/deputado\/?s={search_term_string}"},"query-input":{"@type":"PropertyValueSpecification","valueRequired":true,"valueName":"search_term_string"}}],"inLanguage":"pt-BR"},{"@type":"Organization","@id":"https:\/\/vanderloubet.com.br\/deputado\/#organization","name":"Deputado Federal Vander Loubet","alternateName":"Deputado Vander","url":"https:\/\/vanderloubet.com.br\/deputado\/","logo":{"@type":"ImageObject","inLanguage":"pt-BR","@id":"https:\/\/vanderloubet.com.br\/deputado\/#\/schema\/logo\/image\/","url":"https:\/\/vanderloubet.com.br\/deputado\/wp-content\/uploads\/2023\/06\/foto-2023-06-19-mandato-deputado-vander.jpg","contentUrl":"https:\/\/vanderloubet.com.br\/deputado\/wp-content\/uploads\/2023\/06\/foto-2023-06-19-mandato-deputado-vander.jpg","width":1080,"height":1080,"caption":"Deputado Federal Vander Loubet"},"image":{"@id":"https:\/\/vanderloubet.com.br\/deputado\/#\/schema\/logo\/image\/"},"sameAs":["https:\/\/facebook.com\/deputadovander","https:\/\/x.com\/vanderloubet","https:\/\/instagram.com\/vanderloubet","https:\/\/youtube.com\/vanderloubet","https:\/\/tiktok.com\/@vanderloubetms"]},{"@type":"Person","@id":"https:\/\/vanderloubet.com.br\/deputado\/#\/schema\/person\/15b51bd564532a8a68d9dec1b8eb890e","name":"\u00c9der","image":{"@type":"ImageObject","inLanguage":"pt-BR","@id":"https:\/\/vanderloubet.com.br\/deputado\/wp-content\/litespeed\/avatar\/88ca4090d9d5ab1c9495f6ca03b68efa.jpg?ver=1777058957","url":"https:\/\/vanderloubet.com.br\/deputado\/wp-content\/litespeed\/avatar\/88ca4090d9d5ab1c9495f6ca03b68efa.jpg?ver=1777058957","contentUrl":"https:\/\/vanderloubet.com.br\/deputado\/wp-content\/litespeed\/avatar\/88ca4090d9d5ab1c9495f6ca03b68efa.jpg?ver=1777058957","caption":"\u00c9der"}}]}},"jetpack_featured_media_url":"","jetpack_sharing_enabled":true,"_links":{"self":[{"href":"https:\/\/vanderloubet.com.br\/deputado\/wp-json\/wp\/v2\/posts\/124","targetHints":{"allow":["GET"]}}],"collection":[{"href":"https:\/\/vanderloubet.com.br\/deputado\/wp-json\/wp\/v2\/posts"}],"about":[{"href":"https:\/\/vanderloubet.com.br\/deputado\/wp-json\/wp\/v2\/types\/post"}],"author":[{"embeddable":true,"href":"https:\/\/vanderloubet.com.br\/deputado\/wp-json\/wp\/v2\/users\/2"}],"replies":[{"embeddable":true,"href":"https:\/\/vanderloubet.com.br\/deputado\/wp-json\/wp\/v2\/comments?post=124"}],"version-history":[{"count":0,"href":"https:\/\/vanderloubet.com.br\/deputado\/wp-json\/wp\/v2\/posts\/124\/revisions"}],"wp:attachment":[{"href":"https:\/\/vanderloubet.com.br\/deputado\/wp-json\/wp\/v2\/media?parent=124"}],"wp:term":[{"taxonomy":"category","embeddable":true,"href":"https:\/\/vanderloubet.com.br\/deputado\/wp-json\/wp\/v2\/categories?post=124"},{"taxonomy":"post_tag","embeddable":true,"href":"https:\/\/vanderloubet.com.br\/deputado\/wp-json\/wp\/v2\/tags?post=124"}],"curies":[{"name":"wp","href":"https:\/\/api.w.org\/{rel}","templated":true}]}}