{"id":12292,"date":"2017-02-23T10:31:28","date_gmt":"2017-02-23T14:31:28","guid":{"rendered":"http:\/\/vanderloubet.com.br\/deputado\/?p=12292"},"modified":"2017-02-23T11:00:15","modified_gmt":"2017-02-23T15:00:15","slug":"zeca-e-vander-buscam-recursos-para-revitalizar-areas-produtivas-da-itamarati","status":"publish","type":"post","link":"https:\/\/vanderloubet.com.br\/deputado\/zeca-e-vander-buscam-recursos-para-revitalizar-areas-produtivas-da-itamarati\/","title":{"rendered":"Zeca e Vander buscam recursos para revitalizar \u00e1reas produtivas da Itamarati"},"content":{"rendered":"\r\n                <style type=\"text\/css\">\r\n                    \r\n                    #tdi_1  .td-doubleSlider-2 .td-item1 {\r\n                        background: url(https:\/\/vanderloubet.com.br\/deputado\/wp-content\/uploads\/2017\/02\/foto-2017-02-23-itamarati-01-80x60.jpg) 0 0 no-repeat;\r\n                    }\r\n                    #tdi_1  .td-doubleSlider-2 .td-item2 {\r\n                        background: url(https:\/\/vanderloubet.com.br\/deputado\/wp-content\/uploads\/2017\/02\/foto-2017-02-23-itamarati-02-80x60.jpg) 0 0 no-repeat;\r\n                    }\r\n                <\/style>\r\n\r\n                <div id=\"tdi_1\" class=\"td-gallery td-slide-on-2-columns\">\r\n                    <div class=\"post_td_gallery\">\r\n                        <div class=\"td-gallery-slide-top\">\r\n                           <div class=\"td-gallery-title\"><\/div>\r\n\r\n                            <div class=\"td-gallery-controls-wrapper\">\r\n                                <div class=\"td-gallery-slide-count\"><span class=\"td-gallery-slide-item-focus\">1<\/span> de 2<\/div>\r\n                                <div class=\"td-gallery-slide-prev-next-but\">\r\n                                    <i class = \"td-icon-left doubleSliderPrevButton\"><\/i>\r\n                                    <i class = \"td-icon-right doubleSliderNextButton\"><\/i>\r\n                                <\/div>\r\n                            <\/div>\r\n                        <\/div>\r\n\r\n                        <div class = \"td-doubleSlider-1 \">\r\n                            <div class = \"td-slider\">\r\n                                \r\n                    <div class = \"td-slide-item td-item1\">\r\n                        <figure class=\"td-slide-galery-figure td-slide-popup-gallery\">\r\n                            <a class=\"slide-gallery-image-link\" href=\"https:\/\/vanderloubet.com.br\/deputado\/wp-content\/uploads\/2017\/02\/foto-2017-02-23-itamarati-01.jpg\" title=\"Infraestrutura do assentamento necessita de reforma para reduzir custo e aumentar produtividade\"  data-caption=\"\"  data-description=\"Infraestrutura do assentamento necessita de reforma para reduzir custo e aumentar produtividade\">\r\n                                <img decoding=\"async\" src=\"https:\/\/vanderloubet.com.br\/deputado\/wp-content\/uploads\/2017\/02\/foto-2017-02-23-itamarati-01-630x420.jpg\" srcset=\"https:\/\/vanderloubet.com.br\/deputado\/wp-content\/uploads\/2017\/02\/foto-2017-02-23-itamarati-01-630x420.jpg 630w, https:\/\/vanderloubet.com.br\/deputado\/wp-content\/uploads\/2017\/02\/foto-2017-02-23-itamarati-01-350x233.jpg 350w, https:\/\/vanderloubet.com.br\/deputado\/wp-content\/uploads\/2017\/02\/foto-2017-02-23-itamarati-01-768x512.jpg 768w, https:\/\/vanderloubet.com.br\/deputado\/wp-content\/uploads\/2017\/02\/foto-2017-02-23-itamarati-01-700x467.jpg 700w, https:\/\/vanderloubet.com.br\/deputado\/wp-content\/uploads\/2017\/02\/foto-2017-02-23-itamarati-01-696x464.jpg 696w, https:\/\/vanderloubet.com.br\/deputado\/wp-content\/uploads\/2017\/02\/foto-2017-02-23-itamarati-01-1068x712.jpg 1068w, https:\/\/vanderloubet.com.br\/deputado\/wp-content\/uploads\/2017\/02\/foto-2017-02-23-itamarati-01.jpg 1080w\" sizes=\"(max-width: 630px) 100vw, 630px\" alt=\"Infraestrutura do assentamento necessita de reforma para reduzir custo e aumentar produtividade\">\r\n                            <\/a>\r\n                            <figcaption class = \"td-slide-caption td-gallery-slide-content\"><span>Infraestrutura do assentamento necessita de reforma para reduzir custo e aumentar produtividade<\/span><\/figcaption>\r\n                        <\/figure>\r\n                    <\/div>\r\n                    <div class = \"td-slide-item td-item2\">\r\n                        <figure class=\"td-slide-galery-figure td-slide-popup-gallery\">\r\n                            <a class=\"slide-gallery-image-link\" href=\"https:\/\/vanderloubet.com.br\/deputado\/wp-content\/uploads\/2017\/02\/foto-2017-02-23-itamarati-02.jpg\" title=\"Infraestrutura do assentamento necessita de reforma para reduzir custo e aumentar produtividade\"  data-caption=\"\"  data-description=\"Infraestrutura do assentamento necessita de reforma para reduzir custo e aumentar produtividade\">\r\n                                <img decoding=\"async\" src=\"https:\/\/vanderloubet.com.br\/deputado\/wp-content\/uploads\/2017\/02\/foto-2017-02-23-itamarati-02-630x420.jpg\" srcset=\"https:\/\/vanderloubet.com.br\/deputado\/wp-content\/uploads\/2017\/02\/foto-2017-02-23-itamarati-02-630x420.jpg 630w, https:\/\/vanderloubet.com.br\/deputado\/wp-content\/uploads\/2017\/02\/foto-2017-02-23-itamarati-02-350x233.jpg 350w, https:\/\/vanderloubet.com.br\/deputado\/wp-content\/uploads\/2017\/02\/foto-2017-02-23-itamarati-02-768x512.jpg 768w, https:\/\/vanderloubet.com.br\/deputado\/wp-content\/uploads\/2017\/02\/foto-2017-02-23-itamarati-02-700x467.jpg 700w, https:\/\/vanderloubet.com.br\/deputado\/wp-content\/uploads\/2017\/02\/foto-2017-02-23-itamarati-02-696x464.jpg 696w, https:\/\/vanderloubet.com.br\/deputado\/wp-content\/uploads\/2017\/02\/foto-2017-02-23-itamarati-02-1068x712.jpg 1068w, https:\/\/vanderloubet.com.br\/deputado\/wp-content\/uploads\/2017\/02\/foto-2017-02-23-itamarati-02.jpg 1080w\" sizes=\"(max-width: 630px) 100vw, 630px\" alt=\"Infraestrutura do assentamento necessita de reforma para reduzir custo e aumentar produtividade\">\r\n                            <\/a>\r\n                            <figcaption class = \"td-slide-caption td-gallery-slide-content\"><span>Infraestrutura do assentamento necessita de reforma para reduzir custo e aumentar produtividade<\/span><\/figcaption>\r\n                        <\/figure>\r\n                    <\/div>\r\n                            <\/div>\r\n                        <\/div>\r\n\r\n                        <div class = \"td-doubleSlider-2\">\r\n                            <div class = \"td-slider\">\r\n                                \r\n                    <div class = \"td-button td-item1\">\r\n                        <div class = \"td-border\"><\/div>\r\n                    <\/div>\r\n                    <div class = \"td-button td-item2\">\r\n                        <div class = \"td-border\"><\/div>\r\n                    <\/div>\r\n                            <\/div>\r\n                        <\/div>\r\n\r\n                    <\/div>\r\n\r\n                <\/div>\r\n                \n<p>Os deputados federais Zeca do PT e Vander Loubet se reuniram com ministro da Agricultura, Pecu\u00e1ria e Abastecimento (Mapa), Blairo Maggi, na quarta-feira (22) em Bras\u00edlia (DF), para buscar recursos para a recupera\u00e7\u00e3o das \u00e1reas produtivas do Assentamento Itamarati, em Ponta Por\u00e3 (MS).<\/p>\n<p>O objetivo \u00e9 angariar verba federal na ordem de R$ 7,9 milh\u00f5es para reformar e ampliar os silos, armaz\u00e9ns e a unidade de beneficiamento de sementes, que est\u00e3o sob concess\u00e3o das cooperativas dos Agricultores Familiares da Itamarati (Cooperafi) e da Agroindustrial Ceres (Coopaceres). As duas entidades mant\u00eam suas estruturas com parcerias com o poder p\u00fablico e empresas privadas.<\/p>\n<p>&#8220;Essas estruturas est\u00e3o ultrapassadas e precisam ser modernizadas para que haja uma maior efic\u00e1cia, redu\u00e7\u00e3o de custos e aumento da produtividade, com isso aumentar a renda das fam\u00edlias assentadas&#8221;, destacou Zeca. Essa avalia\u00e7\u00e3o \u00e9 compartilhada por Vander: &#8220;Os assentados da Itamarati j\u00e1 mostraram que possuem grande capacidade, por isso \u00e9 importante auxiliarmos a comunidade na quest\u00e3o da infraestrutura de produ\u00e7\u00e3o&#8221;.<\/p>\n<p><strong>Capacidade operacional<\/strong> &#8211; Dos tr\u00eas projetos apresentados, o primeiro \u00e9 o programa para a amplia\u00e7\u00e3o da canjiqueira e da empacotadora, a implanta\u00e7\u00e3o de uma f\u00e1brica de ra\u00e7\u00e3o e a reforma de dez silos e outros quatro armaz\u00e9ns, cujo custo total \u00e9 de R$ 3.243.908,03.<\/p>\n<p>O segundo projeto proposto foi a parceria para a reforma dos silos e da unidade de armazenamento da Coopaceres, or\u00e7ado em R$ 1.473.096,58. Atualmente, a estrutura dos silos e armaz\u00e9ns t\u00eam a capacidade m\u00e1xima de 200 mil sacas de gr\u00e3os, devida \u00e0s suas condi\u00e7\u00f5es f\u00edsicas e estruturais. Com os investimentos solicitados sua capacidade poder\u00e1 alcan\u00e7ar at\u00e9 500 mil sacas de soja e 250 mil sacas de milho. A reforma proporcionar\u00e1 aumento da capacidade operacional e tamb\u00e9m a diminui\u00e7\u00e3o nos custos operacionais.<\/p>\n<p>A \u00faltima proposta prev\u00ea a moderniza\u00e7\u00e3o da Unidade de Beneficiamento de Sementes (UBS) da Coopaceres, que poder\u00e1 beneficiar at\u00e9 seis toneladas de sementes por hora, operando em tr\u00eas turnos com novos equipamentos. Est\u00e1 or\u00e7ado em R$3.238.320,00.<\/p>\n<p>Os deputados Zeca do PT e Vander Loubet fizeram um convite para o ministro realizar sua primeira visita oficial ao Mato Grosso do Sul e conhecer o Assentamento Itamarati, o que deve ocorrer ainda neste primeiro semestre. &#8220;Fizemos o convite ao ministro para conhecer o assentamento e as necessidades das fam\u00edlias ali assentadas&#8221;, comentou o deputado Zeca.<\/p>\n<p><strong>Distrito<\/strong> &#8211; O Assentamento Itamarati foi implantado em 2002 em uma \u00e1rea de 25 mil hectares onde foram assentadas 1.143 fam\u00edlias. \u00c9 uma \u00e1rea da antiga Fazenda Itamarati, que pertenceu ao empres\u00e1rio Olacyr de Moraes, conhecido como maior produ\u00e7\u00e3o de soja no mundo nas d\u00e9cadas de 1970 e 1980. Em 2015, a \u00e1rea foi batizada de Nova Itamarati e elevada a distrito do munic\u00edpio de Ponta Por\u00e3.<\/p>\n<p><em>(Fonte: Ascom\/Dep. Zeca do PT)<\/em><\/p>\n","protected":false},"excerpt":{"rendered":"<p>Objetivo \u00e9 angariar R$ 7,9 milh\u00f5es para reformar e ampliar silos, armaz\u00e9ns e unidade de beneficiamento de sementes.<\/p>\n","protected":false},"author":2,"featured_media":12294,"comment_status":"closed","ping_status":"closed","sticky":false,"template":"","format":"standard","meta":{"jetpack_post_was_ever_published":false,"_jetpack_newsletter_access":"","_jetpack_dont_email_post_to_subs":false,"_jetpack_newsletter_tier_id":0,"_jetpack_memberships_contains_paywalled_content":false,"_jetpack_memberships_contains_paid_content":false,"footnotes":""},"categories":[2097,10],"tags":[2132,2296],"class_list":{"0":"post-12292","1":"post","2":"type-post","3":"status-publish","4":"format-standard","5":"has-post-thumbnail","7":"category-municipios-noticias","8":"category-noticias","9":"tag-agricultura-familiar","10":"tag-reforma-agraria"},"yoast_head":"<!-- This site is optimized with the Yoast SEO plugin v27.4 - https:\/\/yoast.com\/product\/yoast-seo-wordpress\/ -->\n<title>Zeca e Vander buscam recursos para revitalizar \u00e1reas produtivas da Itamarati<\/title>\n<meta name=\"robots\" content=\"index, follow, max-snippet:-1, max-image-preview:large, max-video-preview:-1\" \/>\n<link rel=\"canonical\" href=\"https:\/\/vanderloubet.com.br\/deputado\/zeca-e-vander-buscam-recursos-para-revitalizar-areas-produtivas-da-itamarati\/\" \/>\n<meta property=\"og:locale\" content=\"pt_BR\" \/>\n<meta property=\"og:type\" content=\"article\" \/>\n<meta property=\"og:title\" content=\"Zeca e Vander buscam recursos para revitalizar \u00e1reas produtivas da Itamarati\" \/>\n<meta property=\"og:description\" content=\"Objetivo \u00e9 angariar R$ 7,9 milh\u00f5es para reformar e ampliar silos, armaz\u00e9ns e unidade de beneficiamento de sementes.\" \/>\n<meta property=\"og:url\" content=\"https:\/\/vanderloubet.com.br\/deputado\/zeca-e-vander-buscam-recursos-para-revitalizar-areas-produtivas-da-itamarati\/\" \/>\n<meta property=\"og:site_name\" content=\"Deputado Federal Vander Loubet\" \/>\n<meta property=\"article:publisher\" content=\"https:\/\/facebook.com\/deputadovander\" \/>\n<meta property=\"article:published_time\" content=\"2017-02-23T14:31:28+00:00\" \/>\n<meta property=\"article:modified_time\" content=\"2017-02-23T15:00:15+00:00\" \/>\n<meta property=\"og:image\" content=\"https:\/\/vanderloubet.com.br\/deputado\/wp-content\/uploads\/2017\/02\/foto-2017-02-23-itamarati-02.jpg\" \/>\n\t<meta property=\"og:image:width\" content=\"1080\" \/>\n\t<meta property=\"og:image:height\" content=\"720\" \/>\n\t<meta property=\"og:image:type\" content=\"image\/jpeg\" \/>\n<meta name=\"author\" content=\"\u00c9der\" \/>\n<meta name=\"twitter:card\" content=\"summary_large_image\" \/>\n<meta name=\"twitter:creator\" content=\"@vanderloubet\" \/>\n<meta name=\"twitter:site\" content=\"@vanderloubet\" \/>\n<script type=\"application\/ld+json\" class=\"yoast-schema-graph\">{\"@context\":\"https:\\\/\\\/schema.org\",\"@graph\":[{\"@type\":\"Article\",\"@id\":\"https:\\\/\\\/vanderloubet.com.br\\\/deputado\\\/zeca-e-vander-buscam-recursos-para-revitalizar-areas-produtivas-da-itamarati\\\/#article\",\"isPartOf\":{\"@id\":\"https:\\\/\\\/vanderloubet.com.br\\\/deputado\\\/zeca-e-vander-buscam-recursos-para-revitalizar-areas-produtivas-da-itamarati\\\/\"},\"author\":{\"name\":\"\u00c9der\",\"@id\":\"https:\\\/\\\/vanderloubet.com.br\\\/deputado\\\/#\\\/schema\\\/person\\\/15b51bd564532a8a68d9dec1b8eb890e\"},\"headline\":\"Zeca e Vander buscam recursos para revitalizar \u00e1reas produtivas da Itamarati\",\"datePublished\":\"2017-02-23T14:31:28+00:00\",\"dateModified\":\"2017-02-23T15:00:15+00:00\",\"mainEntityOfPage\":{\"@id\":\"https:\\\/\\\/vanderloubet.com.br\\\/deputado\\\/zeca-e-vander-buscam-recursos-para-revitalizar-areas-produtivas-da-itamarati\\\/\"},\"wordCount\":494,\"publisher\":{\"@id\":\"https:\\\/\\\/vanderloubet.com.br\\\/deputado\\\/#organization\"},\"image\":{\"@id\":\"https:\\\/\\\/vanderloubet.com.br\\\/deputado\\\/zeca-e-vander-buscam-recursos-para-revitalizar-areas-produtivas-da-itamarati\\\/#primaryimage\"},\"thumbnailUrl\":\"https:\\\/\\\/vanderloubet.com.br\\\/deputado\\\/wp-content\\\/uploads\\\/2017\\\/02\\\/foto-2017-02-23-itamarati-02.jpg\",\"keywords\":[\"agricultura familiar\",\"reforma agr\u00e1ria\"],\"articleSection\":[\"Munic\u00edpios\",\"Not\u00edcias\"],\"inLanguage\":\"pt-BR\"},{\"@type\":\"WebPage\",\"@id\":\"https:\\\/\\\/vanderloubet.com.br\\\/deputado\\\/zeca-e-vander-buscam-recursos-para-revitalizar-areas-produtivas-da-itamarati\\\/\",\"url\":\"https:\\\/\\\/vanderloubet.com.br\\\/deputado\\\/zeca-e-vander-buscam-recursos-para-revitalizar-areas-produtivas-da-itamarati\\\/\",\"name\":\"Zeca e Vander buscam recursos para revitalizar \u00e1reas produtivas da Itamarati\",\"isPartOf\":{\"@id\":\"https:\\\/\\\/vanderloubet.com.br\\\/deputado\\\/#website\"},\"primaryImageOfPage\":{\"@id\":\"https:\\\/\\\/vanderloubet.com.br\\\/deputado\\\/zeca-e-vander-buscam-recursos-para-revitalizar-areas-produtivas-da-itamarati\\\/#primaryimage\"},\"image\":{\"@id\":\"https:\\\/\\\/vanderloubet.com.br\\\/deputado\\\/zeca-e-vander-buscam-recursos-para-revitalizar-areas-produtivas-da-itamarati\\\/#primaryimage\"},\"thumbnailUrl\":\"https:\\\/\\\/vanderloubet.com.br\\\/deputado\\\/wp-content\\\/uploads\\\/2017\\\/02\\\/foto-2017-02-23-itamarati-02.jpg\",\"datePublished\":\"2017-02-23T14:31:28+00:00\",\"dateModified\":\"2017-02-23T15:00:15+00:00\",\"breadcrumb\":{\"@id\":\"https:\\\/\\\/vanderloubet.com.br\\\/deputado\\\/zeca-e-vander-buscam-recursos-para-revitalizar-areas-produtivas-da-itamarati\\\/#breadcrumb\"},\"inLanguage\":\"pt-BR\",\"potentialAction\":[{\"@type\":\"ReadAction\",\"target\":[\"https:\\\/\\\/vanderloubet.com.br\\\/deputado\\\/zeca-e-vander-buscam-recursos-para-revitalizar-areas-produtivas-da-itamarati\\\/\"]}]},{\"@type\":\"ImageObject\",\"inLanguage\":\"pt-BR\",\"@id\":\"https:\\\/\\\/vanderloubet.com.br\\\/deputado\\\/zeca-e-vander-buscam-recursos-para-revitalizar-areas-produtivas-da-itamarati\\\/#primaryimage\",\"url\":\"https:\\\/\\\/vanderloubet.com.br\\\/deputado\\\/wp-content\\\/uploads\\\/2017\\\/02\\\/foto-2017-02-23-itamarati-02.jpg\",\"contentUrl\":\"https:\\\/\\\/vanderloubet.com.br\\\/deputado\\\/wp-content\\\/uploads\\\/2017\\\/02\\\/foto-2017-02-23-itamarati-02.jpg\",\"width\":1080,\"height\":720,\"caption\":\"Infraestrutura do assentamento necessita de reforma para reduzir custo e aumentar produtividade\"},{\"@type\":\"BreadcrumbList\",\"@id\":\"https:\\\/\\\/vanderloubet.com.br\\\/deputado\\\/zeca-e-vander-buscam-recursos-para-revitalizar-areas-produtivas-da-itamarati\\\/#breadcrumb\",\"itemListElement\":[{\"@type\":\"ListItem\",\"position\":1,\"name\":\"In\u00edcio\",\"item\":\"https:\\\/\\\/vanderloubet.com.br\\\/deputado\\\/\"},{\"@type\":\"ListItem\",\"position\":2,\"name\":\"Zeca e Vander buscam recursos para revitalizar \u00e1reas produtivas da Itamarati\"}]},{\"@type\":\"WebSite\",\"@id\":\"https:\\\/\\\/vanderloubet.com.br\\\/deputado\\\/#website\",\"url\":\"https:\\\/\\\/vanderloubet.com.br\\\/deputado\\\/\",\"name\":\"Deputado Federal Vander Loubet\",\"description\":\"O Federal de MS\",\"publisher\":{\"@id\":\"https:\\\/\\\/vanderloubet.com.br\\\/deputado\\\/#organization\"},\"alternateName\":\"Deputado Vander\",\"potentialAction\":[{\"@type\":\"SearchAction\",\"target\":{\"@type\":\"EntryPoint\",\"urlTemplate\":\"https:\\\/\\\/vanderloubet.com.br\\\/deputado\\\/?s={search_term_string}\"},\"query-input\":{\"@type\":\"PropertyValueSpecification\",\"valueRequired\":true,\"valueName\":\"search_term_string\"}}],\"inLanguage\":\"pt-BR\"},{\"@type\":\"Organization\",\"@id\":\"https:\\\/\\\/vanderloubet.com.br\\\/deputado\\\/#organization\",\"name\":\"Deputado Federal Vander Loubet\",\"alternateName\":\"Deputado Vander\",\"url\":\"https:\\\/\\\/vanderloubet.com.br\\\/deputado\\\/\",\"logo\":{\"@type\":\"ImageObject\",\"inLanguage\":\"pt-BR\",\"@id\":\"https:\\\/\\\/vanderloubet.com.br\\\/deputado\\\/#\\\/schema\\\/logo\\\/image\\\/\",\"url\":\"https:\\\/\\\/vanderloubet.com.br\\\/deputado\\\/wp-content\\\/uploads\\\/2023\\\/06\\\/foto-2023-06-19-mandato-deputado-vander.jpg\",\"contentUrl\":\"https:\\\/\\\/vanderloubet.com.br\\\/deputado\\\/wp-content\\\/uploads\\\/2023\\\/06\\\/foto-2023-06-19-mandato-deputado-vander.jpg\",\"width\":1080,\"height\":1080,\"caption\":\"Deputado Federal Vander Loubet\"},\"image\":{\"@id\":\"https:\\\/\\\/vanderloubet.com.br\\\/deputado\\\/#\\\/schema\\\/logo\\\/image\\\/\"},\"sameAs\":[\"https:\\\/\\\/facebook.com\\\/deputadovander\",\"https:\\\/\\\/x.com\\\/vanderloubet\",\"https:\\\/\\\/instagram.com\\\/vanderloubet\",\"https:\\\/\\\/youtube.com\\\/vanderloubet\",\"https:\\\/\\\/tiktok.com\\\/@vanderloubetms\"]},{\"@type\":\"Person\",\"@id\":\"https:\\\/\\\/vanderloubet.com.br\\\/deputado\\\/#\\\/schema\\\/person\\\/15b51bd564532a8a68d9dec1b8eb890e\",\"name\":\"\u00c9der\",\"image\":{\"@type\":\"ImageObject\",\"inLanguage\":\"pt-BR\",\"@id\":\"https:\\\/\\\/vanderloubet.com.br\\\/deputado\\\/wp-content\\\/litespeed\\\/avatar\\\/88ca4090d9d5ab1c9495f6ca03b68efa.jpg?ver=1777058957\",\"url\":\"https:\\\/\\\/vanderloubet.com.br\\\/deputado\\\/wp-content\\\/litespeed\\\/avatar\\\/88ca4090d9d5ab1c9495f6ca03b68efa.jpg?ver=1777058957\",\"contentUrl\":\"https:\\\/\\\/vanderloubet.com.br\\\/deputado\\\/wp-content\\\/litespeed\\\/avatar\\\/88ca4090d9d5ab1c9495f6ca03b68efa.jpg?ver=1777058957\",\"caption\":\"\u00c9der\"}}]}<\/script>\n<!-- \/ Yoast SEO plugin. -->","yoast_head_json":{"title":"Zeca e Vander buscam recursos para revitalizar \u00e1reas produtivas da Itamarati","robots":{"index":"index","follow":"follow","max-snippet":"max-snippet:-1","max-image-preview":"max-image-preview:large","max-video-preview":"max-video-preview:-1"},"canonical":"https:\/\/vanderloubet.com.br\/deputado\/zeca-e-vander-buscam-recursos-para-revitalizar-areas-produtivas-da-itamarati\/","og_locale":"pt_BR","og_type":"article","og_title":"Zeca e Vander buscam recursos para revitalizar \u00e1reas produtivas da Itamarati","og_description":"Objetivo \u00e9 angariar R$ 7,9 milh\u00f5es para reformar e ampliar silos, armaz\u00e9ns e unidade de beneficiamento de sementes.","og_url":"https:\/\/vanderloubet.com.br\/deputado\/zeca-e-vander-buscam-recursos-para-revitalizar-areas-produtivas-da-itamarati\/","og_site_name":"Deputado Federal Vander Loubet","article_publisher":"https:\/\/facebook.com\/deputadovander","article_published_time":"2017-02-23T14:31:28+00:00","article_modified_time":"2017-02-23T15:00:15+00:00","og_image":[{"width":1080,"height":720,"url":"https:\/\/vanderloubet.com.br\/deputado\/wp-content\/uploads\/2017\/02\/foto-2017-02-23-itamarati-02.jpg","type":"image\/jpeg"}],"author":"\u00c9der","twitter_card":"summary_large_image","twitter_creator":"@vanderloubet","twitter_site":"@vanderloubet","schema":{"@context":"https:\/\/schema.org","@graph":[{"@type":"Article","@id":"https:\/\/vanderloubet.com.br\/deputado\/zeca-e-vander-buscam-recursos-para-revitalizar-areas-produtivas-da-itamarati\/#article","isPartOf":{"@id":"https:\/\/vanderloubet.com.br\/deputado\/zeca-e-vander-buscam-recursos-para-revitalizar-areas-produtivas-da-itamarati\/"},"author":{"name":"\u00c9der","@id":"https:\/\/vanderloubet.com.br\/deputado\/#\/schema\/person\/15b51bd564532a8a68d9dec1b8eb890e"},"headline":"Zeca e Vander buscam recursos para revitalizar \u00e1reas produtivas da Itamarati","datePublished":"2017-02-23T14:31:28+00:00","dateModified":"2017-02-23T15:00:15+00:00","mainEntityOfPage":{"@id":"https:\/\/vanderloubet.com.br\/deputado\/zeca-e-vander-buscam-recursos-para-revitalizar-areas-produtivas-da-itamarati\/"},"wordCount":494,"publisher":{"@id":"https:\/\/vanderloubet.com.br\/deputado\/#organization"},"image":{"@id":"https:\/\/vanderloubet.com.br\/deputado\/zeca-e-vander-buscam-recursos-para-revitalizar-areas-produtivas-da-itamarati\/#primaryimage"},"thumbnailUrl":"https:\/\/vanderloubet.com.br\/deputado\/wp-content\/uploads\/2017\/02\/foto-2017-02-23-itamarati-02.jpg","keywords":["agricultura familiar","reforma agr\u00e1ria"],"articleSection":["Munic\u00edpios","Not\u00edcias"],"inLanguage":"pt-BR"},{"@type":"WebPage","@id":"https:\/\/vanderloubet.com.br\/deputado\/zeca-e-vander-buscam-recursos-para-revitalizar-areas-produtivas-da-itamarati\/","url":"https:\/\/vanderloubet.com.br\/deputado\/zeca-e-vander-buscam-recursos-para-revitalizar-areas-produtivas-da-itamarati\/","name":"Zeca e Vander buscam recursos para revitalizar \u00e1reas produtivas da Itamarati","isPartOf":{"@id":"https:\/\/vanderloubet.com.br\/deputado\/#website"},"primaryImageOfPage":{"@id":"https:\/\/vanderloubet.com.br\/deputado\/zeca-e-vander-buscam-recursos-para-revitalizar-areas-produtivas-da-itamarati\/#primaryimage"},"image":{"@id":"https:\/\/vanderloubet.com.br\/deputado\/zeca-e-vander-buscam-recursos-para-revitalizar-areas-produtivas-da-itamarati\/#primaryimage"},"thumbnailUrl":"https:\/\/vanderloubet.com.br\/deputado\/wp-content\/uploads\/2017\/02\/foto-2017-02-23-itamarati-02.jpg","datePublished":"2017-02-23T14:31:28+00:00","dateModified":"2017-02-23T15:00:15+00:00","breadcrumb":{"@id":"https:\/\/vanderloubet.com.br\/deputado\/zeca-e-vander-buscam-recursos-para-revitalizar-areas-produtivas-da-itamarati\/#breadcrumb"},"inLanguage":"pt-BR","potentialAction":[{"@type":"ReadAction","target":["https:\/\/vanderloubet.com.br\/deputado\/zeca-e-vander-buscam-recursos-para-revitalizar-areas-produtivas-da-itamarati\/"]}]},{"@type":"ImageObject","inLanguage":"pt-BR","@id":"https:\/\/vanderloubet.com.br\/deputado\/zeca-e-vander-buscam-recursos-para-revitalizar-areas-produtivas-da-itamarati\/#primaryimage","url":"https:\/\/vanderloubet.com.br\/deputado\/wp-content\/uploads\/2017\/02\/foto-2017-02-23-itamarati-02.jpg","contentUrl":"https:\/\/vanderloubet.com.br\/deputado\/wp-content\/uploads\/2017\/02\/foto-2017-02-23-itamarati-02.jpg","width":1080,"height":720,"caption":"Infraestrutura do assentamento necessita de reforma para reduzir custo e aumentar produtividade"},{"@type":"BreadcrumbList","@id":"https:\/\/vanderloubet.com.br\/deputado\/zeca-e-vander-buscam-recursos-para-revitalizar-areas-produtivas-da-itamarati\/#breadcrumb","itemListElement":[{"@type":"ListItem","position":1,"name":"In\u00edcio","item":"https:\/\/vanderloubet.com.br\/deputado\/"},{"@type":"ListItem","position":2,"name":"Zeca e Vander buscam recursos para revitalizar \u00e1reas produtivas da Itamarati"}]},{"@type":"WebSite","@id":"https:\/\/vanderloubet.com.br\/deputado\/#website","url":"https:\/\/vanderloubet.com.br\/deputado\/","name":"Deputado Federal Vander Loubet","description":"O Federal de MS","publisher":{"@id":"https:\/\/vanderloubet.com.br\/deputado\/#organization"},"alternateName":"Deputado Vander","potentialAction":[{"@type":"SearchAction","target":{"@type":"EntryPoint","urlTemplate":"https:\/\/vanderloubet.com.br\/deputado\/?s={search_term_string}"},"query-input":{"@type":"PropertyValueSpecification","valueRequired":true,"valueName":"search_term_string"}}],"inLanguage":"pt-BR"},{"@type":"Organization","@id":"https:\/\/vanderloubet.com.br\/deputado\/#organization","name":"Deputado Federal Vander Loubet","alternateName":"Deputado Vander","url":"https:\/\/vanderloubet.com.br\/deputado\/","logo":{"@type":"ImageObject","inLanguage":"pt-BR","@id":"https:\/\/vanderloubet.com.br\/deputado\/#\/schema\/logo\/image\/","url":"https:\/\/vanderloubet.com.br\/deputado\/wp-content\/uploads\/2023\/06\/foto-2023-06-19-mandato-deputado-vander.jpg","contentUrl":"https:\/\/vanderloubet.com.br\/deputado\/wp-content\/uploads\/2023\/06\/foto-2023-06-19-mandato-deputado-vander.jpg","width":1080,"height":1080,"caption":"Deputado Federal Vander Loubet"},"image":{"@id":"https:\/\/vanderloubet.com.br\/deputado\/#\/schema\/logo\/image\/"},"sameAs":["https:\/\/facebook.com\/deputadovander","https:\/\/x.com\/vanderloubet","https:\/\/instagram.com\/vanderloubet","https:\/\/youtube.com\/vanderloubet","https:\/\/tiktok.com\/@vanderloubetms"]},{"@type":"Person","@id":"https:\/\/vanderloubet.com.br\/deputado\/#\/schema\/person\/15b51bd564532a8a68d9dec1b8eb890e","name":"\u00c9der","image":{"@type":"ImageObject","inLanguage":"pt-BR","@id":"https:\/\/vanderloubet.com.br\/deputado\/wp-content\/litespeed\/avatar\/88ca4090d9d5ab1c9495f6ca03b68efa.jpg?ver=1777058957","url":"https:\/\/vanderloubet.com.br\/deputado\/wp-content\/litespeed\/avatar\/88ca4090d9d5ab1c9495f6ca03b68efa.jpg?ver=1777058957","contentUrl":"https:\/\/vanderloubet.com.br\/deputado\/wp-content\/litespeed\/avatar\/88ca4090d9d5ab1c9495f6ca03b68efa.jpg?ver=1777058957","caption":"\u00c9der"}}]}},"jetpack_featured_media_url":"https:\/\/vanderloubet.com.br\/deputado\/wp-content\/uploads\/2017\/02\/foto-2017-02-23-itamarati-02.jpg","jetpack_sharing_enabled":true,"_links":{"self":[{"href":"https:\/\/vanderloubet.com.br\/deputado\/wp-json\/wp\/v2\/posts\/12292","targetHints":{"allow":["GET"]}}],"collection":[{"href":"https:\/\/vanderloubet.com.br\/deputado\/wp-json\/wp\/v2\/posts"}],"about":[{"href":"https:\/\/vanderloubet.com.br\/deputado\/wp-json\/wp\/v2\/types\/post"}],"author":[{"embeddable":true,"href":"https:\/\/vanderloubet.com.br\/deputado\/wp-json\/wp\/v2\/users\/2"}],"replies":[{"embeddable":true,"href":"https:\/\/vanderloubet.com.br\/deputado\/wp-json\/wp\/v2\/comments?post=12292"}],"version-history":[{"count":0,"href":"https:\/\/vanderloubet.com.br\/deputado\/wp-json\/wp\/v2\/posts\/12292\/revisions"}],"wp:featuredmedia":[{"embeddable":true,"href":"https:\/\/vanderloubet.com.br\/deputado\/wp-json\/wp\/v2\/media\/12294"}],"wp:attachment":[{"href":"https:\/\/vanderloubet.com.br\/deputado\/wp-json\/wp\/v2\/media?parent=12292"}],"wp:term":[{"taxonomy":"category","embeddable":true,"href":"https:\/\/vanderloubet.com.br\/deputado\/wp-json\/wp\/v2\/categories?post=12292"},{"taxonomy":"post_tag","embeddable":true,"href":"https:\/\/vanderloubet.com.br\/deputado\/wp-json\/wp\/v2\/tags?post=12292"}],"curies":[{"name":"wp","href":"https:\/\/api.w.org\/{rel}","templated":true}]}}