{"id":12282,"date":"2017-02-20T16:31:27","date_gmt":"2017-02-20T20:31:27","guid":{"rendered":"http:\/\/vanderloubet.com.br\/deputado\/?p=12282"},"modified":"2017-02-20T16:52:06","modified_gmt":"2017-02-20T20:52:06","slug":"vander-e-marquinhos-discutem-nova-modalidade-de-transporte-coletivo-para-a-capital","status":"publish","type":"post","link":"https:\/\/vanderloubet.com.br\/deputado\/vander-e-marquinhos-discutem-nova-modalidade-de-transporte-coletivo-para-a-capital\/","title":{"rendered":"Vander e Marquinhos discutem nova modalidade de transporte coletivo para a Capital"},"content":{"rendered":"\r\n                <style type=\"text\/css\">\r\n                    \r\n                    #tdi_1  .td-doubleSlider-2 .td-item1 {\r\n                        background: url(https:\/\/vanderloubet.com.br\/deputado\/wp-content\/uploads\/2017\/02\/foto-2017-02-20-projeto-aeromovel-01-80x60.jpg) 0 0 no-repeat;\r\n                    }\r\n                    #tdi_1  .td-doubleSlider-2 .td-item2 {\r\n                        background: url(https:\/\/vanderloubet.com.br\/deputado\/wp-content\/uploads\/2017\/02\/foto-2017-02-20-projeto-aeromovel-02-80x60.jpg) 0 0 no-repeat;\r\n                    }\r\n                    #tdi_1  .td-doubleSlider-2 .td-item3 {\r\n                        background: url(https:\/\/vanderloubet.com.br\/deputado\/wp-content\/uploads\/2017\/02\/foto-2017-02-20-projeto-aeromovel-03-80x60.jpg) 0 0 no-repeat;\r\n                    }\r\n                <\/style>\r\n\r\n                <div id=\"tdi_1\" class=\"td-gallery td-slide-on-2-columns\">\r\n                    <div class=\"post_td_gallery\">\r\n                        <div class=\"td-gallery-slide-top\">\r\n                           <div class=\"td-gallery-title\"><\/div>\r\n\r\n                            <div class=\"td-gallery-controls-wrapper\">\r\n                                <div class=\"td-gallery-slide-count\"><span class=\"td-gallery-slide-item-focus\">1<\/span> de 3<\/div>\r\n                                <div class=\"td-gallery-slide-prev-next-but\">\r\n                                    <i class = \"td-icon-left doubleSliderPrevButton\"><\/i>\r\n                                    <i class = \"td-icon-right doubleSliderNextButton\"><\/i>\r\n                                <\/div>\r\n                            <\/div>\r\n                        <\/div>\r\n\r\n                        <div class = \"td-doubleSlider-1 \">\r\n                            <div class = \"td-slider\">\r\n                                \r\n                    <div class = \"td-slide-item td-item1\">\r\n                        <figure class=\"td-slide-galery-figure td-slide-popup-gallery\">\r\n                            <a class=\"slide-gallery-image-link\" href=\"https:\/\/vanderloubet.com.br\/deputado\/wp-content\/uploads\/2017\/02\/foto-2017-02-20-projeto-aeromovel-01.jpg\" title=\"Vander e Marquinhos defenderam a ideia de planejamento para tr\u00e2nsito da Capital\"  data-caption=\"\"  data-description=\"Vander e Marquinhos defenderam a ideia de planejamento para tr&acirc;nsito da Capital\">\r\n                                <img decoding=\"async\" src=\"https:\/\/vanderloubet.com.br\/deputado\/wp-content\/uploads\/2017\/02\/foto-2017-02-20-projeto-aeromovel-01-630x420.jpg\" srcset=\"https:\/\/vanderloubet.com.br\/deputado\/wp-content\/uploads\/2017\/02\/foto-2017-02-20-projeto-aeromovel-01-630x420.jpg 630w, https:\/\/vanderloubet.com.br\/deputado\/wp-content\/uploads\/2017\/02\/foto-2017-02-20-projeto-aeromovel-01-350x233.jpg 350w, https:\/\/vanderloubet.com.br\/deputado\/wp-content\/uploads\/2017\/02\/foto-2017-02-20-projeto-aeromovel-01-768x512.jpg 768w, https:\/\/vanderloubet.com.br\/deputado\/wp-content\/uploads\/2017\/02\/foto-2017-02-20-projeto-aeromovel-01-700x467.jpg 700w, https:\/\/vanderloubet.com.br\/deputado\/wp-content\/uploads\/2017\/02\/foto-2017-02-20-projeto-aeromovel-01-696x464.jpg 696w, https:\/\/vanderloubet.com.br\/deputado\/wp-content\/uploads\/2017\/02\/foto-2017-02-20-projeto-aeromovel-01-1068x712.jpg 1068w, https:\/\/vanderloubet.com.br\/deputado\/wp-content\/uploads\/2017\/02\/foto-2017-02-20-projeto-aeromovel-01.jpg 1080w\" sizes=\"(max-width: 630px) 100vw, 630px\" alt=\"Vander e Marquinhos defenderam a ideia de planejamento para tr&acirc;nsito da Capital\">\r\n                            <\/a>\r\n                            <figcaption class = \"td-slide-caption td-gallery-slide-content\"><span>Vander e Marquinhos defenderam a ideia de planejamento para tr\u00e2nsito da Capital<\/span><\/figcaption>\r\n                        <\/figure>\r\n                    <\/div>\r\n                    <div class = \"td-slide-item td-item2\">\r\n                        <figure class=\"td-slide-galery-figure td-slide-popup-gallery\">\r\n                            <a class=\"slide-gallery-image-link\" href=\"https:\/\/vanderloubet.com.br\/deputado\/wp-content\/uploads\/2017\/02\/foto-2017-02-20-projeto-aeromovel-02.jpg\" title=\"A cidade de Canoas (RS) est\u00e1 implantando o aerom\u00f3vel\"  data-caption=\"\"  data-description=\"A cidade de Canoas (RS) est&aacute; implantando o aerom&oacute;vel\">\r\n                                <img decoding=\"async\" src=\"https:\/\/vanderloubet.com.br\/deputado\/wp-content\/uploads\/2017\/02\/foto-2017-02-20-projeto-aeromovel-02-630x420.jpg\" srcset=\"https:\/\/vanderloubet.com.br\/deputado\/wp-content\/uploads\/2017\/02\/foto-2017-02-20-projeto-aeromovel-02-630x420.jpg 630w, https:\/\/vanderloubet.com.br\/deputado\/wp-content\/uploads\/2017\/02\/foto-2017-02-20-projeto-aeromovel-02-350x233.jpg 350w, https:\/\/vanderloubet.com.br\/deputado\/wp-content\/uploads\/2017\/02\/foto-2017-02-20-projeto-aeromovel-02-768x512.jpg 768w, https:\/\/vanderloubet.com.br\/deputado\/wp-content\/uploads\/2017\/02\/foto-2017-02-20-projeto-aeromovel-02-700x467.jpg 700w, https:\/\/vanderloubet.com.br\/deputado\/wp-content\/uploads\/2017\/02\/foto-2017-02-20-projeto-aeromovel-02-696x464.jpg 696w, https:\/\/vanderloubet.com.br\/deputado\/wp-content\/uploads\/2017\/02\/foto-2017-02-20-projeto-aeromovel-02-1068x712.jpg 1068w, https:\/\/vanderloubet.com.br\/deputado\/wp-content\/uploads\/2017\/02\/foto-2017-02-20-projeto-aeromovel-02.jpg 1080w\" sizes=\"(max-width: 630px) 100vw, 630px\" alt=\"A cidade de Canoas (RS) est&aacute; implantando o aerom&oacute;vel\">\r\n                            <\/a>\r\n                            <figcaption class = \"td-slide-caption td-gallery-slide-content\"><span>A cidade de Canoas (RS) est\u00e1 implantando o aerom\u00f3vel<\/span><\/figcaption>\r\n                        <\/figure>\r\n                    <\/div>\r\n                    <div class = \"td-slide-item td-item3\">\r\n                        <figure class=\"td-slide-galery-figure td-slide-popup-gallery\">\r\n                            <a class=\"slide-gallery-image-link\" href=\"https:\/\/vanderloubet.com.br\/deputado\/wp-content\/uploads\/2017\/02\/foto-2017-02-20-projeto-aeromovel-03.jpg\" title=\"Em Porto Alegre (RS) o aerom\u00f3vel j\u00e1 funciona desde 2013\"  data-caption=\"\"  data-description=\"Em Porto Alegre (RS) o aerom&oacute;vel j&aacute; funciona desde 2013\">\r\n                                <img decoding=\"async\" src=\"https:\/\/vanderloubet.com.br\/deputado\/wp-content\/uploads\/2017\/02\/foto-2017-02-20-projeto-aeromovel-03-630x420.jpg\" srcset=\"https:\/\/vanderloubet.com.br\/deputado\/wp-content\/uploads\/2017\/02\/foto-2017-02-20-projeto-aeromovel-03-630x420.jpg 630w, https:\/\/vanderloubet.com.br\/deputado\/wp-content\/uploads\/2017\/02\/foto-2017-02-20-projeto-aeromovel-03-350x233.jpg 350w, https:\/\/vanderloubet.com.br\/deputado\/wp-content\/uploads\/2017\/02\/foto-2017-02-20-projeto-aeromovel-03-768x512.jpg 768w, https:\/\/vanderloubet.com.br\/deputado\/wp-content\/uploads\/2017\/02\/foto-2017-02-20-projeto-aeromovel-03-700x467.jpg 700w, https:\/\/vanderloubet.com.br\/deputado\/wp-content\/uploads\/2017\/02\/foto-2017-02-20-projeto-aeromovel-03-696x464.jpg 696w, https:\/\/vanderloubet.com.br\/deputado\/wp-content\/uploads\/2017\/02\/foto-2017-02-20-projeto-aeromovel-03-1068x712.jpg 1068w, https:\/\/vanderloubet.com.br\/deputado\/wp-content\/uploads\/2017\/02\/foto-2017-02-20-projeto-aeromovel-03.jpg 1080w\" sizes=\"(max-width: 630px) 100vw, 630px\" alt=\"Em Porto Alegre (RS) o aerom&oacute;vel j&aacute; funciona desde 2013\">\r\n                            <\/a>\r\n                            <figcaption class = \"td-slide-caption td-gallery-slide-content\"><span>Em Porto Alegre (RS) o aerom\u00f3vel j\u00e1 funciona desde 2013<\/span><\/figcaption>\r\n                        <\/figure>\r\n                    <\/div>\r\n                            <\/div>\r\n                        <\/div>\r\n\r\n                        <div class = \"td-doubleSlider-2\">\r\n                            <div class = \"td-slider\">\r\n                                \r\n                    <div class = \"td-button td-item1\">\r\n                        <div class = \"td-border\"><\/div>\r\n                    <\/div>\r\n                    <div class = \"td-button td-item2\">\r\n                        <div class = \"td-border\"><\/div>\r\n                    <\/div>\r\n                    <div class = \"td-button td-item3\">\r\n                        <div class = \"td-border\"><\/div>\r\n                    <\/div>\r\n                            <\/div>\r\n                        <\/div>\r\n\r\n                    <\/div>\r\n\r\n                <\/div>\r\n                \n<p>O prefeito de Campo Grande, Marquinhos Trad, recebeu na manh\u00e3 desta segunda-feira (20) o deputado federal Vander Loubet. Ele foi ao gabinete acompanhado de Marcos Bosio, representante de uma empresa interessada em instalar um aerom\u00f3vel como alternativa de transporte p\u00fablico coletivo, visando um futuro sustent\u00e1vel.<\/p>\n<p>O aerom\u00f3vel \u00e9 um meio de transporte automatizado, em via elevada, que utiliza ve\u00edculos leves, n\u00e3o motorizados, com estruturas de sustenta\u00e7\u00e3o esbeltas. Sua propuls\u00e3o \u00e9 pneum\u00e1tica &#8211; o ar \u00e9 soprado por ventiladores industriais de alta efici\u00eancia energ\u00e9tica, por meio de um duto localizado dentro da via elevada. O vento empurra uma aleta (semelhante a uma vela de barco) fixada por uma haste ao ve\u00edculo, que se movimenta sobre rodas de a\u00e7o em trilhos.<\/p>\n<p>O projeto leva em considera\u00e7\u00e3o, principalmente, a ocupa\u00e7\u00e3o m\u00ednima do espa\u00e7o do solo. E, por se tratar de uma via elevada, libera a \u00e1rea do n\u00edvel do solo para outras fun\u00e7\u00f5es e atividades.<\/p>\n<p>Marquinhos ressalta que \u00e9 necess\u00e1rio, gradativamente, que o poder p\u00fablico comece a elaborar um planejamento para desafogar o tr\u00e2nsito. &#8220;O tr\u00e2nsito de Campo Grande nunca foi planejado. \u00c9 necess\u00e1rio que comecemos a pensar em abrir as discuss\u00f5es no sentido de pensar em alternativas vi\u00e1veis para resolver essa quest\u00e3o, principalmente pela mobilidade urbana&#8221;, considera o prefeito.<\/p>\n<p>O deputado Vander Loubet defende que o aerom\u00f3vel \u00e9 uma das alternativas mais vi\u00e1veis tendo em vista o perfil da capital sul-mato-grossense. &#8220;Logo que conheci o projeto pensei em Campo Grande, como sa\u00edda para a quest\u00e3o de mobilidade e transporte. \u00c9 um novo conceito de integra\u00e7\u00e3o do transporte, que tem como fator principal o custo-benef\u00edcio&#8221;, concluiu o parlamentar.<\/p>\n<p><strong>Tecnologia brasileira<\/strong> &#8211; Na capital do Rio Grande do Sul, Porto Alegre, o aerom\u00f3vel foi lan\u00e7ado em agosto de 2013. A linha liga o Terminal 1 do Aeroporto Internacional Salgado Filho \u00e0 Esta\u00e7\u00e3o Aeroporto do metr\u00f4 local. O ve\u00edculo utilizado \u00e9 movido a ar, com tecnologia 100% brasileira. Foram investidos R$ 37,8 milh\u00f5es da segunda fase do Programa de Acelera\u00e7\u00e3o do Crescimento (PAC 2) no empreendimento, que transporta uma m\u00e9dia de tr\u00eas mil passageiros por dia.<\/p>\n<p>A modalidade de transporte tamb\u00e9m est\u00e1 em fase de implanta\u00e7\u00e3o na cidade ga\u00facha de Canoas, localizada na regi\u00e3o metropolitana de Porto Alegre.<\/p>\n<p><em>(\u00c9der Yanaguita &#8211; Ascom\/Dep. Vander Loubet, com informa\u00e7\u00f5es do CGNot\u00edcias\/PMCG)<\/em><\/p>\n","protected":false},"excerpt":{"rendered":"<p>Aerom\u00f3vel j\u00e1 \u00e9 realidade em Porto Alegre e tamb\u00e9m est\u00e1 sendo implantado na cidade de Canoas.<\/p>\n","protected":false},"author":2,"featured_media":12285,"comment_status":"closed","ping_status":"closed","sticky":false,"template":"","format":"standard","meta":{"jetpack_post_was_ever_published":false,"_jetpack_newsletter_access":"","_jetpack_dont_email_post_to_subs":false,"_jetpack_newsletter_tier_id":0,"_jetpack_memberships_contains_paywalled_content":false,"_jetpack_memberships_contains_paid_content":false,"footnotes":""},"categories":[2097,10],"tags":[1311,1968,2154],"class_list":{"0":"post-12282","1":"post","2":"type-post","3":"status-publish","4":"format-standard","5":"has-post-thumbnail","7":"category-municipios-noticias","8":"category-noticias","9":"tag-mobilidade-urbana","10":"tag-transito","11":"tag-transporte-coletivo"},"yoast_head":"<!-- This site is optimized with the Yoast SEO plugin v27.4 - https:\/\/yoast.com\/product\/yoast-seo-wordpress\/ -->\n<title>Vander e Marquinhos discutem nova modalidade de transporte coletivo para a Capital<\/title>\n<meta name=\"robots\" content=\"index, follow, max-snippet:-1, max-image-preview:large, max-video-preview:-1\" \/>\n<link rel=\"canonical\" href=\"https:\/\/vanderloubet.com.br\/deputado\/vander-e-marquinhos-discutem-nova-modalidade-de-transporte-coletivo-para-a-capital\/\" \/>\n<meta property=\"og:locale\" content=\"pt_BR\" \/>\n<meta property=\"og:type\" content=\"article\" \/>\n<meta property=\"og:title\" content=\"Vander e Marquinhos discutem nova modalidade de transporte coletivo para a Capital\" \/>\n<meta property=\"og:description\" content=\"Aerom\u00f3vel j\u00e1 \u00e9 realidade em Porto Alegre e tamb\u00e9m est\u00e1 sendo implantado na cidade de Canoas.\" \/>\n<meta property=\"og:url\" content=\"https:\/\/vanderloubet.com.br\/deputado\/vander-e-marquinhos-discutem-nova-modalidade-de-transporte-coletivo-para-a-capital\/\" \/>\n<meta property=\"og:site_name\" content=\"Deputado Federal Vander Loubet\" \/>\n<meta property=\"article:publisher\" content=\"https:\/\/facebook.com\/deputadovander\" \/>\n<meta property=\"article:published_time\" content=\"2017-02-20T20:31:27+00:00\" \/>\n<meta property=\"article:modified_time\" content=\"2017-02-20T20:52:06+00:00\" \/>\n<meta property=\"og:image\" content=\"https:\/\/vanderloubet.com.br\/deputado\/wp-content\/uploads\/2017\/02\/foto-2017-02-20-projeto-aeromovel-03.jpg\" \/>\n\t<meta property=\"og:image:width\" content=\"1080\" \/>\n\t<meta property=\"og:image:height\" content=\"720\" \/>\n\t<meta property=\"og:image:type\" content=\"image\/jpeg\" \/>\n<meta name=\"author\" content=\"\u00c9der\" \/>\n<meta name=\"twitter:card\" content=\"summary_large_image\" \/>\n<meta name=\"twitter:creator\" content=\"@vanderloubet\" \/>\n<meta name=\"twitter:site\" content=\"@vanderloubet\" \/>\n<script type=\"application\/ld+json\" class=\"yoast-schema-graph\">{\"@context\":\"https:\\\/\\\/schema.org\",\"@graph\":[{\"@type\":\"Article\",\"@id\":\"https:\\\/\\\/vanderloubet.com.br\\\/deputado\\\/vander-e-marquinhos-discutem-nova-modalidade-de-transporte-coletivo-para-a-capital\\\/#article\",\"isPartOf\":{\"@id\":\"https:\\\/\\\/vanderloubet.com.br\\\/deputado\\\/vander-e-marquinhos-discutem-nova-modalidade-de-transporte-coletivo-para-a-capital\\\/\"},\"author\":{\"name\":\"\u00c9der\",\"@id\":\"https:\\\/\\\/vanderloubet.com.br\\\/deputado\\\/#\\\/schema\\\/person\\\/15b51bd564532a8a68d9dec1b8eb890e\"},\"headline\":\"Vander e Marquinhos discutem nova modalidade de transporte coletivo para a Capital\",\"datePublished\":\"2017-02-20T20:31:27+00:00\",\"dateModified\":\"2017-02-20T20:52:06+00:00\",\"mainEntityOfPage\":{\"@id\":\"https:\\\/\\\/vanderloubet.com.br\\\/deputado\\\/vander-e-marquinhos-discutem-nova-modalidade-de-transporte-coletivo-para-a-capital\\\/\"},\"wordCount\":428,\"publisher\":{\"@id\":\"https:\\\/\\\/vanderloubet.com.br\\\/deputado\\\/#organization\"},\"image\":{\"@id\":\"https:\\\/\\\/vanderloubet.com.br\\\/deputado\\\/vander-e-marquinhos-discutem-nova-modalidade-de-transporte-coletivo-para-a-capital\\\/#primaryimage\"},\"thumbnailUrl\":\"https:\\\/\\\/vanderloubet.com.br\\\/deputado\\\/wp-content\\\/uploads\\\/2017\\\/02\\\/foto-2017-02-20-projeto-aeromovel-03.jpg\",\"keywords\":[\"mobilidade urbana\",\"tr\u00e2nsito\",\"transporte coletivo\"],\"articleSection\":[\"Munic\u00edpios\",\"Not\u00edcias\"],\"inLanguage\":\"pt-BR\"},{\"@type\":\"WebPage\",\"@id\":\"https:\\\/\\\/vanderloubet.com.br\\\/deputado\\\/vander-e-marquinhos-discutem-nova-modalidade-de-transporte-coletivo-para-a-capital\\\/\",\"url\":\"https:\\\/\\\/vanderloubet.com.br\\\/deputado\\\/vander-e-marquinhos-discutem-nova-modalidade-de-transporte-coletivo-para-a-capital\\\/\",\"name\":\"Vander e Marquinhos discutem nova modalidade de transporte coletivo para a Capital\",\"isPartOf\":{\"@id\":\"https:\\\/\\\/vanderloubet.com.br\\\/deputado\\\/#website\"},\"primaryImageOfPage\":{\"@id\":\"https:\\\/\\\/vanderloubet.com.br\\\/deputado\\\/vander-e-marquinhos-discutem-nova-modalidade-de-transporte-coletivo-para-a-capital\\\/#primaryimage\"},\"image\":{\"@id\":\"https:\\\/\\\/vanderloubet.com.br\\\/deputado\\\/vander-e-marquinhos-discutem-nova-modalidade-de-transporte-coletivo-para-a-capital\\\/#primaryimage\"},\"thumbnailUrl\":\"https:\\\/\\\/vanderloubet.com.br\\\/deputado\\\/wp-content\\\/uploads\\\/2017\\\/02\\\/foto-2017-02-20-projeto-aeromovel-03.jpg\",\"datePublished\":\"2017-02-20T20:31:27+00:00\",\"dateModified\":\"2017-02-20T20:52:06+00:00\",\"breadcrumb\":{\"@id\":\"https:\\\/\\\/vanderloubet.com.br\\\/deputado\\\/vander-e-marquinhos-discutem-nova-modalidade-de-transporte-coletivo-para-a-capital\\\/#breadcrumb\"},\"inLanguage\":\"pt-BR\",\"potentialAction\":[{\"@type\":\"ReadAction\",\"target\":[\"https:\\\/\\\/vanderloubet.com.br\\\/deputado\\\/vander-e-marquinhos-discutem-nova-modalidade-de-transporte-coletivo-para-a-capital\\\/\"]}]},{\"@type\":\"ImageObject\",\"inLanguage\":\"pt-BR\",\"@id\":\"https:\\\/\\\/vanderloubet.com.br\\\/deputado\\\/vander-e-marquinhos-discutem-nova-modalidade-de-transporte-coletivo-para-a-capital\\\/#primaryimage\",\"url\":\"https:\\\/\\\/vanderloubet.com.br\\\/deputado\\\/wp-content\\\/uploads\\\/2017\\\/02\\\/foto-2017-02-20-projeto-aeromovel-03.jpg\",\"contentUrl\":\"https:\\\/\\\/vanderloubet.com.br\\\/deputado\\\/wp-content\\\/uploads\\\/2017\\\/02\\\/foto-2017-02-20-projeto-aeromovel-03.jpg\",\"width\":1080,\"height\":720,\"caption\":\"Em Porto Alegre (RS) o aerom\u00f3vel j\u00e1 funciona desde 2013\"},{\"@type\":\"BreadcrumbList\",\"@id\":\"https:\\\/\\\/vanderloubet.com.br\\\/deputado\\\/vander-e-marquinhos-discutem-nova-modalidade-de-transporte-coletivo-para-a-capital\\\/#breadcrumb\",\"itemListElement\":[{\"@type\":\"ListItem\",\"position\":1,\"name\":\"In\u00edcio\",\"item\":\"https:\\\/\\\/vanderloubet.com.br\\\/deputado\\\/\"},{\"@type\":\"ListItem\",\"position\":2,\"name\":\"Vander e Marquinhos discutem nova modalidade de transporte coletivo para a Capital\"}]},{\"@type\":\"WebSite\",\"@id\":\"https:\\\/\\\/vanderloubet.com.br\\\/deputado\\\/#website\",\"url\":\"https:\\\/\\\/vanderloubet.com.br\\\/deputado\\\/\",\"name\":\"Deputado Federal Vander Loubet\",\"description\":\"O Federal de MS\",\"publisher\":{\"@id\":\"https:\\\/\\\/vanderloubet.com.br\\\/deputado\\\/#organization\"},\"alternateName\":\"Deputado Vander\",\"potentialAction\":[{\"@type\":\"SearchAction\",\"target\":{\"@type\":\"EntryPoint\",\"urlTemplate\":\"https:\\\/\\\/vanderloubet.com.br\\\/deputado\\\/?s={search_term_string}\"},\"query-input\":{\"@type\":\"PropertyValueSpecification\",\"valueRequired\":true,\"valueName\":\"search_term_string\"}}],\"inLanguage\":\"pt-BR\"},{\"@type\":\"Organization\",\"@id\":\"https:\\\/\\\/vanderloubet.com.br\\\/deputado\\\/#organization\",\"name\":\"Deputado Federal Vander Loubet\",\"alternateName\":\"Deputado Vander\",\"url\":\"https:\\\/\\\/vanderloubet.com.br\\\/deputado\\\/\",\"logo\":{\"@type\":\"ImageObject\",\"inLanguage\":\"pt-BR\",\"@id\":\"https:\\\/\\\/vanderloubet.com.br\\\/deputado\\\/#\\\/schema\\\/logo\\\/image\\\/\",\"url\":\"https:\\\/\\\/vanderloubet.com.br\\\/deputado\\\/wp-content\\\/uploads\\\/2023\\\/06\\\/foto-2023-06-19-mandato-deputado-vander.jpg\",\"contentUrl\":\"https:\\\/\\\/vanderloubet.com.br\\\/deputado\\\/wp-content\\\/uploads\\\/2023\\\/06\\\/foto-2023-06-19-mandato-deputado-vander.jpg\",\"width\":1080,\"height\":1080,\"caption\":\"Deputado Federal Vander Loubet\"},\"image\":{\"@id\":\"https:\\\/\\\/vanderloubet.com.br\\\/deputado\\\/#\\\/schema\\\/logo\\\/image\\\/\"},\"sameAs\":[\"https:\\\/\\\/facebook.com\\\/deputadovander\",\"https:\\\/\\\/x.com\\\/vanderloubet\",\"https:\\\/\\\/instagram.com\\\/vanderloubet\",\"https:\\\/\\\/youtube.com\\\/vanderloubet\",\"https:\\\/\\\/tiktok.com\\\/@vanderloubetms\"]},{\"@type\":\"Person\",\"@id\":\"https:\\\/\\\/vanderloubet.com.br\\\/deputado\\\/#\\\/schema\\\/person\\\/15b51bd564532a8a68d9dec1b8eb890e\",\"name\":\"\u00c9der\",\"image\":{\"@type\":\"ImageObject\",\"inLanguage\":\"pt-BR\",\"@id\":\"https:\\\/\\\/vanderloubet.com.br\\\/deputado\\\/wp-content\\\/litespeed\\\/avatar\\\/88ca4090d9d5ab1c9495f6ca03b68efa.jpg?ver=1777058957\",\"url\":\"https:\\\/\\\/vanderloubet.com.br\\\/deputado\\\/wp-content\\\/litespeed\\\/avatar\\\/88ca4090d9d5ab1c9495f6ca03b68efa.jpg?ver=1777058957\",\"contentUrl\":\"https:\\\/\\\/vanderloubet.com.br\\\/deputado\\\/wp-content\\\/litespeed\\\/avatar\\\/88ca4090d9d5ab1c9495f6ca03b68efa.jpg?ver=1777058957\",\"caption\":\"\u00c9der\"}}]}<\/script>\n<!-- \/ Yoast SEO plugin. -->","yoast_head_json":{"title":"Vander e Marquinhos discutem nova modalidade de transporte coletivo para a Capital","robots":{"index":"index","follow":"follow","max-snippet":"max-snippet:-1","max-image-preview":"max-image-preview:large","max-video-preview":"max-video-preview:-1"},"canonical":"https:\/\/vanderloubet.com.br\/deputado\/vander-e-marquinhos-discutem-nova-modalidade-de-transporte-coletivo-para-a-capital\/","og_locale":"pt_BR","og_type":"article","og_title":"Vander e Marquinhos discutem nova modalidade de transporte coletivo para a Capital","og_description":"Aerom\u00f3vel j\u00e1 \u00e9 realidade em Porto Alegre e tamb\u00e9m est\u00e1 sendo implantado na cidade de Canoas.","og_url":"https:\/\/vanderloubet.com.br\/deputado\/vander-e-marquinhos-discutem-nova-modalidade-de-transporte-coletivo-para-a-capital\/","og_site_name":"Deputado Federal Vander Loubet","article_publisher":"https:\/\/facebook.com\/deputadovander","article_published_time":"2017-02-20T20:31:27+00:00","article_modified_time":"2017-02-20T20:52:06+00:00","og_image":[{"width":1080,"height":720,"url":"https:\/\/vanderloubet.com.br\/deputado\/wp-content\/uploads\/2017\/02\/foto-2017-02-20-projeto-aeromovel-03.jpg","type":"image\/jpeg"}],"author":"\u00c9der","twitter_card":"summary_large_image","twitter_creator":"@vanderloubet","twitter_site":"@vanderloubet","schema":{"@context":"https:\/\/schema.org","@graph":[{"@type":"Article","@id":"https:\/\/vanderloubet.com.br\/deputado\/vander-e-marquinhos-discutem-nova-modalidade-de-transporte-coletivo-para-a-capital\/#article","isPartOf":{"@id":"https:\/\/vanderloubet.com.br\/deputado\/vander-e-marquinhos-discutem-nova-modalidade-de-transporte-coletivo-para-a-capital\/"},"author":{"name":"\u00c9der","@id":"https:\/\/vanderloubet.com.br\/deputado\/#\/schema\/person\/15b51bd564532a8a68d9dec1b8eb890e"},"headline":"Vander e Marquinhos discutem nova modalidade de transporte coletivo para a Capital","datePublished":"2017-02-20T20:31:27+00:00","dateModified":"2017-02-20T20:52:06+00:00","mainEntityOfPage":{"@id":"https:\/\/vanderloubet.com.br\/deputado\/vander-e-marquinhos-discutem-nova-modalidade-de-transporte-coletivo-para-a-capital\/"},"wordCount":428,"publisher":{"@id":"https:\/\/vanderloubet.com.br\/deputado\/#organization"},"image":{"@id":"https:\/\/vanderloubet.com.br\/deputado\/vander-e-marquinhos-discutem-nova-modalidade-de-transporte-coletivo-para-a-capital\/#primaryimage"},"thumbnailUrl":"https:\/\/vanderloubet.com.br\/deputado\/wp-content\/uploads\/2017\/02\/foto-2017-02-20-projeto-aeromovel-03.jpg","keywords":["mobilidade urbana","tr\u00e2nsito","transporte coletivo"],"articleSection":["Munic\u00edpios","Not\u00edcias"],"inLanguage":"pt-BR"},{"@type":"WebPage","@id":"https:\/\/vanderloubet.com.br\/deputado\/vander-e-marquinhos-discutem-nova-modalidade-de-transporte-coletivo-para-a-capital\/","url":"https:\/\/vanderloubet.com.br\/deputado\/vander-e-marquinhos-discutem-nova-modalidade-de-transporte-coletivo-para-a-capital\/","name":"Vander e Marquinhos discutem nova modalidade de transporte coletivo para a Capital","isPartOf":{"@id":"https:\/\/vanderloubet.com.br\/deputado\/#website"},"primaryImageOfPage":{"@id":"https:\/\/vanderloubet.com.br\/deputado\/vander-e-marquinhos-discutem-nova-modalidade-de-transporte-coletivo-para-a-capital\/#primaryimage"},"image":{"@id":"https:\/\/vanderloubet.com.br\/deputado\/vander-e-marquinhos-discutem-nova-modalidade-de-transporte-coletivo-para-a-capital\/#primaryimage"},"thumbnailUrl":"https:\/\/vanderloubet.com.br\/deputado\/wp-content\/uploads\/2017\/02\/foto-2017-02-20-projeto-aeromovel-03.jpg","datePublished":"2017-02-20T20:31:27+00:00","dateModified":"2017-02-20T20:52:06+00:00","breadcrumb":{"@id":"https:\/\/vanderloubet.com.br\/deputado\/vander-e-marquinhos-discutem-nova-modalidade-de-transporte-coletivo-para-a-capital\/#breadcrumb"},"inLanguage":"pt-BR","potentialAction":[{"@type":"ReadAction","target":["https:\/\/vanderloubet.com.br\/deputado\/vander-e-marquinhos-discutem-nova-modalidade-de-transporte-coletivo-para-a-capital\/"]}]},{"@type":"ImageObject","inLanguage":"pt-BR","@id":"https:\/\/vanderloubet.com.br\/deputado\/vander-e-marquinhos-discutem-nova-modalidade-de-transporte-coletivo-para-a-capital\/#primaryimage","url":"https:\/\/vanderloubet.com.br\/deputado\/wp-content\/uploads\/2017\/02\/foto-2017-02-20-projeto-aeromovel-03.jpg","contentUrl":"https:\/\/vanderloubet.com.br\/deputado\/wp-content\/uploads\/2017\/02\/foto-2017-02-20-projeto-aeromovel-03.jpg","width":1080,"height":720,"caption":"Em Porto Alegre (RS) o aerom\u00f3vel j\u00e1 funciona desde 2013"},{"@type":"BreadcrumbList","@id":"https:\/\/vanderloubet.com.br\/deputado\/vander-e-marquinhos-discutem-nova-modalidade-de-transporte-coletivo-para-a-capital\/#breadcrumb","itemListElement":[{"@type":"ListItem","position":1,"name":"In\u00edcio","item":"https:\/\/vanderloubet.com.br\/deputado\/"},{"@type":"ListItem","position":2,"name":"Vander e Marquinhos discutem nova modalidade de transporte coletivo para a Capital"}]},{"@type":"WebSite","@id":"https:\/\/vanderloubet.com.br\/deputado\/#website","url":"https:\/\/vanderloubet.com.br\/deputado\/","name":"Deputado Federal Vander Loubet","description":"O Federal de MS","publisher":{"@id":"https:\/\/vanderloubet.com.br\/deputado\/#organization"},"alternateName":"Deputado Vander","potentialAction":[{"@type":"SearchAction","target":{"@type":"EntryPoint","urlTemplate":"https:\/\/vanderloubet.com.br\/deputado\/?s={search_term_string}"},"query-input":{"@type":"PropertyValueSpecification","valueRequired":true,"valueName":"search_term_string"}}],"inLanguage":"pt-BR"},{"@type":"Organization","@id":"https:\/\/vanderloubet.com.br\/deputado\/#organization","name":"Deputado Federal Vander Loubet","alternateName":"Deputado Vander","url":"https:\/\/vanderloubet.com.br\/deputado\/","logo":{"@type":"ImageObject","inLanguage":"pt-BR","@id":"https:\/\/vanderloubet.com.br\/deputado\/#\/schema\/logo\/image\/","url":"https:\/\/vanderloubet.com.br\/deputado\/wp-content\/uploads\/2023\/06\/foto-2023-06-19-mandato-deputado-vander.jpg","contentUrl":"https:\/\/vanderloubet.com.br\/deputado\/wp-content\/uploads\/2023\/06\/foto-2023-06-19-mandato-deputado-vander.jpg","width":1080,"height":1080,"caption":"Deputado Federal Vander Loubet"},"image":{"@id":"https:\/\/vanderloubet.com.br\/deputado\/#\/schema\/logo\/image\/"},"sameAs":["https:\/\/facebook.com\/deputadovander","https:\/\/x.com\/vanderloubet","https:\/\/instagram.com\/vanderloubet","https:\/\/youtube.com\/vanderloubet","https:\/\/tiktok.com\/@vanderloubetms"]},{"@type":"Person","@id":"https:\/\/vanderloubet.com.br\/deputado\/#\/schema\/person\/15b51bd564532a8a68d9dec1b8eb890e","name":"\u00c9der","image":{"@type":"ImageObject","inLanguage":"pt-BR","@id":"https:\/\/vanderloubet.com.br\/deputado\/wp-content\/litespeed\/avatar\/88ca4090d9d5ab1c9495f6ca03b68efa.jpg?ver=1777058957","url":"https:\/\/vanderloubet.com.br\/deputado\/wp-content\/litespeed\/avatar\/88ca4090d9d5ab1c9495f6ca03b68efa.jpg?ver=1777058957","contentUrl":"https:\/\/vanderloubet.com.br\/deputado\/wp-content\/litespeed\/avatar\/88ca4090d9d5ab1c9495f6ca03b68efa.jpg?ver=1777058957","caption":"\u00c9der"}}]}},"jetpack_featured_media_url":"https:\/\/vanderloubet.com.br\/deputado\/wp-content\/uploads\/2017\/02\/foto-2017-02-20-projeto-aeromovel-03.jpg","jetpack_sharing_enabled":true,"_links":{"self":[{"href":"https:\/\/vanderloubet.com.br\/deputado\/wp-json\/wp\/v2\/posts\/12282","targetHints":{"allow":["GET"]}}],"collection":[{"href":"https:\/\/vanderloubet.com.br\/deputado\/wp-json\/wp\/v2\/posts"}],"about":[{"href":"https:\/\/vanderloubet.com.br\/deputado\/wp-json\/wp\/v2\/types\/post"}],"author":[{"embeddable":true,"href":"https:\/\/vanderloubet.com.br\/deputado\/wp-json\/wp\/v2\/users\/2"}],"replies":[{"embeddable":true,"href":"https:\/\/vanderloubet.com.br\/deputado\/wp-json\/wp\/v2\/comments?post=12282"}],"version-history":[{"count":0,"href":"https:\/\/vanderloubet.com.br\/deputado\/wp-json\/wp\/v2\/posts\/12282\/revisions"}],"wp:featuredmedia":[{"embeddable":true,"href":"https:\/\/vanderloubet.com.br\/deputado\/wp-json\/wp\/v2\/media\/12285"}],"wp:attachment":[{"href":"https:\/\/vanderloubet.com.br\/deputado\/wp-json\/wp\/v2\/media?parent=12282"}],"wp:term":[{"taxonomy":"category","embeddable":true,"href":"https:\/\/vanderloubet.com.br\/deputado\/wp-json\/wp\/v2\/categories?post=12282"},{"taxonomy":"post_tag","embeddable":true,"href":"https:\/\/vanderloubet.com.br\/deputado\/wp-json\/wp\/v2\/tags?post=12282"}],"curies":[{"name":"wp","href":"https:\/\/api.w.org\/{rel}","templated":true}]}}