{"id":1225,"date":"2010-05-31T15:32:49","date_gmt":"2010-05-31T19:32:49","guid":{"rendered":"http:\/\/www.deputadovander.com.br\/website\/?p=1225"},"modified":"2010-05-31T15:32:49","modified_gmt":"2010-05-31T19:32:49","slug":"bancada-do-pt-na-al-promove-audiencia-sobre-reducao-de-impostos-do-gas","status":"publish","type":"post","link":"https:\/\/vanderloubet.com.br\/deputado\/bancada-do-pt-na-al-promove-audiencia-sobre-reducao-de-impostos-do-gas\/","title":{"rendered":"Audi\u00eancia na AL vai discutir redu\u00e7\u00e3o de impostos do g\u00e1s"},"content":{"rendered":"<p style=\"text-align: center;\">\n<figure id=\"attachment_1226\" aria-describedby=\"caption-attachment-1226\" style=\"width: 233px\" class=\"wp-caption aligncenter\"><a href=\"http:\/\/deputadovander.com.br\/website\/wp-content\/uploads\/2010\/05\/depvander-audiencia-glp-WEB-final1.jpg\" target=\"_blank\"><img decoding=\"async\" class=\"size-medium wp-image-1226 \" title=\"depvander-audiencia-glp-WEB-final\" src=\"http:\/\/www.deputadovander.com.br\/website\/wp-content\/uploads\/2010\/05\/depvander-audiencia-glp-WEB-final-233x300.jpg\" alt=\"Panfleto da audi\u00eancia (clique para ampliar)\" width=\"233\" height=\"300\" \/><\/a><figcaption id=\"caption-attachment-1226\" class=\"wp-caption-text\">Panfleto da audi\u00eancia (clique para ampliar)<\/figcaption><\/figure>\n<p>No dia 7 de junho (segunda-feira), a partir das 14h30, a bancada estadual do PT na Assembl\u00e9ia Legislativa &#8211; formada pelos deputados Amarildo Cruz, Paulo Duarte, Pedro Kemp e Pedro Teruel &#8211; estar\u00e1 promovendo a audi\u00eancia p\u00fablica &#8220;Redu\u00e7\u00e3o dos impostos do g\u00e1s de cozinha &#8211; Discuss\u00e3o do Projeto de Lei n\u00ba. 6740\/2010, de autoria do deputado federal Vander Loubet, para inclus\u00e3o do GLP como item da cesta b\u00e1sica&#8221;.<\/p>\n<p>Est\u00e3o sendo convidados para a audi\u00eancia os revendedores de g\u00e1s, l\u00edderes comunit\u00e1rios, empres\u00e1rios e toda a popula\u00e7\u00e3o interessada em apoiar ou discutir os benef\u00edcios que a lei, caso seja aprovada, trar\u00e1 aos consumidores. O evento conta com o apoio dos vereadores petistas Cabo Almi e Tha\u00eds Helena, al\u00e9m do Sindicato das Empresas e Revendedores Auton\u00f4mos de GLP (Sinpergasc-MS).<\/p>\n<p>Desde o dia 19\/02, a C\u00e2mara dos Deputados, em Bras\u00edlia, analisa o projeto de lei do deputado Vander, cuja ementa inclui o g\u00e1s de cozinha (GLP &#8211; G\u00e1s Liquefeito de Petr\u00f3leo) entre os itens da cesta b\u00e1sica e reduz a zero as al\u00edquotas do PIS\/Pasep e da Cofins para o produto, quando destinado ao uso dom\u00e9stico.<\/p>\n<p>&#8220;De nada adianta ter acesso a determinadas quantidades de arroz e feij\u00e3o, por exemplo, se n\u00e3o houver condi\u00e7\u00f5es para cozinhar esses alimentos. Sendo assim, \u00e9 muito importante que o g\u00e1s seja inclu\u00eddo no conceito de cesta b\u00e1sica&#8221;, afirma Loubet.<\/p>\n<p>O deputado lembra que, pelo Decreto-Lei 399, de 30 de abril de 1938, o sal\u00e1rio m\u00ednimo deveria ser capaz de satisfazer as necessidades de alimenta\u00e7\u00e3o, habita\u00e7\u00e3o, vestu\u00e1rio, higiene e transporte do trabalhador. &#8220;O conceito de cesta b\u00e1sica \u00e9 antigo e avalia o poder de compra do sal\u00e1rio m\u00ednimo para suprir as necessidades alimentares b\u00e1sicas de uma pessoa durante um m\u00eas&#8221;, explica. Vander acrescenta que, naquela \u00e9poca, o cozimento dos alimentos era feita com lenha. Entretanto, atualmente, a maior parte da popula\u00e7\u00e3o cozinha os alimentos com GLP. Assim, na opini\u00e3o do parlamentar, o g\u00e1s passou a ser um item b\u00e1sico para a alimenta\u00e7\u00e3o.<\/p>\n<p>A proposta modifica a Lei 10.925\/2004, que reduz a zero a al\u00edquota de PIS\/Pasep e Cofins incidente sobre uma s\u00e9rie de produtos. O projeto tramita em car\u00e1ter conclusivo* e ser\u00e1 analisado pelas comiss\u00f5es de Seguridade Social e Fam\u00edlia; de Finan\u00e7as e Tributa\u00e7\u00e3o; e de Constitui\u00e7\u00e3o e Justi\u00e7a e de Cidadania.<\/p>\n<p><span style=\"color: #999999;\"><em>*Rito de tramita\u00e7\u00e3o pelo qual o projeto n\u00e3o precisa ser votado pelo Plen\u00e1rio, apenas pelas comiss\u00f5es designadas para analis\u00e1-lo. O projeto perder\u00e1 esse car\u00e1ter em duas situa\u00e7\u00f5es: a) se houver parecer divergente entre as comiss\u00f5es (rejei\u00e7\u00e3o por uma, aprova\u00e7\u00e3o por outra); e b) se, depois de aprovado pelas comiss\u00f5es, houver recurso contra esse rito assinado por 51 deputados (10% do total). Nos dois casos, o projeto precisar\u00e1 ser votado pelo Plen\u00e1rio.<\/em><\/span><\/p>\n<p><small>(\u00c9der Yanaguita &#8211; Assessoria de Comunica\u00e7\u00e3o)<\/small><\/p>\n","protected":false},"excerpt":{"rendered":"<p>Bancada do PT vai abordar PL de Vander que inclui GLP na cesta b\u00e1sica e reduz PIS\/Pasep e Cofins para uso dom\u00e9stico.<\/p>\n","protected":false},"author":2,"featured_media":0,"comment_status":"closed","ping_status":"open","sticky":false,"template":"","format":"standard","meta":{"jetpack_post_was_ever_published":false,"_jetpack_newsletter_access":"","_jetpack_dont_email_post_to_subs":false,"_jetpack_newsletter_tier_id":0,"_jetpack_memberships_contains_paywalled_content":false,"_jetpack_memberships_contains_paid_content":false,"footnotes":""},"categories":[10],"tags":[214,903,924,1000,1635,1655,2035],"class_list":{"0":"post-1225","1":"post","2":"type-post","3":"status-publish","4":"format-standard","6":"category-noticias","7":"tag-audiencia-publica","8":"tag-gas","9":"tag-glp","10":"tag-impostos","11":"tag-projeto-de-lei","12":"tag-pt","13":"tag-vander-loubet"},"yoast_head":"<!-- This site is optimized with the Yoast SEO plugin v27.4 - https:\/\/yoast.com\/product\/yoast-seo-wordpress\/ -->\n<title>Audi\u00eancia na AL vai discutir redu\u00e7\u00e3o de impostos do g\u00e1s<\/title>\n<meta name=\"robots\" content=\"index, follow, max-snippet:-1, max-image-preview:large, max-video-preview:-1\" \/>\n<link rel=\"canonical\" href=\"https:\/\/vanderloubet.com.br\/deputado\/bancada-do-pt-na-al-promove-audiencia-sobre-reducao-de-impostos-do-gas\/\" \/>\n<meta property=\"og:locale\" content=\"pt_BR\" \/>\n<meta property=\"og:type\" content=\"article\" \/>\n<meta property=\"og:title\" content=\"Audi\u00eancia na AL vai discutir redu\u00e7\u00e3o de impostos do g\u00e1s\" \/>\n<meta property=\"og:description\" content=\"Bancada do PT vai abordar PL de Vander que inclui GLP na cesta b\u00e1sica e reduz PIS\/Pasep e Cofins para uso dom\u00e9stico.\" \/>\n<meta property=\"og:url\" content=\"https:\/\/vanderloubet.com.br\/deputado\/bancada-do-pt-na-al-promove-audiencia-sobre-reducao-de-impostos-do-gas\/\" \/>\n<meta property=\"og:site_name\" content=\"Deputado Federal Vander Loubet\" \/>\n<meta property=\"article:publisher\" content=\"https:\/\/facebook.com\/deputadovander\" \/>\n<meta property=\"article:published_time\" content=\"2010-05-31T19:32:49+00:00\" \/>\n<meta property=\"og:image\" content=\"http:\/\/www.deputadovander.com.br\/website\/wp-content\/uploads\/2010\/05\/depvander-audiencia-glp-WEB-final-233x300.jpg\" \/>\n<meta name=\"author\" content=\"\u00c9der\" \/>\n<meta name=\"twitter:card\" content=\"summary_large_image\" \/>\n<meta name=\"twitter:creator\" content=\"@vanderloubet\" \/>\n<meta name=\"twitter:site\" content=\"@vanderloubet\" \/>\n<script type=\"application\/ld+json\" class=\"yoast-schema-graph\">{\"@context\":\"https:\\\/\\\/schema.org\",\"@graph\":[{\"@type\":\"Article\",\"@id\":\"https:\\\/\\\/vanderloubet.com.br\\\/deputado\\\/bancada-do-pt-na-al-promove-audiencia-sobre-reducao-de-impostos-do-gas\\\/#article\",\"isPartOf\":{\"@id\":\"https:\\\/\\\/vanderloubet.com.br\\\/deputado\\\/bancada-do-pt-na-al-promove-audiencia-sobre-reducao-de-impostos-do-gas\\\/\"},\"author\":{\"name\":\"\u00c9der\",\"@id\":\"https:\\\/\\\/vanderloubet.com.br\\\/deputado\\\/#\\\/schema\\\/person\\\/15b51bd564532a8a68d9dec1b8eb890e\"},\"headline\":\"Audi\u00eancia na AL vai discutir redu\u00e7\u00e3o de impostos do g\u00e1s\",\"datePublished\":\"2010-05-31T19:32:49+00:00\",\"mainEntityOfPage\":{\"@id\":\"https:\\\/\\\/vanderloubet.com.br\\\/deputado\\\/bancada-do-pt-na-al-promove-audiencia-sobre-reducao-de-impostos-do-gas\\\/\"},\"wordCount\":539,\"publisher\":{\"@id\":\"https:\\\/\\\/vanderloubet.com.br\\\/deputado\\\/#organization\"},\"image\":{\"@id\":\"https:\\\/\\\/vanderloubet.com.br\\\/deputado\\\/bancada-do-pt-na-al-promove-audiencia-sobre-reducao-de-impostos-do-gas\\\/#primaryimage\"},\"thumbnailUrl\":\"http:\\\/\\\/www.deputadovander.com.br\\\/website\\\/wp-content\\\/uploads\\\/2010\\\/05\\\/depvander-audiencia-glp-WEB-final-233x300.jpg\",\"keywords\":[\"audi\u00eancia p\u00fablica\",\"g\u00e1s\",\"glp\",\"impostos\",\"projeto de lei\",\"PT\",\"vander loubet\"],\"articleSection\":[\"Not\u00edcias\"],\"inLanguage\":\"pt-BR\"},{\"@type\":\"WebPage\",\"@id\":\"https:\\\/\\\/vanderloubet.com.br\\\/deputado\\\/bancada-do-pt-na-al-promove-audiencia-sobre-reducao-de-impostos-do-gas\\\/\",\"url\":\"https:\\\/\\\/vanderloubet.com.br\\\/deputado\\\/bancada-do-pt-na-al-promove-audiencia-sobre-reducao-de-impostos-do-gas\\\/\",\"name\":\"Audi\u00eancia na AL vai discutir redu\u00e7\u00e3o de impostos do g\u00e1s\",\"isPartOf\":{\"@id\":\"https:\\\/\\\/vanderloubet.com.br\\\/deputado\\\/#website\"},\"primaryImageOfPage\":{\"@id\":\"https:\\\/\\\/vanderloubet.com.br\\\/deputado\\\/bancada-do-pt-na-al-promove-audiencia-sobre-reducao-de-impostos-do-gas\\\/#primaryimage\"},\"image\":{\"@id\":\"https:\\\/\\\/vanderloubet.com.br\\\/deputado\\\/bancada-do-pt-na-al-promove-audiencia-sobre-reducao-de-impostos-do-gas\\\/#primaryimage\"},\"thumbnailUrl\":\"http:\\\/\\\/www.deputadovander.com.br\\\/website\\\/wp-content\\\/uploads\\\/2010\\\/05\\\/depvander-audiencia-glp-WEB-final-233x300.jpg\",\"datePublished\":\"2010-05-31T19:32:49+00:00\",\"breadcrumb\":{\"@id\":\"https:\\\/\\\/vanderloubet.com.br\\\/deputado\\\/bancada-do-pt-na-al-promove-audiencia-sobre-reducao-de-impostos-do-gas\\\/#breadcrumb\"},\"inLanguage\":\"pt-BR\",\"potentialAction\":[{\"@type\":\"ReadAction\",\"target\":[\"https:\\\/\\\/vanderloubet.com.br\\\/deputado\\\/bancada-do-pt-na-al-promove-audiencia-sobre-reducao-de-impostos-do-gas\\\/\"]}]},{\"@type\":\"ImageObject\",\"inLanguage\":\"pt-BR\",\"@id\":\"https:\\\/\\\/vanderloubet.com.br\\\/deputado\\\/bancada-do-pt-na-al-promove-audiencia-sobre-reducao-de-impostos-do-gas\\\/#primaryimage\",\"url\":\"http:\\\/\\\/www.deputadovander.com.br\\\/website\\\/wp-content\\\/uploads\\\/2010\\\/05\\\/depvander-audiencia-glp-WEB-final-233x300.jpg\",\"contentUrl\":\"http:\\\/\\\/www.deputadovander.com.br\\\/website\\\/wp-content\\\/uploads\\\/2010\\\/05\\\/depvander-audiencia-glp-WEB-final-233x300.jpg\"},{\"@type\":\"BreadcrumbList\",\"@id\":\"https:\\\/\\\/vanderloubet.com.br\\\/deputado\\\/bancada-do-pt-na-al-promove-audiencia-sobre-reducao-de-impostos-do-gas\\\/#breadcrumb\",\"itemListElement\":[{\"@type\":\"ListItem\",\"position\":1,\"name\":\"In\u00edcio\",\"item\":\"https:\\\/\\\/vanderloubet.com.br\\\/deputado\\\/\"},{\"@type\":\"ListItem\",\"position\":2,\"name\":\"Audi\u00eancia na AL vai discutir redu\u00e7\u00e3o de impostos do g\u00e1s\"}]},{\"@type\":\"WebSite\",\"@id\":\"https:\\\/\\\/vanderloubet.com.br\\\/deputado\\\/#website\",\"url\":\"https:\\\/\\\/vanderloubet.com.br\\\/deputado\\\/\",\"name\":\"Deputado Federal Vander Loubet\",\"description\":\"O Federal de MS\",\"publisher\":{\"@id\":\"https:\\\/\\\/vanderloubet.com.br\\\/deputado\\\/#organization\"},\"alternateName\":\"Deputado Vander\",\"potentialAction\":[{\"@type\":\"SearchAction\",\"target\":{\"@type\":\"EntryPoint\",\"urlTemplate\":\"https:\\\/\\\/vanderloubet.com.br\\\/deputado\\\/?s={search_term_string}\"},\"query-input\":{\"@type\":\"PropertyValueSpecification\",\"valueRequired\":true,\"valueName\":\"search_term_string\"}}],\"inLanguage\":\"pt-BR\"},{\"@type\":\"Organization\",\"@id\":\"https:\\\/\\\/vanderloubet.com.br\\\/deputado\\\/#organization\",\"name\":\"Deputado Federal Vander Loubet\",\"alternateName\":\"Deputado Vander\",\"url\":\"https:\\\/\\\/vanderloubet.com.br\\\/deputado\\\/\",\"logo\":{\"@type\":\"ImageObject\",\"inLanguage\":\"pt-BR\",\"@id\":\"https:\\\/\\\/vanderloubet.com.br\\\/deputado\\\/#\\\/schema\\\/logo\\\/image\\\/\",\"url\":\"https:\\\/\\\/vanderloubet.com.br\\\/deputado\\\/wp-content\\\/uploads\\\/2023\\\/06\\\/foto-2023-06-19-mandato-deputado-vander.jpg\",\"contentUrl\":\"https:\\\/\\\/vanderloubet.com.br\\\/deputado\\\/wp-content\\\/uploads\\\/2023\\\/06\\\/foto-2023-06-19-mandato-deputado-vander.jpg\",\"width\":1080,\"height\":1080,\"caption\":\"Deputado Federal Vander Loubet\"},\"image\":{\"@id\":\"https:\\\/\\\/vanderloubet.com.br\\\/deputado\\\/#\\\/schema\\\/logo\\\/image\\\/\"},\"sameAs\":[\"https:\\\/\\\/facebook.com\\\/deputadovander\",\"https:\\\/\\\/x.com\\\/vanderloubet\",\"https:\\\/\\\/instagram.com\\\/vanderloubet\",\"https:\\\/\\\/youtube.com\\\/vanderloubet\",\"https:\\\/\\\/tiktok.com\\\/@vanderloubetms\"]},{\"@type\":\"Person\",\"@id\":\"https:\\\/\\\/vanderloubet.com.br\\\/deputado\\\/#\\\/schema\\\/person\\\/15b51bd564532a8a68d9dec1b8eb890e\",\"name\":\"\u00c9der\",\"image\":{\"@type\":\"ImageObject\",\"inLanguage\":\"pt-BR\",\"@id\":\"https:\\\/\\\/vanderloubet.com.br\\\/deputado\\\/wp-content\\\/litespeed\\\/avatar\\\/88ca4090d9d5ab1c9495f6ca03b68efa.jpg?ver=1777058957\",\"url\":\"https:\\\/\\\/vanderloubet.com.br\\\/deputado\\\/wp-content\\\/litespeed\\\/avatar\\\/88ca4090d9d5ab1c9495f6ca03b68efa.jpg?ver=1777058957\",\"contentUrl\":\"https:\\\/\\\/vanderloubet.com.br\\\/deputado\\\/wp-content\\\/litespeed\\\/avatar\\\/88ca4090d9d5ab1c9495f6ca03b68efa.jpg?ver=1777058957\",\"caption\":\"\u00c9der\"}}]}<\/script>\n<!-- \/ Yoast SEO plugin. -->","yoast_head_json":{"title":"Audi\u00eancia na AL vai discutir redu\u00e7\u00e3o de impostos do g\u00e1s","robots":{"index":"index","follow":"follow","max-snippet":"max-snippet:-1","max-image-preview":"max-image-preview:large","max-video-preview":"max-video-preview:-1"},"canonical":"https:\/\/vanderloubet.com.br\/deputado\/bancada-do-pt-na-al-promove-audiencia-sobre-reducao-de-impostos-do-gas\/","og_locale":"pt_BR","og_type":"article","og_title":"Audi\u00eancia na AL vai discutir redu\u00e7\u00e3o de impostos do g\u00e1s","og_description":"Bancada do PT vai abordar PL de Vander que inclui GLP na cesta b\u00e1sica e reduz PIS\/Pasep e Cofins para uso dom\u00e9stico.","og_url":"https:\/\/vanderloubet.com.br\/deputado\/bancada-do-pt-na-al-promove-audiencia-sobre-reducao-de-impostos-do-gas\/","og_site_name":"Deputado Federal Vander Loubet","article_publisher":"https:\/\/facebook.com\/deputadovander","article_published_time":"2010-05-31T19:32:49+00:00","og_image":[{"url":"http:\/\/www.deputadovander.com.br\/website\/wp-content\/uploads\/2010\/05\/depvander-audiencia-glp-WEB-final-233x300.jpg","type":"","width":"","height":""}],"author":"\u00c9der","twitter_card":"summary_large_image","twitter_creator":"@vanderloubet","twitter_site":"@vanderloubet","schema":{"@context":"https:\/\/schema.org","@graph":[{"@type":"Article","@id":"https:\/\/vanderloubet.com.br\/deputado\/bancada-do-pt-na-al-promove-audiencia-sobre-reducao-de-impostos-do-gas\/#article","isPartOf":{"@id":"https:\/\/vanderloubet.com.br\/deputado\/bancada-do-pt-na-al-promove-audiencia-sobre-reducao-de-impostos-do-gas\/"},"author":{"name":"\u00c9der","@id":"https:\/\/vanderloubet.com.br\/deputado\/#\/schema\/person\/15b51bd564532a8a68d9dec1b8eb890e"},"headline":"Audi\u00eancia na AL vai discutir redu\u00e7\u00e3o de impostos do g\u00e1s","datePublished":"2010-05-31T19:32:49+00:00","mainEntityOfPage":{"@id":"https:\/\/vanderloubet.com.br\/deputado\/bancada-do-pt-na-al-promove-audiencia-sobre-reducao-de-impostos-do-gas\/"},"wordCount":539,"publisher":{"@id":"https:\/\/vanderloubet.com.br\/deputado\/#organization"},"image":{"@id":"https:\/\/vanderloubet.com.br\/deputado\/bancada-do-pt-na-al-promove-audiencia-sobre-reducao-de-impostos-do-gas\/#primaryimage"},"thumbnailUrl":"http:\/\/www.deputadovander.com.br\/website\/wp-content\/uploads\/2010\/05\/depvander-audiencia-glp-WEB-final-233x300.jpg","keywords":["audi\u00eancia p\u00fablica","g\u00e1s","glp","impostos","projeto de lei","PT","vander loubet"],"articleSection":["Not\u00edcias"],"inLanguage":"pt-BR"},{"@type":"WebPage","@id":"https:\/\/vanderloubet.com.br\/deputado\/bancada-do-pt-na-al-promove-audiencia-sobre-reducao-de-impostos-do-gas\/","url":"https:\/\/vanderloubet.com.br\/deputado\/bancada-do-pt-na-al-promove-audiencia-sobre-reducao-de-impostos-do-gas\/","name":"Audi\u00eancia na AL vai discutir redu\u00e7\u00e3o de impostos do g\u00e1s","isPartOf":{"@id":"https:\/\/vanderloubet.com.br\/deputado\/#website"},"primaryImageOfPage":{"@id":"https:\/\/vanderloubet.com.br\/deputado\/bancada-do-pt-na-al-promove-audiencia-sobre-reducao-de-impostos-do-gas\/#primaryimage"},"image":{"@id":"https:\/\/vanderloubet.com.br\/deputado\/bancada-do-pt-na-al-promove-audiencia-sobre-reducao-de-impostos-do-gas\/#primaryimage"},"thumbnailUrl":"http:\/\/www.deputadovander.com.br\/website\/wp-content\/uploads\/2010\/05\/depvander-audiencia-glp-WEB-final-233x300.jpg","datePublished":"2010-05-31T19:32:49+00:00","breadcrumb":{"@id":"https:\/\/vanderloubet.com.br\/deputado\/bancada-do-pt-na-al-promove-audiencia-sobre-reducao-de-impostos-do-gas\/#breadcrumb"},"inLanguage":"pt-BR","potentialAction":[{"@type":"ReadAction","target":["https:\/\/vanderloubet.com.br\/deputado\/bancada-do-pt-na-al-promove-audiencia-sobre-reducao-de-impostos-do-gas\/"]}]},{"@type":"ImageObject","inLanguage":"pt-BR","@id":"https:\/\/vanderloubet.com.br\/deputado\/bancada-do-pt-na-al-promove-audiencia-sobre-reducao-de-impostos-do-gas\/#primaryimage","url":"http:\/\/www.deputadovander.com.br\/website\/wp-content\/uploads\/2010\/05\/depvander-audiencia-glp-WEB-final-233x300.jpg","contentUrl":"http:\/\/www.deputadovander.com.br\/website\/wp-content\/uploads\/2010\/05\/depvander-audiencia-glp-WEB-final-233x300.jpg"},{"@type":"BreadcrumbList","@id":"https:\/\/vanderloubet.com.br\/deputado\/bancada-do-pt-na-al-promove-audiencia-sobre-reducao-de-impostos-do-gas\/#breadcrumb","itemListElement":[{"@type":"ListItem","position":1,"name":"In\u00edcio","item":"https:\/\/vanderloubet.com.br\/deputado\/"},{"@type":"ListItem","position":2,"name":"Audi\u00eancia na AL vai discutir redu\u00e7\u00e3o de impostos do g\u00e1s"}]},{"@type":"WebSite","@id":"https:\/\/vanderloubet.com.br\/deputado\/#website","url":"https:\/\/vanderloubet.com.br\/deputado\/","name":"Deputado Federal Vander Loubet","description":"O Federal de MS","publisher":{"@id":"https:\/\/vanderloubet.com.br\/deputado\/#organization"},"alternateName":"Deputado Vander","potentialAction":[{"@type":"SearchAction","target":{"@type":"EntryPoint","urlTemplate":"https:\/\/vanderloubet.com.br\/deputado\/?s={search_term_string}"},"query-input":{"@type":"PropertyValueSpecification","valueRequired":true,"valueName":"search_term_string"}}],"inLanguage":"pt-BR"},{"@type":"Organization","@id":"https:\/\/vanderloubet.com.br\/deputado\/#organization","name":"Deputado Federal Vander Loubet","alternateName":"Deputado Vander","url":"https:\/\/vanderloubet.com.br\/deputado\/","logo":{"@type":"ImageObject","inLanguage":"pt-BR","@id":"https:\/\/vanderloubet.com.br\/deputado\/#\/schema\/logo\/image\/","url":"https:\/\/vanderloubet.com.br\/deputado\/wp-content\/uploads\/2023\/06\/foto-2023-06-19-mandato-deputado-vander.jpg","contentUrl":"https:\/\/vanderloubet.com.br\/deputado\/wp-content\/uploads\/2023\/06\/foto-2023-06-19-mandato-deputado-vander.jpg","width":1080,"height":1080,"caption":"Deputado Federal Vander Loubet"},"image":{"@id":"https:\/\/vanderloubet.com.br\/deputado\/#\/schema\/logo\/image\/"},"sameAs":["https:\/\/facebook.com\/deputadovander","https:\/\/x.com\/vanderloubet","https:\/\/instagram.com\/vanderloubet","https:\/\/youtube.com\/vanderloubet","https:\/\/tiktok.com\/@vanderloubetms"]},{"@type":"Person","@id":"https:\/\/vanderloubet.com.br\/deputado\/#\/schema\/person\/15b51bd564532a8a68d9dec1b8eb890e","name":"\u00c9der","image":{"@type":"ImageObject","inLanguage":"pt-BR","@id":"https:\/\/vanderloubet.com.br\/deputado\/wp-content\/litespeed\/avatar\/88ca4090d9d5ab1c9495f6ca03b68efa.jpg?ver=1777058957","url":"https:\/\/vanderloubet.com.br\/deputado\/wp-content\/litespeed\/avatar\/88ca4090d9d5ab1c9495f6ca03b68efa.jpg?ver=1777058957","contentUrl":"https:\/\/vanderloubet.com.br\/deputado\/wp-content\/litespeed\/avatar\/88ca4090d9d5ab1c9495f6ca03b68efa.jpg?ver=1777058957","caption":"\u00c9der"}}]}},"jetpack_featured_media_url":"","jetpack_sharing_enabled":true,"_links":{"self":[{"href":"https:\/\/vanderloubet.com.br\/deputado\/wp-json\/wp\/v2\/posts\/1225","targetHints":{"allow":["GET"]}}],"collection":[{"href":"https:\/\/vanderloubet.com.br\/deputado\/wp-json\/wp\/v2\/posts"}],"about":[{"href":"https:\/\/vanderloubet.com.br\/deputado\/wp-json\/wp\/v2\/types\/post"}],"author":[{"embeddable":true,"href":"https:\/\/vanderloubet.com.br\/deputado\/wp-json\/wp\/v2\/users\/2"}],"replies":[{"embeddable":true,"href":"https:\/\/vanderloubet.com.br\/deputado\/wp-json\/wp\/v2\/comments?post=1225"}],"version-history":[{"count":0,"href":"https:\/\/vanderloubet.com.br\/deputado\/wp-json\/wp\/v2\/posts\/1225\/revisions"}],"wp:attachment":[{"href":"https:\/\/vanderloubet.com.br\/deputado\/wp-json\/wp\/v2\/media?parent=1225"}],"wp:term":[{"taxonomy":"category","embeddable":true,"href":"https:\/\/vanderloubet.com.br\/deputado\/wp-json\/wp\/v2\/categories?post=1225"},{"taxonomy":"post_tag","embeddable":true,"href":"https:\/\/vanderloubet.com.br\/deputado\/wp-json\/wp\/v2\/tags?post=1225"}],"curies":[{"name":"wp","href":"https:\/\/api.w.org\/{rel}","templated":true}]}}