{"id":12225,"date":"2017-02-07T10:47:32","date_gmt":"2017-02-07T13:47:32","guid":{"rendered":"http:\/\/vanderloubet.com.br\/deputado\/?p=12225"},"modified":"2017-03-29T10:51:57","modified_gmt":"2017-03-29T14:51:57","slug":"convenio-entre-prefeitura-e-exercito-para-asfalto-tem-verba-do-pac-2-lembra-vander","status":"publish","type":"post","link":"https:\/\/vanderloubet.com.br\/deputado\/convenio-entre-prefeitura-e-exercito-para-asfalto-tem-verba-do-pac-2-lembra-vander\/","title":{"rendered":"Conv\u00eanio entre Prefeitura e Ex\u00e9rcito para asfalto tem verba do PAC 2, lembra Vander"},"content":{"rendered":"<figure id=\"attachment_12226\" aria-describedby=\"caption-attachment-12226\" style=\"width: 700px\" class=\"wp-caption alignnone\"><img decoding=\"async\" class=\"wp-image-12226 size-large\" title=\"Conv\u00eanio entre Prefeitura e Ex\u00e9rcito prev\u00ea recapeamento de 12 quil\u00f4metros de vias\" src=\"http:\/\/vanderloubet.com.br\/deputado\/wp-content\/uploads\/2017\/02\/foto-2017-02-07-asfalto-convenio-exercito-700x467.jpg\" alt=\"Conv\u00eanio entre Prefeitura e Ex\u00e9rcito prev\u00ea recapeamento de 12 quil\u00f4metros de vias\" width=\"700\" height=\"467\" srcset=\"https:\/\/vanderloubet.com.br\/deputado\/wp-content\/uploads\/2017\/02\/foto-2017-02-07-asfalto-convenio-exercito-700x467.jpg 700w, https:\/\/vanderloubet.com.br\/deputado\/wp-content\/uploads\/2017\/02\/foto-2017-02-07-asfalto-convenio-exercito-350x233.jpg 350w, https:\/\/vanderloubet.com.br\/deputado\/wp-content\/uploads\/2017\/02\/foto-2017-02-07-asfalto-convenio-exercito-768x512.jpg 768w, https:\/\/vanderloubet.com.br\/deputado\/wp-content\/uploads\/2017\/02\/foto-2017-02-07-asfalto-convenio-exercito-630x420.jpg 630w, https:\/\/vanderloubet.com.br\/deputado\/wp-content\/uploads\/2017\/02\/foto-2017-02-07-asfalto-convenio-exercito-696x464.jpg 696w, https:\/\/vanderloubet.com.br\/deputado\/wp-content\/uploads\/2017\/02\/foto-2017-02-07-asfalto-convenio-exercito-1068x712.jpg 1068w, https:\/\/vanderloubet.com.br\/deputado\/wp-content\/uploads\/2017\/02\/foto-2017-02-07-asfalto-convenio-exercito.jpg 1080w\" sizes=\"(max-width: 700px) 100vw, 700px\" \/><figcaption id=\"caption-attachment-12226\" class=\"wp-caption-text\">Conv\u00eanio entre Prefeitura e Ex\u00e9rcito prev\u00ea recapeamento de 12 quil\u00f4metros de vias<\/figcaption><\/figure>\n<p>As avenidas Bandeirantes e Marechal Deodoro e as ruas Brilhante e Guia Lopes, em Campo Grande, come\u00e7am a ser recapeadas em 13 de fevereiro por meio de um conv\u00eanio firmado entre a Prefeitura e o Ex\u00e9rcito Brasileiro. A parceria garantir\u00e1 qualidade superior \u00e0s vias, que ter\u00e3o pavimento polimerizado, um tipo de asfalto mais flex\u00edvel e que traz um tempo de vida \u00fatil mais longo, sem sofrer lombadas ao longo da via, devido ao tamanho e peso dos ve\u00edculos do transporte coletivo.<\/p>\n<p>Formalizado na \u00faltima segunda-feira (6), no 9\u00ba Grupamento Log\u00edstico do Ex\u00e9rcito, o conv\u00eanio tem prazo de 24 meses e custar\u00e1 R$ 24 milh\u00f5es. A Prefeitura vai arcar com o custo da obra e o Ex\u00e9rcito fornecer\u00e1 m\u00e3o de obra e a expertise em constru\u00e7\u00f5es.<\/p>\n<p>O deputado federal Vander Loubet lembra que os recursos a serem utilizados pela Prefeitura s\u00e3o oriundos da segunda fase do Programa de Acelera\u00e7\u00e3o do Crescimento (PAC 2) para Mobilidade Urbana. O PAC foi criado na gest\u00e3o do presidente Luiz In\u00e1cio Lula da Silva e mantido pela presidenta Dilma Rousseff. &#8220;Esses recursos <a href=\"http:\/\/vanderloubet.com.br\/deputado\/dilma-garante-r-180-milhoes-a-campo-grande-pelo-pac-2-da-mobilidade-urbana\/\" target=\"_blank\">foram conquistados com nosso apoio e apoio da bancada em 2012<\/a>, mas <a href=\"http:\/\/vanderloubet.com.br\/deputado\/com-apoio-de-vander-campo-grande-recebe-quase-meio-bilhao-do-pac\/\" target=\"_blank\">o contrato com a Caixa Econ\u00f4mica Federal s\u00f3 foi assinado em 2014<\/a>&#8220;, destacou o deputado.<\/p>\n<p>O valor do contrato \u00e9 de R$ 180 milh\u00f5es e previa recapeamento de vias e corredores exclusivos de \u00f4nibus, cal\u00e7adas, rampas de acesso e coberturas para pontos de \u00f4nibus. Tamb\u00e9m estava no pacote a obra do viaduto na Avenida Costa e Silva\/Avenida Gury Marques, pr\u00f3ximo ao Est\u00e1dio Moren\u00e3o, na sa\u00edda para S\u00e3o Paulo, obra que foi apelidada de &#8220;Viaduto da Coca-Cola&#8221; por sua proximidade com a f\u00e1brica da empresa.<\/p>\n<p>O conv\u00eanio assinado entre Prefeitura e Ex\u00e9rcito prev\u00ea o recapeamento de 12 quil\u00f4metros das vias que integram o futuro Corredor Sudoeste do Transporte Coletivo: ruas Guia Lopes, Brilhante, Marechal Deodoro (na altura do Terminal Aero Rancho) e toda extens\u00e3o da Avenida Bandeirantes. Haver\u00e1 implanta\u00e7\u00e3o de 6,42 quil\u00f4metros de drenagem e constru\u00e7\u00e3o das bases onde ser\u00e3o instaladas as esta\u00e7\u00f5es de pr\u00e9-embarque do corredor de \u00f4nibus. A primeira via a ser recuperada ser\u00e1 a Rua Guia Lopes, em um trecho de 600 metros entre as avenidas Bandeirantes e Salgado Filho. A segunda ser\u00e1 a Rua Brilhante (3 km), a terceira a Avenida Bandeirantes (4 km) e por \u00faltimo a Avenida Marechal Deodoro (5 km).<\/p>\n<p><em>(\u00c9der Yanaguita &#8211; Ascom\/Dep. Vander Loubet)<\/em><\/p>\n","protected":false},"excerpt":{"rendered":"<p>Recursos a serem utilizados pela Prefeitura s\u00e3o oriundos da segunda fase do Programa de Acelera\u00e7\u00e3o do Crescimento (PAC 2)<\/p>\n","protected":false},"author":2,"featured_media":12226,"comment_status":"closed","ping_status":"closed","sticky":false,"template":"","format":"standard","meta":{"jetpack_post_was_ever_published":false,"_jetpack_newsletter_access":"","_jetpack_dont_email_post_to_subs":false,"_jetpack_newsletter_tier_id":0,"_jetpack_memberships_contains_paywalled_content":false,"_jetpack_memberships_contains_paid_content":false,"footnotes":""},"categories":[2097,10],"tags":[2334,1311,1446],"class_list":{"0":"post-12225","1":"post","2":"type-post","3":"status-publish","4":"format-standard","5":"has-post-thumbnail","7":"category-municipios-noticias","8":"category-noticias","9":"tag-infraestrutura-urbana","10":"tag-mobilidade-urbana","11":"tag-pac-2"},"yoast_head":"<!-- This site is optimized with the Yoast SEO plugin v27.4 - https:\/\/yoast.com\/product\/yoast-seo-wordpress\/ -->\n<title>Conv\u00eanio entre Prefeitura e Ex\u00e9rcito para asfalto tem verba do PAC 2, lembra Vander<\/title>\n<meta name=\"robots\" content=\"index, follow, max-snippet:-1, max-image-preview:large, max-video-preview:-1\" \/>\n<link rel=\"canonical\" href=\"https:\/\/vanderloubet.com.br\/deputado\/convenio-entre-prefeitura-e-exercito-para-asfalto-tem-verba-do-pac-2-lembra-vander\/\" \/>\n<meta property=\"og:locale\" content=\"pt_BR\" \/>\n<meta property=\"og:type\" content=\"article\" \/>\n<meta property=\"og:title\" content=\"Conv\u00eanio entre Prefeitura e Ex\u00e9rcito para asfalto tem verba do PAC 2, lembra Vander\" \/>\n<meta property=\"og:description\" content=\"Recursos a serem utilizados pela Prefeitura s\u00e3o oriundos da segunda fase do Programa de Acelera\u00e7\u00e3o do Crescimento (PAC 2)\" \/>\n<meta property=\"og:url\" content=\"https:\/\/vanderloubet.com.br\/deputado\/convenio-entre-prefeitura-e-exercito-para-asfalto-tem-verba-do-pac-2-lembra-vander\/\" \/>\n<meta property=\"og:site_name\" content=\"Deputado Federal Vander Loubet\" \/>\n<meta property=\"article:publisher\" content=\"https:\/\/facebook.com\/deputadovander\" \/>\n<meta property=\"article:published_time\" content=\"2017-02-07T13:47:32+00:00\" \/>\n<meta property=\"article:modified_time\" content=\"2017-03-29T14:51:57+00:00\" \/>\n<meta property=\"og:image\" content=\"https:\/\/vanderloubet.com.br\/deputado\/wp-content\/uploads\/2017\/02\/foto-2017-02-07-asfalto-convenio-exercito.jpg\" \/>\n\t<meta property=\"og:image:width\" content=\"1080\" \/>\n\t<meta property=\"og:image:height\" content=\"720\" \/>\n\t<meta property=\"og:image:type\" content=\"image\/jpeg\" \/>\n<meta name=\"author\" content=\"\u00c9der\" \/>\n<meta name=\"twitter:card\" content=\"summary_large_image\" \/>\n<meta name=\"twitter:creator\" content=\"@vanderloubet\" \/>\n<meta name=\"twitter:site\" content=\"@vanderloubet\" \/>\n<script type=\"application\/ld+json\" class=\"yoast-schema-graph\">{\"@context\":\"https:\\\/\\\/schema.org\",\"@graph\":[{\"@type\":\"Article\",\"@id\":\"https:\\\/\\\/vanderloubet.com.br\\\/deputado\\\/convenio-entre-prefeitura-e-exercito-para-asfalto-tem-verba-do-pac-2-lembra-vander\\\/#article\",\"isPartOf\":{\"@id\":\"https:\\\/\\\/vanderloubet.com.br\\\/deputado\\\/convenio-entre-prefeitura-e-exercito-para-asfalto-tem-verba-do-pac-2-lembra-vander\\\/\"},\"author\":{\"name\":\"\u00c9der\",\"@id\":\"https:\\\/\\\/vanderloubet.com.br\\\/deputado\\\/#\\\/schema\\\/person\\\/15b51bd564532a8a68d9dec1b8eb890e\"},\"headline\":\"Conv\u00eanio entre Prefeitura e Ex\u00e9rcito para asfalto tem verba do PAC 2, lembra Vander\",\"datePublished\":\"2017-02-07T13:47:32+00:00\",\"dateModified\":\"2017-03-29T14:51:57+00:00\",\"mainEntityOfPage\":{\"@id\":\"https:\\\/\\\/vanderloubet.com.br\\\/deputado\\\/convenio-entre-prefeitura-e-exercito-para-asfalto-tem-verba-do-pac-2-lembra-vander\\\/\"},\"wordCount\":449,\"publisher\":{\"@id\":\"https:\\\/\\\/vanderloubet.com.br\\\/deputado\\\/#organization\"},\"image\":{\"@id\":\"https:\\\/\\\/vanderloubet.com.br\\\/deputado\\\/convenio-entre-prefeitura-e-exercito-para-asfalto-tem-verba-do-pac-2-lembra-vander\\\/#primaryimage\"},\"thumbnailUrl\":\"https:\\\/\\\/vanderloubet.com.br\\\/deputado\\\/wp-content\\\/uploads\\\/2017\\\/02\\\/foto-2017-02-07-asfalto-convenio-exercito.jpg\",\"keywords\":[\"infraestrutura urbana\",\"mobilidade urbana\",\"pac 2\"],\"articleSection\":[\"Munic\u00edpios\",\"Not\u00edcias\"],\"inLanguage\":\"pt-BR\"},{\"@type\":\"WebPage\",\"@id\":\"https:\\\/\\\/vanderloubet.com.br\\\/deputado\\\/convenio-entre-prefeitura-e-exercito-para-asfalto-tem-verba-do-pac-2-lembra-vander\\\/\",\"url\":\"https:\\\/\\\/vanderloubet.com.br\\\/deputado\\\/convenio-entre-prefeitura-e-exercito-para-asfalto-tem-verba-do-pac-2-lembra-vander\\\/\",\"name\":\"Conv\u00eanio entre Prefeitura e Ex\u00e9rcito para asfalto tem verba do PAC 2, lembra Vander\",\"isPartOf\":{\"@id\":\"https:\\\/\\\/vanderloubet.com.br\\\/deputado\\\/#website\"},\"primaryImageOfPage\":{\"@id\":\"https:\\\/\\\/vanderloubet.com.br\\\/deputado\\\/convenio-entre-prefeitura-e-exercito-para-asfalto-tem-verba-do-pac-2-lembra-vander\\\/#primaryimage\"},\"image\":{\"@id\":\"https:\\\/\\\/vanderloubet.com.br\\\/deputado\\\/convenio-entre-prefeitura-e-exercito-para-asfalto-tem-verba-do-pac-2-lembra-vander\\\/#primaryimage\"},\"thumbnailUrl\":\"https:\\\/\\\/vanderloubet.com.br\\\/deputado\\\/wp-content\\\/uploads\\\/2017\\\/02\\\/foto-2017-02-07-asfalto-convenio-exercito.jpg\",\"datePublished\":\"2017-02-07T13:47:32+00:00\",\"dateModified\":\"2017-03-29T14:51:57+00:00\",\"breadcrumb\":{\"@id\":\"https:\\\/\\\/vanderloubet.com.br\\\/deputado\\\/convenio-entre-prefeitura-e-exercito-para-asfalto-tem-verba-do-pac-2-lembra-vander\\\/#breadcrumb\"},\"inLanguage\":\"pt-BR\",\"potentialAction\":[{\"@type\":\"ReadAction\",\"target\":[\"https:\\\/\\\/vanderloubet.com.br\\\/deputado\\\/convenio-entre-prefeitura-e-exercito-para-asfalto-tem-verba-do-pac-2-lembra-vander\\\/\"]}]},{\"@type\":\"ImageObject\",\"inLanguage\":\"pt-BR\",\"@id\":\"https:\\\/\\\/vanderloubet.com.br\\\/deputado\\\/convenio-entre-prefeitura-e-exercito-para-asfalto-tem-verba-do-pac-2-lembra-vander\\\/#primaryimage\",\"url\":\"https:\\\/\\\/vanderloubet.com.br\\\/deputado\\\/wp-content\\\/uploads\\\/2017\\\/02\\\/foto-2017-02-07-asfalto-convenio-exercito.jpg\",\"contentUrl\":\"https:\\\/\\\/vanderloubet.com.br\\\/deputado\\\/wp-content\\\/uploads\\\/2017\\\/02\\\/foto-2017-02-07-asfalto-convenio-exercito.jpg\",\"width\":1080,\"height\":720,\"caption\":\"Conv\u00eanio entre Prefeitura e Ex\u00e9rcito prev\u00ea recapeamento de 12 quil\u00f4metros de vias\"},{\"@type\":\"BreadcrumbList\",\"@id\":\"https:\\\/\\\/vanderloubet.com.br\\\/deputado\\\/convenio-entre-prefeitura-e-exercito-para-asfalto-tem-verba-do-pac-2-lembra-vander\\\/#breadcrumb\",\"itemListElement\":[{\"@type\":\"ListItem\",\"position\":1,\"name\":\"In\u00edcio\",\"item\":\"https:\\\/\\\/vanderloubet.com.br\\\/deputado\\\/\"},{\"@type\":\"ListItem\",\"position\":2,\"name\":\"Conv\u00eanio entre Prefeitura e Ex\u00e9rcito para asfalto tem verba do PAC 2, lembra Vander\"}]},{\"@type\":\"WebSite\",\"@id\":\"https:\\\/\\\/vanderloubet.com.br\\\/deputado\\\/#website\",\"url\":\"https:\\\/\\\/vanderloubet.com.br\\\/deputado\\\/\",\"name\":\"Deputado Federal Vander Loubet\",\"description\":\"O Federal de MS\",\"publisher\":{\"@id\":\"https:\\\/\\\/vanderloubet.com.br\\\/deputado\\\/#organization\"},\"alternateName\":\"Deputado Vander\",\"potentialAction\":[{\"@type\":\"SearchAction\",\"target\":{\"@type\":\"EntryPoint\",\"urlTemplate\":\"https:\\\/\\\/vanderloubet.com.br\\\/deputado\\\/?s={search_term_string}\"},\"query-input\":{\"@type\":\"PropertyValueSpecification\",\"valueRequired\":true,\"valueName\":\"search_term_string\"}}],\"inLanguage\":\"pt-BR\"},{\"@type\":\"Organization\",\"@id\":\"https:\\\/\\\/vanderloubet.com.br\\\/deputado\\\/#organization\",\"name\":\"Deputado Federal Vander Loubet\",\"alternateName\":\"Deputado Vander\",\"url\":\"https:\\\/\\\/vanderloubet.com.br\\\/deputado\\\/\",\"logo\":{\"@type\":\"ImageObject\",\"inLanguage\":\"pt-BR\",\"@id\":\"https:\\\/\\\/vanderloubet.com.br\\\/deputado\\\/#\\\/schema\\\/logo\\\/image\\\/\",\"url\":\"https:\\\/\\\/vanderloubet.com.br\\\/deputado\\\/wp-content\\\/uploads\\\/2023\\\/06\\\/foto-2023-06-19-mandato-deputado-vander.jpg\",\"contentUrl\":\"https:\\\/\\\/vanderloubet.com.br\\\/deputado\\\/wp-content\\\/uploads\\\/2023\\\/06\\\/foto-2023-06-19-mandato-deputado-vander.jpg\",\"width\":1080,\"height\":1080,\"caption\":\"Deputado Federal Vander Loubet\"},\"image\":{\"@id\":\"https:\\\/\\\/vanderloubet.com.br\\\/deputado\\\/#\\\/schema\\\/logo\\\/image\\\/\"},\"sameAs\":[\"https:\\\/\\\/facebook.com\\\/deputadovander\",\"https:\\\/\\\/x.com\\\/vanderloubet\",\"https:\\\/\\\/instagram.com\\\/vanderloubet\",\"https:\\\/\\\/youtube.com\\\/vanderloubet\",\"https:\\\/\\\/tiktok.com\\\/@vanderloubetms\"]},{\"@type\":\"Person\",\"@id\":\"https:\\\/\\\/vanderloubet.com.br\\\/deputado\\\/#\\\/schema\\\/person\\\/15b51bd564532a8a68d9dec1b8eb890e\",\"name\":\"\u00c9der\",\"image\":{\"@type\":\"ImageObject\",\"inLanguage\":\"pt-BR\",\"@id\":\"https:\\\/\\\/vanderloubet.com.br\\\/deputado\\\/wp-content\\\/litespeed\\\/avatar\\\/88ca4090d9d5ab1c9495f6ca03b68efa.jpg?ver=1777058957\",\"url\":\"https:\\\/\\\/vanderloubet.com.br\\\/deputado\\\/wp-content\\\/litespeed\\\/avatar\\\/88ca4090d9d5ab1c9495f6ca03b68efa.jpg?ver=1777058957\",\"contentUrl\":\"https:\\\/\\\/vanderloubet.com.br\\\/deputado\\\/wp-content\\\/litespeed\\\/avatar\\\/88ca4090d9d5ab1c9495f6ca03b68efa.jpg?ver=1777058957\",\"caption\":\"\u00c9der\"}}]}<\/script>\n<!-- \/ Yoast SEO plugin. -->","yoast_head_json":{"title":"Conv\u00eanio entre Prefeitura e Ex\u00e9rcito para asfalto tem verba do PAC 2, lembra Vander","robots":{"index":"index","follow":"follow","max-snippet":"max-snippet:-1","max-image-preview":"max-image-preview:large","max-video-preview":"max-video-preview:-1"},"canonical":"https:\/\/vanderloubet.com.br\/deputado\/convenio-entre-prefeitura-e-exercito-para-asfalto-tem-verba-do-pac-2-lembra-vander\/","og_locale":"pt_BR","og_type":"article","og_title":"Conv\u00eanio entre Prefeitura e Ex\u00e9rcito para asfalto tem verba do PAC 2, lembra Vander","og_description":"Recursos a serem utilizados pela Prefeitura s\u00e3o oriundos da segunda fase do Programa de Acelera\u00e7\u00e3o do Crescimento (PAC 2)","og_url":"https:\/\/vanderloubet.com.br\/deputado\/convenio-entre-prefeitura-e-exercito-para-asfalto-tem-verba-do-pac-2-lembra-vander\/","og_site_name":"Deputado Federal Vander Loubet","article_publisher":"https:\/\/facebook.com\/deputadovander","article_published_time":"2017-02-07T13:47:32+00:00","article_modified_time":"2017-03-29T14:51:57+00:00","og_image":[{"width":1080,"height":720,"url":"https:\/\/vanderloubet.com.br\/deputado\/wp-content\/uploads\/2017\/02\/foto-2017-02-07-asfalto-convenio-exercito.jpg","type":"image\/jpeg"}],"author":"\u00c9der","twitter_card":"summary_large_image","twitter_creator":"@vanderloubet","twitter_site":"@vanderloubet","schema":{"@context":"https:\/\/schema.org","@graph":[{"@type":"Article","@id":"https:\/\/vanderloubet.com.br\/deputado\/convenio-entre-prefeitura-e-exercito-para-asfalto-tem-verba-do-pac-2-lembra-vander\/#article","isPartOf":{"@id":"https:\/\/vanderloubet.com.br\/deputado\/convenio-entre-prefeitura-e-exercito-para-asfalto-tem-verba-do-pac-2-lembra-vander\/"},"author":{"name":"\u00c9der","@id":"https:\/\/vanderloubet.com.br\/deputado\/#\/schema\/person\/15b51bd564532a8a68d9dec1b8eb890e"},"headline":"Conv\u00eanio entre Prefeitura e Ex\u00e9rcito para asfalto tem verba do PAC 2, lembra Vander","datePublished":"2017-02-07T13:47:32+00:00","dateModified":"2017-03-29T14:51:57+00:00","mainEntityOfPage":{"@id":"https:\/\/vanderloubet.com.br\/deputado\/convenio-entre-prefeitura-e-exercito-para-asfalto-tem-verba-do-pac-2-lembra-vander\/"},"wordCount":449,"publisher":{"@id":"https:\/\/vanderloubet.com.br\/deputado\/#organization"},"image":{"@id":"https:\/\/vanderloubet.com.br\/deputado\/convenio-entre-prefeitura-e-exercito-para-asfalto-tem-verba-do-pac-2-lembra-vander\/#primaryimage"},"thumbnailUrl":"https:\/\/vanderloubet.com.br\/deputado\/wp-content\/uploads\/2017\/02\/foto-2017-02-07-asfalto-convenio-exercito.jpg","keywords":["infraestrutura urbana","mobilidade urbana","pac 2"],"articleSection":["Munic\u00edpios","Not\u00edcias"],"inLanguage":"pt-BR"},{"@type":"WebPage","@id":"https:\/\/vanderloubet.com.br\/deputado\/convenio-entre-prefeitura-e-exercito-para-asfalto-tem-verba-do-pac-2-lembra-vander\/","url":"https:\/\/vanderloubet.com.br\/deputado\/convenio-entre-prefeitura-e-exercito-para-asfalto-tem-verba-do-pac-2-lembra-vander\/","name":"Conv\u00eanio entre Prefeitura e Ex\u00e9rcito para asfalto tem verba do PAC 2, lembra Vander","isPartOf":{"@id":"https:\/\/vanderloubet.com.br\/deputado\/#website"},"primaryImageOfPage":{"@id":"https:\/\/vanderloubet.com.br\/deputado\/convenio-entre-prefeitura-e-exercito-para-asfalto-tem-verba-do-pac-2-lembra-vander\/#primaryimage"},"image":{"@id":"https:\/\/vanderloubet.com.br\/deputado\/convenio-entre-prefeitura-e-exercito-para-asfalto-tem-verba-do-pac-2-lembra-vander\/#primaryimage"},"thumbnailUrl":"https:\/\/vanderloubet.com.br\/deputado\/wp-content\/uploads\/2017\/02\/foto-2017-02-07-asfalto-convenio-exercito.jpg","datePublished":"2017-02-07T13:47:32+00:00","dateModified":"2017-03-29T14:51:57+00:00","breadcrumb":{"@id":"https:\/\/vanderloubet.com.br\/deputado\/convenio-entre-prefeitura-e-exercito-para-asfalto-tem-verba-do-pac-2-lembra-vander\/#breadcrumb"},"inLanguage":"pt-BR","potentialAction":[{"@type":"ReadAction","target":["https:\/\/vanderloubet.com.br\/deputado\/convenio-entre-prefeitura-e-exercito-para-asfalto-tem-verba-do-pac-2-lembra-vander\/"]}]},{"@type":"ImageObject","inLanguage":"pt-BR","@id":"https:\/\/vanderloubet.com.br\/deputado\/convenio-entre-prefeitura-e-exercito-para-asfalto-tem-verba-do-pac-2-lembra-vander\/#primaryimage","url":"https:\/\/vanderloubet.com.br\/deputado\/wp-content\/uploads\/2017\/02\/foto-2017-02-07-asfalto-convenio-exercito.jpg","contentUrl":"https:\/\/vanderloubet.com.br\/deputado\/wp-content\/uploads\/2017\/02\/foto-2017-02-07-asfalto-convenio-exercito.jpg","width":1080,"height":720,"caption":"Conv\u00eanio entre Prefeitura e Ex\u00e9rcito prev\u00ea recapeamento de 12 quil\u00f4metros de vias"},{"@type":"BreadcrumbList","@id":"https:\/\/vanderloubet.com.br\/deputado\/convenio-entre-prefeitura-e-exercito-para-asfalto-tem-verba-do-pac-2-lembra-vander\/#breadcrumb","itemListElement":[{"@type":"ListItem","position":1,"name":"In\u00edcio","item":"https:\/\/vanderloubet.com.br\/deputado\/"},{"@type":"ListItem","position":2,"name":"Conv\u00eanio entre Prefeitura e Ex\u00e9rcito para asfalto tem verba do PAC 2, lembra Vander"}]},{"@type":"WebSite","@id":"https:\/\/vanderloubet.com.br\/deputado\/#website","url":"https:\/\/vanderloubet.com.br\/deputado\/","name":"Deputado Federal Vander Loubet","description":"O Federal de MS","publisher":{"@id":"https:\/\/vanderloubet.com.br\/deputado\/#organization"},"alternateName":"Deputado Vander","potentialAction":[{"@type":"SearchAction","target":{"@type":"EntryPoint","urlTemplate":"https:\/\/vanderloubet.com.br\/deputado\/?s={search_term_string}"},"query-input":{"@type":"PropertyValueSpecification","valueRequired":true,"valueName":"search_term_string"}}],"inLanguage":"pt-BR"},{"@type":"Organization","@id":"https:\/\/vanderloubet.com.br\/deputado\/#organization","name":"Deputado Federal Vander Loubet","alternateName":"Deputado Vander","url":"https:\/\/vanderloubet.com.br\/deputado\/","logo":{"@type":"ImageObject","inLanguage":"pt-BR","@id":"https:\/\/vanderloubet.com.br\/deputado\/#\/schema\/logo\/image\/","url":"https:\/\/vanderloubet.com.br\/deputado\/wp-content\/uploads\/2023\/06\/foto-2023-06-19-mandato-deputado-vander.jpg","contentUrl":"https:\/\/vanderloubet.com.br\/deputado\/wp-content\/uploads\/2023\/06\/foto-2023-06-19-mandato-deputado-vander.jpg","width":1080,"height":1080,"caption":"Deputado Federal Vander Loubet"},"image":{"@id":"https:\/\/vanderloubet.com.br\/deputado\/#\/schema\/logo\/image\/"},"sameAs":["https:\/\/facebook.com\/deputadovander","https:\/\/x.com\/vanderloubet","https:\/\/instagram.com\/vanderloubet","https:\/\/youtube.com\/vanderloubet","https:\/\/tiktok.com\/@vanderloubetms"]},{"@type":"Person","@id":"https:\/\/vanderloubet.com.br\/deputado\/#\/schema\/person\/15b51bd564532a8a68d9dec1b8eb890e","name":"\u00c9der","image":{"@type":"ImageObject","inLanguage":"pt-BR","@id":"https:\/\/vanderloubet.com.br\/deputado\/wp-content\/litespeed\/avatar\/88ca4090d9d5ab1c9495f6ca03b68efa.jpg?ver=1777058957","url":"https:\/\/vanderloubet.com.br\/deputado\/wp-content\/litespeed\/avatar\/88ca4090d9d5ab1c9495f6ca03b68efa.jpg?ver=1777058957","contentUrl":"https:\/\/vanderloubet.com.br\/deputado\/wp-content\/litespeed\/avatar\/88ca4090d9d5ab1c9495f6ca03b68efa.jpg?ver=1777058957","caption":"\u00c9der"}}]}},"jetpack_featured_media_url":"https:\/\/vanderloubet.com.br\/deputado\/wp-content\/uploads\/2017\/02\/foto-2017-02-07-asfalto-convenio-exercito.jpg","jetpack_sharing_enabled":true,"_links":{"self":[{"href":"https:\/\/vanderloubet.com.br\/deputado\/wp-json\/wp\/v2\/posts\/12225","targetHints":{"allow":["GET"]}}],"collection":[{"href":"https:\/\/vanderloubet.com.br\/deputado\/wp-json\/wp\/v2\/posts"}],"about":[{"href":"https:\/\/vanderloubet.com.br\/deputado\/wp-json\/wp\/v2\/types\/post"}],"author":[{"embeddable":true,"href":"https:\/\/vanderloubet.com.br\/deputado\/wp-json\/wp\/v2\/users\/2"}],"replies":[{"embeddable":true,"href":"https:\/\/vanderloubet.com.br\/deputado\/wp-json\/wp\/v2\/comments?post=12225"}],"version-history":[{"count":0,"href":"https:\/\/vanderloubet.com.br\/deputado\/wp-json\/wp\/v2\/posts\/12225\/revisions"}],"wp:featuredmedia":[{"embeddable":true,"href":"https:\/\/vanderloubet.com.br\/deputado\/wp-json\/wp\/v2\/media\/12226"}],"wp:attachment":[{"href":"https:\/\/vanderloubet.com.br\/deputado\/wp-json\/wp\/v2\/media?parent=12225"}],"wp:term":[{"taxonomy":"category","embeddable":true,"href":"https:\/\/vanderloubet.com.br\/deputado\/wp-json\/wp\/v2\/categories?post=12225"},{"taxonomy":"post_tag","embeddable":true,"href":"https:\/\/vanderloubet.com.br\/deputado\/wp-json\/wp\/v2\/tags?post=12225"}],"curies":[{"name":"wp","href":"https:\/\/api.w.org\/{rel}","templated":true}]}}