{"id":12221,"date":"2017-02-06T10:12:07","date_gmt":"2017-02-06T13:12:07","guid":{"rendered":"http:\/\/vanderloubet.com.br\/deputado\/?p=12221"},"modified":"2017-05-16T18:19:51","modified_gmt":"2017-05-16T22:19:51","slug":"vander-e-zeca-garantem-parceria-com-prefeitura-e-estado-para-recuperar-parques-de-campo-grande","status":"publish","type":"post","link":"https:\/\/vanderloubet.com.br\/deputado\/vander-e-zeca-garantem-parceria-com-prefeitura-e-estado-para-recuperar-parques-de-campo-grande\/","title":{"rendered":"Vander e Zeca garantem parceria com Prefeitura e Estado para recuperar parques de Campo Grande"},"content":{"rendered":"\r\n                <style type=\"text\/css\">\r\n                    \r\n                    #tdi_1  .td-doubleSlider-2 .td-item1 {\r\n                        background: url(https:\/\/vanderloubet.com.br\/deputado\/wp-content\/uploads\/2017\/02\/foto-2017-02-06-vander-marquinhos-zeca-01-80x60.jpg) 0 0 no-repeat;\r\n                    }\r\n                    #tdi_1  .td-doubleSlider-2 .td-item2 {\r\n                        background: url(https:\/\/vanderloubet.com.br\/deputado\/wp-content\/uploads\/2017\/02\/foto-2017-02-06-vander-marquinhos-zeca-02-80x60.jpg) 0 0 no-repeat;\r\n                    }\r\n                <\/style>\r\n\r\n                <div id=\"tdi_1\" class=\"td-gallery td-slide-on-2-columns\">\r\n                    <div class=\"post_td_gallery\">\r\n                        <div class=\"td-gallery-slide-top\">\r\n                           <div class=\"td-gallery-title\"><\/div>\r\n\r\n                            <div class=\"td-gallery-controls-wrapper\">\r\n                                <div class=\"td-gallery-slide-count\"><span class=\"td-gallery-slide-item-focus\">1<\/span> de 2<\/div>\r\n                                <div class=\"td-gallery-slide-prev-next-but\">\r\n                                    <i class = \"td-icon-left doubleSliderPrevButton\"><\/i>\r\n                                    <i class = \"td-icon-right doubleSliderNextButton\"><\/i>\r\n                                <\/div>\r\n                            <\/div>\r\n                        <\/div>\r\n\r\n                        <div class = \"td-doubleSlider-1 \">\r\n                            <div class = \"td-slider\">\r\n                                \r\n                    <div class = \"td-slide-item td-item1\">\r\n                        <figure class=\"td-slide-galery-figure td-slide-popup-gallery\">\r\n                            <a class=\"slide-gallery-image-link\" href=\"https:\/\/vanderloubet.com.br\/deputado\/wp-content\/uploads\/2017\/02\/foto-2017-02-06-vander-marquinhos-zeca-01.jpg\" title=\"Vander e Zeca estiveram com Marquinhos para estabelecer parceria pelos parques\"  data-caption=\"\"  data-description=\"Vander e Zeca estiveram com Marquinhos para estabelecer parceria pelos parques\">\r\n                                <img decoding=\"async\" src=\"https:\/\/vanderloubet.com.br\/deputado\/wp-content\/uploads\/2017\/02\/foto-2017-02-06-vander-marquinhos-zeca-01-709x420.jpg\" srcset=\"https:\/\/vanderloubet.com.br\/deputado\/wp-content\/uploads\/2017\/02\/foto-2017-02-06-vander-marquinhos-zeca-01-709x420.jpg 709w, https:\/\/vanderloubet.com.br\/deputado\/wp-content\/uploads\/2017\/02\/foto-2017-02-06-vander-marquinhos-zeca-01-350x207.jpg 350w, https:\/\/vanderloubet.com.br\/deputado\/wp-content\/uploads\/2017\/02\/foto-2017-02-06-vander-marquinhos-zeca-01-768x455.jpg 768w, https:\/\/vanderloubet.com.br\/deputado\/wp-content\/uploads\/2017\/02\/foto-2017-02-06-vander-marquinhos-zeca-01-700x415.jpg 700w, https:\/\/vanderloubet.com.br\/deputado\/wp-content\/uploads\/2017\/02\/foto-2017-02-06-vander-marquinhos-zeca-01-696x412.jpg 696w, https:\/\/vanderloubet.com.br\/deputado\/wp-content\/uploads\/2017\/02\/foto-2017-02-06-vander-marquinhos-zeca-01-1068x633.jpg 1068w, https:\/\/vanderloubet.com.br\/deputado\/wp-content\/uploads\/2017\/02\/foto-2017-02-06-vander-marquinhos-zeca-01.jpg 1080w\" sizes=\"(max-width: 709px) 100vw, 709px\" alt=\"Vander e Zeca estiveram com Marquinhos para estabelecer parceria pelos parques\">\r\n                            <\/a>\r\n                            <figcaption class = \"td-slide-caption td-gallery-slide-content\"><span>Vander e Zeca estiveram com Marquinhos para estabelecer parceria pelos parques<\/span><\/figcaption>\r\n                        <\/figure>\r\n                    <\/div>\r\n                    <div class = \"td-slide-item td-item2\">\r\n                        <figure class=\"td-slide-galery-figure td-slide-popup-gallery\">\r\n                            <a class=\"slide-gallery-image-link\" href=\"https:\/\/vanderloubet.com.br\/deputado\/wp-content\/uploads\/2017\/02\/foto-2017-02-06-vander-marquinhos-zeca-02.jpg\" title=\"Vander e Zeca estiveram com Marquinhos para estabelecer parceria pelos parques\"  data-caption=\"\"  data-description=\"Vander e Zeca estiveram com Marquinhos para estabelecer parceria pelos parques\">\r\n                                <img decoding=\"async\" src=\"https:\/\/vanderloubet.com.br\/deputado\/wp-content\/uploads\/2017\/02\/foto-2017-02-06-vander-marquinhos-zeca-02-709x420.jpg\" srcset=\"https:\/\/vanderloubet.com.br\/deputado\/wp-content\/uploads\/2017\/02\/foto-2017-02-06-vander-marquinhos-zeca-02-709x420.jpg 709w, https:\/\/vanderloubet.com.br\/deputado\/wp-content\/uploads\/2017\/02\/foto-2017-02-06-vander-marquinhos-zeca-02-350x207.jpg 350w, https:\/\/vanderloubet.com.br\/deputado\/wp-content\/uploads\/2017\/02\/foto-2017-02-06-vander-marquinhos-zeca-02-768x455.jpg 768w, https:\/\/vanderloubet.com.br\/deputado\/wp-content\/uploads\/2017\/02\/foto-2017-02-06-vander-marquinhos-zeca-02-700x415.jpg 700w, https:\/\/vanderloubet.com.br\/deputado\/wp-content\/uploads\/2017\/02\/foto-2017-02-06-vander-marquinhos-zeca-02-696x412.jpg 696w, https:\/\/vanderloubet.com.br\/deputado\/wp-content\/uploads\/2017\/02\/foto-2017-02-06-vander-marquinhos-zeca-02-1068x633.jpg 1068w, https:\/\/vanderloubet.com.br\/deputado\/wp-content\/uploads\/2017\/02\/foto-2017-02-06-vander-marquinhos-zeca-02.jpg 1080w\" sizes=\"(max-width: 709px) 100vw, 709px\" alt=\"Vander e Zeca estiveram com Marquinhos para estabelecer parceria pelos parques\">\r\n                            <\/a>\r\n                            <figcaption class = \"td-slide-caption td-gallery-slide-content\"><span>Vander e Zeca estiveram com Marquinhos para estabelecer parceria pelos parques<\/span><\/figcaption>\r\n                        <\/figure>\r\n                    <\/div>\r\n                            <\/div>\r\n                        <\/div>\r\n\r\n                        <div class = \"td-doubleSlider-2\">\r\n                            <div class = \"td-slider\">\r\n                                \r\n                    <div class = \"td-button td-item1\">\r\n                        <div class = \"td-border\"><\/div>\r\n                    <\/div>\r\n                    <div class = \"td-button td-item2\">\r\n                        <div class = \"td-border\"><\/div>\r\n                    <\/div>\r\n                            <\/div>\r\n                        <\/div>\r\n\r\n                    <\/div>\r\n\r\n                <\/div>\r\n                \n<p>Os deputados federais Vander Loubet e Zeca do PT estiveram na manh\u00e3 desta segunda-feira (6) com o prefeito Marquinhos Trad, em seu gabinete, para discutir o projeto de reforma e revitaliza\u00e7\u00e3o de quatro parques de Campo Grande. De imediato, os parlamentares garantiram a destina\u00e7\u00e3o de R$ 2 milh\u00f5es para a interven\u00e7\u00e3o nos parques Jacques da Luz (nas Moreninhas), Ayrton Senna (no Aero Rancho) e Tarsila do Amaral (no Nova Lima) e no Gin\u00e1sio Guanandiz\u00e3o.<\/p>\n<p>A verba ser\u00e1 viabilizada por meio de emendas parlamentares individuais e de contrapartida do Governo do Estado, que ser\u00e1 parceiro na a\u00e7\u00e3o.<\/p>\n<p>De acordo com o diretor-presidente da Funda\u00e7\u00e3o Municipal de Esporte (Funesp), Rodrigo Terra, esses espa\u00e7os est\u00e3o inutilizados e atendendo entre 10% e 20% de sua capacidade por falta de condi\u00e7\u00f5es f\u00edsicas e estruturais para receber o p\u00fablico. &#8220;As piscinas, quadras e salas de aula est\u00e3o praticamente desativadas pela falta de manuten\u00e7\u00e3o nos \u00faltimos anos. Precisamos colocar essa quest\u00e3o dentro das prioridades da atual gest\u00e3o e j\u00e1 estamos buscando solu\u00e7\u00f5es&#8221;, explicou Terra.<\/p>\n<p>O deputado Zeca do PT destacou a urg\u00eancia de uma interven\u00e7\u00e3o. &#8220;Fico triste em observar o descaso em rela\u00e7\u00e3o a esses parques nos \u00faltimos anos. Eles est\u00e3o abandonados e foram se deteriorando com o tempo. Precisamos recuperar esses espa\u00e7os, j\u00e1 que eles desempenham um papel estrat\u00e9gico na vida das pessoas. Essa parceria espec\u00edfica tem, primeiro, um sentido simb\u00f3lico, j\u00e1 que participei da cria\u00e7\u00e3o e ativa\u00e7\u00e3o de alguns desses parques e tive o privil\u00e9gio de construir um deles quando governador do Estado. Naquela \u00e9poca, passavam nesses espa\u00e7os milhares de crian\u00e7as, jovens, m\u00e3es, que ao inv\u00e9s de estarem nas ruas, iam para os parques em busca de atividades culturais e esportivas&#8221;, justificou o deputado.<\/p>\n<p>Fazendo coro \u00e0s palavras de Zeca, o deputado Vander Loubet destacou o momento delicado que a capital sul-mato-grossense vive e a necessidade de reconstru\u00e7\u00e3o dos espa\u00e7os p\u00fablicos. &#8220;\u00c9 muito importante essa parceria com o prefeito, para juntarmos emendas, com a contrapartida do Governo do Estado, e recuperar esses parques que foram um marco, inclusive, em um momento em que eu estive ao lado do Zeca, no Governo do Estado, cuidando da infraestrutura dos munic\u00edpios. Esse gesto do prefeito Marquinhos, de chamar todo mundo para contribuir, nos permite trabalhar por Campo Grande, cidade esta que sempre nos acolheu e pela qual temos um olhar especial. Sabemos que esses espa\u00e7os s\u00e3o muito importantes para a Capital&#8221;, enfatizou o parlamentar.<\/p>\n<p><em>(Fonte: CGNot\u00edcias\/PMCG)<\/em><\/p>\n","protected":false},"excerpt":{"rendered":"<p>Deputados garantiram R$ 2 milh\u00f5es em parceria com Estado para Prefeitura investir em quatro espa\u00e7os<\/p>\n","protected":false},"author":2,"featured_media":12222,"comment_status":"closed","ping_status":"closed","sticky":false,"template":"","format":"standard","meta":{"jetpack_post_was_ever_published":false,"_jetpack_newsletter_access":"","_jetpack_dont_email_post_to_subs":false,"_jetpack_newsletter_tier_id":0,"_jetpack_memberships_contains_paywalled_content":false,"_jetpack_memberships_contains_paid_content":false,"footnotes":""},"categories":[2097,10],"tags":[2127,2305],"class_list":{"0":"post-12221","1":"post","2":"type-post","3":"status-publish","4":"format-standard","5":"has-post-thumbnail","7":"category-municipios-noticias","8":"category-noticias","9":"tag-emenda-parlamentar","10":"tag-esporte-e-lazer"},"yoast_head":"<!-- This site is optimized with the Yoast SEO plugin v27.4 - https:\/\/yoast.com\/product\/yoast-seo-wordpress\/ -->\n<title>Vander e Zeca garantem parceria com Prefeitura e Estado para recuperar parques de Campo Grande<\/title>\n<meta name=\"robots\" content=\"index, follow, max-snippet:-1, max-image-preview:large, max-video-preview:-1\" \/>\n<link rel=\"canonical\" href=\"https:\/\/vanderloubet.com.br\/deputado\/vander-e-zeca-garantem-parceria-com-prefeitura-e-estado-para-recuperar-parques-de-campo-grande\/\" \/>\n<meta property=\"og:locale\" content=\"pt_BR\" \/>\n<meta property=\"og:type\" content=\"article\" \/>\n<meta property=\"og:title\" content=\"Vander e Zeca garantem parceria com Prefeitura e Estado para recuperar parques de Campo Grande\" \/>\n<meta property=\"og:description\" content=\"Deputados garantiram R$ 2 milh\u00f5es em parceria com Estado para Prefeitura investir em quatro espa\u00e7os\" \/>\n<meta property=\"og:url\" content=\"https:\/\/vanderloubet.com.br\/deputado\/vander-e-zeca-garantem-parceria-com-prefeitura-e-estado-para-recuperar-parques-de-campo-grande\/\" \/>\n<meta property=\"og:site_name\" content=\"Deputado Federal Vander Loubet\" \/>\n<meta property=\"article:publisher\" content=\"https:\/\/facebook.com\/deputadovander\" \/>\n<meta property=\"article:published_time\" content=\"2017-02-06T13:12:07+00:00\" \/>\n<meta property=\"article:modified_time\" content=\"2017-05-16T22:19:51+00:00\" \/>\n<meta property=\"og:image\" content=\"https:\/\/vanderloubet.com.br\/deputado\/wp-content\/uploads\/2017\/02\/foto-2017-02-06-vander-marquinhos-zeca-01.jpg\" \/>\n\t<meta property=\"og:image:width\" content=\"1080\" \/>\n\t<meta property=\"og:image:height\" content=\"640\" \/>\n\t<meta property=\"og:image:type\" content=\"image\/jpeg\" \/>\n<meta name=\"author\" content=\"\u00c9der\" \/>\n<meta name=\"twitter:card\" content=\"summary_large_image\" \/>\n<meta name=\"twitter:creator\" content=\"@vanderloubet\" \/>\n<meta name=\"twitter:site\" content=\"@vanderloubet\" \/>\n<script type=\"application\/ld+json\" class=\"yoast-schema-graph\">{\"@context\":\"https:\\\/\\\/schema.org\",\"@graph\":[{\"@type\":\"Article\",\"@id\":\"https:\\\/\\\/vanderloubet.com.br\\\/deputado\\\/vander-e-zeca-garantem-parceria-com-prefeitura-e-estado-para-recuperar-parques-de-campo-grande\\\/#article\",\"isPartOf\":{\"@id\":\"https:\\\/\\\/vanderloubet.com.br\\\/deputado\\\/vander-e-zeca-garantem-parceria-com-prefeitura-e-estado-para-recuperar-parques-de-campo-grande\\\/\"},\"author\":{\"name\":\"\u00c9der\",\"@id\":\"https:\\\/\\\/vanderloubet.com.br\\\/deputado\\\/#\\\/schema\\\/person\\\/15b51bd564532a8a68d9dec1b8eb890e\"},\"headline\":\"Vander e Zeca garantem parceria com Prefeitura e Estado para recuperar parques de Campo Grande\",\"datePublished\":\"2017-02-06T13:12:07+00:00\",\"dateModified\":\"2017-05-16T22:19:51+00:00\",\"mainEntityOfPage\":{\"@id\":\"https:\\\/\\\/vanderloubet.com.br\\\/deputado\\\/vander-e-zeca-garantem-parceria-com-prefeitura-e-estado-para-recuperar-parques-de-campo-grande\\\/\"},\"wordCount\":458,\"publisher\":{\"@id\":\"https:\\\/\\\/vanderloubet.com.br\\\/deputado\\\/#organization\"},\"image\":{\"@id\":\"https:\\\/\\\/vanderloubet.com.br\\\/deputado\\\/vander-e-zeca-garantem-parceria-com-prefeitura-e-estado-para-recuperar-parques-de-campo-grande\\\/#primaryimage\"},\"thumbnailUrl\":\"https:\\\/\\\/vanderloubet.com.br\\\/deputado\\\/wp-content\\\/uploads\\\/2017\\\/02\\\/foto-2017-02-06-vander-marquinhos-zeca-01.jpg\",\"keywords\":[\"emenda parlamentar\",\"esporte e lazer\"],\"articleSection\":[\"Munic\u00edpios\",\"Not\u00edcias\"],\"inLanguage\":\"pt-BR\"},{\"@type\":\"WebPage\",\"@id\":\"https:\\\/\\\/vanderloubet.com.br\\\/deputado\\\/vander-e-zeca-garantem-parceria-com-prefeitura-e-estado-para-recuperar-parques-de-campo-grande\\\/\",\"url\":\"https:\\\/\\\/vanderloubet.com.br\\\/deputado\\\/vander-e-zeca-garantem-parceria-com-prefeitura-e-estado-para-recuperar-parques-de-campo-grande\\\/\",\"name\":\"Vander e Zeca garantem parceria com Prefeitura e Estado para recuperar parques de Campo Grande\",\"isPartOf\":{\"@id\":\"https:\\\/\\\/vanderloubet.com.br\\\/deputado\\\/#website\"},\"primaryImageOfPage\":{\"@id\":\"https:\\\/\\\/vanderloubet.com.br\\\/deputado\\\/vander-e-zeca-garantem-parceria-com-prefeitura-e-estado-para-recuperar-parques-de-campo-grande\\\/#primaryimage\"},\"image\":{\"@id\":\"https:\\\/\\\/vanderloubet.com.br\\\/deputado\\\/vander-e-zeca-garantem-parceria-com-prefeitura-e-estado-para-recuperar-parques-de-campo-grande\\\/#primaryimage\"},\"thumbnailUrl\":\"https:\\\/\\\/vanderloubet.com.br\\\/deputado\\\/wp-content\\\/uploads\\\/2017\\\/02\\\/foto-2017-02-06-vander-marquinhos-zeca-01.jpg\",\"datePublished\":\"2017-02-06T13:12:07+00:00\",\"dateModified\":\"2017-05-16T22:19:51+00:00\",\"breadcrumb\":{\"@id\":\"https:\\\/\\\/vanderloubet.com.br\\\/deputado\\\/vander-e-zeca-garantem-parceria-com-prefeitura-e-estado-para-recuperar-parques-de-campo-grande\\\/#breadcrumb\"},\"inLanguage\":\"pt-BR\",\"potentialAction\":[{\"@type\":\"ReadAction\",\"target\":[\"https:\\\/\\\/vanderloubet.com.br\\\/deputado\\\/vander-e-zeca-garantem-parceria-com-prefeitura-e-estado-para-recuperar-parques-de-campo-grande\\\/\"]}]},{\"@type\":\"ImageObject\",\"inLanguage\":\"pt-BR\",\"@id\":\"https:\\\/\\\/vanderloubet.com.br\\\/deputado\\\/vander-e-zeca-garantem-parceria-com-prefeitura-e-estado-para-recuperar-parques-de-campo-grande\\\/#primaryimage\",\"url\":\"https:\\\/\\\/vanderloubet.com.br\\\/deputado\\\/wp-content\\\/uploads\\\/2017\\\/02\\\/foto-2017-02-06-vander-marquinhos-zeca-01.jpg\",\"contentUrl\":\"https:\\\/\\\/vanderloubet.com.br\\\/deputado\\\/wp-content\\\/uploads\\\/2017\\\/02\\\/foto-2017-02-06-vander-marquinhos-zeca-01.jpg\",\"width\":1080,\"height\":640,\"caption\":\"Vander e Zeca estiveram com Marquinhos para estabelecer parceria pelos parques\"},{\"@type\":\"BreadcrumbList\",\"@id\":\"https:\\\/\\\/vanderloubet.com.br\\\/deputado\\\/vander-e-zeca-garantem-parceria-com-prefeitura-e-estado-para-recuperar-parques-de-campo-grande\\\/#breadcrumb\",\"itemListElement\":[{\"@type\":\"ListItem\",\"position\":1,\"name\":\"In\u00edcio\",\"item\":\"https:\\\/\\\/vanderloubet.com.br\\\/deputado\\\/\"},{\"@type\":\"ListItem\",\"position\":2,\"name\":\"Vander e Zeca garantem parceria com Prefeitura e Estado para recuperar parques de Campo Grande\"}]},{\"@type\":\"WebSite\",\"@id\":\"https:\\\/\\\/vanderloubet.com.br\\\/deputado\\\/#website\",\"url\":\"https:\\\/\\\/vanderloubet.com.br\\\/deputado\\\/\",\"name\":\"Deputado Federal Vander Loubet\",\"description\":\"O Federal de MS\",\"publisher\":{\"@id\":\"https:\\\/\\\/vanderloubet.com.br\\\/deputado\\\/#organization\"},\"alternateName\":\"Deputado Vander\",\"potentialAction\":[{\"@type\":\"SearchAction\",\"target\":{\"@type\":\"EntryPoint\",\"urlTemplate\":\"https:\\\/\\\/vanderloubet.com.br\\\/deputado\\\/?s={search_term_string}\"},\"query-input\":{\"@type\":\"PropertyValueSpecification\",\"valueRequired\":true,\"valueName\":\"search_term_string\"}}],\"inLanguage\":\"pt-BR\"},{\"@type\":\"Organization\",\"@id\":\"https:\\\/\\\/vanderloubet.com.br\\\/deputado\\\/#organization\",\"name\":\"Deputado Federal Vander Loubet\",\"alternateName\":\"Deputado Vander\",\"url\":\"https:\\\/\\\/vanderloubet.com.br\\\/deputado\\\/\",\"logo\":{\"@type\":\"ImageObject\",\"inLanguage\":\"pt-BR\",\"@id\":\"https:\\\/\\\/vanderloubet.com.br\\\/deputado\\\/#\\\/schema\\\/logo\\\/image\\\/\",\"url\":\"https:\\\/\\\/vanderloubet.com.br\\\/deputado\\\/wp-content\\\/uploads\\\/2023\\\/06\\\/foto-2023-06-19-mandato-deputado-vander.jpg\",\"contentUrl\":\"https:\\\/\\\/vanderloubet.com.br\\\/deputado\\\/wp-content\\\/uploads\\\/2023\\\/06\\\/foto-2023-06-19-mandato-deputado-vander.jpg\",\"width\":1080,\"height\":1080,\"caption\":\"Deputado Federal Vander Loubet\"},\"image\":{\"@id\":\"https:\\\/\\\/vanderloubet.com.br\\\/deputado\\\/#\\\/schema\\\/logo\\\/image\\\/\"},\"sameAs\":[\"https:\\\/\\\/facebook.com\\\/deputadovander\",\"https:\\\/\\\/x.com\\\/vanderloubet\",\"https:\\\/\\\/instagram.com\\\/vanderloubet\",\"https:\\\/\\\/youtube.com\\\/vanderloubet\",\"https:\\\/\\\/tiktok.com\\\/@vanderloubetms\"]},{\"@type\":\"Person\",\"@id\":\"https:\\\/\\\/vanderloubet.com.br\\\/deputado\\\/#\\\/schema\\\/person\\\/15b51bd564532a8a68d9dec1b8eb890e\",\"name\":\"\u00c9der\",\"image\":{\"@type\":\"ImageObject\",\"inLanguage\":\"pt-BR\",\"@id\":\"https:\\\/\\\/vanderloubet.com.br\\\/deputado\\\/wp-content\\\/litespeed\\\/avatar\\\/88ca4090d9d5ab1c9495f6ca03b68efa.jpg?ver=1777058957\",\"url\":\"https:\\\/\\\/vanderloubet.com.br\\\/deputado\\\/wp-content\\\/litespeed\\\/avatar\\\/88ca4090d9d5ab1c9495f6ca03b68efa.jpg?ver=1777058957\",\"contentUrl\":\"https:\\\/\\\/vanderloubet.com.br\\\/deputado\\\/wp-content\\\/litespeed\\\/avatar\\\/88ca4090d9d5ab1c9495f6ca03b68efa.jpg?ver=1777058957\",\"caption\":\"\u00c9der\"}}]}<\/script>\n<!-- \/ Yoast SEO plugin. -->","yoast_head_json":{"title":"Vander e Zeca garantem parceria com Prefeitura e Estado para recuperar parques de Campo Grande","robots":{"index":"index","follow":"follow","max-snippet":"max-snippet:-1","max-image-preview":"max-image-preview:large","max-video-preview":"max-video-preview:-1"},"canonical":"https:\/\/vanderloubet.com.br\/deputado\/vander-e-zeca-garantem-parceria-com-prefeitura-e-estado-para-recuperar-parques-de-campo-grande\/","og_locale":"pt_BR","og_type":"article","og_title":"Vander e Zeca garantem parceria com Prefeitura e Estado para recuperar parques de Campo Grande","og_description":"Deputados garantiram R$ 2 milh\u00f5es em parceria com Estado para Prefeitura investir em quatro espa\u00e7os","og_url":"https:\/\/vanderloubet.com.br\/deputado\/vander-e-zeca-garantem-parceria-com-prefeitura-e-estado-para-recuperar-parques-de-campo-grande\/","og_site_name":"Deputado Federal Vander Loubet","article_publisher":"https:\/\/facebook.com\/deputadovander","article_published_time":"2017-02-06T13:12:07+00:00","article_modified_time":"2017-05-16T22:19:51+00:00","og_image":[{"width":1080,"height":640,"url":"https:\/\/vanderloubet.com.br\/deputado\/wp-content\/uploads\/2017\/02\/foto-2017-02-06-vander-marquinhos-zeca-01.jpg","type":"image\/jpeg"}],"author":"\u00c9der","twitter_card":"summary_large_image","twitter_creator":"@vanderloubet","twitter_site":"@vanderloubet","schema":{"@context":"https:\/\/schema.org","@graph":[{"@type":"Article","@id":"https:\/\/vanderloubet.com.br\/deputado\/vander-e-zeca-garantem-parceria-com-prefeitura-e-estado-para-recuperar-parques-de-campo-grande\/#article","isPartOf":{"@id":"https:\/\/vanderloubet.com.br\/deputado\/vander-e-zeca-garantem-parceria-com-prefeitura-e-estado-para-recuperar-parques-de-campo-grande\/"},"author":{"name":"\u00c9der","@id":"https:\/\/vanderloubet.com.br\/deputado\/#\/schema\/person\/15b51bd564532a8a68d9dec1b8eb890e"},"headline":"Vander e Zeca garantem parceria com Prefeitura e Estado para recuperar parques de Campo Grande","datePublished":"2017-02-06T13:12:07+00:00","dateModified":"2017-05-16T22:19:51+00:00","mainEntityOfPage":{"@id":"https:\/\/vanderloubet.com.br\/deputado\/vander-e-zeca-garantem-parceria-com-prefeitura-e-estado-para-recuperar-parques-de-campo-grande\/"},"wordCount":458,"publisher":{"@id":"https:\/\/vanderloubet.com.br\/deputado\/#organization"},"image":{"@id":"https:\/\/vanderloubet.com.br\/deputado\/vander-e-zeca-garantem-parceria-com-prefeitura-e-estado-para-recuperar-parques-de-campo-grande\/#primaryimage"},"thumbnailUrl":"https:\/\/vanderloubet.com.br\/deputado\/wp-content\/uploads\/2017\/02\/foto-2017-02-06-vander-marquinhos-zeca-01.jpg","keywords":["emenda parlamentar","esporte e lazer"],"articleSection":["Munic\u00edpios","Not\u00edcias"],"inLanguage":"pt-BR"},{"@type":"WebPage","@id":"https:\/\/vanderloubet.com.br\/deputado\/vander-e-zeca-garantem-parceria-com-prefeitura-e-estado-para-recuperar-parques-de-campo-grande\/","url":"https:\/\/vanderloubet.com.br\/deputado\/vander-e-zeca-garantem-parceria-com-prefeitura-e-estado-para-recuperar-parques-de-campo-grande\/","name":"Vander e Zeca garantem parceria com Prefeitura e Estado para recuperar parques de Campo Grande","isPartOf":{"@id":"https:\/\/vanderloubet.com.br\/deputado\/#website"},"primaryImageOfPage":{"@id":"https:\/\/vanderloubet.com.br\/deputado\/vander-e-zeca-garantem-parceria-com-prefeitura-e-estado-para-recuperar-parques-de-campo-grande\/#primaryimage"},"image":{"@id":"https:\/\/vanderloubet.com.br\/deputado\/vander-e-zeca-garantem-parceria-com-prefeitura-e-estado-para-recuperar-parques-de-campo-grande\/#primaryimage"},"thumbnailUrl":"https:\/\/vanderloubet.com.br\/deputado\/wp-content\/uploads\/2017\/02\/foto-2017-02-06-vander-marquinhos-zeca-01.jpg","datePublished":"2017-02-06T13:12:07+00:00","dateModified":"2017-05-16T22:19:51+00:00","breadcrumb":{"@id":"https:\/\/vanderloubet.com.br\/deputado\/vander-e-zeca-garantem-parceria-com-prefeitura-e-estado-para-recuperar-parques-de-campo-grande\/#breadcrumb"},"inLanguage":"pt-BR","potentialAction":[{"@type":"ReadAction","target":["https:\/\/vanderloubet.com.br\/deputado\/vander-e-zeca-garantem-parceria-com-prefeitura-e-estado-para-recuperar-parques-de-campo-grande\/"]}]},{"@type":"ImageObject","inLanguage":"pt-BR","@id":"https:\/\/vanderloubet.com.br\/deputado\/vander-e-zeca-garantem-parceria-com-prefeitura-e-estado-para-recuperar-parques-de-campo-grande\/#primaryimage","url":"https:\/\/vanderloubet.com.br\/deputado\/wp-content\/uploads\/2017\/02\/foto-2017-02-06-vander-marquinhos-zeca-01.jpg","contentUrl":"https:\/\/vanderloubet.com.br\/deputado\/wp-content\/uploads\/2017\/02\/foto-2017-02-06-vander-marquinhos-zeca-01.jpg","width":1080,"height":640,"caption":"Vander e Zeca estiveram com Marquinhos para estabelecer parceria pelos parques"},{"@type":"BreadcrumbList","@id":"https:\/\/vanderloubet.com.br\/deputado\/vander-e-zeca-garantem-parceria-com-prefeitura-e-estado-para-recuperar-parques-de-campo-grande\/#breadcrumb","itemListElement":[{"@type":"ListItem","position":1,"name":"In\u00edcio","item":"https:\/\/vanderloubet.com.br\/deputado\/"},{"@type":"ListItem","position":2,"name":"Vander e Zeca garantem parceria com Prefeitura e Estado para recuperar parques de Campo Grande"}]},{"@type":"WebSite","@id":"https:\/\/vanderloubet.com.br\/deputado\/#website","url":"https:\/\/vanderloubet.com.br\/deputado\/","name":"Deputado Federal Vander Loubet","description":"O Federal de MS","publisher":{"@id":"https:\/\/vanderloubet.com.br\/deputado\/#organization"},"alternateName":"Deputado Vander","potentialAction":[{"@type":"SearchAction","target":{"@type":"EntryPoint","urlTemplate":"https:\/\/vanderloubet.com.br\/deputado\/?s={search_term_string}"},"query-input":{"@type":"PropertyValueSpecification","valueRequired":true,"valueName":"search_term_string"}}],"inLanguage":"pt-BR"},{"@type":"Organization","@id":"https:\/\/vanderloubet.com.br\/deputado\/#organization","name":"Deputado Federal Vander Loubet","alternateName":"Deputado Vander","url":"https:\/\/vanderloubet.com.br\/deputado\/","logo":{"@type":"ImageObject","inLanguage":"pt-BR","@id":"https:\/\/vanderloubet.com.br\/deputado\/#\/schema\/logo\/image\/","url":"https:\/\/vanderloubet.com.br\/deputado\/wp-content\/uploads\/2023\/06\/foto-2023-06-19-mandato-deputado-vander.jpg","contentUrl":"https:\/\/vanderloubet.com.br\/deputado\/wp-content\/uploads\/2023\/06\/foto-2023-06-19-mandato-deputado-vander.jpg","width":1080,"height":1080,"caption":"Deputado Federal Vander Loubet"},"image":{"@id":"https:\/\/vanderloubet.com.br\/deputado\/#\/schema\/logo\/image\/"},"sameAs":["https:\/\/facebook.com\/deputadovander","https:\/\/x.com\/vanderloubet","https:\/\/instagram.com\/vanderloubet","https:\/\/youtube.com\/vanderloubet","https:\/\/tiktok.com\/@vanderloubetms"]},{"@type":"Person","@id":"https:\/\/vanderloubet.com.br\/deputado\/#\/schema\/person\/15b51bd564532a8a68d9dec1b8eb890e","name":"\u00c9der","image":{"@type":"ImageObject","inLanguage":"pt-BR","@id":"https:\/\/vanderloubet.com.br\/deputado\/wp-content\/litespeed\/avatar\/88ca4090d9d5ab1c9495f6ca03b68efa.jpg?ver=1777058957","url":"https:\/\/vanderloubet.com.br\/deputado\/wp-content\/litespeed\/avatar\/88ca4090d9d5ab1c9495f6ca03b68efa.jpg?ver=1777058957","contentUrl":"https:\/\/vanderloubet.com.br\/deputado\/wp-content\/litespeed\/avatar\/88ca4090d9d5ab1c9495f6ca03b68efa.jpg?ver=1777058957","caption":"\u00c9der"}}]}},"jetpack_featured_media_url":"https:\/\/vanderloubet.com.br\/deputado\/wp-content\/uploads\/2017\/02\/foto-2017-02-06-vander-marquinhos-zeca-01.jpg","jetpack_sharing_enabled":true,"_links":{"self":[{"href":"https:\/\/vanderloubet.com.br\/deputado\/wp-json\/wp\/v2\/posts\/12221","targetHints":{"allow":["GET"]}}],"collection":[{"href":"https:\/\/vanderloubet.com.br\/deputado\/wp-json\/wp\/v2\/posts"}],"about":[{"href":"https:\/\/vanderloubet.com.br\/deputado\/wp-json\/wp\/v2\/types\/post"}],"author":[{"embeddable":true,"href":"https:\/\/vanderloubet.com.br\/deputado\/wp-json\/wp\/v2\/users\/2"}],"replies":[{"embeddable":true,"href":"https:\/\/vanderloubet.com.br\/deputado\/wp-json\/wp\/v2\/comments?post=12221"}],"version-history":[{"count":0,"href":"https:\/\/vanderloubet.com.br\/deputado\/wp-json\/wp\/v2\/posts\/12221\/revisions"}],"wp:featuredmedia":[{"embeddable":true,"href":"https:\/\/vanderloubet.com.br\/deputado\/wp-json\/wp\/v2\/media\/12222"}],"wp:attachment":[{"href":"https:\/\/vanderloubet.com.br\/deputado\/wp-json\/wp\/v2\/media?parent=12221"}],"wp:term":[{"taxonomy":"category","embeddable":true,"href":"https:\/\/vanderloubet.com.br\/deputado\/wp-json\/wp\/v2\/categories?post=12221"},{"taxonomy":"post_tag","embeddable":true,"href":"https:\/\/vanderloubet.com.br\/deputado\/wp-json\/wp\/v2\/tags?post=12221"}],"curies":[{"name":"wp","href":"https:\/\/api.w.org\/{rel}","templated":true}]}}