{"id":12080,"date":"2016-12-23T14:31:49","date_gmt":"2016-12-23T18:31:49","guid":{"rendered":"http:\/\/vanderloubet.com.br\/deputado\/?p=12080"},"modified":"2016-12-23T14:31:49","modified_gmt":"2016-12-23T18:31:49","slug":"funasa-deve-liberar-2-milhoes-para-saneamento-basico-em-anastacio-e-jatei","status":"publish","type":"post","link":"https:\/\/vanderloubet.com.br\/deputado\/funasa-deve-liberar-2-milhoes-para-saneamento-basico-em-anastacio-e-jatei\/","title":{"rendered":"Funasa deve liberar R$ 2,1 milh\u00f5es para saneamento b\u00e1sico em Anast\u00e1cio e Jate\u00ed"},"content":{"rendered":"<figure id=\"attachment_12081\" aria-describedby=\"caption-attachment-12081\" style=\"width: 700px\" class=\"wp-caption alignnone\"><a href=\"http:\/\/vanderloubet.com.br\/deputado\/wp-content\/uploads\/2016\/12\/foto-2016-12-23-saneamento-basico-esgoto.jpg\"><img decoding=\"async\" src=\"http:\/\/vanderloubet.com.br\/deputado\/wp-content\/uploads\/2016\/12\/foto-2016-12-23-saneamento-basico-esgoto-700x467.jpg\" alt=\"Para Vander, &quot;obras de saneamento b\u00e1sico s\u00e3o important\u00edssimas para a sa\u00fade p\u00fablica&quot;.\" width=\"700\" height=\"467\" class=\"size-large wp-image-12081\" srcset=\"https:\/\/vanderloubet.com.br\/deputado\/wp-content\/uploads\/2016\/12\/foto-2016-12-23-saneamento-basico-esgoto-700x467.jpg 700w, https:\/\/vanderloubet.com.br\/deputado\/wp-content\/uploads\/2016\/12\/foto-2016-12-23-saneamento-basico-esgoto-350x233.jpg 350w, https:\/\/vanderloubet.com.br\/deputado\/wp-content\/uploads\/2016\/12\/foto-2016-12-23-saneamento-basico-esgoto-768x512.jpg 768w, https:\/\/vanderloubet.com.br\/deputado\/wp-content\/uploads\/2016\/12\/foto-2016-12-23-saneamento-basico-esgoto-630x420.jpg 630w, https:\/\/vanderloubet.com.br\/deputado\/wp-content\/uploads\/2016\/12\/foto-2016-12-23-saneamento-basico-esgoto-696x464.jpg 696w, https:\/\/vanderloubet.com.br\/deputado\/wp-content\/uploads\/2016\/12\/foto-2016-12-23-saneamento-basico-esgoto.jpg 900w\" sizes=\"(max-width: 700px) 100vw, 700px\" \/><\/a><figcaption id=\"caption-attachment-12081\" class=\"wp-caption-text\">Para Vander, &#8220;obras de saneamento b\u00e1sico s\u00e3o important\u00edssimas para a sa\u00fade p\u00fablica&#8221;.<\/figcaption><\/figure>\n<p>O Governo Federal deve liberar em breve R$ 2,1 milh\u00f5es para o in\u00edcio de obras de saneamento b\u00e1sico em dois munic\u00edpios de Mato Grosso do Sul: Anast\u00e1cio e Jate\u00ed. As obras fazem parte da segunda fase do Programa de Acelera\u00e7\u00e3o do Crescimento (PAC 2) &#8211; criado nos governos dos ex-presidentes Lula e Dilma &#8211; e ser\u00e3o executadas pelo Governo do Estado.<\/p>\n<p>A informa\u00e7\u00e3o foi repassada pela Secretaria de Governo da Presid\u00eancia ao senador Waldemir Moka, coordenador da bancada federal.<\/p>\n<p>Para o deputado federal Vander Loubet, que ajudou na aprova\u00e7\u00e3o dos projetos junto \u00e0 Funda\u00e7\u00e3o Nacional da Sa\u00fade (Funasa) e na viabiliza\u00e7\u00e3o do empenho dos recursos no ano de 2012, a libera\u00e7\u00e3o merece ser comemorada.<\/p>\n<p>&#8220;Obras de saneamento b\u00e1sico s\u00e3o important\u00edssimas para a sa\u00fade p\u00fablica. E por serem obras de alto valor dificilmente podem ser realizadas pelos munic\u00edpios sem apoio do Estado e da Uni\u00e3o. Por isso esses recursos s\u00e3o fundamentais&#8221;, pontuou Vander.<\/p>\n<p>Para Anast\u00e1cio ser\u00e1 liberado R$ 1,4 milh\u00e3o para iniciar a amplia\u00e7\u00e3o do sistema local de esgotamento sanit\u00e1rio. A obra est\u00e1 estimada em R$ 6,6 milh\u00f5es, dos quais R$ 1,7 milh\u00e3o s\u00e3o contrapartida do Estado. J\u00e1 para Jate\u00ed a primeira parcela do conv\u00eanio que tamb\u00e9m prev\u00ea a amplia\u00e7\u00e3o do sistema de esgotamento sanit\u00e1rio ser\u00e1 de R$ 655 mil. O projeto est\u00e1 or\u00e7ado em R$ 2,8 milh\u00f5es, dos quais quase R$ 651 mil s\u00e3o contrapartida do governo estadual.<\/p>\n<p><em>(Fonte: ACS\/Senador Moka)<\/em><\/p>\n","protected":false},"excerpt":{"rendered":"<p>Recursos do PAC 2, viabilizados com apoio do deputado Vander Loubet, ser\u00e3o investidos na amplia\u00e7\u00e3o da coleta e tratamento de esgoto.<\/p>\n","protected":false},"author":2,"featured_media":12081,"comment_status":"closed","ping_status":"closed","sticky":false,"template":"","format":"standard","meta":{"jetpack_post_was_ever_published":false,"_jetpack_newsletter_access":"","_jetpack_dont_email_post_to_subs":false,"_jetpack_newsletter_tier_id":0,"_jetpack_memberships_contains_paywalled_content":false,"_jetpack_memberships_contains_paid_content":false,"footnotes":""},"categories":[2097,10],"tags":[1446,2281],"class_list":{"0":"post-12080","1":"post","2":"type-post","3":"status-publish","4":"format-standard","5":"has-post-thumbnail","7":"category-municipios-noticias","8":"category-noticias","9":"tag-pac-2","10":"tag-saneamento-basico"},"yoast_head":"<!-- This site is optimized with the Yoast SEO plugin v27.4 - https:\/\/yoast.com\/product\/yoast-seo-wordpress\/ -->\n<title>Funasa deve liberar R$ 2,1 milh\u00f5es para saneamento b\u00e1sico em Anast\u00e1cio e Jate\u00ed<\/title>\n<meta name=\"robots\" content=\"index, follow, max-snippet:-1, max-image-preview:large, max-video-preview:-1\" \/>\n<link rel=\"canonical\" href=\"https:\/\/vanderloubet.com.br\/deputado\/funasa-deve-liberar-2-milhoes-para-saneamento-basico-em-anastacio-e-jatei\/\" \/>\n<meta property=\"og:locale\" content=\"pt_BR\" \/>\n<meta property=\"og:type\" content=\"article\" \/>\n<meta property=\"og:title\" content=\"Funasa deve liberar R$ 2,1 milh\u00f5es para saneamento b\u00e1sico em Anast\u00e1cio e Jate\u00ed\" \/>\n<meta property=\"og:description\" content=\"Recursos do PAC 2, viabilizados com apoio do deputado Vander Loubet, ser\u00e3o investidos na amplia\u00e7\u00e3o da coleta e tratamento de esgoto.\" \/>\n<meta property=\"og:url\" content=\"https:\/\/vanderloubet.com.br\/deputado\/funasa-deve-liberar-2-milhoes-para-saneamento-basico-em-anastacio-e-jatei\/\" \/>\n<meta property=\"og:site_name\" content=\"Deputado Federal Vander Loubet\" \/>\n<meta property=\"article:publisher\" content=\"https:\/\/facebook.com\/deputadovander\" \/>\n<meta property=\"article:published_time\" content=\"2016-12-23T18:31:49+00:00\" \/>\n<meta property=\"og:image\" content=\"https:\/\/vanderloubet.com.br\/deputado\/wp-content\/uploads\/2016\/12\/foto-2016-12-23-saneamento-basico-esgoto.jpg\" \/>\n\t<meta property=\"og:image:width\" content=\"900\" \/>\n\t<meta property=\"og:image:height\" content=\"600\" \/>\n\t<meta property=\"og:image:type\" content=\"image\/jpeg\" \/>\n<meta name=\"author\" content=\"\u00c9der\" \/>\n<meta name=\"twitter:card\" content=\"summary_large_image\" \/>\n<meta name=\"twitter:creator\" content=\"@vanderloubet\" \/>\n<meta name=\"twitter:site\" content=\"@vanderloubet\" \/>\n<script type=\"application\/ld+json\" class=\"yoast-schema-graph\">{\"@context\":\"https:\\\/\\\/schema.org\",\"@graph\":[{\"@type\":\"Article\",\"@id\":\"https:\\\/\\\/vanderloubet.com.br\\\/deputado\\\/funasa-deve-liberar-2-milhoes-para-saneamento-basico-em-anastacio-e-jatei\\\/#article\",\"isPartOf\":{\"@id\":\"https:\\\/\\\/vanderloubet.com.br\\\/deputado\\\/funasa-deve-liberar-2-milhoes-para-saneamento-basico-em-anastacio-e-jatei\\\/\"},\"author\":{\"name\":\"\u00c9der\",\"@id\":\"https:\\\/\\\/vanderloubet.com.br\\\/deputado\\\/#\\\/schema\\\/person\\\/15b51bd564532a8a68d9dec1b8eb890e\"},\"headline\":\"Funasa deve liberar R$ 2,1 milh\u00f5es para saneamento b\u00e1sico em Anast\u00e1cio e Jate\u00ed\",\"datePublished\":\"2016-12-23T18:31:49+00:00\",\"mainEntityOfPage\":{\"@id\":\"https:\\\/\\\/vanderloubet.com.br\\\/deputado\\\/funasa-deve-liberar-2-milhoes-para-saneamento-basico-em-anastacio-e-jatei\\\/\"},\"wordCount\":297,\"publisher\":{\"@id\":\"https:\\\/\\\/vanderloubet.com.br\\\/deputado\\\/#organization\"},\"image\":{\"@id\":\"https:\\\/\\\/vanderloubet.com.br\\\/deputado\\\/funasa-deve-liberar-2-milhoes-para-saneamento-basico-em-anastacio-e-jatei\\\/#primaryimage\"},\"thumbnailUrl\":\"https:\\\/\\\/vanderloubet.com.br\\\/deputado\\\/wp-content\\\/uploads\\\/2016\\\/12\\\/foto-2016-12-23-saneamento-basico-esgoto.jpg\",\"keywords\":[\"pac 2\",\"saneamento b\u00e1sico\"],\"articleSection\":[\"Munic\u00edpios\",\"Not\u00edcias\"],\"inLanguage\":\"pt-BR\"},{\"@type\":\"WebPage\",\"@id\":\"https:\\\/\\\/vanderloubet.com.br\\\/deputado\\\/funasa-deve-liberar-2-milhoes-para-saneamento-basico-em-anastacio-e-jatei\\\/\",\"url\":\"https:\\\/\\\/vanderloubet.com.br\\\/deputado\\\/funasa-deve-liberar-2-milhoes-para-saneamento-basico-em-anastacio-e-jatei\\\/\",\"name\":\"Funasa deve liberar R$ 2,1 milh\u00f5es para saneamento b\u00e1sico em Anast\u00e1cio e Jate\u00ed\",\"isPartOf\":{\"@id\":\"https:\\\/\\\/vanderloubet.com.br\\\/deputado\\\/#website\"},\"primaryImageOfPage\":{\"@id\":\"https:\\\/\\\/vanderloubet.com.br\\\/deputado\\\/funasa-deve-liberar-2-milhoes-para-saneamento-basico-em-anastacio-e-jatei\\\/#primaryimage\"},\"image\":{\"@id\":\"https:\\\/\\\/vanderloubet.com.br\\\/deputado\\\/funasa-deve-liberar-2-milhoes-para-saneamento-basico-em-anastacio-e-jatei\\\/#primaryimage\"},\"thumbnailUrl\":\"https:\\\/\\\/vanderloubet.com.br\\\/deputado\\\/wp-content\\\/uploads\\\/2016\\\/12\\\/foto-2016-12-23-saneamento-basico-esgoto.jpg\",\"datePublished\":\"2016-12-23T18:31:49+00:00\",\"breadcrumb\":{\"@id\":\"https:\\\/\\\/vanderloubet.com.br\\\/deputado\\\/funasa-deve-liberar-2-milhoes-para-saneamento-basico-em-anastacio-e-jatei\\\/#breadcrumb\"},\"inLanguage\":\"pt-BR\",\"potentialAction\":[{\"@type\":\"ReadAction\",\"target\":[\"https:\\\/\\\/vanderloubet.com.br\\\/deputado\\\/funasa-deve-liberar-2-milhoes-para-saneamento-basico-em-anastacio-e-jatei\\\/\"]}]},{\"@type\":\"ImageObject\",\"inLanguage\":\"pt-BR\",\"@id\":\"https:\\\/\\\/vanderloubet.com.br\\\/deputado\\\/funasa-deve-liberar-2-milhoes-para-saneamento-basico-em-anastacio-e-jatei\\\/#primaryimage\",\"url\":\"https:\\\/\\\/vanderloubet.com.br\\\/deputado\\\/wp-content\\\/uploads\\\/2016\\\/12\\\/foto-2016-12-23-saneamento-basico-esgoto.jpg\",\"contentUrl\":\"https:\\\/\\\/vanderloubet.com.br\\\/deputado\\\/wp-content\\\/uploads\\\/2016\\\/12\\\/foto-2016-12-23-saneamento-basico-esgoto.jpg\",\"width\":900,\"height\":600,\"caption\":\"Para Vander, \\\"obras de saneamento b\u00e1sico s\u00e3o important\u00edssimas para a sa\u00fade p\u00fablica\\\".\"},{\"@type\":\"BreadcrumbList\",\"@id\":\"https:\\\/\\\/vanderloubet.com.br\\\/deputado\\\/funasa-deve-liberar-2-milhoes-para-saneamento-basico-em-anastacio-e-jatei\\\/#breadcrumb\",\"itemListElement\":[{\"@type\":\"ListItem\",\"position\":1,\"name\":\"In\u00edcio\",\"item\":\"https:\\\/\\\/vanderloubet.com.br\\\/deputado\\\/\"},{\"@type\":\"ListItem\",\"position\":2,\"name\":\"Funasa deve liberar R$ 2,1 milh\u00f5es para saneamento b\u00e1sico em Anast\u00e1cio e Jate\u00ed\"}]},{\"@type\":\"WebSite\",\"@id\":\"https:\\\/\\\/vanderloubet.com.br\\\/deputado\\\/#website\",\"url\":\"https:\\\/\\\/vanderloubet.com.br\\\/deputado\\\/\",\"name\":\"Deputado Federal Vander Loubet\",\"description\":\"O Federal de MS\",\"publisher\":{\"@id\":\"https:\\\/\\\/vanderloubet.com.br\\\/deputado\\\/#organization\"},\"alternateName\":\"Deputado Vander\",\"potentialAction\":[{\"@type\":\"SearchAction\",\"target\":{\"@type\":\"EntryPoint\",\"urlTemplate\":\"https:\\\/\\\/vanderloubet.com.br\\\/deputado\\\/?s={search_term_string}\"},\"query-input\":{\"@type\":\"PropertyValueSpecification\",\"valueRequired\":true,\"valueName\":\"search_term_string\"}}],\"inLanguage\":\"pt-BR\"},{\"@type\":\"Organization\",\"@id\":\"https:\\\/\\\/vanderloubet.com.br\\\/deputado\\\/#organization\",\"name\":\"Deputado Federal Vander Loubet\",\"alternateName\":\"Deputado Vander\",\"url\":\"https:\\\/\\\/vanderloubet.com.br\\\/deputado\\\/\",\"logo\":{\"@type\":\"ImageObject\",\"inLanguage\":\"pt-BR\",\"@id\":\"https:\\\/\\\/vanderloubet.com.br\\\/deputado\\\/#\\\/schema\\\/logo\\\/image\\\/\",\"url\":\"https:\\\/\\\/vanderloubet.com.br\\\/deputado\\\/wp-content\\\/uploads\\\/2023\\\/06\\\/foto-2023-06-19-mandato-deputado-vander.jpg\",\"contentUrl\":\"https:\\\/\\\/vanderloubet.com.br\\\/deputado\\\/wp-content\\\/uploads\\\/2023\\\/06\\\/foto-2023-06-19-mandato-deputado-vander.jpg\",\"width\":1080,\"height\":1080,\"caption\":\"Deputado Federal Vander Loubet\"},\"image\":{\"@id\":\"https:\\\/\\\/vanderloubet.com.br\\\/deputado\\\/#\\\/schema\\\/logo\\\/image\\\/\"},\"sameAs\":[\"https:\\\/\\\/facebook.com\\\/deputadovander\",\"https:\\\/\\\/x.com\\\/vanderloubet\",\"https:\\\/\\\/instagram.com\\\/vanderloubet\",\"https:\\\/\\\/youtube.com\\\/vanderloubet\",\"https:\\\/\\\/tiktok.com\\\/@vanderloubetms\"]},{\"@type\":\"Person\",\"@id\":\"https:\\\/\\\/vanderloubet.com.br\\\/deputado\\\/#\\\/schema\\\/person\\\/15b51bd564532a8a68d9dec1b8eb890e\",\"name\":\"\u00c9der\",\"image\":{\"@type\":\"ImageObject\",\"inLanguage\":\"pt-BR\",\"@id\":\"https:\\\/\\\/vanderloubet.com.br\\\/deputado\\\/wp-content\\\/litespeed\\\/avatar\\\/88ca4090d9d5ab1c9495f6ca03b68efa.jpg?ver=1777058957\",\"url\":\"https:\\\/\\\/vanderloubet.com.br\\\/deputado\\\/wp-content\\\/litespeed\\\/avatar\\\/88ca4090d9d5ab1c9495f6ca03b68efa.jpg?ver=1777058957\",\"contentUrl\":\"https:\\\/\\\/vanderloubet.com.br\\\/deputado\\\/wp-content\\\/litespeed\\\/avatar\\\/88ca4090d9d5ab1c9495f6ca03b68efa.jpg?ver=1777058957\",\"caption\":\"\u00c9der\"}}]}<\/script>\n<!-- \/ Yoast SEO plugin. -->","yoast_head_json":{"title":"Funasa deve liberar R$ 2,1 milh\u00f5es para saneamento b\u00e1sico em Anast\u00e1cio e Jate\u00ed","robots":{"index":"index","follow":"follow","max-snippet":"max-snippet:-1","max-image-preview":"max-image-preview:large","max-video-preview":"max-video-preview:-1"},"canonical":"https:\/\/vanderloubet.com.br\/deputado\/funasa-deve-liberar-2-milhoes-para-saneamento-basico-em-anastacio-e-jatei\/","og_locale":"pt_BR","og_type":"article","og_title":"Funasa deve liberar R$ 2,1 milh\u00f5es para saneamento b\u00e1sico em Anast\u00e1cio e Jate\u00ed","og_description":"Recursos do PAC 2, viabilizados com apoio do deputado Vander Loubet, ser\u00e3o investidos na amplia\u00e7\u00e3o da coleta e tratamento de esgoto.","og_url":"https:\/\/vanderloubet.com.br\/deputado\/funasa-deve-liberar-2-milhoes-para-saneamento-basico-em-anastacio-e-jatei\/","og_site_name":"Deputado Federal Vander Loubet","article_publisher":"https:\/\/facebook.com\/deputadovander","article_published_time":"2016-12-23T18:31:49+00:00","og_image":[{"width":900,"height":600,"url":"https:\/\/vanderloubet.com.br\/deputado\/wp-content\/uploads\/2016\/12\/foto-2016-12-23-saneamento-basico-esgoto.jpg","type":"image\/jpeg"}],"author":"\u00c9der","twitter_card":"summary_large_image","twitter_creator":"@vanderloubet","twitter_site":"@vanderloubet","schema":{"@context":"https:\/\/schema.org","@graph":[{"@type":"Article","@id":"https:\/\/vanderloubet.com.br\/deputado\/funasa-deve-liberar-2-milhoes-para-saneamento-basico-em-anastacio-e-jatei\/#article","isPartOf":{"@id":"https:\/\/vanderloubet.com.br\/deputado\/funasa-deve-liberar-2-milhoes-para-saneamento-basico-em-anastacio-e-jatei\/"},"author":{"name":"\u00c9der","@id":"https:\/\/vanderloubet.com.br\/deputado\/#\/schema\/person\/15b51bd564532a8a68d9dec1b8eb890e"},"headline":"Funasa deve liberar R$ 2,1 milh\u00f5es para saneamento b\u00e1sico em Anast\u00e1cio e Jate\u00ed","datePublished":"2016-12-23T18:31:49+00:00","mainEntityOfPage":{"@id":"https:\/\/vanderloubet.com.br\/deputado\/funasa-deve-liberar-2-milhoes-para-saneamento-basico-em-anastacio-e-jatei\/"},"wordCount":297,"publisher":{"@id":"https:\/\/vanderloubet.com.br\/deputado\/#organization"},"image":{"@id":"https:\/\/vanderloubet.com.br\/deputado\/funasa-deve-liberar-2-milhoes-para-saneamento-basico-em-anastacio-e-jatei\/#primaryimage"},"thumbnailUrl":"https:\/\/vanderloubet.com.br\/deputado\/wp-content\/uploads\/2016\/12\/foto-2016-12-23-saneamento-basico-esgoto.jpg","keywords":["pac 2","saneamento b\u00e1sico"],"articleSection":["Munic\u00edpios","Not\u00edcias"],"inLanguage":"pt-BR"},{"@type":"WebPage","@id":"https:\/\/vanderloubet.com.br\/deputado\/funasa-deve-liberar-2-milhoes-para-saneamento-basico-em-anastacio-e-jatei\/","url":"https:\/\/vanderloubet.com.br\/deputado\/funasa-deve-liberar-2-milhoes-para-saneamento-basico-em-anastacio-e-jatei\/","name":"Funasa deve liberar R$ 2,1 milh\u00f5es para saneamento b\u00e1sico em Anast\u00e1cio e Jate\u00ed","isPartOf":{"@id":"https:\/\/vanderloubet.com.br\/deputado\/#website"},"primaryImageOfPage":{"@id":"https:\/\/vanderloubet.com.br\/deputado\/funasa-deve-liberar-2-milhoes-para-saneamento-basico-em-anastacio-e-jatei\/#primaryimage"},"image":{"@id":"https:\/\/vanderloubet.com.br\/deputado\/funasa-deve-liberar-2-milhoes-para-saneamento-basico-em-anastacio-e-jatei\/#primaryimage"},"thumbnailUrl":"https:\/\/vanderloubet.com.br\/deputado\/wp-content\/uploads\/2016\/12\/foto-2016-12-23-saneamento-basico-esgoto.jpg","datePublished":"2016-12-23T18:31:49+00:00","breadcrumb":{"@id":"https:\/\/vanderloubet.com.br\/deputado\/funasa-deve-liberar-2-milhoes-para-saneamento-basico-em-anastacio-e-jatei\/#breadcrumb"},"inLanguage":"pt-BR","potentialAction":[{"@type":"ReadAction","target":["https:\/\/vanderloubet.com.br\/deputado\/funasa-deve-liberar-2-milhoes-para-saneamento-basico-em-anastacio-e-jatei\/"]}]},{"@type":"ImageObject","inLanguage":"pt-BR","@id":"https:\/\/vanderloubet.com.br\/deputado\/funasa-deve-liberar-2-milhoes-para-saneamento-basico-em-anastacio-e-jatei\/#primaryimage","url":"https:\/\/vanderloubet.com.br\/deputado\/wp-content\/uploads\/2016\/12\/foto-2016-12-23-saneamento-basico-esgoto.jpg","contentUrl":"https:\/\/vanderloubet.com.br\/deputado\/wp-content\/uploads\/2016\/12\/foto-2016-12-23-saneamento-basico-esgoto.jpg","width":900,"height":600,"caption":"Para Vander, \"obras de saneamento b\u00e1sico s\u00e3o important\u00edssimas para a sa\u00fade p\u00fablica\"."},{"@type":"BreadcrumbList","@id":"https:\/\/vanderloubet.com.br\/deputado\/funasa-deve-liberar-2-milhoes-para-saneamento-basico-em-anastacio-e-jatei\/#breadcrumb","itemListElement":[{"@type":"ListItem","position":1,"name":"In\u00edcio","item":"https:\/\/vanderloubet.com.br\/deputado\/"},{"@type":"ListItem","position":2,"name":"Funasa deve liberar R$ 2,1 milh\u00f5es para saneamento b\u00e1sico em Anast\u00e1cio e Jate\u00ed"}]},{"@type":"WebSite","@id":"https:\/\/vanderloubet.com.br\/deputado\/#website","url":"https:\/\/vanderloubet.com.br\/deputado\/","name":"Deputado Federal Vander Loubet","description":"O Federal de MS","publisher":{"@id":"https:\/\/vanderloubet.com.br\/deputado\/#organization"},"alternateName":"Deputado Vander","potentialAction":[{"@type":"SearchAction","target":{"@type":"EntryPoint","urlTemplate":"https:\/\/vanderloubet.com.br\/deputado\/?s={search_term_string}"},"query-input":{"@type":"PropertyValueSpecification","valueRequired":true,"valueName":"search_term_string"}}],"inLanguage":"pt-BR"},{"@type":"Organization","@id":"https:\/\/vanderloubet.com.br\/deputado\/#organization","name":"Deputado Federal Vander Loubet","alternateName":"Deputado Vander","url":"https:\/\/vanderloubet.com.br\/deputado\/","logo":{"@type":"ImageObject","inLanguage":"pt-BR","@id":"https:\/\/vanderloubet.com.br\/deputado\/#\/schema\/logo\/image\/","url":"https:\/\/vanderloubet.com.br\/deputado\/wp-content\/uploads\/2023\/06\/foto-2023-06-19-mandato-deputado-vander.jpg","contentUrl":"https:\/\/vanderloubet.com.br\/deputado\/wp-content\/uploads\/2023\/06\/foto-2023-06-19-mandato-deputado-vander.jpg","width":1080,"height":1080,"caption":"Deputado Federal Vander Loubet"},"image":{"@id":"https:\/\/vanderloubet.com.br\/deputado\/#\/schema\/logo\/image\/"},"sameAs":["https:\/\/facebook.com\/deputadovander","https:\/\/x.com\/vanderloubet","https:\/\/instagram.com\/vanderloubet","https:\/\/youtube.com\/vanderloubet","https:\/\/tiktok.com\/@vanderloubetms"]},{"@type":"Person","@id":"https:\/\/vanderloubet.com.br\/deputado\/#\/schema\/person\/15b51bd564532a8a68d9dec1b8eb890e","name":"\u00c9der","image":{"@type":"ImageObject","inLanguage":"pt-BR","@id":"https:\/\/vanderloubet.com.br\/deputado\/wp-content\/litespeed\/avatar\/88ca4090d9d5ab1c9495f6ca03b68efa.jpg?ver=1777058957","url":"https:\/\/vanderloubet.com.br\/deputado\/wp-content\/litespeed\/avatar\/88ca4090d9d5ab1c9495f6ca03b68efa.jpg?ver=1777058957","contentUrl":"https:\/\/vanderloubet.com.br\/deputado\/wp-content\/litespeed\/avatar\/88ca4090d9d5ab1c9495f6ca03b68efa.jpg?ver=1777058957","caption":"\u00c9der"}}]}},"jetpack_featured_media_url":"https:\/\/vanderloubet.com.br\/deputado\/wp-content\/uploads\/2016\/12\/foto-2016-12-23-saneamento-basico-esgoto.jpg","jetpack_sharing_enabled":true,"_links":{"self":[{"href":"https:\/\/vanderloubet.com.br\/deputado\/wp-json\/wp\/v2\/posts\/12080","targetHints":{"allow":["GET"]}}],"collection":[{"href":"https:\/\/vanderloubet.com.br\/deputado\/wp-json\/wp\/v2\/posts"}],"about":[{"href":"https:\/\/vanderloubet.com.br\/deputado\/wp-json\/wp\/v2\/types\/post"}],"author":[{"embeddable":true,"href":"https:\/\/vanderloubet.com.br\/deputado\/wp-json\/wp\/v2\/users\/2"}],"replies":[{"embeddable":true,"href":"https:\/\/vanderloubet.com.br\/deputado\/wp-json\/wp\/v2\/comments?post=12080"}],"version-history":[{"count":0,"href":"https:\/\/vanderloubet.com.br\/deputado\/wp-json\/wp\/v2\/posts\/12080\/revisions"}],"wp:featuredmedia":[{"embeddable":true,"href":"https:\/\/vanderloubet.com.br\/deputado\/wp-json\/wp\/v2\/media\/12081"}],"wp:attachment":[{"href":"https:\/\/vanderloubet.com.br\/deputado\/wp-json\/wp\/v2\/media?parent=12080"}],"wp:term":[{"taxonomy":"category","embeddable":true,"href":"https:\/\/vanderloubet.com.br\/deputado\/wp-json\/wp\/v2\/categories?post=12080"},{"taxonomy":"post_tag","embeddable":true,"href":"https:\/\/vanderloubet.com.br\/deputado\/wp-json\/wp\/v2\/tags?post=12080"}],"curies":[{"name":"wp","href":"https:\/\/api.w.org\/{rel}","templated":true}]}}