{"id":12008,"date":"2016-12-06T14:54:50","date_gmt":"2016-12-06T18:54:50","guid":{"rendered":"http:\/\/vanderloubet.com.br\/deputado\/?p=12008"},"modified":"2016-12-06T14:54:50","modified_gmt":"2016-12-06T18:54:50","slug":"mundo-novo-inicia-obra-de-pista-de-kart-viabilizada-por-vander","status":"publish","type":"post","link":"https:\/\/vanderloubet.com.br\/deputado\/mundo-novo-inicia-obra-de-pista-de-kart-viabilizada-por-vander\/","title":{"rendered":"Mundo Novo inicia obra de pista de kart viabilizada por Vander"},"content":{"rendered":"\r\n                <style type=\"text\/css\">\r\n                    \r\n                    #tdi_1  .td-doubleSlider-2 .td-item1 {\r\n                        background: url(https:\/\/vanderloubet.com.br\/deputado\/wp-content\/uploads\/2016\/12\/foto-2016-12-07-area-kart-mundo-novo-80x60.jpg) 0 0 no-repeat;\r\n                    }\r\n                    #tdi_1  .td-doubleSlider-2 .td-item2 {\r\n                        background: url(https:\/\/vanderloubet.com.br\/deputado\/wp-content\/uploads\/2016\/12\/foto-2016-12-07-projeto-kart-mundo-novo-80x60.jpg) 0 0 no-repeat;\r\n                    }\r\n                <\/style>\r\n\r\n                <div id=\"tdi_1\" class=\"td-gallery td-slide-on-2-columns\">\r\n                    <div class=\"post_td_gallery\">\r\n                        <div class=\"td-gallery-slide-top\">\r\n                           <div class=\"td-gallery-title\"><\/div>\r\n\r\n                            <div class=\"td-gallery-controls-wrapper\">\r\n                                <div class=\"td-gallery-slide-count\"><span class=\"td-gallery-slide-item-focus\">1<\/span> de 2<\/div>\r\n                                <div class=\"td-gallery-slide-prev-next-but\">\r\n                                    <i class = \"td-icon-left doubleSliderPrevButton\"><\/i>\r\n                                    <i class = \"td-icon-right doubleSliderNextButton\"><\/i>\r\n                                <\/div>\r\n                            <\/div>\r\n                        <\/div>\r\n\r\n                        <div class = \"td-doubleSlider-1 \">\r\n                            <div class = \"td-slider\">\r\n                                \r\n                    <div class = \"td-slide-item td-item1\">\r\n                        <figure class=\"td-slide-galery-figure td-slide-popup-gallery\">\r\n                            <a class=\"slide-gallery-image-link\" href=\"https:\/\/vanderloubet.com.br\/deputado\/wp-content\/uploads\/2016\/12\/foto-2016-12-07-area-kart-mundo-novo.jpg\" title=\"\u00c1rea onde foi iniciada a constru\u00e7\u00e3o do Kart\u00f3dromo Municipal\"  data-caption=\"\"  data-description=\"&Aacute;rea onde foi iniciada a constru&ccedil;&atilde;o do Kart&oacute;dromo Municipal\">\r\n                                <img decoding=\"async\" src=\"https:\/\/vanderloubet.com.br\/deputado\/wp-content\/uploads\/2016\/12\/foto-2016-12-07-area-kart-mundo-novo-791x420.jpg\" srcset=\"https:\/\/vanderloubet.com.br\/deputado\/wp-content\/uploads\/2016\/12\/foto-2016-12-07-area-kart-mundo-novo-791x420.jpg 791w, https:\/\/vanderloubet.com.br\/deputado\/wp-content\/uploads\/2016\/12\/foto-2016-12-07-area-kart-mundo-novo-350x186.jpg 350w, https:\/\/vanderloubet.com.br\/deputado\/wp-content\/uploads\/2016\/12\/foto-2016-12-07-area-kart-mundo-novo-768x408.jpg 768w, https:\/\/vanderloubet.com.br\/deputado\/wp-content\/uploads\/2016\/12\/foto-2016-12-07-area-kart-mundo-novo-700x372.jpg 700w, https:\/\/vanderloubet.com.br\/deputado\/wp-content\/uploads\/2016\/12\/foto-2016-12-07-area-kart-mundo-novo-696x369.jpg 696w, https:\/\/vanderloubet.com.br\/deputado\/wp-content\/uploads\/2016\/12\/foto-2016-12-07-area-kart-mundo-novo-1068x567.jpg 1068w, https:\/\/vanderloubet.com.br\/deputado\/wp-content\/uploads\/2016\/12\/foto-2016-12-07-area-kart-mundo-novo.jpg 1300w\" sizes=\"(max-width: 791px) 100vw, 791px\" alt=\"&Aacute;rea onde foi iniciada a constru&ccedil;&atilde;o do Kart&oacute;dromo Municipal\">\r\n                            <\/a>\r\n                            <figcaption class = \"td-slide-caption td-gallery-slide-content\"><span>\u00c1rea onde foi iniciada a constru\u00e7\u00e3o do Kart\u00f3dromo Municipal<\/span><\/figcaption>\r\n                        <\/figure>\r\n                    <\/div>\r\n                    <div class = \"td-slide-item td-item2\">\r\n                        <figure class=\"td-slide-galery-figure td-slide-popup-gallery\">\r\n                            <a class=\"slide-gallery-image-link\" href=\"https:\/\/vanderloubet.com.br\/deputado\/wp-content\/uploads\/2016\/12\/foto-2016-12-07-projeto-kart-mundo-novo.jpg\" title=\"Projeto do Kart\u00f3dromo Municipal de Mundo Novo\"  data-caption=\"\"  data-description=\"Projeto do Kart&oacute;dromo Municipal de Mundo Novo\">\r\n                                <img decoding=\"async\" src=\"https:\/\/vanderloubet.com.br\/deputado\/wp-content\/uploads\/2016\/12\/foto-2016-12-07-projeto-kart-mundo-novo-633x420.jpg\" srcset=\"https:\/\/vanderloubet.com.br\/deputado\/wp-content\/uploads\/2016\/12\/foto-2016-12-07-projeto-kart-mundo-novo-633x420.jpg 633w, https:\/\/vanderloubet.com.br\/deputado\/wp-content\/uploads\/2016\/12\/foto-2016-12-07-projeto-kart-mundo-novo-350x232.jpg 350w, https:\/\/vanderloubet.com.br\/deputado\/wp-content\/uploads\/2016\/12\/foto-2016-12-07-projeto-kart-mundo-novo-768x510.jpg 768w, https:\/\/vanderloubet.com.br\/deputado\/wp-content\/uploads\/2016\/12\/foto-2016-12-07-projeto-kart-mundo-novo-700x464.jpg 700w, https:\/\/vanderloubet.com.br\/deputado\/wp-content\/uploads\/2016\/12\/foto-2016-12-07-projeto-kart-mundo-novo-696x462.jpg 696w, https:\/\/vanderloubet.com.br\/deputado\/wp-content\/uploads\/2016\/12\/foto-2016-12-07-projeto-kart-mundo-novo.jpg 1040w\" sizes=\"(max-width: 633px) 100vw, 633px\" alt=\"Projeto do Kart&oacute;dromo Municipal de Mundo Novo\">\r\n                            <\/a>\r\n                            <figcaption class = \"td-slide-caption td-gallery-slide-content\"><span>Projeto do Kart\u00f3dromo Municipal de Mundo Novo<\/span><\/figcaption>\r\n                        <\/figure>\r\n                    <\/div>\r\n                            <\/div>\r\n                        <\/div>\r\n\r\n                        <div class = \"td-doubleSlider-2\">\r\n                            <div class = \"td-slider\">\r\n                                \r\n                    <div class = \"td-button td-item1\">\r\n                        <div class = \"td-border\"><\/div>\r\n                    <\/div>\r\n                    <div class = \"td-button td-item2\">\r\n                        <div class = \"td-border\"><\/div>\r\n                    <\/div>\r\n                            <\/div>\r\n                        <\/div>\r\n\r\n                    <\/div>\r\n\r\n                <\/div>\r\n                \n<p>A Prefeitura de Mundo Novo deu inicio \u00e0 constru\u00e7\u00e3o do Kart\u00f3dromo Municipal. A obra est\u00e1 sendo viabilizada por meio de uma emenda parlamentar do deputado federal Vander Loubet pelo Minist\u00e9rio do Esporte e atendeu a um pedido da gest\u00e3o do prefeito Humberto Amaducci e do vice-prefeito Nivaldo Marques.<\/p>\n<p>O conv\u00eanio entre Prefeitura e Governo Federal soma R$ 402.500 dos quais R$ 390 mil s\u00e3o da emenda do deputado e R$ 12.500 s\u00e3o contrapartida do Munic\u00edpio.<\/p>\n<p>Na semana passada, a Secret\u00e1ria de Obras realizou a fiscaliza\u00e7\u00e3o da constru\u00e7\u00e3o, que est\u00e1 sendo executada pela empresa Minerpal, vencedora da licita\u00e7\u00e3o. Localizada no Bairro S\u00e3o Jorge, na Avenida Sidney Gir\u00e3o, a pista municipal de kart cobrir\u00e1 uma \u00e1rea de 5.531 m\u00b2 com um gramado de 6.740 m\u00b2 nos arredores.<\/p>\n<p><em>(Fonte: Prefeitura de Mundo Novo)<\/em><\/p>\n","protected":false},"excerpt":{"rendered":"<p>Conv\u00eanio entre Prefeitura e Minist\u00e9rio do Esporte soma R$ 402.500 dos quais R$ 390 mil s\u00e3o de emenda do deputado.<\/p>\n","protected":false},"author":2,"featured_media":12009,"comment_status":"closed","ping_status":"closed","sticky":false,"template":"","format":"standard","meta":{"jetpack_post_was_ever_published":false,"_jetpack_newsletter_access":"","_jetpack_dont_email_post_to_subs":false,"_jetpack_newsletter_tier_id":0,"_jetpack_memberships_contains_paywalled_content":false,"_jetpack_memberships_contains_paid_content":false,"footnotes":""},"categories":[2097,10],"tags":[2127,2305],"class_list":{"0":"post-12008","1":"post","2":"type-post","3":"status-publish","4":"format-standard","5":"has-post-thumbnail","7":"category-municipios-noticias","8":"category-noticias","9":"tag-emenda-parlamentar","10":"tag-esporte-e-lazer"},"yoast_head":"<!-- This site is optimized with the Yoast SEO plugin v27.4 - https:\/\/yoast.com\/product\/yoast-seo-wordpress\/ -->\n<title>Mundo Novo inicia obra de pista de kart viabilizada por Vander<\/title>\n<meta name=\"robots\" content=\"index, follow, max-snippet:-1, max-image-preview:large, max-video-preview:-1\" \/>\n<link rel=\"canonical\" href=\"https:\/\/vanderloubet.com.br\/deputado\/mundo-novo-inicia-obra-de-pista-de-kart-viabilizada-por-vander\/\" \/>\n<meta property=\"og:locale\" content=\"pt_BR\" \/>\n<meta property=\"og:type\" content=\"article\" \/>\n<meta property=\"og:title\" content=\"Mundo Novo inicia obra de pista de kart viabilizada por Vander\" \/>\n<meta property=\"og:description\" content=\"Conv\u00eanio entre Prefeitura e Minist\u00e9rio do Esporte soma R$ 402.500 dos quais R$ 390 mil s\u00e3o de emenda do deputado.\" \/>\n<meta property=\"og:url\" content=\"https:\/\/vanderloubet.com.br\/deputado\/mundo-novo-inicia-obra-de-pista-de-kart-viabilizada-por-vander\/\" \/>\n<meta property=\"og:site_name\" content=\"Deputado Federal Vander Loubet\" \/>\n<meta property=\"article:publisher\" content=\"https:\/\/facebook.com\/deputadovander\" \/>\n<meta property=\"article:published_time\" content=\"2016-12-06T18:54:50+00:00\" \/>\n<meta property=\"og:image\" content=\"https:\/\/vanderloubet.com.br\/deputado\/wp-content\/uploads\/2016\/12\/foto-2016-12-07-area-kart-mundo-novo.jpg\" \/>\n\t<meta property=\"og:image:width\" content=\"1300\" \/>\n\t<meta property=\"og:image:height\" content=\"690\" \/>\n\t<meta property=\"og:image:type\" content=\"image\/jpeg\" \/>\n<meta name=\"author\" content=\"\u00c9der\" \/>\n<meta name=\"twitter:card\" content=\"summary_large_image\" \/>\n<meta name=\"twitter:creator\" content=\"@vanderloubet\" \/>\n<meta name=\"twitter:site\" content=\"@vanderloubet\" \/>\n<script type=\"application\/ld+json\" class=\"yoast-schema-graph\">{\"@context\":\"https:\\\/\\\/schema.org\",\"@graph\":[{\"@type\":\"Article\",\"@id\":\"https:\\\/\\\/vanderloubet.com.br\\\/deputado\\\/mundo-novo-inicia-obra-de-pista-de-kart-viabilizada-por-vander\\\/#article\",\"isPartOf\":{\"@id\":\"https:\\\/\\\/vanderloubet.com.br\\\/deputado\\\/mundo-novo-inicia-obra-de-pista-de-kart-viabilizada-por-vander\\\/\"},\"author\":{\"name\":\"\u00c9der\",\"@id\":\"https:\\\/\\\/vanderloubet.com.br\\\/deputado\\\/#\\\/schema\\\/person\\\/15b51bd564532a8a68d9dec1b8eb890e\"},\"headline\":\"Mundo Novo inicia obra de pista de kart viabilizada por Vander\",\"datePublished\":\"2016-12-06T18:54:50+00:00\",\"mainEntityOfPage\":{\"@id\":\"https:\\\/\\\/vanderloubet.com.br\\\/deputado\\\/mundo-novo-inicia-obra-de-pista-de-kart-viabilizada-por-vander\\\/\"},\"wordCount\":158,\"publisher\":{\"@id\":\"https:\\\/\\\/vanderloubet.com.br\\\/deputado\\\/#organization\"},\"image\":{\"@id\":\"https:\\\/\\\/vanderloubet.com.br\\\/deputado\\\/mundo-novo-inicia-obra-de-pista-de-kart-viabilizada-por-vander\\\/#primaryimage\"},\"thumbnailUrl\":\"https:\\\/\\\/vanderloubet.com.br\\\/deputado\\\/wp-content\\\/uploads\\\/2016\\\/12\\\/foto-2016-12-07-area-kart-mundo-novo.jpg\",\"keywords\":[\"emenda parlamentar\",\"esporte e lazer\"],\"articleSection\":[\"Munic\u00edpios\",\"Not\u00edcias\"],\"inLanguage\":\"pt-BR\"},{\"@type\":\"WebPage\",\"@id\":\"https:\\\/\\\/vanderloubet.com.br\\\/deputado\\\/mundo-novo-inicia-obra-de-pista-de-kart-viabilizada-por-vander\\\/\",\"url\":\"https:\\\/\\\/vanderloubet.com.br\\\/deputado\\\/mundo-novo-inicia-obra-de-pista-de-kart-viabilizada-por-vander\\\/\",\"name\":\"Mundo Novo inicia obra de pista de kart viabilizada por Vander\",\"isPartOf\":{\"@id\":\"https:\\\/\\\/vanderloubet.com.br\\\/deputado\\\/#website\"},\"primaryImageOfPage\":{\"@id\":\"https:\\\/\\\/vanderloubet.com.br\\\/deputado\\\/mundo-novo-inicia-obra-de-pista-de-kart-viabilizada-por-vander\\\/#primaryimage\"},\"image\":{\"@id\":\"https:\\\/\\\/vanderloubet.com.br\\\/deputado\\\/mundo-novo-inicia-obra-de-pista-de-kart-viabilizada-por-vander\\\/#primaryimage\"},\"thumbnailUrl\":\"https:\\\/\\\/vanderloubet.com.br\\\/deputado\\\/wp-content\\\/uploads\\\/2016\\\/12\\\/foto-2016-12-07-area-kart-mundo-novo.jpg\",\"datePublished\":\"2016-12-06T18:54:50+00:00\",\"breadcrumb\":{\"@id\":\"https:\\\/\\\/vanderloubet.com.br\\\/deputado\\\/mundo-novo-inicia-obra-de-pista-de-kart-viabilizada-por-vander\\\/#breadcrumb\"},\"inLanguage\":\"pt-BR\",\"potentialAction\":[{\"@type\":\"ReadAction\",\"target\":[\"https:\\\/\\\/vanderloubet.com.br\\\/deputado\\\/mundo-novo-inicia-obra-de-pista-de-kart-viabilizada-por-vander\\\/\"]}]},{\"@type\":\"ImageObject\",\"inLanguage\":\"pt-BR\",\"@id\":\"https:\\\/\\\/vanderloubet.com.br\\\/deputado\\\/mundo-novo-inicia-obra-de-pista-de-kart-viabilizada-por-vander\\\/#primaryimage\",\"url\":\"https:\\\/\\\/vanderloubet.com.br\\\/deputado\\\/wp-content\\\/uploads\\\/2016\\\/12\\\/foto-2016-12-07-area-kart-mundo-novo.jpg\",\"contentUrl\":\"https:\\\/\\\/vanderloubet.com.br\\\/deputado\\\/wp-content\\\/uploads\\\/2016\\\/12\\\/foto-2016-12-07-area-kart-mundo-novo.jpg\",\"width\":1300,\"height\":690,\"caption\":\"\u00c1rea onde foi iniciada a constru\u00e7\u00e3o do Kart\u00f3dromo Municipal\"},{\"@type\":\"BreadcrumbList\",\"@id\":\"https:\\\/\\\/vanderloubet.com.br\\\/deputado\\\/mundo-novo-inicia-obra-de-pista-de-kart-viabilizada-por-vander\\\/#breadcrumb\",\"itemListElement\":[{\"@type\":\"ListItem\",\"position\":1,\"name\":\"In\u00edcio\",\"item\":\"https:\\\/\\\/vanderloubet.com.br\\\/deputado\\\/\"},{\"@type\":\"ListItem\",\"position\":2,\"name\":\"Mundo Novo inicia obra de pista de kart viabilizada por Vander\"}]},{\"@type\":\"WebSite\",\"@id\":\"https:\\\/\\\/vanderloubet.com.br\\\/deputado\\\/#website\",\"url\":\"https:\\\/\\\/vanderloubet.com.br\\\/deputado\\\/\",\"name\":\"Deputado Federal Vander Loubet\",\"description\":\"O Federal de MS\",\"publisher\":{\"@id\":\"https:\\\/\\\/vanderloubet.com.br\\\/deputado\\\/#organization\"},\"alternateName\":\"Deputado Vander\",\"potentialAction\":[{\"@type\":\"SearchAction\",\"target\":{\"@type\":\"EntryPoint\",\"urlTemplate\":\"https:\\\/\\\/vanderloubet.com.br\\\/deputado\\\/?s={search_term_string}\"},\"query-input\":{\"@type\":\"PropertyValueSpecification\",\"valueRequired\":true,\"valueName\":\"search_term_string\"}}],\"inLanguage\":\"pt-BR\"},{\"@type\":\"Organization\",\"@id\":\"https:\\\/\\\/vanderloubet.com.br\\\/deputado\\\/#organization\",\"name\":\"Deputado Federal Vander Loubet\",\"alternateName\":\"Deputado Vander\",\"url\":\"https:\\\/\\\/vanderloubet.com.br\\\/deputado\\\/\",\"logo\":{\"@type\":\"ImageObject\",\"inLanguage\":\"pt-BR\",\"@id\":\"https:\\\/\\\/vanderloubet.com.br\\\/deputado\\\/#\\\/schema\\\/logo\\\/image\\\/\",\"url\":\"https:\\\/\\\/vanderloubet.com.br\\\/deputado\\\/wp-content\\\/uploads\\\/2023\\\/06\\\/foto-2023-06-19-mandato-deputado-vander.jpg\",\"contentUrl\":\"https:\\\/\\\/vanderloubet.com.br\\\/deputado\\\/wp-content\\\/uploads\\\/2023\\\/06\\\/foto-2023-06-19-mandato-deputado-vander.jpg\",\"width\":1080,\"height\":1080,\"caption\":\"Deputado Federal Vander Loubet\"},\"image\":{\"@id\":\"https:\\\/\\\/vanderloubet.com.br\\\/deputado\\\/#\\\/schema\\\/logo\\\/image\\\/\"},\"sameAs\":[\"https:\\\/\\\/facebook.com\\\/deputadovander\",\"https:\\\/\\\/x.com\\\/vanderloubet\",\"https:\\\/\\\/instagram.com\\\/vanderloubet\",\"https:\\\/\\\/youtube.com\\\/vanderloubet\",\"https:\\\/\\\/tiktok.com\\\/@vanderloubetms\"]},{\"@type\":\"Person\",\"@id\":\"https:\\\/\\\/vanderloubet.com.br\\\/deputado\\\/#\\\/schema\\\/person\\\/15b51bd564532a8a68d9dec1b8eb890e\",\"name\":\"\u00c9der\",\"image\":{\"@type\":\"ImageObject\",\"inLanguage\":\"pt-BR\",\"@id\":\"https:\\\/\\\/vanderloubet.com.br\\\/deputado\\\/wp-content\\\/litespeed\\\/avatar\\\/88ca4090d9d5ab1c9495f6ca03b68efa.jpg?ver=1777058957\",\"url\":\"https:\\\/\\\/vanderloubet.com.br\\\/deputado\\\/wp-content\\\/litespeed\\\/avatar\\\/88ca4090d9d5ab1c9495f6ca03b68efa.jpg?ver=1777058957\",\"contentUrl\":\"https:\\\/\\\/vanderloubet.com.br\\\/deputado\\\/wp-content\\\/litespeed\\\/avatar\\\/88ca4090d9d5ab1c9495f6ca03b68efa.jpg?ver=1777058957\",\"caption\":\"\u00c9der\"}}]}<\/script>\n<!-- \/ Yoast SEO plugin. -->","yoast_head_json":{"title":"Mundo Novo inicia obra de pista de kart viabilizada por Vander","robots":{"index":"index","follow":"follow","max-snippet":"max-snippet:-1","max-image-preview":"max-image-preview:large","max-video-preview":"max-video-preview:-1"},"canonical":"https:\/\/vanderloubet.com.br\/deputado\/mundo-novo-inicia-obra-de-pista-de-kart-viabilizada-por-vander\/","og_locale":"pt_BR","og_type":"article","og_title":"Mundo Novo inicia obra de pista de kart viabilizada por Vander","og_description":"Conv\u00eanio entre Prefeitura e Minist\u00e9rio do Esporte soma R$ 402.500 dos quais R$ 390 mil s\u00e3o de emenda do deputado.","og_url":"https:\/\/vanderloubet.com.br\/deputado\/mundo-novo-inicia-obra-de-pista-de-kart-viabilizada-por-vander\/","og_site_name":"Deputado Federal Vander Loubet","article_publisher":"https:\/\/facebook.com\/deputadovander","article_published_time":"2016-12-06T18:54:50+00:00","og_image":[{"width":1300,"height":690,"url":"https:\/\/vanderloubet.com.br\/deputado\/wp-content\/uploads\/2016\/12\/foto-2016-12-07-area-kart-mundo-novo.jpg","type":"image\/jpeg"}],"author":"\u00c9der","twitter_card":"summary_large_image","twitter_creator":"@vanderloubet","twitter_site":"@vanderloubet","schema":{"@context":"https:\/\/schema.org","@graph":[{"@type":"Article","@id":"https:\/\/vanderloubet.com.br\/deputado\/mundo-novo-inicia-obra-de-pista-de-kart-viabilizada-por-vander\/#article","isPartOf":{"@id":"https:\/\/vanderloubet.com.br\/deputado\/mundo-novo-inicia-obra-de-pista-de-kart-viabilizada-por-vander\/"},"author":{"name":"\u00c9der","@id":"https:\/\/vanderloubet.com.br\/deputado\/#\/schema\/person\/15b51bd564532a8a68d9dec1b8eb890e"},"headline":"Mundo Novo inicia obra de pista de kart viabilizada por Vander","datePublished":"2016-12-06T18:54:50+00:00","mainEntityOfPage":{"@id":"https:\/\/vanderloubet.com.br\/deputado\/mundo-novo-inicia-obra-de-pista-de-kart-viabilizada-por-vander\/"},"wordCount":158,"publisher":{"@id":"https:\/\/vanderloubet.com.br\/deputado\/#organization"},"image":{"@id":"https:\/\/vanderloubet.com.br\/deputado\/mundo-novo-inicia-obra-de-pista-de-kart-viabilizada-por-vander\/#primaryimage"},"thumbnailUrl":"https:\/\/vanderloubet.com.br\/deputado\/wp-content\/uploads\/2016\/12\/foto-2016-12-07-area-kart-mundo-novo.jpg","keywords":["emenda parlamentar","esporte e lazer"],"articleSection":["Munic\u00edpios","Not\u00edcias"],"inLanguage":"pt-BR"},{"@type":"WebPage","@id":"https:\/\/vanderloubet.com.br\/deputado\/mundo-novo-inicia-obra-de-pista-de-kart-viabilizada-por-vander\/","url":"https:\/\/vanderloubet.com.br\/deputado\/mundo-novo-inicia-obra-de-pista-de-kart-viabilizada-por-vander\/","name":"Mundo Novo inicia obra de pista de kart viabilizada por Vander","isPartOf":{"@id":"https:\/\/vanderloubet.com.br\/deputado\/#website"},"primaryImageOfPage":{"@id":"https:\/\/vanderloubet.com.br\/deputado\/mundo-novo-inicia-obra-de-pista-de-kart-viabilizada-por-vander\/#primaryimage"},"image":{"@id":"https:\/\/vanderloubet.com.br\/deputado\/mundo-novo-inicia-obra-de-pista-de-kart-viabilizada-por-vander\/#primaryimage"},"thumbnailUrl":"https:\/\/vanderloubet.com.br\/deputado\/wp-content\/uploads\/2016\/12\/foto-2016-12-07-area-kart-mundo-novo.jpg","datePublished":"2016-12-06T18:54:50+00:00","breadcrumb":{"@id":"https:\/\/vanderloubet.com.br\/deputado\/mundo-novo-inicia-obra-de-pista-de-kart-viabilizada-por-vander\/#breadcrumb"},"inLanguage":"pt-BR","potentialAction":[{"@type":"ReadAction","target":["https:\/\/vanderloubet.com.br\/deputado\/mundo-novo-inicia-obra-de-pista-de-kart-viabilizada-por-vander\/"]}]},{"@type":"ImageObject","inLanguage":"pt-BR","@id":"https:\/\/vanderloubet.com.br\/deputado\/mundo-novo-inicia-obra-de-pista-de-kart-viabilizada-por-vander\/#primaryimage","url":"https:\/\/vanderloubet.com.br\/deputado\/wp-content\/uploads\/2016\/12\/foto-2016-12-07-area-kart-mundo-novo.jpg","contentUrl":"https:\/\/vanderloubet.com.br\/deputado\/wp-content\/uploads\/2016\/12\/foto-2016-12-07-area-kart-mundo-novo.jpg","width":1300,"height":690,"caption":"\u00c1rea onde foi iniciada a constru\u00e7\u00e3o do Kart\u00f3dromo Municipal"},{"@type":"BreadcrumbList","@id":"https:\/\/vanderloubet.com.br\/deputado\/mundo-novo-inicia-obra-de-pista-de-kart-viabilizada-por-vander\/#breadcrumb","itemListElement":[{"@type":"ListItem","position":1,"name":"In\u00edcio","item":"https:\/\/vanderloubet.com.br\/deputado\/"},{"@type":"ListItem","position":2,"name":"Mundo Novo inicia obra de pista de kart viabilizada por Vander"}]},{"@type":"WebSite","@id":"https:\/\/vanderloubet.com.br\/deputado\/#website","url":"https:\/\/vanderloubet.com.br\/deputado\/","name":"Deputado Federal Vander Loubet","description":"O Federal de MS","publisher":{"@id":"https:\/\/vanderloubet.com.br\/deputado\/#organization"},"alternateName":"Deputado Vander","potentialAction":[{"@type":"SearchAction","target":{"@type":"EntryPoint","urlTemplate":"https:\/\/vanderloubet.com.br\/deputado\/?s={search_term_string}"},"query-input":{"@type":"PropertyValueSpecification","valueRequired":true,"valueName":"search_term_string"}}],"inLanguage":"pt-BR"},{"@type":"Organization","@id":"https:\/\/vanderloubet.com.br\/deputado\/#organization","name":"Deputado Federal Vander Loubet","alternateName":"Deputado Vander","url":"https:\/\/vanderloubet.com.br\/deputado\/","logo":{"@type":"ImageObject","inLanguage":"pt-BR","@id":"https:\/\/vanderloubet.com.br\/deputado\/#\/schema\/logo\/image\/","url":"https:\/\/vanderloubet.com.br\/deputado\/wp-content\/uploads\/2023\/06\/foto-2023-06-19-mandato-deputado-vander.jpg","contentUrl":"https:\/\/vanderloubet.com.br\/deputado\/wp-content\/uploads\/2023\/06\/foto-2023-06-19-mandato-deputado-vander.jpg","width":1080,"height":1080,"caption":"Deputado Federal Vander Loubet"},"image":{"@id":"https:\/\/vanderloubet.com.br\/deputado\/#\/schema\/logo\/image\/"},"sameAs":["https:\/\/facebook.com\/deputadovander","https:\/\/x.com\/vanderloubet","https:\/\/instagram.com\/vanderloubet","https:\/\/youtube.com\/vanderloubet","https:\/\/tiktok.com\/@vanderloubetms"]},{"@type":"Person","@id":"https:\/\/vanderloubet.com.br\/deputado\/#\/schema\/person\/15b51bd564532a8a68d9dec1b8eb890e","name":"\u00c9der","image":{"@type":"ImageObject","inLanguage":"pt-BR","@id":"https:\/\/vanderloubet.com.br\/deputado\/wp-content\/litespeed\/avatar\/88ca4090d9d5ab1c9495f6ca03b68efa.jpg?ver=1777058957","url":"https:\/\/vanderloubet.com.br\/deputado\/wp-content\/litespeed\/avatar\/88ca4090d9d5ab1c9495f6ca03b68efa.jpg?ver=1777058957","contentUrl":"https:\/\/vanderloubet.com.br\/deputado\/wp-content\/litespeed\/avatar\/88ca4090d9d5ab1c9495f6ca03b68efa.jpg?ver=1777058957","caption":"\u00c9der"}}]}},"jetpack_featured_media_url":"https:\/\/vanderloubet.com.br\/deputado\/wp-content\/uploads\/2016\/12\/foto-2016-12-07-area-kart-mundo-novo.jpg","jetpack_sharing_enabled":true,"_links":{"self":[{"href":"https:\/\/vanderloubet.com.br\/deputado\/wp-json\/wp\/v2\/posts\/12008","targetHints":{"allow":["GET"]}}],"collection":[{"href":"https:\/\/vanderloubet.com.br\/deputado\/wp-json\/wp\/v2\/posts"}],"about":[{"href":"https:\/\/vanderloubet.com.br\/deputado\/wp-json\/wp\/v2\/types\/post"}],"author":[{"embeddable":true,"href":"https:\/\/vanderloubet.com.br\/deputado\/wp-json\/wp\/v2\/users\/2"}],"replies":[{"embeddable":true,"href":"https:\/\/vanderloubet.com.br\/deputado\/wp-json\/wp\/v2\/comments?post=12008"}],"version-history":[{"count":0,"href":"https:\/\/vanderloubet.com.br\/deputado\/wp-json\/wp\/v2\/posts\/12008\/revisions"}],"wp:featuredmedia":[{"embeddable":true,"href":"https:\/\/vanderloubet.com.br\/deputado\/wp-json\/wp\/v2\/media\/12009"}],"wp:attachment":[{"href":"https:\/\/vanderloubet.com.br\/deputado\/wp-json\/wp\/v2\/media?parent=12008"}],"wp:term":[{"taxonomy":"category","embeddable":true,"href":"https:\/\/vanderloubet.com.br\/deputado\/wp-json\/wp\/v2\/categories?post=12008"},{"taxonomy":"post_tag","embeddable":true,"href":"https:\/\/vanderloubet.com.br\/deputado\/wp-json\/wp\/v2\/tags?post=12008"}],"curies":[{"name":"wp","href":"https:\/\/api.w.org\/{rel}","templated":true}]}}