{"id":1178,"date":"2010-05-24T17:30:51","date_gmt":"2010-05-24T21:30:51","guid":{"rendered":"http:\/\/www.deputadovander.com.br\/website\/?p=1178"},"modified":"2010-05-24T17:30:51","modified_gmt":"2010-05-24T21:30:51","slug":"liberados-os-recursos-para-cobertura-e-melhorias-na-feira-central","status":"publish","type":"post","link":"https:\/\/vanderloubet.com.br\/deputado\/liberados-os-recursos-para-cobertura-e-melhorias-na-feira-central\/","title":{"rendered":"Liberados os recursos para cobertura e melhorias na Feira Central"},"content":{"rendered":"<p style=\"text-align: center;\">\n<figure id=\"attachment_39\" aria-describedby=\"caption-attachment-39\" style=\"width: 300px\" class=\"wp-caption aligncenter\"><a href=\"http:\/\/deputadovander.com.br\/website\/wp-content\/uploads\/2010\/02\/foto-2010-02-10-feira-central-cg1.jpg\" target=\"_blank\"><img decoding=\"async\" class=\"size-medium wp-image-39\" title=\"foto-2010-02-10-feira-central-cg\" src=\"http:\/\/www.deputadovander.com.br\/website\/wp-content\/uploads\/2010\/02\/foto-2010-02-10-feira-central-cg-300x225.jpg\" alt=\"foto-2010-02-10-feira-central-cg\" width=\"300\" height=\"225\" \/><\/a><figcaption id=\"caption-attachment-39\" class=\"wp-caption-text\">Feira Central (clique para ampliar)<\/figcaption><\/figure>\n<p>Na tarde de hoje (24), o deputado federal Vander Loubet (PT-MS) esteve reunido com o superintendente regional da Caixa Econ\u00f4mica Federal, Paulo Antunes de Siqueira, para tratar da libera\u00e7\u00e3o dos recursos para as obras de amplia\u00e7\u00e3o da cobertura met\u00e1lica na Feira Central. O valor da obra \u00e9 de R$ 2,4 milh\u00f5es. Parte desses recursos &#8211; R$ 1 milh\u00e3o &#8211; \u00e9 proveniente de emenda parlamentar do deputado Vander junto ao Minist\u00e9rio do Turismo. A outra parte s\u00e3o recursos pr\u00f3prios da Prefeitura.<\/p>\n<p>Com os recursos liberados, o prefeito da Capital, Nelson Trad Filho, pode dar a ordem de servi\u00e7o para o in\u00edcio das obras, que devem ser conclu\u00eddas no segundo semestre deste ano.<\/p>\n<p>No projeto consta a constru\u00e7\u00e3o de guarita e de dep\u00f3sito de res\u00edduos, troca da cobertura da ala esquerda, implanta\u00e7\u00e3o de venezianas met\u00e1licas, amplia\u00e7\u00e3o da cobertura met\u00e1lica, instala\u00e7\u00e3o de brises (quebra-sol) e constru\u00e7\u00e3o de uma cobertura tensionada.<\/p>\n<p>Considerada s\u00edmbolo da cultura e da gastronomia, ponto tur\u00edstico e centro de gera\u00e7\u00e3o de emprego e renda da Capital, a Feira Central deve passar a receber maior p\u00fablico e aumentar a perman\u00eancia dos visitantes.<\/p>\n<p>De acordo com a presidente da Associa\u00e7\u00e3o da Feira Central e Tur\u00edstica (Afecetur), Alvira Appel, nos dias de feira, circulam pelo local cerca de quatro mil pessoas. Atualmente, 1.200 pessoas trabalham na Feira Central dentro da formalidade, ou seja, registradas em carteira profissional, al\u00e9m de cerca de 800 pessoas empregadas indiretamente.<\/p>\n<p>Permission\u00e1rio de uma banca de bijuterias, o comerciante Carlos Augusto afirmou que j\u00e1 estava esperando a constru\u00e7\u00e3o da cobertura. &#8220;Antes eu trabalhava na antiga feira. Estou aqui h\u00e1 cinco anos. A cada ano que passa tem melhorado as instala\u00e7\u00f5es deste local. Tudo isso \u00e9 muito bom para n\u00f3s comerciantes e para os consumidores que passam por aqui diariamente para passear e fazer suas compras&#8221;, comentou.<\/p>\n<p><small>(\u00c9der Yanaguita &#8211; Assessoria de Comunica\u00e7\u00e3o, com informa\u00e7\u00f5es da Prefeitura de Campo Grande)<\/small><\/p>\n","protected":false},"excerpt":{"rendered":"<p>An\u00fancio foi feito durante reuni\u00e3o do deputado Vander com o superintendente da Caixa, Paulo Antunes. Obra pode come\u00e7ar.<\/p>\n","protected":false},"author":2,"featured_media":0,"comment_status":"closed","ping_status":"open","sticky":false,"template":"","format":"standard","meta":{"jetpack_post_was_ever_published":false,"_jetpack_newsletter_access":"","_jetpack_dont_email_post_to_subs":false,"_jetpack_newsletter_tier_id":0,"_jetpack_memberships_contains_paywalled_content":false,"_jetpack_memberships_contains_paid_content":false,"footnotes":""},"categories":[10],"tags":[342,709,809,1377,1408,2035],"class_list":{"0":"post-1178","1":"post","2":"type-post","3":"status-publish","4":"format-standard","6":"category-noticias","7":"tag-campo-grande","8":"tag-emenda","9":"tag-feira-central","10":"tag-nelson-trad-filho","11":"tag-obra","12":"tag-vander-loubet"},"yoast_head":"<!-- This site is optimized with the Yoast SEO plugin v27.4 - https:\/\/yoast.com\/product\/yoast-seo-wordpress\/ -->\n<title>Liberados os recursos para cobertura e melhorias na Feira Central<\/title>\n<meta name=\"robots\" content=\"index, follow, max-snippet:-1, max-image-preview:large, max-video-preview:-1\" \/>\n<link rel=\"canonical\" href=\"https:\/\/vanderloubet.com.br\/deputado\/liberados-os-recursos-para-cobertura-e-melhorias-na-feira-central\/\" \/>\n<meta property=\"og:locale\" content=\"pt_BR\" \/>\n<meta property=\"og:type\" content=\"article\" \/>\n<meta property=\"og:title\" content=\"Liberados os recursos para cobertura e melhorias na Feira Central\" \/>\n<meta property=\"og:description\" content=\"An\u00fancio foi feito durante reuni\u00e3o do deputado Vander com o superintendente da Caixa, Paulo Antunes. Obra pode come\u00e7ar.\" \/>\n<meta property=\"og:url\" content=\"https:\/\/vanderloubet.com.br\/deputado\/liberados-os-recursos-para-cobertura-e-melhorias-na-feira-central\/\" \/>\n<meta property=\"og:site_name\" content=\"Deputado Federal Vander Loubet\" \/>\n<meta property=\"article:publisher\" content=\"https:\/\/facebook.com\/deputadovander\" \/>\n<meta property=\"article:published_time\" content=\"2010-05-24T21:30:51+00:00\" \/>\n<meta property=\"og:image\" content=\"http:\/\/www.deputadovander.com.br\/website\/wp-content\/uploads\/2010\/02\/foto-2010-02-10-feira-central-cg-300x225.jpg\" \/>\n<meta name=\"author\" content=\"\u00c9der\" \/>\n<meta name=\"twitter:card\" content=\"summary_large_image\" \/>\n<meta name=\"twitter:creator\" content=\"@vanderloubet\" \/>\n<meta name=\"twitter:site\" content=\"@vanderloubet\" \/>\n<script type=\"application\/ld+json\" class=\"yoast-schema-graph\">{\"@context\":\"https:\\\/\\\/schema.org\",\"@graph\":[{\"@type\":\"Article\",\"@id\":\"https:\\\/\\\/vanderloubet.com.br\\\/deputado\\\/liberados-os-recursos-para-cobertura-e-melhorias-na-feira-central\\\/#article\",\"isPartOf\":{\"@id\":\"https:\\\/\\\/vanderloubet.com.br\\\/deputado\\\/liberados-os-recursos-para-cobertura-e-melhorias-na-feira-central\\\/\"},\"author\":{\"name\":\"\u00c9der\",\"@id\":\"https:\\\/\\\/vanderloubet.com.br\\\/deputado\\\/#\\\/schema\\\/person\\\/15b51bd564532a8a68d9dec1b8eb890e\"},\"headline\":\"Liberados os recursos para cobertura e melhorias na Feira Central\",\"datePublished\":\"2010-05-24T21:30:51+00:00\",\"mainEntityOfPage\":{\"@id\":\"https:\\\/\\\/vanderloubet.com.br\\\/deputado\\\/liberados-os-recursos-para-cobertura-e-melhorias-na-feira-central\\\/\"},\"wordCount\":360,\"publisher\":{\"@id\":\"https:\\\/\\\/vanderloubet.com.br\\\/deputado\\\/#organization\"},\"image\":{\"@id\":\"https:\\\/\\\/vanderloubet.com.br\\\/deputado\\\/liberados-os-recursos-para-cobertura-e-melhorias-na-feira-central\\\/#primaryimage\"},\"thumbnailUrl\":\"http:\\\/\\\/www.deputadovander.com.br\\\/website\\\/wp-content\\\/uploads\\\/2010\\\/02\\\/foto-2010-02-10-feira-central-cg-300x225.jpg\",\"keywords\":[\"campo grande\",\"emenda\",\"feira central\",\"nelson trad filho\",\"obra\",\"vander loubet\"],\"articleSection\":[\"Not\u00edcias\"],\"inLanguage\":\"pt-BR\"},{\"@type\":\"WebPage\",\"@id\":\"https:\\\/\\\/vanderloubet.com.br\\\/deputado\\\/liberados-os-recursos-para-cobertura-e-melhorias-na-feira-central\\\/\",\"url\":\"https:\\\/\\\/vanderloubet.com.br\\\/deputado\\\/liberados-os-recursos-para-cobertura-e-melhorias-na-feira-central\\\/\",\"name\":\"Liberados os recursos para cobertura e melhorias na Feira Central\",\"isPartOf\":{\"@id\":\"https:\\\/\\\/vanderloubet.com.br\\\/deputado\\\/#website\"},\"primaryImageOfPage\":{\"@id\":\"https:\\\/\\\/vanderloubet.com.br\\\/deputado\\\/liberados-os-recursos-para-cobertura-e-melhorias-na-feira-central\\\/#primaryimage\"},\"image\":{\"@id\":\"https:\\\/\\\/vanderloubet.com.br\\\/deputado\\\/liberados-os-recursos-para-cobertura-e-melhorias-na-feira-central\\\/#primaryimage\"},\"thumbnailUrl\":\"http:\\\/\\\/www.deputadovander.com.br\\\/website\\\/wp-content\\\/uploads\\\/2010\\\/02\\\/foto-2010-02-10-feira-central-cg-300x225.jpg\",\"datePublished\":\"2010-05-24T21:30:51+00:00\",\"breadcrumb\":{\"@id\":\"https:\\\/\\\/vanderloubet.com.br\\\/deputado\\\/liberados-os-recursos-para-cobertura-e-melhorias-na-feira-central\\\/#breadcrumb\"},\"inLanguage\":\"pt-BR\",\"potentialAction\":[{\"@type\":\"ReadAction\",\"target\":[\"https:\\\/\\\/vanderloubet.com.br\\\/deputado\\\/liberados-os-recursos-para-cobertura-e-melhorias-na-feira-central\\\/\"]}]},{\"@type\":\"ImageObject\",\"inLanguage\":\"pt-BR\",\"@id\":\"https:\\\/\\\/vanderloubet.com.br\\\/deputado\\\/liberados-os-recursos-para-cobertura-e-melhorias-na-feira-central\\\/#primaryimage\",\"url\":\"http:\\\/\\\/www.deputadovander.com.br\\\/website\\\/wp-content\\\/uploads\\\/2010\\\/02\\\/foto-2010-02-10-feira-central-cg-300x225.jpg\",\"contentUrl\":\"http:\\\/\\\/www.deputadovander.com.br\\\/website\\\/wp-content\\\/uploads\\\/2010\\\/02\\\/foto-2010-02-10-feira-central-cg-300x225.jpg\"},{\"@type\":\"BreadcrumbList\",\"@id\":\"https:\\\/\\\/vanderloubet.com.br\\\/deputado\\\/liberados-os-recursos-para-cobertura-e-melhorias-na-feira-central\\\/#breadcrumb\",\"itemListElement\":[{\"@type\":\"ListItem\",\"position\":1,\"name\":\"In\u00edcio\",\"item\":\"https:\\\/\\\/vanderloubet.com.br\\\/deputado\\\/\"},{\"@type\":\"ListItem\",\"position\":2,\"name\":\"Liberados os recursos para cobertura e melhorias na Feira Central\"}]},{\"@type\":\"WebSite\",\"@id\":\"https:\\\/\\\/vanderloubet.com.br\\\/deputado\\\/#website\",\"url\":\"https:\\\/\\\/vanderloubet.com.br\\\/deputado\\\/\",\"name\":\"Deputado Federal Vander Loubet\",\"description\":\"O Federal de MS\",\"publisher\":{\"@id\":\"https:\\\/\\\/vanderloubet.com.br\\\/deputado\\\/#organization\"},\"alternateName\":\"Deputado Vander\",\"potentialAction\":[{\"@type\":\"SearchAction\",\"target\":{\"@type\":\"EntryPoint\",\"urlTemplate\":\"https:\\\/\\\/vanderloubet.com.br\\\/deputado\\\/?s={search_term_string}\"},\"query-input\":{\"@type\":\"PropertyValueSpecification\",\"valueRequired\":true,\"valueName\":\"search_term_string\"}}],\"inLanguage\":\"pt-BR\"},{\"@type\":\"Organization\",\"@id\":\"https:\\\/\\\/vanderloubet.com.br\\\/deputado\\\/#organization\",\"name\":\"Deputado Federal Vander Loubet\",\"alternateName\":\"Deputado Vander\",\"url\":\"https:\\\/\\\/vanderloubet.com.br\\\/deputado\\\/\",\"logo\":{\"@type\":\"ImageObject\",\"inLanguage\":\"pt-BR\",\"@id\":\"https:\\\/\\\/vanderloubet.com.br\\\/deputado\\\/#\\\/schema\\\/logo\\\/image\\\/\",\"url\":\"https:\\\/\\\/vanderloubet.com.br\\\/deputado\\\/wp-content\\\/uploads\\\/2023\\\/06\\\/foto-2023-06-19-mandato-deputado-vander.jpg\",\"contentUrl\":\"https:\\\/\\\/vanderloubet.com.br\\\/deputado\\\/wp-content\\\/uploads\\\/2023\\\/06\\\/foto-2023-06-19-mandato-deputado-vander.jpg\",\"width\":1080,\"height\":1080,\"caption\":\"Deputado Federal Vander Loubet\"},\"image\":{\"@id\":\"https:\\\/\\\/vanderloubet.com.br\\\/deputado\\\/#\\\/schema\\\/logo\\\/image\\\/\"},\"sameAs\":[\"https:\\\/\\\/facebook.com\\\/deputadovander\",\"https:\\\/\\\/x.com\\\/vanderloubet\",\"https:\\\/\\\/instagram.com\\\/vanderloubet\",\"https:\\\/\\\/youtube.com\\\/vanderloubet\",\"https:\\\/\\\/tiktok.com\\\/@vanderloubetms\"]},{\"@type\":\"Person\",\"@id\":\"https:\\\/\\\/vanderloubet.com.br\\\/deputado\\\/#\\\/schema\\\/person\\\/15b51bd564532a8a68d9dec1b8eb890e\",\"name\":\"\u00c9der\",\"image\":{\"@type\":\"ImageObject\",\"inLanguage\":\"pt-BR\",\"@id\":\"https:\\\/\\\/vanderloubet.com.br\\\/deputado\\\/wp-content\\\/litespeed\\\/avatar\\\/88ca4090d9d5ab1c9495f6ca03b68efa.jpg?ver=1777058957\",\"url\":\"https:\\\/\\\/vanderloubet.com.br\\\/deputado\\\/wp-content\\\/litespeed\\\/avatar\\\/88ca4090d9d5ab1c9495f6ca03b68efa.jpg?ver=1777058957\",\"contentUrl\":\"https:\\\/\\\/vanderloubet.com.br\\\/deputado\\\/wp-content\\\/litespeed\\\/avatar\\\/88ca4090d9d5ab1c9495f6ca03b68efa.jpg?ver=1777058957\",\"caption\":\"\u00c9der\"}}]}<\/script>\n<!-- \/ Yoast SEO plugin. -->","yoast_head_json":{"title":"Liberados os recursos para cobertura e melhorias na Feira Central","robots":{"index":"index","follow":"follow","max-snippet":"max-snippet:-1","max-image-preview":"max-image-preview:large","max-video-preview":"max-video-preview:-1"},"canonical":"https:\/\/vanderloubet.com.br\/deputado\/liberados-os-recursos-para-cobertura-e-melhorias-na-feira-central\/","og_locale":"pt_BR","og_type":"article","og_title":"Liberados os recursos para cobertura e melhorias na Feira Central","og_description":"An\u00fancio foi feito durante reuni\u00e3o do deputado Vander com o superintendente da Caixa, Paulo Antunes. Obra pode come\u00e7ar.","og_url":"https:\/\/vanderloubet.com.br\/deputado\/liberados-os-recursos-para-cobertura-e-melhorias-na-feira-central\/","og_site_name":"Deputado Federal Vander Loubet","article_publisher":"https:\/\/facebook.com\/deputadovander","article_published_time":"2010-05-24T21:30:51+00:00","og_image":[{"url":"http:\/\/www.deputadovander.com.br\/website\/wp-content\/uploads\/2010\/02\/foto-2010-02-10-feira-central-cg-300x225.jpg","type":"","width":"","height":""}],"author":"\u00c9der","twitter_card":"summary_large_image","twitter_creator":"@vanderloubet","twitter_site":"@vanderloubet","schema":{"@context":"https:\/\/schema.org","@graph":[{"@type":"Article","@id":"https:\/\/vanderloubet.com.br\/deputado\/liberados-os-recursos-para-cobertura-e-melhorias-na-feira-central\/#article","isPartOf":{"@id":"https:\/\/vanderloubet.com.br\/deputado\/liberados-os-recursos-para-cobertura-e-melhorias-na-feira-central\/"},"author":{"name":"\u00c9der","@id":"https:\/\/vanderloubet.com.br\/deputado\/#\/schema\/person\/15b51bd564532a8a68d9dec1b8eb890e"},"headline":"Liberados os recursos para cobertura e melhorias na Feira Central","datePublished":"2010-05-24T21:30:51+00:00","mainEntityOfPage":{"@id":"https:\/\/vanderloubet.com.br\/deputado\/liberados-os-recursos-para-cobertura-e-melhorias-na-feira-central\/"},"wordCount":360,"publisher":{"@id":"https:\/\/vanderloubet.com.br\/deputado\/#organization"},"image":{"@id":"https:\/\/vanderloubet.com.br\/deputado\/liberados-os-recursos-para-cobertura-e-melhorias-na-feira-central\/#primaryimage"},"thumbnailUrl":"http:\/\/www.deputadovander.com.br\/website\/wp-content\/uploads\/2010\/02\/foto-2010-02-10-feira-central-cg-300x225.jpg","keywords":["campo grande","emenda","feira central","nelson trad filho","obra","vander loubet"],"articleSection":["Not\u00edcias"],"inLanguage":"pt-BR"},{"@type":"WebPage","@id":"https:\/\/vanderloubet.com.br\/deputado\/liberados-os-recursos-para-cobertura-e-melhorias-na-feira-central\/","url":"https:\/\/vanderloubet.com.br\/deputado\/liberados-os-recursos-para-cobertura-e-melhorias-na-feira-central\/","name":"Liberados os recursos para cobertura e melhorias na Feira Central","isPartOf":{"@id":"https:\/\/vanderloubet.com.br\/deputado\/#website"},"primaryImageOfPage":{"@id":"https:\/\/vanderloubet.com.br\/deputado\/liberados-os-recursos-para-cobertura-e-melhorias-na-feira-central\/#primaryimage"},"image":{"@id":"https:\/\/vanderloubet.com.br\/deputado\/liberados-os-recursos-para-cobertura-e-melhorias-na-feira-central\/#primaryimage"},"thumbnailUrl":"http:\/\/www.deputadovander.com.br\/website\/wp-content\/uploads\/2010\/02\/foto-2010-02-10-feira-central-cg-300x225.jpg","datePublished":"2010-05-24T21:30:51+00:00","breadcrumb":{"@id":"https:\/\/vanderloubet.com.br\/deputado\/liberados-os-recursos-para-cobertura-e-melhorias-na-feira-central\/#breadcrumb"},"inLanguage":"pt-BR","potentialAction":[{"@type":"ReadAction","target":["https:\/\/vanderloubet.com.br\/deputado\/liberados-os-recursos-para-cobertura-e-melhorias-na-feira-central\/"]}]},{"@type":"ImageObject","inLanguage":"pt-BR","@id":"https:\/\/vanderloubet.com.br\/deputado\/liberados-os-recursos-para-cobertura-e-melhorias-na-feira-central\/#primaryimage","url":"http:\/\/www.deputadovander.com.br\/website\/wp-content\/uploads\/2010\/02\/foto-2010-02-10-feira-central-cg-300x225.jpg","contentUrl":"http:\/\/www.deputadovander.com.br\/website\/wp-content\/uploads\/2010\/02\/foto-2010-02-10-feira-central-cg-300x225.jpg"},{"@type":"BreadcrumbList","@id":"https:\/\/vanderloubet.com.br\/deputado\/liberados-os-recursos-para-cobertura-e-melhorias-na-feira-central\/#breadcrumb","itemListElement":[{"@type":"ListItem","position":1,"name":"In\u00edcio","item":"https:\/\/vanderloubet.com.br\/deputado\/"},{"@type":"ListItem","position":2,"name":"Liberados os recursos para cobertura e melhorias na Feira Central"}]},{"@type":"WebSite","@id":"https:\/\/vanderloubet.com.br\/deputado\/#website","url":"https:\/\/vanderloubet.com.br\/deputado\/","name":"Deputado Federal Vander Loubet","description":"O Federal de MS","publisher":{"@id":"https:\/\/vanderloubet.com.br\/deputado\/#organization"},"alternateName":"Deputado Vander","potentialAction":[{"@type":"SearchAction","target":{"@type":"EntryPoint","urlTemplate":"https:\/\/vanderloubet.com.br\/deputado\/?s={search_term_string}"},"query-input":{"@type":"PropertyValueSpecification","valueRequired":true,"valueName":"search_term_string"}}],"inLanguage":"pt-BR"},{"@type":"Organization","@id":"https:\/\/vanderloubet.com.br\/deputado\/#organization","name":"Deputado Federal Vander Loubet","alternateName":"Deputado Vander","url":"https:\/\/vanderloubet.com.br\/deputado\/","logo":{"@type":"ImageObject","inLanguage":"pt-BR","@id":"https:\/\/vanderloubet.com.br\/deputado\/#\/schema\/logo\/image\/","url":"https:\/\/vanderloubet.com.br\/deputado\/wp-content\/uploads\/2023\/06\/foto-2023-06-19-mandato-deputado-vander.jpg","contentUrl":"https:\/\/vanderloubet.com.br\/deputado\/wp-content\/uploads\/2023\/06\/foto-2023-06-19-mandato-deputado-vander.jpg","width":1080,"height":1080,"caption":"Deputado Federal Vander Loubet"},"image":{"@id":"https:\/\/vanderloubet.com.br\/deputado\/#\/schema\/logo\/image\/"},"sameAs":["https:\/\/facebook.com\/deputadovander","https:\/\/x.com\/vanderloubet","https:\/\/instagram.com\/vanderloubet","https:\/\/youtube.com\/vanderloubet","https:\/\/tiktok.com\/@vanderloubetms"]},{"@type":"Person","@id":"https:\/\/vanderloubet.com.br\/deputado\/#\/schema\/person\/15b51bd564532a8a68d9dec1b8eb890e","name":"\u00c9der","image":{"@type":"ImageObject","inLanguage":"pt-BR","@id":"https:\/\/vanderloubet.com.br\/deputado\/wp-content\/litespeed\/avatar\/88ca4090d9d5ab1c9495f6ca03b68efa.jpg?ver=1777058957","url":"https:\/\/vanderloubet.com.br\/deputado\/wp-content\/litespeed\/avatar\/88ca4090d9d5ab1c9495f6ca03b68efa.jpg?ver=1777058957","contentUrl":"https:\/\/vanderloubet.com.br\/deputado\/wp-content\/litespeed\/avatar\/88ca4090d9d5ab1c9495f6ca03b68efa.jpg?ver=1777058957","caption":"\u00c9der"}}]}},"jetpack_featured_media_url":"","jetpack_sharing_enabled":true,"_links":{"self":[{"href":"https:\/\/vanderloubet.com.br\/deputado\/wp-json\/wp\/v2\/posts\/1178","targetHints":{"allow":["GET"]}}],"collection":[{"href":"https:\/\/vanderloubet.com.br\/deputado\/wp-json\/wp\/v2\/posts"}],"about":[{"href":"https:\/\/vanderloubet.com.br\/deputado\/wp-json\/wp\/v2\/types\/post"}],"author":[{"embeddable":true,"href":"https:\/\/vanderloubet.com.br\/deputado\/wp-json\/wp\/v2\/users\/2"}],"replies":[{"embeddable":true,"href":"https:\/\/vanderloubet.com.br\/deputado\/wp-json\/wp\/v2\/comments?post=1178"}],"version-history":[{"count":0,"href":"https:\/\/vanderloubet.com.br\/deputado\/wp-json\/wp\/v2\/posts\/1178\/revisions"}],"wp:attachment":[{"href":"https:\/\/vanderloubet.com.br\/deputado\/wp-json\/wp\/v2\/media?parent=1178"}],"wp:term":[{"taxonomy":"category","embeddable":true,"href":"https:\/\/vanderloubet.com.br\/deputado\/wp-json\/wp\/v2\/categories?post=1178"},{"taxonomy":"post_tag","embeddable":true,"href":"https:\/\/vanderloubet.com.br\/deputado\/wp-json\/wp\/v2\/tags?post=1178"}],"curies":[{"name":"wp","href":"https:\/\/api.w.org\/{rel}","templated":true}]}}