{"id":11659,"date":"2016-08-16T10:33:28","date_gmt":"2016-08-16T14:33:28","guid":{"rendered":"http:\/\/vanderloubet.com.br\/deputado\/?p=11659"},"modified":"2016-08-16T10:34:21","modified_gmt":"2016-08-16T14:34:21","slug":"obras-de-saude-viabilizadas-por-vander-avancam-em-corumba","status":"publish","type":"post","link":"https:\/\/vanderloubet.com.br\/deputado\/obras-de-saude-viabilizadas-por-vander-avancam-em-corumba\/","title":{"rendered":"Obras de sa\u00fade viabilizadas por Vander avan\u00e7am em Corumb\u00e1"},"content":{"rendered":"\r\n                <style type=\"text\/css\">\r\n                    \r\n                    #tdi_1  .td-doubleSlider-2 .td-item1 {\r\n                        background: url(https:\/\/vanderloubet.com.br\/deputado\/wp-content\/uploads\/2016\/08\/foto-2016-08-16-corumba-saude-centro-mulher-80x60.jpg) 0 0 no-repeat;\r\n                    }\r\n                    #tdi_1  .td-doubleSlider-2 .td-item2 {\r\n                        background: url(https:\/\/vanderloubet.com.br\/deputado\/wp-content\/uploads\/2016\/08\/foto-2016-08-16-corumba-saude-centro-ladeira-80x60.jpg) 0 0 no-repeat;\r\n                    }\r\n                    #tdi_1  .td-doubleSlider-2 .td-item3 {\r\n                        background: url(https:\/\/vanderloubet.com.br\/deputado\/wp-content\/uploads\/2016\/08\/foto-2016-08-16-corumba-saude-centro-acolhimento-80x60.jpg) 0 0 no-repeat;\r\n                    }\r\n                    #tdi_1  .td-doubleSlider-2 .td-item4 {\r\n                        background: url(https:\/\/vanderloubet.com.br\/deputado\/wp-content\/uploads\/2016\/08\/foto-2016-08-16-corumba-saude-cis-laboratorio-80x60.jpg) 0 0 no-repeat;\r\n                    }\r\n                <\/style>\r\n\r\n                <div id=\"tdi_1\" class=\"td-gallery td-slide-on-2-columns\">\r\n                    <div class=\"post_td_gallery\">\r\n                        <div class=\"td-gallery-slide-top\">\r\n                           <div class=\"td-gallery-title\"><\/div>\r\n\r\n                            <div class=\"td-gallery-controls-wrapper\">\r\n                                <div class=\"td-gallery-slide-count\"><span class=\"td-gallery-slide-item-focus\">1<\/span> de 4<\/div>\r\n                                <div class=\"td-gallery-slide-prev-next-but\">\r\n                                    <i class = \"td-icon-left doubleSliderPrevButton\"><\/i>\r\n                                    <i class = \"td-icon-right doubleSliderNextButton\"><\/i>\r\n                                <\/div>\r\n                            <\/div>\r\n                        <\/div>\r\n\r\n                        <div class = \"td-doubleSlider-1 \">\r\n                            <div class = \"td-slider\">\r\n                                \r\n                    <div class = \"td-slide-item td-item1\">\r\n                        <figure class=\"td-slide-galery-figure td-slide-popup-gallery\">\r\n                            <a class=\"slide-gallery-image-link\" href=\"https:\/\/vanderloubet.com.br\/deputado\/wp-content\/uploads\/2016\/08\/foto-2016-08-16-corumba-saude-centro-mulher.jpg\" title=\"Obra no Centro de Sa\u00fade da Mulher Dr. Nicolau Fragelli (Foto: Ascom\/PMC)\"  data-caption=\"\"  data-description=\"Obra no Centro de Sa&uacute;de da Mulher Dr. Nicolau Fragelli (Foto: Ascom\/PMC)\">\r\n                                <img decoding=\"async\" src=\"https:\/\/vanderloubet.com.br\/deputado\/wp-content\/uploads\/2016\/08\/foto-2016-08-16-corumba-saude-centro-mulher-630x420.jpg\" srcset=\"https:\/\/vanderloubet.com.br\/deputado\/wp-content\/uploads\/2016\/08\/foto-2016-08-16-corumba-saude-centro-mulher-630x420.jpg 630w, https:\/\/vanderloubet.com.br\/deputado\/wp-content\/uploads\/2016\/08\/foto-2016-08-16-corumba-saude-centro-mulher-350x233.jpg 350w, https:\/\/vanderloubet.com.br\/deputado\/wp-content\/uploads\/2016\/08\/foto-2016-08-16-corumba-saude-centro-mulher-768x512.jpg 768w, https:\/\/vanderloubet.com.br\/deputado\/wp-content\/uploads\/2016\/08\/foto-2016-08-16-corumba-saude-centro-mulher-700x467.jpg 700w, https:\/\/vanderloubet.com.br\/deputado\/wp-content\/uploads\/2016\/08\/foto-2016-08-16-corumba-saude-centro-mulher-696x464.jpg 696w, https:\/\/vanderloubet.com.br\/deputado\/wp-content\/uploads\/2016\/08\/foto-2016-08-16-corumba-saude-centro-mulher-1068x712.jpg 1068w, https:\/\/vanderloubet.com.br\/deputado\/wp-content\/uploads\/2016\/08\/foto-2016-08-16-corumba-saude-centro-mulher.jpg 1080w\" sizes=\"(max-width: 630px) 100vw, 630px\" alt=\"Obra no Centro de Sa&uacute;de da Mulher Dr. Nicolau Fragelli (Foto: Ascom\/PMC)\">\r\n                            <\/a>\r\n                            <figcaption class = \"td-slide-caption td-gallery-slide-content\"><span>Obra no Centro de Sa\u00fade da Mulher Dr. Nicolau Fragelli (Foto: Ascom\/PMC)<\/span><\/figcaption>\r\n                        <\/figure>\r\n                    <\/div>\r\n                    <div class = \"td-slide-item td-item2\">\r\n                        <figure class=\"td-slide-galery-figure td-slide-popup-gallery\">\r\n                            <a class=\"slide-gallery-image-link\" href=\"https:\/\/vanderloubet.com.br\/deputado\/wp-content\/uploads\/2016\/08\/foto-2016-08-16-corumba-saude-centro-ladeira.jpg\" title=\"Obra no Centro de Sa\u00fade da Ladeira Cunha e Cruz (Foto: Ascom\/PMC)\"  data-caption=\"\"  data-description=\"Obra no Centro de Sa&uacute;de da Ladeira Cunha e Cruz (Foto: Ascom\/PMC)\">\r\n                                <img decoding=\"async\" src=\"https:\/\/vanderloubet.com.br\/deputado\/wp-content\/uploads\/2016\/08\/foto-2016-08-16-corumba-saude-centro-ladeira-630x420.jpg\" srcset=\"https:\/\/vanderloubet.com.br\/deputado\/wp-content\/uploads\/2016\/08\/foto-2016-08-16-corumba-saude-centro-ladeira-630x420.jpg 630w, https:\/\/vanderloubet.com.br\/deputado\/wp-content\/uploads\/2016\/08\/foto-2016-08-16-corumba-saude-centro-ladeira-350x233.jpg 350w, https:\/\/vanderloubet.com.br\/deputado\/wp-content\/uploads\/2016\/08\/foto-2016-08-16-corumba-saude-centro-ladeira-768x512.jpg 768w, https:\/\/vanderloubet.com.br\/deputado\/wp-content\/uploads\/2016\/08\/foto-2016-08-16-corumba-saude-centro-ladeira-700x467.jpg 700w, https:\/\/vanderloubet.com.br\/deputado\/wp-content\/uploads\/2016\/08\/foto-2016-08-16-corumba-saude-centro-ladeira-696x464.jpg 696w, https:\/\/vanderloubet.com.br\/deputado\/wp-content\/uploads\/2016\/08\/foto-2016-08-16-corumba-saude-centro-ladeira-1068x712.jpg 1068w, https:\/\/vanderloubet.com.br\/deputado\/wp-content\/uploads\/2016\/08\/foto-2016-08-16-corumba-saude-centro-ladeira.jpg 1080w\" sizes=\"(max-width: 630px) 100vw, 630px\" alt=\"Obra no Centro de Sa&uacute;de da Ladeira Cunha e Cruz (Foto: Ascom\/PMC)\">\r\n                            <\/a>\r\n                            <figcaption class = \"td-slide-caption td-gallery-slide-content\"><span>Obra no Centro de Sa\u00fade da Ladeira Cunha e Cruz (Foto: Ascom\/PMC)<\/span><\/figcaption>\r\n                        <\/figure>\r\n                    <\/div>\r\n                    <div class = \"td-slide-item td-item3\">\r\n                        <figure class=\"td-slide-galery-figure td-slide-popup-gallery\">\r\n                            <a class=\"slide-gallery-image-link\" href=\"https:\/\/vanderloubet.com.br\/deputado\/wp-content\/uploads\/2016\/08\/foto-2016-08-16-corumba-saude-centro-acolhimento.jpg\" title=\"Obra no Centro de Acolhimento (Foto: Ascom\/PMC)\"  data-caption=\"\"  data-description=\"Obra no Centro de Acolhimento (Foto: Ascom\/PMC)\">\r\n                                <img decoding=\"async\" src=\"https:\/\/vanderloubet.com.br\/deputado\/wp-content\/uploads\/2016\/08\/foto-2016-08-16-corumba-saude-centro-acolhimento-630x420.jpg\" srcset=\"https:\/\/vanderloubet.com.br\/deputado\/wp-content\/uploads\/2016\/08\/foto-2016-08-16-corumba-saude-centro-acolhimento-630x420.jpg 630w, https:\/\/vanderloubet.com.br\/deputado\/wp-content\/uploads\/2016\/08\/foto-2016-08-16-corumba-saude-centro-acolhimento-350x233.jpg 350w, https:\/\/vanderloubet.com.br\/deputado\/wp-content\/uploads\/2016\/08\/foto-2016-08-16-corumba-saude-centro-acolhimento-768x512.jpg 768w, https:\/\/vanderloubet.com.br\/deputado\/wp-content\/uploads\/2016\/08\/foto-2016-08-16-corumba-saude-centro-acolhimento-700x467.jpg 700w, https:\/\/vanderloubet.com.br\/deputado\/wp-content\/uploads\/2016\/08\/foto-2016-08-16-corumba-saude-centro-acolhimento-696x464.jpg 696w, https:\/\/vanderloubet.com.br\/deputado\/wp-content\/uploads\/2016\/08\/foto-2016-08-16-corumba-saude-centro-acolhimento-1068x712.jpg 1068w, https:\/\/vanderloubet.com.br\/deputado\/wp-content\/uploads\/2016\/08\/foto-2016-08-16-corumba-saude-centro-acolhimento.jpg 1080w\" sizes=\"(max-width: 630px) 100vw, 630px\" alt=\"Obra no Centro de Acolhimento (Foto: Ascom\/PMC)\">\r\n                            <\/a>\r\n                            <figcaption class = \"td-slide-caption td-gallery-slide-content\"><span>Obra no Centro de Acolhimento (Foto: Ascom\/PMC)<\/span><\/figcaption>\r\n                        <\/figure>\r\n                    <\/div>\r\n                    <div class = \"td-slide-item td-item4\">\r\n                        <figure class=\"td-slide-galery-figure td-slide-popup-gallery\">\r\n                            <a class=\"slide-gallery-image-link\" href=\"https:\/\/vanderloubet.com.br\/deputado\/wp-content\/uploads\/2016\/08\/foto-2016-08-16-corumba-saude-cis-laboratorio.jpg\" title=\"Obra no CIS e Laborat\u00f3rio de An\u00e1lises Cl\u00ednicas (Foto: Ascom\/PMC)\"  data-caption=\"\"  data-description=\"Obra no CIS e Laborat&oacute;rio de An&aacute;lises Cl&iacute;nicas (Foto: Ascom\/PMC)\">\r\n                                <img decoding=\"async\" src=\"https:\/\/vanderloubet.com.br\/deputado\/wp-content\/uploads\/2016\/08\/foto-2016-08-16-corumba-saude-cis-laboratorio-630x420.jpg\" srcset=\"https:\/\/vanderloubet.com.br\/deputado\/wp-content\/uploads\/2016\/08\/foto-2016-08-16-corumba-saude-cis-laboratorio-630x420.jpg 630w, https:\/\/vanderloubet.com.br\/deputado\/wp-content\/uploads\/2016\/08\/foto-2016-08-16-corumba-saude-cis-laboratorio-350x233.jpg 350w, https:\/\/vanderloubet.com.br\/deputado\/wp-content\/uploads\/2016\/08\/foto-2016-08-16-corumba-saude-cis-laboratorio-768x512.jpg 768w, https:\/\/vanderloubet.com.br\/deputado\/wp-content\/uploads\/2016\/08\/foto-2016-08-16-corumba-saude-cis-laboratorio-700x467.jpg 700w, https:\/\/vanderloubet.com.br\/deputado\/wp-content\/uploads\/2016\/08\/foto-2016-08-16-corumba-saude-cis-laboratorio-696x464.jpg 696w, https:\/\/vanderloubet.com.br\/deputado\/wp-content\/uploads\/2016\/08\/foto-2016-08-16-corumba-saude-cis-laboratorio-1068x712.jpg 1068w, https:\/\/vanderloubet.com.br\/deputado\/wp-content\/uploads\/2016\/08\/foto-2016-08-16-corumba-saude-cis-laboratorio.jpg 1080w\" sizes=\"(max-width: 630px) 100vw, 630px\" alt=\"Obra no CIS e Laborat&oacute;rio de An&aacute;lises Cl&iacute;nicas (Foto: Ascom\/PMC)\">\r\n                            <\/a>\r\n                            <figcaption class = \"td-slide-caption td-gallery-slide-content\"><span>Obra no CIS e Laborat\u00f3rio de An\u00e1lises Cl\u00ednicas (Foto: Ascom\/PMC)<\/span><\/figcaption>\r\n                        <\/figure>\r\n                    <\/div>\r\n                            <\/div>\r\n                        <\/div>\r\n\r\n                        <div class = \"td-doubleSlider-2\">\r\n                            <div class = \"td-slider\">\r\n                                \r\n                    <div class = \"td-button td-item1\">\r\n                        <div class = \"td-border\"><\/div>\r\n                    <\/div>\r\n                    <div class = \"td-button td-item2\">\r\n                        <div class = \"td-border\"><\/div>\r\n                    <\/div>\r\n                    <div class = \"td-button td-item3\">\r\n                        <div class = \"td-border\"><\/div>\r\n                    <\/div>\r\n                    <div class = \"td-button td-item4\">\r\n                        <div class = \"td-border\"><\/div>\r\n                    <\/div>\r\n                            <\/div>\r\n                        <\/div>\r\n\r\n                    <\/div>\r\n\r\n                <\/div>\r\n                \n<p>Em 21 de setembro do ano passado, o munic\u00edpio de Corumb\u00e1 comemorou 237 anos de funda\u00e7\u00e3o. Na ocasi\u00e3o, o prefeito Paulo Duarte anunciou um pacote de obras, dentre as quais est\u00e3o obras na \u00e1rea da sa\u00fade financiadas com recursos de uma emenda de bancada viabilizada pelo deputado federal Vander Loubet no Or\u00e7amento Geral da Uni\u00e3o de 2013.<\/p>\n<p>O valor investido por meio de conv\u00eanios entre o Minist\u00e9rio da Sa\u00fade e o Munic\u00edpio chega a quase R$ 6,5 milh\u00f5es. Conhe\u00e7a a seguir as obras e suas situa\u00e7\u00f5es:<\/p>\n<p><em>Obra:<\/em> Reforma e readequa\u00e7\u00e3o do Centro de Sa\u00fade da Mulher Dr. Nicolau Fragelli<br \/>\n<em>Valor:<\/em> R$ 1,15 milh\u00e3o<br \/>\n<em>Situa\u00e7\u00e3o:<\/em> Em andamento, com previs\u00e3o de entrega para o fim do ano<\/p>\n<p><em>Obra:<\/em> Reforma e readequa\u00e7\u00e3o do Centro de Sa\u00fade da Ladeira Cunha e Cruz<br \/>\n<em>Valor:<\/em> mais de R$ 386 mil<br \/>\n<em>Situa\u00e7\u00e3o:<\/em> Em andamento, com previs\u00e3o de entrega para outubro deste ano<\/p>\n<p><em>Obra:<\/em> Centro de Acolhimento de Tr\u00e2nsito para usu\u00e1rios do SUS em tratamento &#8211; reforma e readequa\u00e7\u00e3o de pr\u00e9dio da Prefeitura na Rua Jos\u00e9 Fragelli, Bairro Popular Nova<br \/>\n<em>Valor:<\/em> mais de R$ 863 mil<br \/>\n<em>Situa\u00e7\u00e3o:<\/em> Em andamento, com previs\u00e3o de entrega para o fim do ano<\/p>\n<p><em>Obra:<\/em> Centro Integrado de Sa\u00fade (CIS) e Laborat\u00f3rio de An\u00e1lises Cl\u00ednicas &#8211; reforma e adequa\u00e7\u00e3o do antigo Clube Noroeste na esquina da Rua Porto Carreiro com Rua Frei Mariano<br \/>\n<em>Valor:<\/em> R$ 950 mil<br \/>\n<em>Situa\u00e7\u00e3o:<\/em> Em andamento, com previs\u00e3o de entrega para o fim do ano<\/p>\n<p><em>Obra:<\/em> Reforma e adequa\u00e7\u00e3o do Centro de Refer\u00eancia em DST\/Aids Dr. Jo\u00e3o de Brito<br \/>\n<em>Valor:<\/em> mais de R$ 575 mil<br \/>\n<em>Situa\u00e7\u00e3o:<\/em> Licitada, aguardando libera\u00e7\u00e3o de recursos para in\u00edcio das obras<\/p>\n<p>Al\u00e9m de Vander, assinaram a emenda de bancada o deputado federal Henrique Mandetta e o ent\u00e3o deputado federal e atual governador Reinaldo Azambuja.<\/p>\n<p>Outra obra de sa\u00fade que conta com o apoio do deputado Vander Loubet e que est\u00e1 para ser iniciada pela Prefeitura \u00e9 a constru\u00e7\u00e3o de uma Unidade B\u00e1sica de Sa\u00fase (UBS) no Residencial Conquista Guat\u00f3, no Bairro Padre Ernesto Sassida.<\/p>\n<p>O projeto est\u00e1 or\u00e7ado em R$1,015 milh\u00e3o, dos quais R$ 512 mil vir\u00e3o de uma emenda individual do parlamentar, apresentada ao Or\u00e7amento Geral da Uni\u00e3o de 2014. Outra emenda de Vander, no valor de R$ 238 mil, ser\u00e1 usada para aquisi\u00e7\u00e3o de equipamentos, m\u00f3veis e materiais para a nova UBS.<\/p>\n<p><em>(\u00c9der Yanaguita &#8211; Ascom\/Dep. Vander Loubet)<\/em><\/p>\n","protected":false},"excerpt":{"rendered":"<p>Pacote foi lan\u00e7ado por prefeito em setembro passado e soma quase R$ 6,5 milh\u00f5es em conv\u00eanios com Minist\u00e9rio da Sa\u00fade.<\/p>\n","protected":false},"author":2,"featured_media":11661,"comment_status":"closed","ping_status":"closed","sticky":false,"template":"","format":"standard","meta":{"jetpack_post_was_ever_published":false,"_jetpack_newsletter_access":"","_jetpack_dont_email_post_to_subs":false,"_jetpack_newsletter_tier_id":0,"_jetpack_memberships_contains_paywalled_content":false,"_jetpack_memberships_contains_paid_content":false,"footnotes":""},"categories":[2097,10],"tags":[2127,1803],"class_list":{"0":"post-11659","1":"post","2":"type-post","3":"status-publish","4":"format-standard","5":"has-post-thumbnail","7":"category-municipios-noticias","8":"category-noticias","9":"tag-emenda-parlamentar","10":"tag-saude"},"yoast_head":"<!-- This site is optimized with the Yoast SEO plugin v27.4 - https:\/\/yoast.com\/product\/yoast-seo-wordpress\/ -->\n<title>Obras de sa\u00fade viabilizadas por Vander avan\u00e7am em Corumb\u00e1<\/title>\n<meta name=\"robots\" content=\"index, follow, max-snippet:-1, max-image-preview:large, max-video-preview:-1\" \/>\n<link rel=\"canonical\" href=\"https:\/\/vanderloubet.com.br\/deputado\/obras-de-saude-viabilizadas-por-vander-avancam-em-corumba\/\" \/>\n<meta property=\"og:locale\" content=\"pt_BR\" \/>\n<meta property=\"og:type\" content=\"article\" \/>\n<meta property=\"og:title\" content=\"Obras de sa\u00fade viabilizadas por Vander avan\u00e7am em Corumb\u00e1\" \/>\n<meta property=\"og:description\" content=\"Pacote foi lan\u00e7ado por prefeito em setembro passado e soma quase R$ 6,5 milh\u00f5es em conv\u00eanios com Minist\u00e9rio da Sa\u00fade.\" \/>\n<meta property=\"og:url\" content=\"https:\/\/vanderloubet.com.br\/deputado\/obras-de-saude-viabilizadas-por-vander-avancam-em-corumba\/\" \/>\n<meta property=\"og:site_name\" content=\"Deputado Federal Vander Loubet\" \/>\n<meta property=\"article:publisher\" content=\"https:\/\/facebook.com\/deputadovander\" \/>\n<meta property=\"article:published_time\" content=\"2016-08-16T14:33:28+00:00\" \/>\n<meta property=\"article:modified_time\" content=\"2016-08-16T14:34:21+00:00\" \/>\n<meta property=\"og:image\" content=\"https:\/\/vanderloubet.com.br\/deputado\/wp-content\/uploads\/2016\/08\/foto-2016-08-16-corumba-saude-centro-ladeira.jpg\" \/>\n\t<meta property=\"og:image:width\" content=\"1080\" \/>\n\t<meta property=\"og:image:height\" content=\"720\" \/>\n\t<meta property=\"og:image:type\" content=\"image\/jpeg\" \/>\n<meta name=\"author\" content=\"\u00c9der\" \/>\n<meta name=\"twitter:card\" content=\"summary_large_image\" \/>\n<meta name=\"twitter:creator\" content=\"@vanderloubet\" \/>\n<meta name=\"twitter:site\" content=\"@vanderloubet\" \/>\n<script type=\"application\/ld+json\" class=\"yoast-schema-graph\">{\"@context\":\"https:\\\/\\\/schema.org\",\"@graph\":[{\"@type\":\"Article\",\"@id\":\"https:\\\/\\\/vanderloubet.com.br\\\/deputado\\\/obras-de-saude-viabilizadas-por-vander-avancam-em-corumba\\\/#article\",\"isPartOf\":{\"@id\":\"https:\\\/\\\/vanderloubet.com.br\\\/deputado\\\/obras-de-saude-viabilizadas-por-vander-avancam-em-corumba\\\/\"},\"author\":{\"name\":\"\u00c9der\",\"@id\":\"https:\\\/\\\/vanderloubet.com.br\\\/deputado\\\/#\\\/schema\\\/person\\\/15b51bd564532a8a68d9dec1b8eb890e\"},\"headline\":\"Obras de sa\u00fade viabilizadas por Vander avan\u00e7am em Corumb\u00e1\",\"datePublished\":\"2016-08-16T14:33:28+00:00\",\"dateModified\":\"2016-08-16T14:34:21+00:00\",\"mainEntityOfPage\":{\"@id\":\"https:\\\/\\\/vanderloubet.com.br\\\/deputado\\\/obras-de-saude-viabilizadas-por-vander-avancam-em-corumba\\\/\"},\"wordCount\":448,\"publisher\":{\"@id\":\"https:\\\/\\\/vanderloubet.com.br\\\/deputado\\\/#organization\"},\"image\":{\"@id\":\"https:\\\/\\\/vanderloubet.com.br\\\/deputado\\\/obras-de-saude-viabilizadas-por-vander-avancam-em-corumba\\\/#primaryimage\"},\"thumbnailUrl\":\"https:\\\/\\\/vanderloubet.com.br\\\/deputado\\\/wp-content\\\/uploads\\\/2016\\\/08\\\/foto-2016-08-16-corumba-saude-centro-ladeira.jpg\",\"keywords\":[\"emenda parlamentar\",\"sa\u00fade\"],\"articleSection\":[\"Munic\u00edpios\",\"Not\u00edcias\"],\"inLanguage\":\"pt-BR\"},{\"@type\":\"WebPage\",\"@id\":\"https:\\\/\\\/vanderloubet.com.br\\\/deputado\\\/obras-de-saude-viabilizadas-por-vander-avancam-em-corumba\\\/\",\"url\":\"https:\\\/\\\/vanderloubet.com.br\\\/deputado\\\/obras-de-saude-viabilizadas-por-vander-avancam-em-corumba\\\/\",\"name\":\"Obras de sa\u00fade viabilizadas por Vander avan\u00e7am em Corumb\u00e1\",\"isPartOf\":{\"@id\":\"https:\\\/\\\/vanderloubet.com.br\\\/deputado\\\/#website\"},\"primaryImageOfPage\":{\"@id\":\"https:\\\/\\\/vanderloubet.com.br\\\/deputado\\\/obras-de-saude-viabilizadas-por-vander-avancam-em-corumba\\\/#primaryimage\"},\"image\":{\"@id\":\"https:\\\/\\\/vanderloubet.com.br\\\/deputado\\\/obras-de-saude-viabilizadas-por-vander-avancam-em-corumba\\\/#primaryimage\"},\"thumbnailUrl\":\"https:\\\/\\\/vanderloubet.com.br\\\/deputado\\\/wp-content\\\/uploads\\\/2016\\\/08\\\/foto-2016-08-16-corumba-saude-centro-ladeira.jpg\",\"datePublished\":\"2016-08-16T14:33:28+00:00\",\"dateModified\":\"2016-08-16T14:34:21+00:00\",\"breadcrumb\":{\"@id\":\"https:\\\/\\\/vanderloubet.com.br\\\/deputado\\\/obras-de-saude-viabilizadas-por-vander-avancam-em-corumba\\\/#breadcrumb\"},\"inLanguage\":\"pt-BR\",\"potentialAction\":[{\"@type\":\"ReadAction\",\"target\":[\"https:\\\/\\\/vanderloubet.com.br\\\/deputado\\\/obras-de-saude-viabilizadas-por-vander-avancam-em-corumba\\\/\"]}]},{\"@type\":\"ImageObject\",\"inLanguage\":\"pt-BR\",\"@id\":\"https:\\\/\\\/vanderloubet.com.br\\\/deputado\\\/obras-de-saude-viabilizadas-por-vander-avancam-em-corumba\\\/#primaryimage\",\"url\":\"https:\\\/\\\/vanderloubet.com.br\\\/deputado\\\/wp-content\\\/uploads\\\/2016\\\/08\\\/foto-2016-08-16-corumba-saude-centro-ladeira.jpg\",\"contentUrl\":\"https:\\\/\\\/vanderloubet.com.br\\\/deputado\\\/wp-content\\\/uploads\\\/2016\\\/08\\\/foto-2016-08-16-corumba-saude-centro-ladeira.jpg\",\"width\":1080,\"height\":720,\"caption\":\"Obra no Centro de Sa\u00fade da Ladeira Cunha e Cruz (Foto: Ascom\\\/PMC)\"},{\"@type\":\"BreadcrumbList\",\"@id\":\"https:\\\/\\\/vanderloubet.com.br\\\/deputado\\\/obras-de-saude-viabilizadas-por-vander-avancam-em-corumba\\\/#breadcrumb\",\"itemListElement\":[{\"@type\":\"ListItem\",\"position\":1,\"name\":\"In\u00edcio\",\"item\":\"https:\\\/\\\/vanderloubet.com.br\\\/deputado\\\/\"},{\"@type\":\"ListItem\",\"position\":2,\"name\":\"Obras de sa\u00fade viabilizadas por Vander avan\u00e7am em Corumb\u00e1\"}]},{\"@type\":\"WebSite\",\"@id\":\"https:\\\/\\\/vanderloubet.com.br\\\/deputado\\\/#website\",\"url\":\"https:\\\/\\\/vanderloubet.com.br\\\/deputado\\\/\",\"name\":\"Deputado Federal Vander Loubet\",\"description\":\"O Federal de MS\",\"publisher\":{\"@id\":\"https:\\\/\\\/vanderloubet.com.br\\\/deputado\\\/#organization\"},\"alternateName\":\"Deputado Vander\",\"potentialAction\":[{\"@type\":\"SearchAction\",\"target\":{\"@type\":\"EntryPoint\",\"urlTemplate\":\"https:\\\/\\\/vanderloubet.com.br\\\/deputado\\\/?s={search_term_string}\"},\"query-input\":{\"@type\":\"PropertyValueSpecification\",\"valueRequired\":true,\"valueName\":\"search_term_string\"}}],\"inLanguage\":\"pt-BR\"},{\"@type\":\"Organization\",\"@id\":\"https:\\\/\\\/vanderloubet.com.br\\\/deputado\\\/#organization\",\"name\":\"Deputado Federal Vander Loubet\",\"alternateName\":\"Deputado Vander\",\"url\":\"https:\\\/\\\/vanderloubet.com.br\\\/deputado\\\/\",\"logo\":{\"@type\":\"ImageObject\",\"inLanguage\":\"pt-BR\",\"@id\":\"https:\\\/\\\/vanderloubet.com.br\\\/deputado\\\/#\\\/schema\\\/logo\\\/image\\\/\",\"url\":\"https:\\\/\\\/vanderloubet.com.br\\\/deputado\\\/wp-content\\\/uploads\\\/2023\\\/06\\\/foto-2023-06-19-mandato-deputado-vander.jpg\",\"contentUrl\":\"https:\\\/\\\/vanderloubet.com.br\\\/deputado\\\/wp-content\\\/uploads\\\/2023\\\/06\\\/foto-2023-06-19-mandato-deputado-vander.jpg\",\"width\":1080,\"height\":1080,\"caption\":\"Deputado Federal Vander Loubet\"},\"image\":{\"@id\":\"https:\\\/\\\/vanderloubet.com.br\\\/deputado\\\/#\\\/schema\\\/logo\\\/image\\\/\"},\"sameAs\":[\"https:\\\/\\\/facebook.com\\\/deputadovander\",\"https:\\\/\\\/x.com\\\/vanderloubet\",\"https:\\\/\\\/instagram.com\\\/vanderloubet\",\"https:\\\/\\\/youtube.com\\\/vanderloubet\",\"https:\\\/\\\/tiktok.com\\\/@vanderloubetms\"]},{\"@type\":\"Person\",\"@id\":\"https:\\\/\\\/vanderloubet.com.br\\\/deputado\\\/#\\\/schema\\\/person\\\/15b51bd564532a8a68d9dec1b8eb890e\",\"name\":\"\u00c9der\",\"image\":{\"@type\":\"ImageObject\",\"inLanguage\":\"pt-BR\",\"@id\":\"https:\\\/\\\/vanderloubet.com.br\\\/deputado\\\/wp-content\\\/litespeed\\\/avatar\\\/88ca4090d9d5ab1c9495f6ca03b68efa.jpg?ver=1777058957\",\"url\":\"https:\\\/\\\/vanderloubet.com.br\\\/deputado\\\/wp-content\\\/litespeed\\\/avatar\\\/88ca4090d9d5ab1c9495f6ca03b68efa.jpg?ver=1777058957\",\"contentUrl\":\"https:\\\/\\\/vanderloubet.com.br\\\/deputado\\\/wp-content\\\/litespeed\\\/avatar\\\/88ca4090d9d5ab1c9495f6ca03b68efa.jpg?ver=1777058957\",\"caption\":\"\u00c9der\"}}]}<\/script>\n<!-- \/ Yoast SEO plugin. -->","yoast_head_json":{"title":"Obras de sa\u00fade viabilizadas por Vander avan\u00e7am em Corumb\u00e1","robots":{"index":"index","follow":"follow","max-snippet":"max-snippet:-1","max-image-preview":"max-image-preview:large","max-video-preview":"max-video-preview:-1"},"canonical":"https:\/\/vanderloubet.com.br\/deputado\/obras-de-saude-viabilizadas-por-vander-avancam-em-corumba\/","og_locale":"pt_BR","og_type":"article","og_title":"Obras de sa\u00fade viabilizadas por Vander avan\u00e7am em Corumb\u00e1","og_description":"Pacote foi lan\u00e7ado por prefeito em setembro passado e soma quase R$ 6,5 milh\u00f5es em conv\u00eanios com Minist\u00e9rio da Sa\u00fade.","og_url":"https:\/\/vanderloubet.com.br\/deputado\/obras-de-saude-viabilizadas-por-vander-avancam-em-corumba\/","og_site_name":"Deputado Federal Vander Loubet","article_publisher":"https:\/\/facebook.com\/deputadovander","article_published_time":"2016-08-16T14:33:28+00:00","article_modified_time":"2016-08-16T14:34:21+00:00","og_image":[{"width":1080,"height":720,"url":"https:\/\/vanderloubet.com.br\/deputado\/wp-content\/uploads\/2016\/08\/foto-2016-08-16-corumba-saude-centro-ladeira.jpg","type":"image\/jpeg"}],"author":"\u00c9der","twitter_card":"summary_large_image","twitter_creator":"@vanderloubet","twitter_site":"@vanderloubet","schema":{"@context":"https:\/\/schema.org","@graph":[{"@type":"Article","@id":"https:\/\/vanderloubet.com.br\/deputado\/obras-de-saude-viabilizadas-por-vander-avancam-em-corumba\/#article","isPartOf":{"@id":"https:\/\/vanderloubet.com.br\/deputado\/obras-de-saude-viabilizadas-por-vander-avancam-em-corumba\/"},"author":{"name":"\u00c9der","@id":"https:\/\/vanderloubet.com.br\/deputado\/#\/schema\/person\/15b51bd564532a8a68d9dec1b8eb890e"},"headline":"Obras de sa\u00fade viabilizadas por Vander avan\u00e7am em Corumb\u00e1","datePublished":"2016-08-16T14:33:28+00:00","dateModified":"2016-08-16T14:34:21+00:00","mainEntityOfPage":{"@id":"https:\/\/vanderloubet.com.br\/deputado\/obras-de-saude-viabilizadas-por-vander-avancam-em-corumba\/"},"wordCount":448,"publisher":{"@id":"https:\/\/vanderloubet.com.br\/deputado\/#organization"},"image":{"@id":"https:\/\/vanderloubet.com.br\/deputado\/obras-de-saude-viabilizadas-por-vander-avancam-em-corumba\/#primaryimage"},"thumbnailUrl":"https:\/\/vanderloubet.com.br\/deputado\/wp-content\/uploads\/2016\/08\/foto-2016-08-16-corumba-saude-centro-ladeira.jpg","keywords":["emenda parlamentar","sa\u00fade"],"articleSection":["Munic\u00edpios","Not\u00edcias"],"inLanguage":"pt-BR"},{"@type":"WebPage","@id":"https:\/\/vanderloubet.com.br\/deputado\/obras-de-saude-viabilizadas-por-vander-avancam-em-corumba\/","url":"https:\/\/vanderloubet.com.br\/deputado\/obras-de-saude-viabilizadas-por-vander-avancam-em-corumba\/","name":"Obras de sa\u00fade viabilizadas por Vander avan\u00e7am em Corumb\u00e1","isPartOf":{"@id":"https:\/\/vanderloubet.com.br\/deputado\/#website"},"primaryImageOfPage":{"@id":"https:\/\/vanderloubet.com.br\/deputado\/obras-de-saude-viabilizadas-por-vander-avancam-em-corumba\/#primaryimage"},"image":{"@id":"https:\/\/vanderloubet.com.br\/deputado\/obras-de-saude-viabilizadas-por-vander-avancam-em-corumba\/#primaryimage"},"thumbnailUrl":"https:\/\/vanderloubet.com.br\/deputado\/wp-content\/uploads\/2016\/08\/foto-2016-08-16-corumba-saude-centro-ladeira.jpg","datePublished":"2016-08-16T14:33:28+00:00","dateModified":"2016-08-16T14:34:21+00:00","breadcrumb":{"@id":"https:\/\/vanderloubet.com.br\/deputado\/obras-de-saude-viabilizadas-por-vander-avancam-em-corumba\/#breadcrumb"},"inLanguage":"pt-BR","potentialAction":[{"@type":"ReadAction","target":["https:\/\/vanderloubet.com.br\/deputado\/obras-de-saude-viabilizadas-por-vander-avancam-em-corumba\/"]}]},{"@type":"ImageObject","inLanguage":"pt-BR","@id":"https:\/\/vanderloubet.com.br\/deputado\/obras-de-saude-viabilizadas-por-vander-avancam-em-corumba\/#primaryimage","url":"https:\/\/vanderloubet.com.br\/deputado\/wp-content\/uploads\/2016\/08\/foto-2016-08-16-corumba-saude-centro-ladeira.jpg","contentUrl":"https:\/\/vanderloubet.com.br\/deputado\/wp-content\/uploads\/2016\/08\/foto-2016-08-16-corumba-saude-centro-ladeira.jpg","width":1080,"height":720,"caption":"Obra no Centro de Sa\u00fade da Ladeira Cunha e Cruz (Foto: Ascom\/PMC)"},{"@type":"BreadcrumbList","@id":"https:\/\/vanderloubet.com.br\/deputado\/obras-de-saude-viabilizadas-por-vander-avancam-em-corumba\/#breadcrumb","itemListElement":[{"@type":"ListItem","position":1,"name":"In\u00edcio","item":"https:\/\/vanderloubet.com.br\/deputado\/"},{"@type":"ListItem","position":2,"name":"Obras de sa\u00fade viabilizadas por Vander avan\u00e7am em Corumb\u00e1"}]},{"@type":"WebSite","@id":"https:\/\/vanderloubet.com.br\/deputado\/#website","url":"https:\/\/vanderloubet.com.br\/deputado\/","name":"Deputado Federal Vander Loubet","description":"O Federal de MS","publisher":{"@id":"https:\/\/vanderloubet.com.br\/deputado\/#organization"},"alternateName":"Deputado Vander","potentialAction":[{"@type":"SearchAction","target":{"@type":"EntryPoint","urlTemplate":"https:\/\/vanderloubet.com.br\/deputado\/?s={search_term_string}"},"query-input":{"@type":"PropertyValueSpecification","valueRequired":true,"valueName":"search_term_string"}}],"inLanguage":"pt-BR"},{"@type":"Organization","@id":"https:\/\/vanderloubet.com.br\/deputado\/#organization","name":"Deputado Federal Vander Loubet","alternateName":"Deputado Vander","url":"https:\/\/vanderloubet.com.br\/deputado\/","logo":{"@type":"ImageObject","inLanguage":"pt-BR","@id":"https:\/\/vanderloubet.com.br\/deputado\/#\/schema\/logo\/image\/","url":"https:\/\/vanderloubet.com.br\/deputado\/wp-content\/uploads\/2023\/06\/foto-2023-06-19-mandato-deputado-vander.jpg","contentUrl":"https:\/\/vanderloubet.com.br\/deputado\/wp-content\/uploads\/2023\/06\/foto-2023-06-19-mandato-deputado-vander.jpg","width":1080,"height":1080,"caption":"Deputado Federal Vander Loubet"},"image":{"@id":"https:\/\/vanderloubet.com.br\/deputado\/#\/schema\/logo\/image\/"},"sameAs":["https:\/\/facebook.com\/deputadovander","https:\/\/x.com\/vanderloubet","https:\/\/instagram.com\/vanderloubet","https:\/\/youtube.com\/vanderloubet","https:\/\/tiktok.com\/@vanderloubetms"]},{"@type":"Person","@id":"https:\/\/vanderloubet.com.br\/deputado\/#\/schema\/person\/15b51bd564532a8a68d9dec1b8eb890e","name":"\u00c9der","image":{"@type":"ImageObject","inLanguage":"pt-BR","@id":"https:\/\/vanderloubet.com.br\/deputado\/wp-content\/litespeed\/avatar\/88ca4090d9d5ab1c9495f6ca03b68efa.jpg?ver=1777058957","url":"https:\/\/vanderloubet.com.br\/deputado\/wp-content\/litespeed\/avatar\/88ca4090d9d5ab1c9495f6ca03b68efa.jpg?ver=1777058957","contentUrl":"https:\/\/vanderloubet.com.br\/deputado\/wp-content\/litespeed\/avatar\/88ca4090d9d5ab1c9495f6ca03b68efa.jpg?ver=1777058957","caption":"\u00c9der"}}]}},"jetpack_featured_media_url":"https:\/\/vanderloubet.com.br\/deputado\/wp-content\/uploads\/2016\/08\/foto-2016-08-16-corumba-saude-centro-ladeira.jpg","jetpack_sharing_enabled":true,"_links":{"self":[{"href":"https:\/\/vanderloubet.com.br\/deputado\/wp-json\/wp\/v2\/posts\/11659","targetHints":{"allow":["GET"]}}],"collection":[{"href":"https:\/\/vanderloubet.com.br\/deputado\/wp-json\/wp\/v2\/posts"}],"about":[{"href":"https:\/\/vanderloubet.com.br\/deputado\/wp-json\/wp\/v2\/types\/post"}],"author":[{"embeddable":true,"href":"https:\/\/vanderloubet.com.br\/deputado\/wp-json\/wp\/v2\/users\/2"}],"replies":[{"embeddable":true,"href":"https:\/\/vanderloubet.com.br\/deputado\/wp-json\/wp\/v2\/comments?post=11659"}],"version-history":[{"count":0,"href":"https:\/\/vanderloubet.com.br\/deputado\/wp-json\/wp\/v2\/posts\/11659\/revisions"}],"wp:featuredmedia":[{"embeddable":true,"href":"https:\/\/vanderloubet.com.br\/deputado\/wp-json\/wp\/v2\/media\/11661"}],"wp:attachment":[{"href":"https:\/\/vanderloubet.com.br\/deputado\/wp-json\/wp\/v2\/media?parent=11659"}],"wp:term":[{"taxonomy":"category","embeddable":true,"href":"https:\/\/vanderloubet.com.br\/deputado\/wp-json\/wp\/v2\/categories?post=11659"},{"taxonomy":"post_tag","embeddable":true,"href":"https:\/\/vanderloubet.com.br\/deputado\/wp-json\/wp\/v2\/tags?post=11659"}],"curies":[{"name":"wp","href":"https:\/\/api.w.org\/{rel}","templated":true}]}}