{"id":11567,"date":"2016-08-02T10:15:46","date_gmt":"2016-08-02T14:15:46","guid":{"rendered":"http:\/\/vanderloubet.com.br\/deputado\/?p=11567"},"modified":"2016-08-02T10:15:46","modified_gmt":"2016-08-02T14:15:46","slug":"rua-frederico-beni-em-antonio-joao-e-pavimentada-com-emenda-de-vander","status":"publish","type":"post","link":"https:\/\/vanderloubet.com.br\/deputado\/rua-frederico-beni-em-antonio-joao-e-pavimentada-com-emenda-de-vander\/","title":{"rendered":"Rua Frederico Beni em Ant\u00f4nio Jo\u00e3o \u00e9 pavimentada com emenda de Vander"},"content":{"rendered":"<figure id=\"attachment_11568\" aria-describedby=\"caption-attachment-11568\" style=\"width: 700px\" class=\"wp-caption alignnone\"><img decoding=\"async\" class=\"wp-image-11568 size-large\" title=\"Rua Frederico Beni \u00e9 estrat\u00e9gica para o munic\u00edpio e est\u00e1 ganhando pavimenta\u00e7\u00e3o\" src=\"http:\/\/vanderloubet.com.br\/deputado\/wp-content\/uploads\/2016\/08\/foto-2016-08-02-pavimentacao-antonio-joao-700x412.jpg\" alt=\"Rua Frederico Beni \u00e9 estrat\u00e9gica para o munic\u00edpio e est\u00e1 ganhando pavimenta\u00e7\u00e3o\" width=\"700\" height=\"412\" srcset=\"https:\/\/vanderloubet.com.br\/deputado\/wp-content\/uploads\/2016\/08\/foto-2016-08-02-pavimentacao-antonio-joao-700x412.jpg 700w, https:\/\/vanderloubet.com.br\/deputado\/wp-content\/uploads\/2016\/08\/foto-2016-08-02-pavimentacao-antonio-joao-350x206.jpg 350w, https:\/\/vanderloubet.com.br\/deputado\/wp-content\/uploads\/2016\/08\/foto-2016-08-02-pavimentacao-antonio-joao-768x452.jpg 768w, https:\/\/vanderloubet.com.br\/deputado\/wp-content\/uploads\/2016\/08\/foto-2016-08-02-pavimentacao-antonio-joao-714x420.jpg 714w, https:\/\/vanderloubet.com.br\/deputado\/wp-content\/uploads\/2016\/08\/foto-2016-08-02-pavimentacao-antonio-joao-696x409.jpg 696w, https:\/\/vanderloubet.com.br\/deputado\/wp-content\/uploads\/2016\/08\/foto-2016-08-02-pavimentacao-antonio-joao-1068x628.jpg 1068w, https:\/\/vanderloubet.com.br\/deputado\/wp-content\/uploads\/2016\/08\/foto-2016-08-02-pavimentacao-antonio-joao.jpg 1080w\" sizes=\"(max-width: 700px) 100vw, 700px\" \/><figcaption id=\"caption-attachment-11568\" class=\"wp-caption-text\">Rua Frederico Beni \u00e9 estrat\u00e9gica para o munic\u00edpio e est\u00e1 ganhando pavimenta\u00e7\u00e3o<\/figcaption><\/figure>\n<p>Est\u00e1 em andamento no munic\u00edpio de Ant\u00f4nio Jo\u00e3o a pavimenta\u00e7\u00e3o asf\u00e1ltica e drenagem de \u00e1guas pluviais da Rua Frederico Beni e adjac\u00eancias. A obra est\u00e1 sendo executada pela Prefeitura com recursos de uma emenda parlamentar de quase R$ 500 mil do deputado federal Vander Loubet.<\/p>\n<p>A emenda &#8211; alocada por Vander no Minist\u00e9rio das Cidades pelo Or\u00e7amento Geral da Uni\u00e3o de 2013 &#8211; atendeu a uma reivindica\u00e7\u00e3o do prefeito Selso Lozano.<\/p>\n<p>A Rua Frederico Beni \u00e9 estrat\u00e9gica: interliga o Sindicato Rural ao centro da cidade e serve como corredor de acesso ao munic\u00edpio de Ponta Por\u00e3. A via corta a \u00e1rea urbana longitudinalmente e d\u00e1 acesso a Rodovia MS-166, na entrada da cidade, onde est\u00e1 instalada a Cooperativa Agroindustrial Lar, que utiliza das rotas transversais de Ant\u00f4nio Jo\u00e3o para o transporte dos seus produtos.<\/p>\n<p>&#8220;Justifica-se, portanto, uma infraestrutura mais adequada para suporte ao tr\u00e1fego intenso dos ve\u00edculos (principalmente caminh\u00f5es) que fazem a rota intermunicipal Caracol\/Bela Vista\/Antonio Jo\u00e3o\/Ponta Por\u00e3&#8221;, afirmam os t\u00e9cnicos da Prefeitura no projeto encaminhado para o Governo Federal.<\/p>\n<p><em>(\u00c9der Yanaguita &#8211; Ascom\/Dep. Vander Loubet)<\/em><\/p>\n","protected":false},"excerpt":{"rendered":"<p>Recurso de R$ 500 mil foi garantido pelo deputado no Or\u00e7amento Geral da Uni\u00e3o de 2013.<\/p>\n","protected":false},"author":2,"featured_media":11568,"comment_status":"closed","ping_status":"closed","sticky":false,"template":"","format":"standard","meta":{"jetpack_post_was_ever_published":false,"_jetpack_newsletter_access":"","_jetpack_dont_email_post_to_subs":false,"_jetpack_newsletter_tier_id":0,"_jetpack_memberships_contains_paywalled_content":false,"_jetpack_memberships_contains_paid_content":false,"footnotes":""},"categories":[2097,10],"tags":[2127,2153],"class_list":{"0":"post-11567","1":"post","2":"type-post","3":"status-publish","4":"format-standard","5":"has-post-thumbnail","7":"category-municipios-noticias","8":"category-noticias","9":"tag-emenda-parlamentar","10":"tag-pavimentacao-asfaltica"},"yoast_head":"<!-- This site is optimized with the Yoast SEO plugin v27.4 - https:\/\/yoast.com\/product\/yoast-seo-wordpress\/ -->\n<title>Rua Frederico Beni em Ant\u00f4nio Jo\u00e3o \u00e9 pavimentada com emenda de Vander<\/title>\n<meta name=\"robots\" content=\"index, follow, max-snippet:-1, max-image-preview:large, max-video-preview:-1\" \/>\n<link rel=\"canonical\" href=\"https:\/\/vanderloubet.com.br\/deputado\/rua-frederico-beni-em-antonio-joao-e-pavimentada-com-emenda-de-vander\/\" \/>\n<meta property=\"og:locale\" content=\"pt_BR\" \/>\n<meta property=\"og:type\" content=\"article\" \/>\n<meta property=\"og:title\" content=\"Rua Frederico Beni em Ant\u00f4nio Jo\u00e3o \u00e9 pavimentada com emenda de Vander\" \/>\n<meta property=\"og:description\" content=\"Recurso de R$ 500 mil foi garantido pelo deputado no Or\u00e7amento Geral da Uni\u00e3o de 2013.\" \/>\n<meta property=\"og:url\" content=\"https:\/\/vanderloubet.com.br\/deputado\/rua-frederico-beni-em-antonio-joao-e-pavimentada-com-emenda-de-vander\/\" \/>\n<meta property=\"og:site_name\" content=\"Deputado Federal Vander Loubet\" \/>\n<meta property=\"article:publisher\" content=\"https:\/\/facebook.com\/deputadovander\" \/>\n<meta property=\"article:published_time\" content=\"2016-08-02T14:15:46+00:00\" \/>\n<meta property=\"og:image\" content=\"https:\/\/vanderloubet.com.br\/deputado\/wp-content\/uploads\/2016\/08\/foto-2016-08-02-pavimentacao-antonio-joao.jpg\" \/>\n\t<meta property=\"og:image:width\" content=\"1080\" \/>\n\t<meta property=\"og:image:height\" content=\"635\" \/>\n\t<meta property=\"og:image:type\" content=\"image\/jpeg\" \/>\n<meta name=\"author\" content=\"\u00c9der\" \/>\n<meta name=\"twitter:card\" content=\"summary_large_image\" \/>\n<meta name=\"twitter:creator\" content=\"@vanderloubet\" \/>\n<meta name=\"twitter:site\" content=\"@vanderloubet\" \/>\n<script type=\"application\/ld+json\" class=\"yoast-schema-graph\">{\"@context\":\"https:\\\/\\\/schema.org\",\"@graph\":[{\"@type\":\"Article\",\"@id\":\"https:\\\/\\\/vanderloubet.com.br\\\/deputado\\\/rua-frederico-beni-em-antonio-joao-e-pavimentada-com-emenda-de-vander\\\/#article\",\"isPartOf\":{\"@id\":\"https:\\\/\\\/vanderloubet.com.br\\\/deputado\\\/rua-frederico-beni-em-antonio-joao-e-pavimentada-com-emenda-de-vander\\\/\"},\"author\":{\"name\":\"\u00c9der\",\"@id\":\"https:\\\/\\\/vanderloubet.com.br\\\/deputado\\\/#\\\/schema\\\/person\\\/15b51bd564532a8a68d9dec1b8eb890e\"},\"headline\":\"Rua Frederico Beni em Ant\u00f4nio Jo\u00e3o \u00e9 pavimentada com emenda de Vander\",\"datePublished\":\"2016-08-02T14:15:46+00:00\",\"mainEntityOfPage\":{\"@id\":\"https:\\\/\\\/vanderloubet.com.br\\\/deputado\\\/rua-frederico-beni-em-antonio-joao-e-pavimentada-com-emenda-de-vander\\\/\"},\"wordCount\":230,\"publisher\":{\"@id\":\"https:\\\/\\\/vanderloubet.com.br\\\/deputado\\\/#organization\"},\"image\":{\"@id\":\"https:\\\/\\\/vanderloubet.com.br\\\/deputado\\\/rua-frederico-beni-em-antonio-joao-e-pavimentada-com-emenda-de-vander\\\/#primaryimage\"},\"thumbnailUrl\":\"https:\\\/\\\/vanderloubet.com.br\\\/deputado\\\/wp-content\\\/uploads\\\/2016\\\/08\\\/foto-2016-08-02-pavimentacao-antonio-joao.jpg\",\"keywords\":[\"emenda parlamentar\",\"pavimenta\u00e7\u00e3o asf\u00e1ltica\"],\"articleSection\":[\"Munic\u00edpios\",\"Not\u00edcias\"],\"inLanguage\":\"pt-BR\"},{\"@type\":\"WebPage\",\"@id\":\"https:\\\/\\\/vanderloubet.com.br\\\/deputado\\\/rua-frederico-beni-em-antonio-joao-e-pavimentada-com-emenda-de-vander\\\/\",\"url\":\"https:\\\/\\\/vanderloubet.com.br\\\/deputado\\\/rua-frederico-beni-em-antonio-joao-e-pavimentada-com-emenda-de-vander\\\/\",\"name\":\"Rua Frederico Beni em Ant\u00f4nio Jo\u00e3o \u00e9 pavimentada com emenda de Vander\",\"isPartOf\":{\"@id\":\"https:\\\/\\\/vanderloubet.com.br\\\/deputado\\\/#website\"},\"primaryImageOfPage\":{\"@id\":\"https:\\\/\\\/vanderloubet.com.br\\\/deputado\\\/rua-frederico-beni-em-antonio-joao-e-pavimentada-com-emenda-de-vander\\\/#primaryimage\"},\"image\":{\"@id\":\"https:\\\/\\\/vanderloubet.com.br\\\/deputado\\\/rua-frederico-beni-em-antonio-joao-e-pavimentada-com-emenda-de-vander\\\/#primaryimage\"},\"thumbnailUrl\":\"https:\\\/\\\/vanderloubet.com.br\\\/deputado\\\/wp-content\\\/uploads\\\/2016\\\/08\\\/foto-2016-08-02-pavimentacao-antonio-joao.jpg\",\"datePublished\":\"2016-08-02T14:15:46+00:00\",\"breadcrumb\":{\"@id\":\"https:\\\/\\\/vanderloubet.com.br\\\/deputado\\\/rua-frederico-beni-em-antonio-joao-e-pavimentada-com-emenda-de-vander\\\/#breadcrumb\"},\"inLanguage\":\"pt-BR\",\"potentialAction\":[{\"@type\":\"ReadAction\",\"target\":[\"https:\\\/\\\/vanderloubet.com.br\\\/deputado\\\/rua-frederico-beni-em-antonio-joao-e-pavimentada-com-emenda-de-vander\\\/\"]}]},{\"@type\":\"ImageObject\",\"inLanguage\":\"pt-BR\",\"@id\":\"https:\\\/\\\/vanderloubet.com.br\\\/deputado\\\/rua-frederico-beni-em-antonio-joao-e-pavimentada-com-emenda-de-vander\\\/#primaryimage\",\"url\":\"https:\\\/\\\/vanderloubet.com.br\\\/deputado\\\/wp-content\\\/uploads\\\/2016\\\/08\\\/foto-2016-08-02-pavimentacao-antonio-joao.jpg\",\"contentUrl\":\"https:\\\/\\\/vanderloubet.com.br\\\/deputado\\\/wp-content\\\/uploads\\\/2016\\\/08\\\/foto-2016-08-02-pavimentacao-antonio-joao.jpg\",\"width\":1080,\"height\":635,\"caption\":\"Rua Frederico Beni \u00e9 estrat\u00e9gica para o munic\u00edpio e est\u00e1 ganhando pavimenta\u00e7\u00e3o\"},{\"@type\":\"BreadcrumbList\",\"@id\":\"https:\\\/\\\/vanderloubet.com.br\\\/deputado\\\/rua-frederico-beni-em-antonio-joao-e-pavimentada-com-emenda-de-vander\\\/#breadcrumb\",\"itemListElement\":[{\"@type\":\"ListItem\",\"position\":1,\"name\":\"In\u00edcio\",\"item\":\"https:\\\/\\\/vanderloubet.com.br\\\/deputado\\\/\"},{\"@type\":\"ListItem\",\"position\":2,\"name\":\"Rua Frederico Beni em Ant\u00f4nio Jo\u00e3o \u00e9 pavimentada com emenda de Vander\"}]},{\"@type\":\"WebSite\",\"@id\":\"https:\\\/\\\/vanderloubet.com.br\\\/deputado\\\/#website\",\"url\":\"https:\\\/\\\/vanderloubet.com.br\\\/deputado\\\/\",\"name\":\"Deputado Federal Vander Loubet\",\"description\":\"O Federal de MS\",\"publisher\":{\"@id\":\"https:\\\/\\\/vanderloubet.com.br\\\/deputado\\\/#organization\"},\"alternateName\":\"Deputado Vander\",\"potentialAction\":[{\"@type\":\"SearchAction\",\"target\":{\"@type\":\"EntryPoint\",\"urlTemplate\":\"https:\\\/\\\/vanderloubet.com.br\\\/deputado\\\/?s={search_term_string}\"},\"query-input\":{\"@type\":\"PropertyValueSpecification\",\"valueRequired\":true,\"valueName\":\"search_term_string\"}}],\"inLanguage\":\"pt-BR\"},{\"@type\":\"Organization\",\"@id\":\"https:\\\/\\\/vanderloubet.com.br\\\/deputado\\\/#organization\",\"name\":\"Deputado Federal Vander Loubet\",\"alternateName\":\"Deputado Vander\",\"url\":\"https:\\\/\\\/vanderloubet.com.br\\\/deputado\\\/\",\"logo\":{\"@type\":\"ImageObject\",\"inLanguage\":\"pt-BR\",\"@id\":\"https:\\\/\\\/vanderloubet.com.br\\\/deputado\\\/#\\\/schema\\\/logo\\\/image\\\/\",\"url\":\"https:\\\/\\\/vanderloubet.com.br\\\/deputado\\\/wp-content\\\/uploads\\\/2023\\\/06\\\/foto-2023-06-19-mandato-deputado-vander.jpg\",\"contentUrl\":\"https:\\\/\\\/vanderloubet.com.br\\\/deputado\\\/wp-content\\\/uploads\\\/2023\\\/06\\\/foto-2023-06-19-mandato-deputado-vander.jpg\",\"width\":1080,\"height\":1080,\"caption\":\"Deputado Federal Vander Loubet\"},\"image\":{\"@id\":\"https:\\\/\\\/vanderloubet.com.br\\\/deputado\\\/#\\\/schema\\\/logo\\\/image\\\/\"},\"sameAs\":[\"https:\\\/\\\/facebook.com\\\/deputadovander\",\"https:\\\/\\\/x.com\\\/vanderloubet\",\"https:\\\/\\\/instagram.com\\\/vanderloubet\",\"https:\\\/\\\/youtube.com\\\/vanderloubet\",\"https:\\\/\\\/tiktok.com\\\/@vanderloubetms\"]},{\"@type\":\"Person\",\"@id\":\"https:\\\/\\\/vanderloubet.com.br\\\/deputado\\\/#\\\/schema\\\/person\\\/15b51bd564532a8a68d9dec1b8eb890e\",\"name\":\"\u00c9der\",\"image\":{\"@type\":\"ImageObject\",\"inLanguage\":\"pt-BR\",\"@id\":\"https:\\\/\\\/vanderloubet.com.br\\\/deputado\\\/wp-content\\\/litespeed\\\/avatar\\\/88ca4090d9d5ab1c9495f6ca03b68efa.jpg?ver=1777058957\",\"url\":\"https:\\\/\\\/vanderloubet.com.br\\\/deputado\\\/wp-content\\\/litespeed\\\/avatar\\\/88ca4090d9d5ab1c9495f6ca03b68efa.jpg?ver=1777058957\",\"contentUrl\":\"https:\\\/\\\/vanderloubet.com.br\\\/deputado\\\/wp-content\\\/litespeed\\\/avatar\\\/88ca4090d9d5ab1c9495f6ca03b68efa.jpg?ver=1777058957\",\"caption\":\"\u00c9der\"}}]}<\/script>\n<!-- \/ Yoast SEO plugin. -->","yoast_head_json":{"title":"Rua Frederico Beni em Ant\u00f4nio Jo\u00e3o \u00e9 pavimentada com emenda de Vander","robots":{"index":"index","follow":"follow","max-snippet":"max-snippet:-1","max-image-preview":"max-image-preview:large","max-video-preview":"max-video-preview:-1"},"canonical":"https:\/\/vanderloubet.com.br\/deputado\/rua-frederico-beni-em-antonio-joao-e-pavimentada-com-emenda-de-vander\/","og_locale":"pt_BR","og_type":"article","og_title":"Rua Frederico Beni em Ant\u00f4nio Jo\u00e3o \u00e9 pavimentada com emenda de Vander","og_description":"Recurso de R$ 500 mil foi garantido pelo deputado no Or\u00e7amento Geral da Uni\u00e3o de 2013.","og_url":"https:\/\/vanderloubet.com.br\/deputado\/rua-frederico-beni-em-antonio-joao-e-pavimentada-com-emenda-de-vander\/","og_site_name":"Deputado Federal Vander Loubet","article_publisher":"https:\/\/facebook.com\/deputadovander","article_published_time":"2016-08-02T14:15:46+00:00","og_image":[{"width":1080,"height":635,"url":"https:\/\/vanderloubet.com.br\/deputado\/wp-content\/uploads\/2016\/08\/foto-2016-08-02-pavimentacao-antonio-joao.jpg","type":"image\/jpeg"}],"author":"\u00c9der","twitter_card":"summary_large_image","twitter_creator":"@vanderloubet","twitter_site":"@vanderloubet","schema":{"@context":"https:\/\/schema.org","@graph":[{"@type":"Article","@id":"https:\/\/vanderloubet.com.br\/deputado\/rua-frederico-beni-em-antonio-joao-e-pavimentada-com-emenda-de-vander\/#article","isPartOf":{"@id":"https:\/\/vanderloubet.com.br\/deputado\/rua-frederico-beni-em-antonio-joao-e-pavimentada-com-emenda-de-vander\/"},"author":{"name":"\u00c9der","@id":"https:\/\/vanderloubet.com.br\/deputado\/#\/schema\/person\/15b51bd564532a8a68d9dec1b8eb890e"},"headline":"Rua Frederico Beni em Ant\u00f4nio Jo\u00e3o \u00e9 pavimentada com emenda de Vander","datePublished":"2016-08-02T14:15:46+00:00","mainEntityOfPage":{"@id":"https:\/\/vanderloubet.com.br\/deputado\/rua-frederico-beni-em-antonio-joao-e-pavimentada-com-emenda-de-vander\/"},"wordCount":230,"publisher":{"@id":"https:\/\/vanderloubet.com.br\/deputado\/#organization"},"image":{"@id":"https:\/\/vanderloubet.com.br\/deputado\/rua-frederico-beni-em-antonio-joao-e-pavimentada-com-emenda-de-vander\/#primaryimage"},"thumbnailUrl":"https:\/\/vanderloubet.com.br\/deputado\/wp-content\/uploads\/2016\/08\/foto-2016-08-02-pavimentacao-antonio-joao.jpg","keywords":["emenda parlamentar","pavimenta\u00e7\u00e3o asf\u00e1ltica"],"articleSection":["Munic\u00edpios","Not\u00edcias"],"inLanguage":"pt-BR"},{"@type":"WebPage","@id":"https:\/\/vanderloubet.com.br\/deputado\/rua-frederico-beni-em-antonio-joao-e-pavimentada-com-emenda-de-vander\/","url":"https:\/\/vanderloubet.com.br\/deputado\/rua-frederico-beni-em-antonio-joao-e-pavimentada-com-emenda-de-vander\/","name":"Rua Frederico Beni em Ant\u00f4nio Jo\u00e3o \u00e9 pavimentada com emenda de Vander","isPartOf":{"@id":"https:\/\/vanderloubet.com.br\/deputado\/#website"},"primaryImageOfPage":{"@id":"https:\/\/vanderloubet.com.br\/deputado\/rua-frederico-beni-em-antonio-joao-e-pavimentada-com-emenda-de-vander\/#primaryimage"},"image":{"@id":"https:\/\/vanderloubet.com.br\/deputado\/rua-frederico-beni-em-antonio-joao-e-pavimentada-com-emenda-de-vander\/#primaryimage"},"thumbnailUrl":"https:\/\/vanderloubet.com.br\/deputado\/wp-content\/uploads\/2016\/08\/foto-2016-08-02-pavimentacao-antonio-joao.jpg","datePublished":"2016-08-02T14:15:46+00:00","breadcrumb":{"@id":"https:\/\/vanderloubet.com.br\/deputado\/rua-frederico-beni-em-antonio-joao-e-pavimentada-com-emenda-de-vander\/#breadcrumb"},"inLanguage":"pt-BR","potentialAction":[{"@type":"ReadAction","target":["https:\/\/vanderloubet.com.br\/deputado\/rua-frederico-beni-em-antonio-joao-e-pavimentada-com-emenda-de-vander\/"]}]},{"@type":"ImageObject","inLanguage":"pt-BR","@id":"https:\/\/vanderloubet.com.br\/deputado\/rua-frederico-beni-em-antonio-joao-e-pavimentada-com-emenda-de-vander\/#primaryimage","url":"https:\/\/vanderloubet.com.br\/deputado\/wp-content\/uploads\/2016\/08\/foto-2016-08-02-pavimentacao-antonio-joao.jpg","contentUrl":"https:\/\/vanderloubet.com.br\/deputado\/wp-content\/uploads\/2016\/08\/foto-2016-08-02-pavimentacao-antonio-joao.jpg","width":1080,"height":635,"caption":"Rua Frederico Beni \u00e9 estrat\u00e9gica para o munic\u00edpio e est\u00e1 ganhando pavimenta\u00e7\u00e3o"},{"@type":"BreadcrumbList","@id":"https:\/\/vanderloubet.com.br\/deputado\/rua-frederico-beni-em-antonio-joao-e-pavimentada-com-emenda-de-vander\/#breadcrumb","itemListElement":[{"@type":"ListItem","position":1,"name":"In\u00edcio","item":"https:\/\/vanderloubet.com.br\/deputado\/"},{"@type":"ListItem","position":2,"name":"Rua Frederico Beni em Ant\u00f4nio Jo\u00e3o \u00e9 pavimentada com emenda de Vander"}]},{"@type":"WebSite","@id":"https:\/\/vanderloubet.com.br\/deputado\/#website","url":"https:\/\/vanderloubet.com.br\/deputado\/","name":"Deputado Federal Vander Loubet","description":"O Federal de MS","publisher":{"@id":"https:\/\/vanderloubet.com.br\/deputado\/#organization"},"alternateName":"Deputado Vander","potentialAction":[{"@type":"SearchAction","target":{"@type":"EntryPoint","urlTemplate":"https:\/\/vanderloubet.com.br\/deputado\/?s={search_term_string}"},"query-input":{"@type":"PropertyValueSpecification","valueRequired":true,"valueName":"search_term_string"}}],"inLanguage":"pt-BR"},{"@type":"Organization","@id":"https:\/\/vanderloubet.com.br\/deputado\/#organization","name":"Deputado Federal Vander Loubet","alternateName":"Deputado Vander","url":"https:\/\/vanderloubet.com.br\/deputado\/","logo":{"@type":"ImageObject","inLanguage":"pt-BR","@id":"https:\/\/vanderloubet.com.br\/deputado\/#\/schema\/logo\/image\/","url":"https:\/\/vanderloubet.com.br\/deputado\/wp-content\/uploads\/2023\/06\/foto-2023-06-19-mandato-deputado-vander.jpg","contentUrl":"https:\/\/vanderloubet.com.br\/deputado\/wp-content\/uploads\/2023\/06\/foto-2023-06-19-mandato-deputado-vander.jpg","width":1080,"height":1080,"caption":"Deputado Federal Vander Loubet"},"image":{"@id":"https:\/\/vanderloubet.com.br\/deputado\/#\/schema\/logo\/image\/"},"sameAs":["https:\/\/facebook.com\/deputadovander","https:\/\/x.com\/vanderloubet","https:\/\/instagram.com\/vanderloubet","https:\/\/youtube.com\/vanderloubet","https:\/\/tiktok.com\/@vanderloubetms"]},{"@type":"Person","@id":"https:\/\/vanderloubet.com.br\/deputado\/#\/schema\/person\/15b51bd564532a8a68d9dec1b8eb890e","name":"\u00c9der","image":{"@type":"ImageObject","inLanguage":"pt-BR","@id":"https:\/\/vanderloubet.com.br\/deputado\/wp-content\/litespeed\/avatar\/88ca4090d9d5ab1c9495f6ca03b68efa.jpg?ver=1777058957","url":"https:\/\/vanderloubet.com.br\/deputado\/wp-content\/litespeed\/avatar\/88ca4090d9d5ab1c9495f6ca03b68efa.jpg?ver=1777058957","contentUrl":"https:\/\/vanderloubet.com.br\/deputado\/wp-content\/litespeed\/avatar\/88ca4090d9d5ab1c9495f6ca03b68efa.jpg?ver=1777058957","caption":"\u00c9der"}}]}},"jetpack_featured_media_url":"https:\/\/vanderloubet.com.br\/deputado\/wp-content\/uploads\/2016\/08\/foto-2016-08-02-pavimentacao-antonio-joao.jpg","jetpack_sharing_enabled":true,"_links":{"self":[{"href":"https:\/\/vanderloubet.com.br\/deputado\/wp-json\/wp\/v2\/posts\/11567","targetHints":{"allow":["GET"]}}],"collection":[{"href":"https:\/\/vanderloubet.com.br\/deputado\/wp-json\/wp\/v2\/posts"}],"about":[{"href":"https:\/\/vanderloubet.com.br\/deputado\/wp-json\/wp\/v2\/types\/post"}],"author":[{"embeddable":true,"href":"https:\/\/vanderloubet.com.br\/deputado\/wp-json\/wp\/v2\/users\/2"}],"replies":[{"embeddable":true,"href":"https:\/\/vanderloubet.com.br\/deputado\/wp-json\/wp\/v2\/comments?post=11567"}],"version-history":[{"count":0,"href":"https:\/\/vanderloubet.com.br\/deputado\/wp-json\/wp\/v2\/posts\/11567\/revisions"}],"wp:featuredmedia":[{"embeddable":true,"href":"https:\/\/vanderloubet.com.br\/deputado\/wp-json\/wp\/v2\/media\/11568"}],"wp:attachment":[{"href":"https:\/\/vanderloubet.com.br\/deputado\/wp-json\/wp\/v2\/media?parent=11567"}],"wp:term":[{"taxonomy":"category","embeddable":true,"href":"https:\/\/vanderloubet.com.br\/deputado\/wp-json\/wp\/v2\/categories?post=11567"},{"taxonomy":"post_tag","embeddable":true,"href":"https:\/\/vanderloubet.com.br\/deputado\/wp-json\/wp\/v2\/tags?post=11567"}],"curies":[{"name":"wp","href":"https:\/\/api.w.org\/{rel}","templated":true}]}}