{"id":1144,"date":"2010-05-19T11:38:54","date_gmt":"2010-05-19T15:38:54","guid":{"rendered":"http:\/\/www.deputadovander.com.br\/website\/?p=1144"},"modified":"2010-05-19T11:38:54","modified_gmt":"2010-05-19T15:38:54","slug":"revista-homenageia-vander-por-acoes-em-defesa-do-sudoeste","status":"publish","type":"post","link":"https:\/\/vanderloubet.com.br\/deputado\/revista-homenageia-vander-por-acoes-em-defesa-do-sudoeste\/","title":{"rendered":"Revista homenageia Vander por a\u00e7\u00f5es em defesa do Sudoeste"},"content":{"rendered":"<p style=\"text-align: center;\">\n<figure id=\"attachment_1145\" aria-describedby=\"caption-attachment-1145\" style=\"width: 300px\" class=\"wp-caption aligncenter\"><a href=\"http:\/\/deputadovander.com.br\/website\/wp-content\/uploads\/2010\/05\/foto-2010-05-19-viapantanal-jardim1.jpg\" target=\"_blank\"><img decoding=\"async\" class=\"size-medium wp-image-1145 \" title=\"foto-2010-05-19-viapantanal-jardim\" src=\"http:\/\/www.deputadovander.com.br\/website\/wp-content\/uploads\/2010\/05\/foto-2010-05-19-viapantanal-jardim-300x225.jpg\" alt=\"\u00c1lvaro Pereira e Vander Loubet (clique para ampliar)\" width=\"300\" height=\"225\" \/><\/a><figcaption id=\"caption-attachment-1145\" class=\"wp-caption-text\">\u00c1lvaro Pereira e Vander Loubet (clique para ampliar)<\/figcaption><\/figure>\n<p>Numa iniciativa do Grupo \u00c1lvaro Pereira, a revista Via Pantanal prestou homenagem a personalidades que t\u00eam contribu\u00eddo com o desenvolvimento da regi\u00e3o sudoeste de Mato Grosso do Sul. O deputado federal Vander Loubet (PT-MS) foi um dos agraciados com a homenagem, que fez parte das comemora\u00e7\u00f5es do d\u00e9cimo anivers\u00e1rio da revista e aconteceu durante concorrida cerim\u00f4nia na noite de sexta-feira passada (14), no Tatersal de Leil\u00f5es do Sindicato Rural de Jardim.<\/p>\n<p>Fundador e diretor da revista e do jornal Tribuna Popular, \u00c1lvaro Pereira &#8211; ao lado de familiares &#8211; fez quest\u00e3o de entregar o trof\u00e9u &#8220;Via Pantanal 10 Anos&#8221; a Vander e destacar seu papel em diversos benef\u00edcios que a regi\u00e3o vem conquistando com suas interven\u00e7\u00f5es desde que chefiou a Casa Civil e a Secretaria de Habita\u00e7\u00e3o e Infraestrutura no governo de Zeca do PT e, em seguida, como deputado federal em dois mandatos consecutivos.<\/p>\n<p>Vander agradeceu a homenagem e creditou as conquistas de Jardim ao car\u00e1ter empreendedor e construtivo de sua gente, com \u00eanfase nas iniciativas empresariais como os investimentos na \u00e1rea de comunica\u00e7\u00e3o capitaneados por \u00c1lvaro Pereira. &#8220;O jornal Tribuna Popular \u00e9 marca tradicional no Estado. E no mesmo contexto de credibilidade e protagonismo surgiu a revista Via Pantanal, que n\u00e3o se limita apenas \u00e0 divulga\u00e7\u00e3o das potencialidades locais e vai al\u00e9m ao apontar sa\u00eddas e solu\u00e7\u00f5es para problemas regionais e nacionais que podem ser resolvidos com a contribui\u00e7\u00e3o de Jardim e do sudoeste&#8221;, acentuou Vander.<\/p>\n<p>(Edson Moraes \u2013 Assessoria de Comunica\u00e7\u00e3o; foto: Toninho Ruiz)<\/p>\n","protected":false},"excerpt":{"rendered":"<p>O deputado federal foi um dos agraciados com homenagem nas comemora\u00e7\u00f5es do 10\u00ba ano da Via Pantanal, em Jardim.<\/p>\n","protected":false},"author":2,"featured_media":0,"comment_status":"closed","ping_status":"open","sticky":false,"template":"","format":"standard","meta":{"jetpack_post_was_ever_published":false,"_jetpack_newsletter_access":"","_jetpack_dont_email_post_to_subs":false,"_jetpack_newsletter_tier_id":0,"_jetpack_memberships_contains_paywalled_content":false,"_jetpack_memberships_contains_paid_content":false,"footnotes":""},"categories":[10],"tags":[968,1062,1730,1982,1989,2035,2052],"class_list":{"0":"post-1144","1":"post","2":"type-post","3":"status-publish","4":"format-standard","6":"category-noticias","7":"tag-homenagem","8":"tag-jardim","9":"tag-revista","10":"tag-tribuna-popular","11":"tag-trofeu","12":"tag-vander-loubet","13":"tag-via-pantanal"},"yoast_head":"<!-- This site is optimized with the Yoast SEO plugin v27.4 - https:\/\/yoast.com\/product\/yoast-seo-wordpress\/ -->\n<title>Revista homenageia Vander por a\u00e7\u00f5es em defesa do Sudoeste<\/title>\n<meta name=\"robots\" content=\"index, follow, max-snippet:-1, max-image-preview:large, max-video-preview:-1\" \/>\n<link rel=\"canonical\" href=\"https:\/\/vanderloubet.com.br\/deputado\/revista-homenageia-vander-por-acoes-em-defesa-do-sudoeste\/\" \/>\n<meta property=\"og:locale\" content=\"pt_BR\" \/>\n<meta property=\"og:type\" content=\"article\" \/>\n<meta property=\"og:title\" content=\"Revista homenageia Vander por a\u00e7\u00f5es em defesa do Sudoeste\" \/>\n<meta property=\"og:description\" content=\"O deputado federal foi um dos agraciados com homenagem nas comemora\u00e7\u00f5es do 10\u00ba ano da Via Pantanal, em Jardim.\" \/>\n<meta property=\"og:url\" content=\"https:\/\/vanderloubet.com.br\/deputado\/revista-homenageia-vander-por-acoes-em-defesa-do-sudoeste\/\" \/>\n<meta property=\"og:site_name\" content=\"Deputado Federal Vander Loubet\" \/>\n<meta property=\"article:publisher\" content=\"https:\/\/facebook.com\/deputadovander\" \/>\n<meta property=\"article:published_time\" content=\"2010-05-19T15:38:54+00:00\" \/>\n<meta property=\"og:image\" content=\"http:\/\/www.deputadovander.com.br\/website\/wp-content\/uploads\/2010\/05\/foto-2010-05-19-viapantanal-jardim-300x225.jpg\" \/>\n<meta name=\"author\" content=\"\u00c9der\" \/>\n<meta name=\"twitter:card\" content=\"summary_large_image\" \/>\n<meta name=\"twitter:creator\" content=\"@vanderloubet\" \/>\n<meta name=\"twitter:site\" content=\"@vanderloubet\" \/>\n<script type=\"application\/ld+json\" class=\"yoast-schema-graph\">{\"@context\":\"https:\\\/\\\/schema.org\",\"@graph\":[{\"@type\":\"Article\",\"@id\":\"https:\\\/\\\/vanderloubet.com.br\\\/deputado\\\/revista-homenageia-vander-por-acoes-em-defesa-do-sudoeste\\\/#article\",\"isPartOf\":{\"@id\":\"https:\\\/\\\/vanderloubet.com.br\\\/deputado\\\/revista-homenageia-vander-por-acoes-em-defesa-do-sudoeste\\\/\"},\"author\":{\"name\":\"\u00c9der\",\"@id\":\"https:\\\/\\\/vanderloubet.com.br\\\/deputado\\\/#\\\/schema\\\/person\\\/15b51bd564532a8a68d9dec1b8eb890e\"},\"headline\":\"Revista homenageia Vander por a\u00e7\u00f5es em defesa do Sudoeste\",\"datePublished\":\"2010-05-19T15:38:54+00:00\",\"mainEntityOfPage\":{\"@id\":\"https:\\\/\\\/vanderloubet.com.br\\\/deputado\\\/revista-homenageia-vander-por-acoes-em-defesa-do-sudoeste\\\/\"},\"wordCount\":291,\"publisher\":{\"@id\":\"https:\\\/\\\/vanderloubet.com.br\\\/deputado\\\/#organization\"},\"image\":{\"@id\":\"https:\\\/\\\/vanderloubet.com.br\\\/deputado\\\/revista-homenageia-vander-por-acoes-em-defesa-do-sudoeste\\\/#primaryimage\"},\"thumbnailUrl\":\"http:\\\/\\\/www.deputadovander.com.br\\\/website\\\/wp-content\\\/uploads\\\/2010\\\/05\\\/foto-2010-05-19-viapantanal-jardim-300x225.jpg\",\"keywords\":[\"homenagem\",\"jardim\",\"revista\",\"tribuna popular\",\"trof\u00e9u\",\"vander loubet\",\"via pantanal\"],\"articleSection\":[\"Not\u00edcias\"],\"inLanguage\":\"pt-BR\"},{\"@type\":\"WebPage\",\"@id\":\"https:\\\/\\\/vanderloubet.com.br\\\/deputado\\\/revista-homenageia-vander-por-acoes-em-defesa-do-sudoeste\\\/\",\"url\":\"https:\\\/\\\/vanderloubet.com.br\\\/deputado\\\/revista-homenageia-vander-por-acoes-em-defesa-do-sudoeste\\\/\",\"name\":\"Revista homenageia Vander por a\u00e7\u00f5es em defesa do Sudoeste\",\"isPartOf\":{\"@id\":\"https:\\\/\\\/vanderloubet.com.br\\\/deputado\\\/#website\"},\"primaryImageOfPage\":{\"@id\":\"https:\\\/\\\/vanderloubet.com.br\\\/deputado\\\/revista-homenageia-vander-por-acoes-em-defesa-do-sudoeste\\\/#primaryimage\"},\"image\":{\"@id\":\"https:\\\/\\\/vanderloubet.com.br\\\/deputado\\\/revista-homenageia-vander-por-acoes-em-defesa-do-sudoeste\\\/#primaryimage\"},\"thumbnailUrl\":\"http:\\\/\\\/www.deputadovander.com.br\\\/website\\\/wp-content\\\/uploads\\\/2010\\\/05\\\/foto-2010-05-19-viapantanal-jardim-300x225.jpg\",\"datePublished\":\"2010-05-19T15:38:54+00:00\",\"breadcrumb\":{\"@id\":\"https:\\\/\\\/vanderloubet.com.br\\\/deputado\\\/revista-homenageia-vander-por-acoes-em-defesa-do-sudoeste\\\/#breadcrumb\"},\"inLanguage\":\"pt-BR\",\"potentialAction\":[{\"@type\":\"ReadAction\",\"target\":[\"https:\\\/\\\/vanderloubet.com.br\\\/deputado\\\/revista-homenageia-vander-por-acoes-em-defesa-do-sudoeste\\\/\"]}]},{\"@type\":\"ImageObject\",\"inLanguage\":\"pt-BR\",\"@id\":\"https:\\\/\\\/vanderloubet.com.br\\\/deputado\\\/revista-homenageia-vander-por-acoes-em-defesa-do-sudoeste\\\/#primaryimage\",\"url\":\"http:\\\/\\\/www.deputadovander.com.br\\\/website\\\/wp-content\\\/uploads\\\/2010\\\/05\\\/foto-2010-05-19-viapantanal-jardim-300x225.jpg\",\"contentUrl\":\"http:\\\/\\\/www.deputadovander.com.br\\\/website\\\/wp-content\\\/uploads\\\/2010\\\/05\\\/foto-2010-05-19-viapantanal-jardim-300x225.jpg\"},{\"@type\":\"BreadcrumbList\",\"@id\":\"https:\\\/\\\/vanderloubet.com.br\\\/deputado\\\/revista-homenageia-vander-por-acoes-em-defesa-do-sudoeste\\\/#breadcrumb\",\"itemListElement\":[{\"@type\":\"ListItem\",\"position\":1,\"name\":\"In\u00edcio\",\"item\":\"https:\\\/\\\/vanderloubet.com.br\\\/deputado\\\/\"},{\"@type\":\"ListItem\",\"position\":2,\"name\":\"Revista homenageia Vander por a\u00e7\u00f5es em defesa do Sudoeste\"}]},{\"@type\":\"WebSite\",\"@id\":\"https:\\\/\\\/vanderloubet.com.br\\\/deputado\\\/#website\",\"url\":\"https:\\\/\\\/vanderloubet.com.br\\\/deputado\\\/\",\"name\":\"Deputado Federal Vander Loubet\",\"description\":\"O Federal de MS\",\"publisher\":{\"@id\":\"https:\\\/\\\/vanderloubet.com.br\\\/deputado\\\/#organization\"},\"alternateName\":\"Deputado Vander\",\"potentialAction\":[{\"@type\":\"SearchAction\",\"target\":{\"@type\":\"EntryPoint\",\"urlTemplate\":\"https:\\\/\\\/vanderloubet.com.br\\\/deputado\\\/?s={search_term_string}\"},\"query-input\":{\"@type\":\"PropertyValueSpecification\",\"valueRequired\":true,\"valueName\":\"search_term_string\"}}],\"inLanguage\":\"pt-BR\"},{\"@type\":\"Organization\",\"@id\":\"https:\\\/\\\/vanderloubet.com.br\\\/deputado\\\/#organization\",\"name\":\"Deputado Federal Vander Loubet\",\"alternateName\":\"Deputado Vander\",\"url\":\"https:\\\/\\\/vanderloubet.com.br\\\/deputado\\\/\",\"logo\":{\"@type\":\"ImageObject\",\"inLanguage\":\"pt-BR\",\"@id\":\"https:\\\/\\\/vanderloubet.com.br\\\/deputado\\\/#\\\/schema\\\/logo\\\/image\\\/\",\"url\":\"https:\\\/\\\/vanderloubet.com.br\\\/deputado\\\/wp-content\\\/uploads\\\/2023\\\/06\\\/foto-2023-06-19-mandato-deputado-vander.jpg\",\"contentUrl\":\"https:\\\/\\\/vanderloubet.com.br\\\/deputado\\\/wp-content\\\/uploads\\\/2023\\\/06\\\/foto-2023-06-19-mandato-deputado-vander.jpg\",\"width\":1080,\"height\":1080,\"caption\":\"Deputado Federal Vander Loubet\"},\"image\":{\"@id\":\"https:\\\/\\\/vanderloubet.com.br\\\/deputado\\\/#\\\/schema\\\/logo\\\/image\\\/\"},\"sameAs\":[\"https:\\\/\\\/facebook.com\\\/deputadovander\",\"https:\\\/\\\/x.com\\\/vanderloubet\",\"https:\\\/\\\/instagram.com\\\/vanderloubet\",\"https:\\\/\\\/youtube.com\\\/vanderloubet\",\"https:\\\/\\\/tiktok.com\\\/@vanderloubetms\"]},{\"@type\":\"Person\",\"@id\":\"https:\\\/\\\/vanderloubet.com.br\\\/deputado\\\/#\\\/schema\\\/person\\\/15b51bd564532a8a68d9dec1b8eb890e\",\"name\":\"\u00c9der\",\"image\":{\"@type\":\"ImageObject\",\"inLanguage\":\"pt-BR\",\"@id\":\"https:\\\/\\\/vanderloubet.com.br\\\/deputado\\\/wp-content\\\/litespeed\\\/avatar\\\/88ca4090d9d5ab1c9495f6ca03b68efa.jpg?ver=1777058957\",\"url\":\"https:\\\/\\\/vanderloubet.com.br\\\/deputado\\\/wp-content\\\/litespeed\\\/avatar\\\/88ca4090d9d5ab1c9495f6ca03b68efa.jpg?ver=1777058957\",\"contentUrl\":\"https:\\\/\\\/vanderloubet.com.br\\\/deputado\\\/wp-content\\\/litespeed\\\/avatar\\\/88ca4090d9d5ab1c9495f6ca03b68efa.jpg?ver=1777058957\",\"caption\":\"\u00c9der\"}}]}<\/script>\n<!-- \/ Yoast SEO plugin. -->","yoast_head_json":{"title":"Revista homenageia Vander por a\u00e7\u00f5es em defesa do Sudoeste","robots":{"index":"index","follow":"follow","max-snippet":"max-snippet:-1","max-image-preview":"max-image-preview:large","max-video-preview":"max-video-preview:-1"},"canonical":"https:\/\/vanderloubet.com.br\/deputado\/revista-homenageia-vander-por-acoes-em-defesa-do-sudoeste\/","og_locale":"pt_BR","og_type":"article","og_title":"Revista homenageia Vander por a\u00e7\u00f5es em defesa do Sudoeste","og_description":"O deputado federal foi um dos agraciados com homenagem nas comemora\u00e7\u00f5es do 10\u00ba ano da Via Pantanal, em Jardim.","og_url":"https:\/\/vanderloubet.com.br\/deputado\/revista-homenageia-vander-por-acoes-em-defesa-do-sudoeste\/","og_site_name":"Deputado Federal Vander Loubet","article_publisher":"https:\/\/facebook.com\/deputadovander","article_published_time":"2010-05-19T15:38:54+00:00","og_image":[{"url":"http:\/\/www.deputadovander.com.br\/website\/wp-content\/uploads\/2010\/05\/foto-2010-05-19-viapantanal-jardim-300x225.jpg","type":"","width":"","height":""}],"author":"\u00c9der","twitter_card":"summary_large_image","twitter_creator":"@vanderloubet","twitter_site":"@vanderloubet","schema":{"@context":"https:\/\/schema.org","@graph":[{"@type":"Article","@id":"https:\/\/vanderloubet.com.br\/deputado\/revista-homenageia-vander-por-acoes-em-defesa-do-sudoeste\/#article","isPartOf":{"@id":"https:\/\/vanderloubet.com.br\/deputado\/revista-homenageia-vander-por-acoes-em-defesa-do-sudoeste\/"},"author":{"name":"\u00c9der","@id":"https:\/\/vanderloubet.com.br\/deputado\/#\/schema\/person\/15b51bd564532a8a68d9dec1b8eb890e"},"headline":"Revista homenageia Vander por a\u00e7\u00f5es em defesa do Sudoeste","datePublished":"2010-05-19T15:38:54+00:00","mainEntityOfPage":{"@id":"https:\/\/vanderloubet.com.br\/deputado\/revista-homenageia-vander-por-acoes-em-defesa-do-sudoeste\/"},"wordCount":291,"publisher":{"@id":"https:\/\/vanderloubet.com.br\/deputado\/#organization"},"image":{"@id":"https:\/\/vanderloubet.com.br\/deputado\/revista-homenageia-vander-por-acoes-em-defesa-do-sudoeste\/#primaryimage"},"thumbnailUrl":"http:\/\/www.deputadovander.com.br\/website\/wp-content\/uploads\/2010\/05\/foto-2010-05-19-viapantanal-jardim-300x225.jpg","keywords":["homenagem","jardim","revista","tribuna popular","trof\u00e9u","vander loubet","via pantanal"],"articleSection":["Not\u00edcias"],"inLanguage":"pt-BR"},{"@type":"WebPage","@id":"https:\/\/vanderloubet.com.br\/deputado\/revista-homenageia-vander-por-acoes-em-defesa-do-sudoeste\/","url":"https:\/\/vanderloubet.com.br\/deputado\/revista-homenageia-vander-por-acoes-em-defesa-do-sudoeste\/","name":"Revista homenageia Vander por a\u00e7\u00f5es em defesa do Sudoeste","isPartOf":{"@id":"https:\/\/vanderloubet.com.br\/deputado\/#website"},"primaryImageOfPage":{"@id":"https:\/\/vanderloubet.com.br\/deputado\/revista-homenageia-vander-por-acoes-em-defesa-do-sudoeste\/#primaryimage"},"image":{"@id":"https:\/\/vanderloubet.com.br\/deputado\/revista-homenageia-vander-por-acoes-em-defesa-do-sudoeste\/#primaryimage"},"thumbnailUrl":"http:\/\/www.deputadovander.com.br\/website\/wp-content\/uploads\/2010\/05\/foto-2010-05-19-viapantanal-jardim-300x225.jpg","datePublished":"2010-05-19T15:38:54+00:00","breadcrumb":{"@id":"https:\/\/vanderloubet.com.br\/deputado\/revista-homenageia-vander-por-acoes-em-defesa-do-sudoeste\/#breadcrumb"},"inLanguage":"pt-BR","potentialAction":[{"@type":"ReadAction","target":["https:\/\/vanderloubet.com.br\/deputado\/revista-homenageia-vander-por-acoes-em-defesa-do-sudoeste\/"]}]},{"@type":"ImageObject","inLanguage":"pt-BR","@id":"https:\/\/vanderloubet.com.br\/deputado\/revista-homenageia-vander-por-acoes-em-defesa-do-sudoeste\/#primaryimage","url":"http:\/\/www.deputadovander.com.br\/website\/wp-content\/uploads\/2010\/05\/foto-2010-05-19-viapantanal-jardim-300x225.jpg","contentUrl":"http:\/\/www.deputadovander.com.br\/website\/wp-content\/uploads\/2010\/05\/foto-2010-05-19-viapantanal-jardim-300x225.jpg"},{"@type":"BreadcrumbList","@id":"https:\/\/vanderloubet.com.br\/deputado\/revista-homenageia-vander-por-acoes-em-defesa-do-sudoeste\/#breadcrumb","itemListElement":[{"@type":"ListItem","position":1,"name":"In\u00edcio","item":"https:\/\/vanderloubet.com.br\/deputado\/"},{"@type":"ListItem","position":2,"name":"Revista homenageia Vander por a\u00e7\u00f5es em defesa do Sudoeste"}]},{"@type":"WebSite","@id":"https:\/\/vanderloubet.com.br\/deputado\/#website","url":"https:\/\/vanderloubet.com.br\/deputado\/","name":"Deputado Federal Vander Loubet","description":"O Federal de MS","publisher":{"@id":"https:\/\/vanderloubet.com.br\/deputado\/#organization"},"alternateName":"Deputado Vander","potentialAction":[{"@type":"SearchAction","target":{"@type":"EntryPoint","urlTemplate":"https:\/\/vanderloubet.com.br\/deputado\/?s={search_term_string}"},"query-input":{"@type":"PropertyValueSpecification","valueRequired":true,"valueName":"search_term_string"}}],"inLanguage":"pt-BR"},{"@type":"Organization","@id":"https:\/\/vanderloubet.com.br\/deputado\/#organization","name":"Deputado Federal Vander Loubet","alternateName":"Deputado Vander","url":"https:\/\/vanderloubet.com.br\/deputado\/","logo":{"@type":"ImageObject","inLanguage":"pt-BR","@id":"https:\/\/vanderloubet.com.br\/deputado\/#\/schema\/logo\/image\/","url":"https:\/\/vanderloubet.com.br\/deputado\/wp-content\/uploads\/2023\/06\/foto-2023-06-19-mandato-deputado-vander.jpg","contentUrl":"https:\/\/vanderloubet.com.br\/deputado\/wp-content\/uploads\/2023\/06\/foto-2023-06-19-mandato-deputado-vander.jpg","width":1080,"height":1080,"caption":"Deputado Federal Vander Loubet"},"image":{"@id":"https:\/\/vanderloubet.com.br\/deputado\/#\/schema\/logo\/image\/"},"sameAs":["https:\/\/facebook.com\/deputadovander","https:\/\/x.com\/vanderloubet","https:\/\/instagram.com\/vanderloubet","https:\/\/youtube.com\/vanderloubet","https:\/\/tiktok.com\/@vanderloubetms"]},{"@type":"Person","@id":"https:\/\/vanderloubet.com.br\/deputado\/#\/schema\/person\/15b51bd564532a8a68d9dec1b8eb890e","name":"\u00c9der","image":{"@type":"ImageObject","inLanguage":"pt-BR","@id":"https:\/\/vanderloubet.com.br\/deputado\/wp-content\/litespeed\/avatar\/88ca4090d9d5ab1c9495f6ca03b68efa.jpg?ver=1777058957","url":"https:\/\/vanderloubet.com.br\/deputado\/wp-content\/litespeed\/avatar\/88ca4090d9d5ab1c9495f6ca03b68efa.jpg?ver=1777058957","contentUrl":"https:\/\/vanderloubet.com.br\/deputado\/wp-content\/litespeed\/avatar\/88ca4090d9d5ab1c9495f6ca03b68efa.jpg?ver=1777058957","caption":"\u00c9der"}}]}},"jetpack_featured_media_url":"","jetpack_sharing_enabled":true,"_links":{"self":[{"href":"https:\/\/vanderloubet.com.br\/deputado\/wp-json\/wp\/v2\/posts\/1144","targetHints":{"allow":["GET"]}}],"collection":[{"href":"https:\/\/vanderloubet.com.br\/deputado\/wp-json\/wp\/v2\/posts"}],"about":[{"href":"https:\/\/vanderloubet.com.br\/deputado\/wp-json\/wp\/v2\/types\/post"}],"author":[{"embeddable":true,"href":"https:\/\/vanderloubet.com.br\/deputado\/wp-json\/wp\/v2\/users\/2"}],"replies":[{"embeddable":true,"href":"https:\/\/vanderloubet.com.br\/deputado\/wp-json\/wp\/v2\/comments?post=1144"}],"version-history":[{"count":0,"href":"https:\/\/vanderloubet.com.br\/deputado\/wp-json\/wp\/v2\/posts\/1144\/revisions"}],"wp:attachment":[{"href":"https:\/\/vanderloubet.com.br\/deputado\/wp-json\/wp\/v2\/media?parent=1144"}],"wp:term":[{"taxonomy":"category","embeddable":true,"href":"https:\/\/vanderloubet.com.br\/deputado\/wp-json\/wp\/v2\/categories?post=1144"},{"taxonomy":"post_tag","embeddable":true,"href":"https:\/\/vanderloubet.com.br\/deputado\/wp-json\/wp\/v2\/tags?post=1144"}],"curies":[{"name":"wp","href":"https:\/\/api.w.org\/{rel}","templated":true}]}}