{"id":11428,"date":"2016-06-22T12:12:03","date_gmt":"2016-06-22T16:12:03","guid":{"rendered":"http:\/\/vanderloubet.com.br\/deputado\/?p=11428"},"modified":"2016-06-22T12:19:38","modified_gmt":"2016-06-22T16:19:38","slug":"vander-defende-pec-132-como-caminho-para-fim-do-conflito-indigena","status":"publish","type":"post","link":"https:\/\/vanderloubet.com.br\/deputado\/vander-defende-pec-132-como-caminho-para-fim-do-conflito-indigena\/","title":{"rendered":"Vander defende PEC 132 como caminho para fim do conflito ind\u00edgena"},"content":{"rendered":"<figure id=\"attachment_11429\" aria-describedby=\"caption-attachment-11429\" style=\"width: 700px\" class=\"wp-caption alignnone\"><img decoding=\"async\" class=\"wp-image-11429 size-large\" title=\"Aprova\u00e7\u00e3o da PEC pode agilizar demarca\u00e7\u00f5es e solucionar conflito\" src=\"http:\/\/vanderloubet.com.br\/deputado\/wp-content\/uploads\/2016\/06\/foto-2016-06-22-conflito-indigena-ms-700x467.jpg\" alt=\"Aprova\u00e7\u00e3o da PEC pode agilizar demarca\u00e7\u00f5es e solucionar conflito\" width=\"700\" height=\"467\" srcset=\"https:\/\/vanderloubet.com.br\/deputado\/wp-content\/uploads\/2016\/06\/foto-2016-06-22-conflito-indigena-ms-700x467.jpg 700w, https:\/\/vanderloubet.com.br\/deputado\/wp-content\/uploads\/2016\/06\/foto-2016-06-22-conflito-indigena-ms-350x233.jpg 350w, https:\/\/vanderloubet.com.br\/deputado\/wp-content\/uploads\/2016\/06\/foto-2016-06-22-conflito-indigena-ms-768x512.jpg 768w, https:\/\/vanderloubet.com.br\/deputado\/wp-content\/uploads\/2016\/06\/foto-2016-06-22-conflito-indigena-ms-630x420.jpg 630w, https:\/\/vanderloubet.com.br\/deputado\/wp-content\/uploads\/2016\/06\/foto-2016-06-22-conflito-indigena-ms-696x464.jpg 696w, https:\/\/vanderloubet.com.br\/deputado\/wp-content\/uploads\/2016\/06\/foto-2016-06-22-conflito-indigena-ms.jpg 960w\" sizes=\"(max-width: 700px) 100vw, 700px\" \/><figcaption id=\"caption-attachment-11429\" class=\"wp-caption-text\">Aprova\u00e7\u00e3o da PEC pode agilizar demarca\u00e7\u00f5es e solucionar conflito<\/figcaption><\/figure>\n<p>Uma semana ap\u00f3s os mais recentes epis\u00f3dios de viol\u00eancia envolvendo ind\u00edgenas e produtores rurais em Mato Grosso do Sul &#8211; que causou a morte de dois ind\u00edgenas &#8211; o deputado federal Vander Loubet (PT-MS) defendeu que a C\u00e2mara agilize a tramita\u00e7\u00e3o e aprova\u00e7\u00e3o da <a href=\"http:\/\/www.camara.gov.br\/proposicoesWeb\/fichadetramitacao?idProposicao=1724712\" target=\"_blank\">Proposta de Emenda \u00e0 Constitui\u00e7\u00e3o (PEC) 132\/2015<\/a>.<\/p>\n<p>&#8220;\u00c9 um dos caminhos que temos para solucionar os conflitos&#8221;, argumentou o parlamentar.<\/p>\n<p>A proposta &#8211; originada no Senado &#8211; prev\u00ea a altera\u00e7\u00e3o da Constitui\u00e7\u00e3o Federal a fim de que os donos de terras que passaram a ser consideradas reservas ind\u00edgenas poder\u00e3o ser indenizados pela Uni\u00e3o n\u00e3o apenas pela terra nua mas tamb\u00e9m pelas benfeitorias realizadas nas propriedades.<\/p>\n<p>Na vis\u00e3o do deputado e dos defensores da PEC, a aprova\u00e7\u00e3o da medida permitiria mais facilmente a defini\u00e7\u00e3o de acordos a fim de colocar um ponto final nas disputas por terras demarcadas.<\/p>\n<p>&#8220;O caminho \u00e9 a concilia\u00e7\u00e3o dos interesses. Se por um lado a Constitui\u00e7\u00e3o de 88 procurou assegurar aos povos ind\u00edgenas a posse das terras reconhecidas como suas por outro h\u00e1 o direito de propriedade e a seguran\u00e7a das rela\u00e7\u00f5es jur\u00eddicas. Por isso \u00e9 necess\u00e1rio garantir aos possuidores de t\u00edtulos regularmente expedidos o direito de receber indeniza\u00e7\u00e3o pela terra e suas benfeitorias&#8221;, pontuou Vander. &#8220;Essa PEC j\u00e1 foi aprovada no Senado e com certeza ter\u00e1 meu voto favor\u00e1vel aqui na C\u00e2mara&#8221;, concluiu.<\/p>\n<p><em>(\u00c9der Yanaguita &#8211; Ascom\/Dep. Vander Loubet)<\/em><\/p>\n","protected":false},"excerpt":{"rendered":"<p>Proposta prev\u00ea que donos de terras que passaram a ser consideradas ind\u00edgenas poder\u00e3o ser indenizados pela terra nua e benfeitorias.<\/p>\n","protected":false},"author":2,"featured_media":11429,"comment_status":"closed","ping_status":"closed","sticky":false,"template":"","format":"standard","meta":{"jetpack_post_was_ever_published":false,"_jetpack_newsletter_access":"","_jetpack_dont_email_post_to_subs":false,"_jetpack_newsletter_tier_id":0,"_jetpack_memberships_contains_paywalled_content":false,"_jetpack_memberships_contains_paid_content":false,"footnotes":""},"categories":[2098,10],"tags":[2218,1514],"class_list":{"0":"post-11428","1":"post","2":"type-post","3":"status-publish","4":"format-standard","5":"has-post-thumbnail","7":"category-brasil-noticias","8":"category-noticias","9":"tag-demarcacao-de-terras","10":"tag-pec"},"yoast_head":"<!-- This site is optimized with the Yoast SEO plugin v27.4 - https:\/\/yoast.com\/product\/yoast-seo-wordpress\/ -->\n<title>Vander defende PEC 132 como caminho para fim do conflito ind\u00edgena<\/title>\n<meta name=\"robots\" content=\"index, follow, max-snippet:-1, max-image-preview:large, max-video-preview:-1\" \/>\n<link rel=\"canonical\" href=\"https:\/\/vanderloubet.com.br\/deputado\/vander-defende-pec-132-como-caminho-para-fim-do-conflito-indigena\/\" \/>\n<meta property=\"og:locale\" content=\"pt_BR\" \/>\n<meta property=\"og:type\" content=\"article\" \/>\n<meta property=\"og:title\" content=\"Vander defende PEC 132 como caminho para fim do conflito ind\u00edgena\" \/>\n<meta property=\"og:description\" content=\"Proposta prev\u00ea que donos de terras que passaram a ser consideradas ind\u00edgenas poder\u00e3o ser indenizados pela terra nua e benfeitorias.\" \/>\n<meta property=\"og:url\" content=\"https:\/\/vanderloubet.com.br\/deputado\/vander-defende-pec-132-como-caminho-para-fim-do-conflito-indigena\/\" \/>\n<meta property=\"og:site_name\" content=\"Deputado Federal Vander Loubet\" \/>\n<meta property=\"article:publisher\" content=\"https:\/\/facebook.com\/deputadovander\" \/>\n<meta property=\"article:published_time\" content=\"2016-06-22T16:12:03+00:00\" \/>\n<meta property=\"article:modified_time\" content=\"2016-06-22T16:19:38+00:00\" \/>\n<meta property=\"og:image\" content=\"https:\/\/vanderloubet.com.br\/deputado\/wp-content\/uploads\/2016\/06\/foto-2016-06-22-conflito-indigena-ms.jpg\" \/>\n\t<meta property=\"og:image:width\" content=\"960\" \/>\n\t<meta property=\"og:image:height\" content=\"640\" \/>\n\t<meta property=\"og:image:type\" content=\"image\/jpeg\" \/>\n<meta name=\"author\" content=\"\u00c9der\" \/>\n<meta name=\"twitter:card\" content=\"summary_large_image\" \/>\n<meta name=\"twitter:creator\" content=\"@vanderloubet\" \/>\n<meta name=\"twitter:site\" content=\"@vanderloubet\" \/>\n<script type=\"application\/ld+json\" class=\"yoast-schema-graph\">{\"@context\":\"https:\\\/\\\/schema.org\",\"@graph\":[{\"@type\":\"Article\",\"@id\":\"https:\\\/\\\/vanderloubet.com.br\\\/deputado\\\/vander-defende-pec-132-como-caminho-para-fim-do-conflito-indigena\\\/#article\",\"isPartOf\":{\"@id\":\"https:\\\/\\\/vanderloubet.com.br\\\/deputado\\\/vander-defende-pec-132-como-caminho-para-fim-do-conflito-indigena\\\/\"},\"author\":{\"name\":\"\u00c9der\",\"@id\":\"https:\\\/\\\/vanderloubet.com.br\\\/deputado\\\/#\\\/schema\\\/person\\\/15b51bd564532a8a68d9dec1b8eb890e\"},\"headline\":\"Vander defende PEC 132 como caminho para fim do conflito ind\u00edgena\",\"datePublished\":\"2016-06-22T16:12:03+00:00\",\"dateModified\":\"2016-06-22T16:19:38+00:00\",\"mainEntityOfPage\":{\"@id\":\"https:\\\/\\\/vanderloubet.com.br\\\/deputado\\\/vander-defende-pec-132-como-caminho-para-fim-do-conflito-indigena\\\/\"},\"wordCount\":282,\"publisher\":{\"@id\":\"https:\\\/\\\/vanderloubet.com.br\\\/deputado\\\/#organization\"},\"image\":{\"@id\":\"https:\\\/\\\/vanderloubet.com.br\\\/deputado\\\/vander-defende-pec-132-como-caminho-para-fim-do-conflito-indigena\\\/#primaryimage\"},\"thumbnailUrl\":\"https:\\\/\\\/vanderloubet.com.br\\\/deputado\\\/wp-content\\\/uploads\\\/2016\\\/06\\\/foto-2016-06-22-conflito-indigena-ms.jpg\",\"keywords\":[\"demarca\u00e7\u00e3o de terras\",\"pec\"],\"articleSection\":[\"Brasil\",\"Not\u00edcias\"],\"inLanguage\":\"pt-BR\"},{\"@type\":\"WebPage\",\"@id\":\"https:\\\/\\\/vanderloubet.com.br\\\/deputado\\\/vander-defende-pec-132-como-caminho-para-fim-do-conflito-indigena\\\/\",\"url\":\"https:\\\/\\\/vanderloubet.com.br\\\/deputado\\\/vander-defende-pec-132-como-caminho-para-fim-do-conflito-indigena\\\/\",\"name\":\"Vander defende PEC 132 como caminho para fim do conflito ind\u00edgena\",\"isPartOf\":{\"@id\":\"https:\\\/\\\/vanderloubet.com.br\\\/deputado\\\/#website\"},\"primaryImageOfPage\":{\"@id\":\"https:\\\/\\\/vanderloubet.com.br\\\/deputado\\\/vander-defende-pec-132-como-caminho-para-fim-do-conflito-indigena\\\/#primaryimage\"},\"image\":{\"@id\":\"https:\\\/\\\/vanderloubet.com.br\\\/deputado\\\/vander-defende-pec-132-como-caminho-para-fim-do-conflito-indigena\\\/#primaryimage\"},\"thumbnailUrl\":\"https:\\\/\\\/vanderloubet.com.br\\\/deputado\\\/wp-content\\\/uploads\\\/2016\\\/06\\\/foto-2016-06-22-conflito-indigena-ms.jpg\",\"datePublished\":\"2016-06-22T16:12:03+00:00\",\"dateModified\":\"2016-06-22T16:19:38+00:00\",\"breadcrumb\":{\"@id\":\"https:\\\/\\\/vanderloubet.com.br\\\/deputado\\\/vander-defende-pec-132-como-caminho-para-fim-do-conflito-indigena\\\/#breadcrumb\"},\"inLanguage\":\"pt-BR\",\"potentialAction\":[{\"@type\":\"ReadAction\",\"target\":[\"https:\\\/\\\/vanderloubet.com.br\\\/deputado\\\/vander-defende-pec-132-como-caminho-para-fim-do-conflito-indigena\\\/\"]}]},{\"@type\":\"ImageObject\",\"inLanguage\":\"pt-BR\",\"@id\":\"https:\\\/\\\/vanderloubet.com.br\\\/deputado\\\/vander-defende-pec-132-como-caminho-para-fim-do-conflito-indigena\\\/#primaryimage\",\"url\":\"https:\\\/\\\/vanderloubet.com.br\\\/deputado\\\/wp-content\\\/uploads\\\/2016\\\/06\\\/foto-2016-06-22-conflito-indigena-ms.jpg\",\"contentUrl\":\"https:\\\/\\\/vanderloubet.com.br\\\/deputado\\\/wp-content\\\/uploads\\\/2016\\\/06\\\/foto-2016-06-22-conflito-indigena-ms.jpg\",\"width\":960,\"height\":640,\"caption\":\"Aprova\u00e7\u00e3o da PEC pode agilizar demarca\u00e7\u00f5es e solucionar conflito\"},{\"@type\":\"BreadcrumbList\",\"@id\":\"https:\\\/\\\/vanderloubet.com.br\\\/deputado\\\/vander-defende-pec-132-como-caminho-para-fim-do-conflito-indigena\\\/#breadcrumb\",\"itemListElement\":[{\"@type\":\"ListItem\",\"position\":1,\"name\":\"In\u00edcio\",\"item\":\"https:\\\/\\\/vanderloubet.com.br\\\/deputado\\\/\"},{\"@type\":\"ListItem\",\"position\":2,\"name\":\"Vander defende PEC 132 como caminho para fim do conflito ind\u00edgena\"}]},{\"@type\":\"WebSite\",\"@id\":\"https:\\\/\\\/vanderloubet.com.br\\\/deputado\\\/#website\",\"url\":\"https:\\\/\\\/vanderloubet.com.br\\\/deputado\\\/\",\"name\":\"Deputado Federal Vander Loubet\",\"description\":\"O Federal de MS\",\"publisher\":{\"@id\":\"https:\\\/\\\/vanderloubet.com.br\\\/deputado\\\/#organization\"},\"alternateName\":\"Deputado Vander\",\"potentialAction\":[{\"@type\":\"SearchAction\",\"target\":{\"@type\":\"EntryPoint\",\"urlTemplate\":\"https:\\\/\\\/vanderloubet.com.br\\\/deputado\\\/?s={search_term_string}\"},\"query-input\":{\"@type\":\"PropertyValueSpecification\",\"valueRequired\":true,\"valueName\":\"search_term_string\"}}],\"inLanguage\":\"pt-BR\"},{\"@type\":\"Organization\",\"@id\":\"https:\\\/\\\/vanderloubet.com.br\\\/deputado\\\/#organization\",\"name\":\"Deputado Federal Vander Loubet\",\"alternateName\":\"Deputado Vander\",\"url\":\"https:\\\/\\\/vanderloubet.com.br\\\/deputado\\\/\",\"logo\":{\"@type\":\"ImageObject\",\"inLanguage\":\"pt-BR\",\"@id\":\"https:\\\/\\\/vanderloubet.com.br\\\/deputado\\\/#\\\/schema\\\/logo\\\/image\\\/\",\"url\":\"https:\\\/\\\/vanderloubet.com.br\\\/deputado\\\/wp-content\\\/uploads\\\/2023\\\/06\\\/foto-2023-06-19-mandato-deputado-vander.jpg\",\"contentUrl\":\"https:\\\/\\\/vanderloubet.com.br\\\/deputado\\\/wp-content\\\/uploads\\\/2023\\\/06\\\/foto-2023-06-19-mandato-deputado-vander.jpg\",\"width\":1080,\"height\":1080,\"caption\":\"Deputado Federal Vander Loubet\"},\"image\":{\"@id\":\"https:\\\/\\\/vanderloubet.com.br\\\/deputado\\\/#\\\/schema\\\/logo\\\/image\\\/\"},\"sameAs\":[\"https:\\\/\\\/facebook.com\\\/deputadovander\",\"https:\\\/\\\/x.com\\\/vanderloubet\",\"https:\\\/\\\/instagram.com\\\/vanderloubet\",\"https:\\\/\\\/youtube.com\\\/vanderloubet\",\"https:\\\/\\\/tiktok.com\\\/@vanderloubetms\"]},{\"@type\":\"Person\",\"@id\":\"https:\\\/\\\/vanderloubet.com.br\\\/deputado\\\/#\\\/schema\\\/person\\\/15b51bd564532a8a68d9dec1b8eb890e\",\"name\":\"\u00c9der\",\"image\":{\"@type\":\"ImageObject\",\"inLanguage\":\"pt-BR\",\"@id\":\"https:\\\/\\\/vanderloubet.com.br\\\/deputado\\\/wp-content\\\/litespeed\\\/avatar\\\/88ca4090d9d5ab1c9495f6ca03b68efa.jpg?ver=1777058957\",\"url\":\"https:\\\/\\\/vanderloubet.com.br\\\/deputado\\\/wp-content\\\/litespeed\\\/avatar\\\/88ca4090d9d5ab1c9495f6ca03b68efa.jpg?ver=1777058957\",\"contentUrl\":\"https:\\\/\\\/vanderloubet.com.br\\\/deputado\\\/wp-content\\\/litespeed\\\/avatar\\\/88ca4090d9d5ab1c9495f6ca03b68efa.jpg?ver=1777058957\",\"caption\":\"\u00c9der\"}}]}<\/script>\n<!-- \/ Yoast SEO plugin. -->","yoast_head_json":{"title":"Vander defende PEC 132 como caminho para fim do conflito ind\u00edgena","robots":{"index":"index","follow":"follow","max-snippet":"max-snippet:-1","max-image-preview":"max-image-preview:large","max-video-preview":"max-video-preview:-1"},"canonical":"https:\/\/vanderloubet.com.br\/deputado\/vander-defende-pec-132-como-caminho-para-fim-do-conflito-indigena\/","og_locale":"pt_BR","og_type":"article","og_title":"Vander defende PEC 132 como caminho para fim do conflito ind\u00edgena","og_description":"Proposta prev\u00ea que donos de terras que passaram a ser consideradas ind\u00edgenas poder\u00e3o ser indenizados pela terra nua e benfeitorias.","og_url":"https:\/\/vanderloubet.com.br\/deputado\/vander-defende-pec-132-como-caminho-para-fim-do-conflito-indigena\/","og_site_name":"Deputado Federal Vander Loubet","article_publisher":"https:\/\/facebook.com\/deputadovander","article_published_time":"2016-06-22T16:12:03+00:00","article_modified_time":"2016-06-22T16:19:38+00:00","og_image":[{"width":960,"height":640,"url":"https:\/\/vanderloubet.com.br\/deputado\/wp-content\/uploads\/2016\/06\/foto-2016-06-22-conflito-indigena-ms.jpg","type":"image\/jpeg"}],"author":"\u00c9der","twitter_card":"summary_large_image","twitter_creator":"@vanderloubet","twitter_site":"@vanderloubet","schema":{"@context":"https:\/\/schema.org","@graph":[{"@type":"Article","@id":"https:\/\/vanderloubet.com.br\/deputado\/vander-defende-pec-132-como-caminho-para-fim-do-conflito-indigena\/#article","isPartOf":{"@id":"https:\/\/vanderloubet.com.br\/deputado\/vander-defende-pec-132-como-caminho-para-fim-do-conflito-indigena\/"},"author":{"name":"\u00c9der","@id":"https:\/\/vanderloubet.com.br\/deputado\/#\/schema\/person\/15b51bd564532a8a68d9dec1b8eb890e"},"headline":"Vander defende PEC 132 como caminho para fim do conflito ind\u00edgena","datePublished":"2016-06-22T16:12:03+00:00","dateModified":"2016-06-22T16:19:38+00:00","mainEntityOfPage":{"@id":"https:\/\/vanderloubet.com.br\/deputado\/vander-defende-pec-132-como-caminho-para-fim-do-conflito-indigena\/"},"wordCount":282,"publisher":{"@id":"https:\/\/vanderloubet.com.br\/deputado\/#organization"},"image":{"@id":"https:\/\/vanderloubet.com.br\/deputado\/vander-defende-pec-132-como-caminho-para-fim-do-conflito-indigena\/#primaryimage"},"thumbnailUrl":"https:\/\/vanderloubet.com.br\/deputado\/wp-content\/uploads\/2016\/06\/foto-2016-06-22-conflito-indigena-ms.jpg","keywords":["demarca\u00e7\u00e3o de terras","pec"],"articleSection":["Brasil","Not\u00edcias"],"inLanguage":"pt-BR"},{"@type":"WebPage","@id":"https:\/\/vanderloubet.com.br\/deputado\/vander-defende-pec-132-como-caminho-para-fim-do-conflito-indigena\/","url":"https:\/\/vanderloubet.com.br\/deputado\/vander-defende-pec-132-como-caminho-para-fim-do-conflito-indigena\/","name":"Vander defende PEC 132 como caminho para fim do conflito ind\u00edgena","isPartOf":{"@id":"https:\/\/vanderloubet.com.br\/deputado\/#website"},"primaryImageOfPage":{"@id":"https:\/\/vanderloubet.com.br\/deputado\/vander-defende-pec-132-como-caminho-para-fim-do-conflito-indigena\/#primaryimage"},"image":{"@id":"https:\/\/vanderloubet.com.br\/deputado\/vander-defende-pec-132-como-caminho-para-fim-do-conflito-indigena\/#primaryimage"},"thumbnailUrl":"https:\/\/vanderloubet.com.br\/deputado\/wp-content\/uploads\/2016\/06\/foto-2016-06-22-conflito-indigena-ms.jpg","datePublished":"2016-06-22T16:12:03+00:00","dateModified":"2016-06-22T16:19:38+00:00","breadcrumb":{"@id":"https:\/\/vanderloubet.com.br\/deputado\/vander-defende-pec-132-como-caminho-para-fim-do-conflito-indigena\/#breadcrumb"},"inLanguage":"pt-BR","potentialAction":[{"@type":"ReadAction","target":["https:\/\/vanderloubet.com.br\/deputado\/vander-defende-pec-132-como-caminho-para-fim-do-conflito-indigena\/"]}]},{"@type":"ImageObject","inLanguage":"pt-BR","@id":"https:\/\/vanderloubet.com.br\/deputado\/vander-defende-pec-132-como-caminho-para-fim-do-conflito-indigena\/#primaryimage","url":"https:\/\/vanderloubet.com.br\/deputado\/wp-content\/uploads\/2016\/06\/foto-2016-06-22-conflito-indigena-ms.jpg","contentUrl":"https:\/\/vanderloubet.com.br\/deputado\/wp-content\/uploads\/2016\/06\/foto-2016-06-22-conflito-indigena-ms.jpg","width":960,"height":640,"caption":"Aprova\u00e7\u00e3o da PEC pode agilizar demarca\u00e7\u00f5es e solucionar conflito"},{"@type":"BreadcrumbList","@id":"https:\/\/vanderloubet.com.br\/deputado\/vander-defende-pec-132-como-caminho-para-fim-do-conflito-indigena\/#breadcrumb","itemListElement":[{"@type":"ListItem","position":1,"name":"In\u00edcio","item":"https:\/\/vanderloubet.com.br\/deputado\/"},{"@type":"ListItem","position":2,"name":"Vander defende PEC 132 como caminho para fim do conflito ind\u00edgena"}]},{"@type":"WebSite","@id":"https:\/\/vanderloubet.com.br\/deputado\/#website","url":"https:\/\/vanderloubet.com.br\/deputado\/","name":"Deputado Federal Vander Loubet","description":"O Federal de MS","publisher":{"@id":"https:\/\/vanderloubet.com.br\/deputado\/#organization"},"alternateName":"Deputado Vander","potentialAction":[{"@type":"SearchAction","target":{"@type":"EntryPoint","urlTemplate":"https:\/\/vanderloubet.com.br\/deputado\/?s={search_term_string}"},"query-input":{"@type":"PropertyValueSpecification","valueRequired":true,"valueName":"search_term_string"}}],"inLanguage":"pt-BR"},{"@type":"Organization","@id":"https:\/\/vanderloubet.com.br\/deputado\/#organization","name":"Deputado Federal Vander Loubet","alternateName":"Deputado Vander","url":"https:\/\/vanderloubet.com.br\/deputado\/","logo":{"@type":"ImageObject","inLanguage":"pt-BR","@id":"https:\/\/vanderloubet.com.br\/deputado\/#\/schema\/logo\/image\/","url":"https:\/\/vanderloubet.com.br\/deputado\/wp-content\/uploads\/2023\/06\/foto-2023-06-19-mandato-deputado-vander.jpg","contentUrl":"https:\/\/vanderloubet.com.br\/deputado\/wp-content\/uploads\/2023\/06\/foto-2023-06-19-mandato-deputado-vander.jpg","width":1080,"height":1080,"caption":"Deputado Federal Vander Loubet"},"image":{"@id":"https:\/\/vanderloubet.com.br\/deputado\/#\/schema\/logo\/image\/"},"sameAs":["https:\/\/facebook.com\/deputadovander","https:\/\/x.com\/vanderloubet","https:\/\/instagram.com\/vanderloubet","https:\/\/youtube.com\/vanderloubet","https:\/\/tiktok.com\/@vanderloubetms"]},{"@type":"Person","@id":"https:\/\/vanderloubet.com.br\/deputado\/#\/schema\/person\/15b51bd564532a8a68d9dec1b8eb890e","name":"\u00c9der","image":{"@type":"ImageObject","inLanguage":"pt-BR","@id":"https:\/\/vanderloubet.com.br\/deputado\/wp-content\/litespeed\/avatar\/88ca4090d9d5ab1c9495f6ca03b68efa.jpg?ver=1777058957","url":"https:\/\/vanderloubet.com.br\/deputado\/wp-content\/litespeed\/avatar\/88ca4090d9d5ab1c9495f6ca03b68efa.jpg?ver=1777058957","contentUrl":"https:\/\/vanderloubet.com.br\/deputado\/wp-content\/litespeed\/avatar\/88ca4090d9d5ab1c9495f6ca03b68efa.jpg?ver=1777058957","caption":"\u00c9der"}}]}},"jetpack_featured_media_url":"https:\/\/vanderloubet.com.br\/deputado\/wp-content\/uploads\/2016\/06\/foto-2016-06-22-conflito-indigena-ms.jpg","jetpack_sharing_enabled":true,"_links":{"self":[{"href":"https:\/\/vanderloubet.com.br\/deputado\/wp-json\/wp\/v2\/posts\/11428","targetHints":{"allow":["GET"]}}],"collection":[{"href":"https:\/\/vanderloubet.com.br\/deputado\/wp-json\/wp\/v2\/posts"}],"about":[{"href":"https:\/\/vanderloubet.com.br\/deputado\/wp-json\/wp\/v2\/types\/post"}],"author":[{"embeddable":true,"href":"https:\/\/vanderloubet.com.br\/deputado\/wp-json\/wp\/v2\/users\/2"}],"replies":[{"embeddable":true,"href":"https:\/\/vanderloubet.com.br\/deputado\/wp-json\/wp\/v2\/comments?post=11428"}],"version-history":[{"count":0,"href":"https:\/\/vanderloubet.com.br\/deputado\/wp-json\/wp\/v2\/posts\/11428\/revisions"}],"wp:featuredmedia":[{"embeddable":true,"href":"https:\/\/vanderloubet.com.br\/deputado\/wp-json\/wp\/v2\/media\/11429"}],"wp:attachment":[{"href":"https:\/\/vanderloubet.com.br\/deputado\/wp-json\/wp\/v2\/media?parent=11428"}],"wp:term":[{"taxonomy":"category","embeddable":true,"href":"https:\/\/vanderloubet.com.br\/deputado\/wp-json\/wp\/v2\/categories?post=11428"},{"taxonomy":"post_tag","embeddable":true,"href":"https:\/\/vanderloubet.com.br\/deputado\/wp-json\/wp\/v2\/tags?post=11428"}],"curies":[{"name":"wp","href":"https:\/\/api.w.org\/{rel}","templated":true}]}}