{"id":1124,"date":"2010-05-18T00:01:11","date_gmt":"2010-05-18T04:01:11","guid":{"rendered":"http:\/\/www.deputadovander.com.br\/website\/?p=1124"},"modified":"2010-05-18T00:01:11","modified_gmt":"2010-05-18T04:01:11","slug":"ufms-realiza-debate-com-presenca-do-deputado-vander","status":"publish","type":"post","link":"https:\/\/vanderloubet.com.br\/deputado\/ufms-realiza-debate-com-presenca-do-deputado-vander\/","title":{"rendered":"UFMS realiza debate com presen\u00e7a do deputado Vander"},"content":{"rendered":"<p style=\"text-align: center;\">\n<figure id=\"attachment_1125\" aria-describedby=\"caption-attachment-1125\" style=\"width: 300px\" class=\"wp-caption aligncenter\"><a href=\"http:\/\/deputadovander.com.br\/website\/wp-content\/uploads\/2010\/05\/foto-2010-05-17-debate-ufms1.jpg\" target=\"_blank\"><img decoding=\"async\" class=\"size-medium wp-image-1125 \" title=\"foto-2010-05-17-debate-ufms\" src=\"http:\/\/www.deputadovander.com.br\/website\/wp-content\/uploads\/2010\/05\/foto-2010-05-17-debate-ufms-300x225.jpg\" alt=\"Pr\u00f3-reitor Mariani e deputado Vander\" width=\"300\" height=\"225\" \/><\/a><figcaption id=\"caption-attachment-1125\" class=\"wp-caption-text\">Pr\u00f3-reitor Mariani e Vander (clique para ampliar)<\/figcaption><\/figure>\n<p>A Universidade Federal de Mato Grosso do Sul (UFMS) promoveu ontem (17) o primeiro debate de um ciclo intitulado &#8220;Os cen\u00e1rios de Mato Grosso do Sul nos pr\u00f3ximos 20 anos e o papel do ensino superior&#8221;. O objetivo \u00e9 analisar e debater temas atuais e relevantes para o desenvolvimento regional com a comunidade acad\u00eamica. O evento aconteceu no per\u00edodo da tarde e lotou o audit\u00f3rio da Faculdade de Odontologia (Faodo), em Campo Grande. O deputado federal Vander Loubet (PT-MS) foi o primeiro convidado da atividade.<\/p>\n<p>A abertura do debate foi feita pelo pr\u00f3-reitor de Extens\u00e3o, Cultura e Assuntos Estudantis, professor Doutor Milton Mariani, que representou a reitora C\u00e9lia Maria Oliveira no evento. o pr\u00f3-reitor Mariani destacou que o ciclo de debates ajuda a consolidar o espa\u00e7o universit\u00e1rio como um ambiente democr\u00e1tico e plural, al\u00e9m de contribuir na implementa\u00e7\u00e3o de pol\u00edticas p\u00fablicas.<\/p>\n<p>Em seguida, o deputado Vander iniciou sua fala defendendo que a Universidade Federal atue em conson\u00e2ncia com o Poder P\u00fablico para garantir o desenvolvimento sustent\u00e1vel de Mato Grosso do Sul e classificou o atual momento como um dos melhores para o crescimento sustent\u00e1vel a m\u00e9dio e longo prazos. &#8220;Acredito que a Universidade deve contribuir na discuss\u00e3o sobre qual desenvolvimento n\u00f3s queremos. Por isso essa parceria que estamos fazendo hoje \u00e9 importante. Temos que aproveitar esse momento de estabilidade e crescimento econ\u00f4mico para que a UFMS cres\u00e7a tamb\u00e9m&#8221;, afirmou o parlamentar.<\/p>\n<p>Ap\u00f3s a fala do deputado, o debate foi aberto para que os presentes participassem. Questionado por professores sobre as dificuldades para se obter recursos para projetos de ensino e pesquisa e para investimentos nos cursos, Vander Loubet destacou que pode ajudar a UFMS e colocou-se a disposi\u00e7\u00e3o da comunidade para contribuir com o que for necess\u00e1rio. O parlamentar destacou ainda que no plano do governo federal para reduzir os gastos p\u00fablicos em R$ 10 bilh\u00f5es, a pasta de Ci\u00eancia e Tecnologia n\u00e3o deve sofrer cortes, tendo em vista acordos fechados entre o Executivo e o Congresso, h\u00e1 dois anos, para que as verbas desse setor n\u00e3o sejam contingenciadas.<\/p>\n<p>Ainda sobre a busca de recursos para a \u00e1rea de Ci\u00eancia e Tecnologia, Loubet defendeu a revis\u00e3o da lei estadual de incentivos fiscais para que as empresas que se instalarem no estado se comprometam a investir em pesquisa, em parceria com as universidades. O deputado ainda conclamou a comunidade a elaborar propostas nesse sentido e entreg\u00e1-las aos futuros candidatos ao governo do Estado, cobrando comprometimento com o setor.<\/p>\n<p>Ao final do debate, o deputado Vander foi homenageado por atletas do time de futebol do Departamento de Economia e Administra\u00e7\u00e3o (DEA), que presentearam o parlamentar com a camisa n\u00famero 13 da equipe.<\/p>\n<p><strong>Atua\u00e7\u00e3o pela UFMS<\/strong> &#8211; Vander possui grande liga\u00e7\u00e3o com a comunidade universit\u00e1ria da UFMS. Durante seu mandato, o parlamentar viabilizou recursos importantes para a institui\u00e7\u00e3o, como uma emenda de R$ 3 milh\u00f5es para constru\u00e7\u00e3o da nova Biblioteca Central na Capital e outras duas emendas \u2013 de R$ 500 mil cada \u2013 para a constru\u00e7\u00e3o dos campi de Nova Andradina e Chapad\u00e3o do Sul.<\/p>\n<p>Outra a\u00e7\u00e3o do deputado foi propor ao Congresso e ao governo federal a cria\u00e7\u00e3o do programa Bolsa Rec\u00e9m-Formado, que pretende conceder aos egressos do ensino superior a oportunidade de adquirir experi\u00eancia profissional, j\u00e1 que este \u00e9 um dos maiores obst\u00e1culos para o rec\u00e9m-formado conseguir uma vaga no mercado de trabalho.<\/p>\n<p><em>Not\u00edcias e links relacionados:<\/em><\/p>\n<ul>\n<li><a title=\"Link\" href=\"http:\/\/picasaweb.google.com.br\/vanderloubetms\/20100517CampoGrande?feat=directlink\" target=\"_blank\">Fotos do evento<\/a><\/li>\n<li><a title=\"Link\" href=\"http:\/\/www.deputadovander.com.br\/website\/2010\/05\/10\/vander-propoe-bolsa-recem-formado-e-olimpiadas-educacional\/\" target=\"_self\">Vander prop\u00f5e Bolsa Rec\u00e9m-Formado e olimp\u00edadas educacionais<\/a><\/li>\n<li><a title=\"Link\" href=\"http:\/\/deputadovander.com.br\/website\/wp-content\/uploads\/2010\/05\/jornal_depvander_03_ufms_2010_05_web.pdf\" target=\"_blank\">Informativo do mandato &#8211; N\u00ba 03 &#8211; UFMS<\/a><\/li>\n<\/ul>\n<p><small>(\u00c9der Yanaguita &#8211; Assessoria de Comunica\u00e7\u00e3o)<\/small><\/p>\n","protected":false},"excerpt":{"rendered":"<p>O parlamentar defendeu import\u00e2ncia da universidade para garantir desenvolvimento sustent\u00e1vel de MS.<\/p>\n","protected":false},"author":2,"featured_media":0,"comment_status":"closed","ping_status":"open","sticky":false,"template":"","format":"standard","meta":{"jetpack_post_was_ever_published":false,"_jetpack_newsletter_access":"","_jetpack_dont_email_post_to_subs":false,"_jetpack_newsletter_tier_id":0,"_jetpack_memberships_contains_paywalled_content":false,"_jetpack_memberships_contains_paid_content":false,"footnotes":""},"categories":[10],"tags":[445,578,794,1926,2002,2012,2035],"class_list":{"0":"post-1124","1":"post","2":"type-post","3":"status-publish","4":"format-standard","6":"category-noticias","7":"tag-ciencia","8":"tag-debate","9":"tag-faodo","10":"tag-tecnologia","11":"tag-ufms","12":"tag-universidade","13":"tag-vander-loubet"},"yoast_head":"<!-- This site is optimized with the Yoast SEO plugin v27.4 - https:\/\/yoast.com\/product\/yoast-seo-wordpress\/ -->\n<title>UFMS realiza debate com presen\u00e7a do deputado Vander<\/title>\n<meta name=\"robots\" content=\"index, follow, max-snippet:-1, max-image-preview:large, max-video-preview:-1\" \/>\n<link rel=\"canonical\" href=\"https:\/\/vanderloubet.com.br\/deputado\/ufms-realiza-debate-com-presenca-do-deputado-vander\/\" \/>\n<meta property=\"og:locale\" content=\"pt_BR\" \/>\n<meta property=\"og:type\" content=\"article\" \/>\n<meta property=\"og:title\" content=\"UFMS realiza debate com presen\u00e7a do deputado Vander\" \/>\n<meta property=\"og:description\" content=\"O parlamentar defendeu import\u00e2ncia da universidade para garantir desenvolvimento sustent\u00e1vel de MS.\" \/>\n<meta property=\"og:url\" content=\"https:\/\/vanderloubet.com.br\/deputado\/ufms-realiza-debate-com-presenca-do-deputado-vander\/\" \/>\n<meta property=\"og:site_name\" content=\"Deputado Federal Vander Loubet\" \/>\n<meta property=\"article:publisher\" content=\"https:\/\/facebook.com\/deputadovander\" \/>\n<meta property=\"article:published_time\" content=\"2010-05-18T04:01:11+00:00\" \/>\n<meta property=\"og:image\" content=\"http:\/\/www.deputadovander.com.br\/website\/wp-content\/uploads\/2010\/05\/foto-2010-05-17-debate-ufms-300x225.jpg\" \/>\n<meta name=\"author\" content=\"\u00c9der\" \/>\n<meta name=\"twitter:card\" content=\"summary_large_image\" \/>\n<meta name=\"twitter:creator\" content=\"@vanderloubet\" \/>\n<meta name=\"twitter:site\" content=\"@vanderloubet\" \/>\n<script type=\"application\/ld+json\" class=\"yoast-schema-graph\">{\"@context\":\"https:\\\/\\\/schema.org\",\"@graph\":[{\"@type\":\"Article\",\"@id\":\"https:\\\/\\\/vanderloubet.com.br\\\/deputado\\\/ufms-realiza-debate-com-presenca-do-deputado-vander\\\/#article\",\"isPartOf\":{\"@id\":\"https:\\\/\\\/vanderloubet.com.br\\\/deputado\\\/ufms-realiza-debate-com-presenca-do-deputado-vander\\\/\"},\"author\":{\"name\":\"\u00c9der\",\"@id\":\"https:\\\/\\\/vanderloubet.com.br\\\/deputado\\\/#\\\/schema\\\/person\\\/15b51bd564532a8a68d9dec1b8eb890e\"},\"headline\":\"UFMS realiza debate com presen\u00e7a do deputado Vander\",\"datePublished\":\"2010-05-18T04:01:11+00:00\",\"mainEntityOfPage\":{\"@id\":\"https:\\\/\\\/vanderloubet.com.br\\\/deputado\\\/ufms-realiza-debate-com-presenca-do-deputado-vander\\\/\"},\"wordCount\":652,\"publisher\":{\"@id\":\"https:\\\/\\\/vanderloubet.com.br\\\/deputado\\\/#organization\"},\"image\":{\"@id\":\"https:\\\/\\\/vanderloubet.com.br\\\/deputado\\\/ufms-realiza-debate-com-presenca-do-deputado-vander\\\/#primaryimage\"},\"thumbnailUrl\":\"http:\\\/\\\/www.deputadovander.com.br\\\/website\\\/wp-content\\\/uploads\\\/2010\\\/05\\\/foto-2010-05-17-debate-ufms-300x225.jpg\",\"keywords\":[\"ci\u00eancia\",\"debate\",\"faodo\",\"tecnologia\",\"ufms\",\"universidade\",\"vander loubet\"],\"articleSection\":[\"Not\u00edcias\"],\"inLanguage\":\"pt-BR\"},{\"@type\":\"WebPage\",\"@id\":\"https:\\\/\\\/vanderloubet.com.br\\\/deputado\\\/ufms-realiza-debate-com-presenca-do-deputado-vander\\\/\",\"url\":\"https:\\\/\\\/vanderloubet.com.br\\\/deputado\\\/ufms-realiza-debate-com-presenca-do-deputado-vander\\\/\",\"name\":\"UFMS realiza debate com presen\u00e7a do deputado Vander\",\"isPartOf\":{\"@id\":\"https:\\\/\\\/vanderloubet.com.br\\\/deputado\\\/#website\"},\"primaryImageOfPage\":{\"@id\":\"https:\\\/\\\/vanderloubet.com.br\\\/deputado\\\/ufms-realiza-debate-com-presenca-do-deputado-vander\\\/#primaryimage\"},\"image\":{\"@id\":\"https:\\\/\\\/vanderloubet.com.br\\\/deputado\\\/ufms-realiza-debate-com-presenca-do-deputado-vander\\\/#primaryimage\"},\"thumbnailUrl\":\"http:\\\/\\\/www.deputadovander.com.br\\\/website\\\/wp-content\\\/uploads\\\/2010\\\/05\\\/foto-2010-05-17-debate-ufms-300x225.jpg\",\"datePublished\":\"2010-05-18T04:01:11+00:00\",\"breadcrumb\":{\"@id\":\"https:\\\/\\\/vanderloubet.com.br\\\/deputado\\\/ufms-realiza-debate-com-presenca-do-deputado-vander\\\/#breadcrumb\"},\"inLanguage\":\"pt-BR\",\"potentialAction\":[{\"@type\":\"ReadAction\",\"target\":[\"https:\\\/\\\/vanderloubet.com.br\\\/deputado\\\/ufms-realiza-debate-com-presenca-do-deputado-vander\\\/\"]}]},{\"@type\":\"ImageObject\",\"inLanguage\":\"pt-BR\",\"@id\":\"https:\\\/\\\/vanderloubet.com.br\\\/deputado\\\/ufms-realiza-debate-com-presenca-do-deputado-vander\\\/#primaryimage\",\"url\":\"http:\\\/\\\/www.deputadovander.com.br\\\/website\\\/wp-content\\\/uploads\\\/2010\\\/05\\\/foto-2010-05-17-debate-ufms-300x225.jpg\",\"contentUrl\":\"http:\\\/\\\/www.deputadovander.com.br\\\/website\\\/wp-content\\\/uploads\\\/2010\\\/05\\\/foto-2010-05-17-debate-ufms-300x225.jpg\"},{\"@type\":\"BreadcrumbList\",\"@id\":\"https:\\\/\\\/vanderloubet.com.br\\\/deputado\\\/ufms-realiza-debate-com-presenca-do-deputado-vander\\\/#breadcrumb\",\"itemListElement\":[{\"@type\":\"ListItem\",\"position\":1,\"name\":\"In\u00edcio\",\"item\":\"https:\\\/\\\/vanderloubet.com.br\\\/deputado\\\/\"},{\"@type\":\"ListItem\",\"position\":2,\"name\":\"UFMS realiza debate com presen\u00e7a do deputado Vander\"}]},{\"@type\":\"WebSite\",\"@id\":\"https:\\\/\\\/vanderloubet.com.br\\\/deputado\\\/#website\",\"url\":\"https:\\\/\\\/vanderloubet.com.br\\\/deputado\\\/\",\"name\":\"Deputado Federal Vander Loubet\",\"description\":\"O Federal de MS\",\"publisher\":{\"@id\":\"https:\\\/\\\/vanderloubet.com.br\\\/deputado\\\/#organization\"},\"alternateName\":\"Deputado Vander\",\"potentialAction\":[{\"@type\":\"SearchAction\",\"target\":{\"@type\":\"EntryPoint\",\"urlTemplate\":\"https:\\\/\\\/vanderloubet.com.br\\\/deputado\\\/?s={search_term_string}\"},\"query-input\":{\"@type\":\"PropertyValueSpecification\",\"valueRequired\":true,\"valueName\":\"search_term_string\"}}],\"inLanguage\":\"pt-BR\"},{\"@type\":\"Organization\",\"@id\":\"https:\\\/\\\/vanderloubet.com.br\\\/deputado\\\/#organization\",\"name\":\"Deputado Federal Vander Loubet\",\"alternateName\":\"Deputado Vander\",\"url\":\"https:\\\/\\\/vanderloubet.com.br\\\/deputado\\\/\",\"logo\":{\"@type\":\"ImageObject\",\"inLanguage\":\"pt-BR\",\"@id\":\"https:\\\/\\\/vanderloubet.com.br\\\/deputado\\\/#\\\/schema\\\/logo\\\/image\\\/\",\"url\":\"https:\\\/\\\/vanderloubet.com.br\\\/deputado\\\/wp-content\\\/uploads\\\/2023\\\/06\\\/foto-2023-06-19-mandato-deputado-vander.jpg\",\"contentUrl\":\"https:\\\/\\\/vanderloubet.com.br\\\/deputado\\\/wp-content\\\/uploads\\\/2023\\\/06\\\/foto-2023-06-19-mandato-deputado-vander.jpg\",\"width\":1080,\"height\":1080,\"caption\":\"Deputado Federal Vander Loubet\"},\"image\":{\"@id\":\"https:\\\/\\\/vanderloubet.com.br\\\/deputado\\\/#\\\/schema\\\/logo\\\/image\\\/\"},\"sameAs\":[\"https:\\\/\\\/facebook.com\\\/deputadovander\",\"https:\\\/\\\/x.com\\\/vanderloubet\",\"https:\\\/\\\/instagram.com\\\/vanderloubet\",\"https:\\\/\\\/youtube.com\\\/vanderloubet\",\"https:\\\/\\\/tiktok.com\\\/@vanderloubetms\"]},{\"@type\":\"Person\",\"@id\":\"https:\\\/\\\/vanderloubet.com.br\\\/deputado\\\/#\\\/schema\\\/person\\\/15b51bd564532a8a68d9dec1b8eb890e\",\"name\":\"\u00c9der\",\"image\":{\"@type\":\"ImageObject\",\"inLanguage\":\"pt-BR\",\"@id\":\"https:\\\/\\\/vanderloubet.com.br\\\/deputado\\\/wp-content\\\/litespeed\\\/avatar\\\/88ca4090d9d5ab1c9495f6ca03b68efa.jpg?ver=1777058957\",\"url\":\"https:\\\/\\\/vanderloubet.com.br\\\/deputado\\\/wp-content\\\/litespeed\\\/avatar\\\/88ca4090d9d5ab1c9495f6ca03b68efa.jpg?ver=1777058957\",\"contentUrl\":\"https:\\\/\\\/vanderloubet.com.br\\\/deputado\\\/wp-content\\\/litespeed\\\/avatar\\\/88ca4090d9d5ab1c9495f6ca03b68efa.jpg?ver=1777058957\",\"caption\":\"\u00c9der\"}}]}<\/script>\n<!-- \/ Yoast SEO plugin. -->","yoast_head_json":{"title":"UFMS realiza debate com presen\u00e7a do deputado Vander","robots":{"index":"index","follow":"follow","max-snippet":"max-snippet:-1","max-image-preview":"max-image-preview:large","max-video-preview":"max-video-preview:-1"},"canonical":"https:\/\/vanderloubet.com.br\/deputado\/ufms-realiza-debate-com-presenca-do-deputado-vander\/","og_locale":"pt_BR","og_type":"article","og_title":"UFMS realiza debate com presen\u00e7a do deputado Vander","og_description":"O parlamentar defendeu import\u00e2ncia da universidade para garantir desenvolvimento sustent\u00e1vel de MS.","og_url":"https:\/\/vanderloubet.com.br\/deputado\/ufms-realiza-debate-com-presenca-do-deputado-vander\/","og_site_name":"Deputado Federal Vander Loubet","article_publisher":"https:\/\/facebook.com\/deputadovander","article_published_time":"2010-05-18T04:01:11+00:00","og_image":[{"url":"http:\/\/www.deputadovander.com.br\/website\/wp-content\/uploads\/2010\/05\/foto-2010-05-17-debate-ufms-300x225.jpg","type":"","width":"","height":""}],"author":"\u00c9der","twitter_card":"summary_large_image","twitter_creator":"@vanderloubet","twitter_site":"@vanderloubet","schema":{"@context":"https:\/\/schema.org","@graph":[{"@type":"Article","@id":"https:\/\/vanderloubet.com.br\/deputado\/ufms-realiza-debate-com-presenca-do-deputado-vander\/#article","isPartOf":{"@id":"https:\/\/vanderloubet.com.br\/deputado\/ufms-realiza-debate-com-presenca-do-deputado-vander\/"},"author":{"name":"\u00c9der","@id":"https:\/\/vanderloubet.com.br\/deputado\/#\/schema\/person\/15b51bd564532a8a68d9dec1b8eb890e"},"headline":"UFMS realiza debate com presen\u00e7a do deputado Vander","datePublished":"2010-05-18T04:01:11+00:00","mainEntityOfPage":{"@id":"https:\/\/vanderloubet.com.br\/deputado\/ufms-realiza-debate-com-presenca-do-deputado-vander\/"},"wordCount":652,"publisher":{"@id":"https:\/\/vanderloubet.com.br\/deputado\/#organization"},"image":{"@id":"https:\/\/vanderloubet.com.br\/deputado\/ufms-realiza-debate-com-presenca-do-deputado-vander\/#primaryimage"},"thumbnailUrl":"http:\/\/www.deputadovander.com.br\/website\/wp-content\/uploads\/2010\/05\/foto-2010-05-17-debate-ufms-300x225.jpg","keywords":["ci\u00eancia","debate","faodo","tecnologia","ufms","universidade","vander loubet"],"articleSection":["Not\u00edcias"],"inLanguage":"pt-BR"},{"@type":"WebPage","@id":"https:\/\/vanderloubet.com.br\/deputado\/ufms-realiza-debate-com-presenca-do-deputado-vander\/","url":"https:\/\/vanderloubet.com.br\/deputado\/ufms-realiza-debate-com-presenca-do-deputado-vander\/","name":"UFMS realiza debate com presen\u00e7a do deputado Vander","isPartOf":{"@id":"https:\/\/vanderloubet.com.br\/deputado\/#website"},"primaryImageOfPage":{"@id":"https:\/\/vanderloubet.com.br\/deputado\/ufms-realiza-debate-com-presenca-do-deputado-vander\/#primaryimage"},"image":{"@id":"https:\/\/vanderloubet.com.br\/deputado\/ufms-realiza-debate-com-presenca-do-deputado-vander\/#primaryimage"},"thumbnailUrl":"http:\/\/www.deputadovander.com.br\/website\/wp-content\/uploads\/2010\/05\/foto-2010-05-17-debate-ufms-300x225.jpg","datePublished":"2010-05-18T04:01:11+00:00","breadcrumb":{"@id":"https:\/\/vanderloubet.com.br\/deputado\/ufms-realiza-debate-com-presenca-do-deputado-vander\/#breadcrumb"},"inLanguage":"pt-BR","potentialAction":[{"@type":"ReadAction","target":["https:\/\/vanderloubet.com.br\/deputado\/ufms-realiza-debate-com-presenca-do-deputado-vander\/"]}]},{"@type":"ImageObject","inLanguage":"pt-BR","@id":"https:\/\/vanderloubet.com.br\/deputado\/ufms-realiza-debate-com-presenca-do-deputado-vander\/#primaryimage","url":"http:\/\/www.deputadovander.com.br\/website\/wp-content\/uploads\/2010\/05\/foto-2010-05-17-debate-ufms-300x225.jpg","contentUrl":"http:\/\/www.deputadovander.com.br\/website\/wp-content\/uploads\/2010\/05\/foto-2010-05-17-debate-ufms-300x225.jpg"},{"@type":"BreadcrumbList","@id":"https:\/\/vanderloubet.com.br\/deputado\/ufms-realiza-debate-com-presenca-do-deputado-vander\/#breadcrumb","itemListElement":[{"@type":"ListItem","position":1,"name":"In\u00edcio","item":"https:\/\/vanderloubet.com.br\/deputado\/"},{"@type":"ListItem","position":2,"name":"UFMS realiza debate com presen\u00e7a do deputado Vander"}]},{"@type":"WebSite","@id":"https:\/\/vanderloubet.com.br\/deputado\/#website","url":"https:\/\/vanderloubet.com.br\/deputado\/","name":"Deputado Federal Vander Loubet","description":"O Federal de MS","publisher":{"@id":"https:\/\/vanderloubet.com.br\/deputado\/#organization"},"alternateName":"Deputado Vander","potentialAction":[{"@type":"SearchAction","target":{"@type":"EntryPoint","urlTemplate":"https:\/\/vanderloubet.com.br\/deputado\/?s={search_term_string}"},"query-input":{"@type":"PropertyValueSpecification","valueRequired":true,"valueName":"search_term_string"}}],"inLanguage":"pt-BR"},{"@type":"Organization","@id":"https:\/\/vanderloubet.com.br\/deputado\/#organization","name":"Deputado Federal Vander Loubet","alternateName":"Deputado Vander","url":"https:\/\/vanderloubet.com.br\/deputado\/","logo":{"@type":"ImageObject","inLanguage":"pt-BR","@id":"https:\/\/vanderloubet.com.br\/deputado\/#\/schema\/logo\/image\/","url":"https:\/\/vanderloubet.com.br\/deputado\/wp-content\/uploads\/2023\/06\/foto-2023-06-19-mandato-deputado-vander.jpg","contentUrl":"https:\/\/vanderloubet.com.br\/deputado\/wp-content\/uploads\/2023\/06\/foto-2023-06-19-mandato-deputado-vander.jpg","width":1080,"height":1080,"caption":"Deputado Federal Vander Loubet"},"image":{"@id":"https:\/\/vanderloubet.com.br\/deputado\/#\/schema\/logo\/image\/"},"sameAs":["https:\/\/facebook.com\/deputadovander","https:\/\/x.com\/vanderloubet","https:\/\/instagram.com\/vanderloubet","https:\/\/youtube.com\/vanderloubet","https:\/\/tiktok.com\/@vanderloubetms"]},{"@type":"Person","@id":"https:\/\/vanderloubet.com.br\/deputado\/#\/schema\/person\/15b51bd564532a8a68d9dec1b8eb890e","name":"\u00c9der","image":{"@type":"ImageObject","inLanguage":"pt-BR","@id":"https:\/\/vanderloubet.com.br\/deputado\/wp-content\/litespeed\/avatar\/88ca4090d9d5ab1c9495f6ca03b68efa.jpg?ver=1777058957","url":"https:\/\/vanderloubet.com.br\/deputado\/wp-content\/litespeed\/avatar\/88ca4090d9d5ab1c9495f6ca03b68efa.jpg?ver=1777058957","contentUrl":"https:\/\/vanderloubet.com.br\/deputado\/wp-content\/litespeed\/avatar\/88ca4090d9d5ab1c9495f6ca03b68efa.jpg?ver=1777058957","caption":"\u00c9der"}}]}},"jetpack_featured_media_url":"","jetpack_sharing_enabled":true,"_links":{"self":[{"href":"https:\/\/vanderloubet.com.br\/deputado\/wp-json\/wp\/v2\/posts\/1124","targetHints":{"allow":["GET"]}}],"collection":[{"href":"https:\/\/vanderloubet.com.br\/deputado\/wp-json\/wp\/v2\/posts"}],"about":[{"href":"https:\/\/vanderloubet.com.br\/deputado\/wp-json\/wp\/v2\/types\/post"}],"author":[{"embeddable":true,"href":"https:\/\/vanderloubet.com.br\/deputado\/wp-json\/wp\/v2\/users\/2"}],"replies":[{"embeddable":true,"href":"https:\/\/vanderloubet.com.br\/deputado\/wp-json\/wp\/v2\/comments?post=1124"}],"version-history":[{"count":0,"href":"https:\/\/vanderloubet.com.br\/deputado\/wp-json\/wp\/v2\/posts\/1124\/revisions"}],"wp:attachment":[{"href":"https:\/\/vanderloubet.com.br\/deputado\/wp-json\/wp\/v2\/media?parent=1124"}],"wp:term":[{"taxonomy":"category","embeddable":true,"href":"https:\/\/vanderloubet.com.br\/deputado\/wp-json\/wp\/v2\/categories?post=1124"},{"taxonomy":"post_tag","embeddable":true,"href":"https:\/\/vanderloubet.com.br\/deputado\/wp-json\/wp\/v2\/tags?post=1124"}],"curies":[{"name":"wp","href":"https:\/\/api.w.org\/{rel}","templated":true}]}}