{"id":10929,"date":"2016-04-08T10:27:48","date_gmt":"2016-04-08T14:27:48","guid":{"rendered":"http:\/\/vanderloubet.com.br\/deputado\/?p=10929"},"modified":"2016-04-08T10:27:48","modified_gmt":"2016-04-08T14:27:48","slug":"atividade-do-terminal-portuario-de-murtinho-merece-comemoracao-afirma-vander","status":"publish","type":"post","link":"https:\/\/vanderloubet.com.br\/deputado\/atividade-do-terminal-portuario-de-murtinho-merece-comemoracao-afirma-vander\/","title":{"rendered":"Atividade do terminal portu\u00e1rio de Murtinho merece comemora\u00e7\u00e3o, afirma Vander"},"content":{"rendered":"\r\n                <style type=\"text\/css\">\r\n                    \r\n                    #tdi_1  .td-doubleSlider-2 .td-item1 {\r\n                        background: url(https:\/\/vanderloubet.com.br\/deputado\/wp-content\/uploads\/2016\/04\/foto-2016-04-08-carregamento-soja-porto-murtinho-80x60.jpg) 0 0 no-repeat;\r\n                    }\r\n                    #tdi_1  .td-doubleSlider-2 .td-item2 {\r\n                        background: url(https:\/\/vanderloubet.com.br\/deputado\/wp-content\/uploads\/2016\/04\/foto-2016-04-08-reativacao-porto-murtinho-80x60.jpg) 0 0 no-repeat;\r\n                    }\r\n                <\/style>\r\n\r\n                <div id=\"tdi_1\" class=\"td-gallery td-slide-on-2-columns\">\r\n                    <div class=\"post_td_gallery\">\r\n                        <div class=\"td-gallery-slide-top\">\r\n                           <div class=\"td-gallery-title\"><\/div>\r\n\r\n                            <div class=\"td-gallery-controls-wrapper\">\r\n                                <div class=\"td-gallery-slide-count\"><span class=\"td-gallery-slide-item-focus\">1<\/span> de 2<\/div>\r\n                                <div class=\"td-gallery-slide-prev-next-but\">\r\n                                    <i class = \"td-icon-left doubleSliderPrevButton\"><\/i>\r\n                                    <i class = \"td-icon-right doubleSliderNextButton\"><\/i>\r\n                                <\/div>\r\n                            <\/div>\r\n                        <\/div>\r\n\r\n                        <div class = \"td-doubleSlider-1 \">\r\n                            <div class = \"td-slider\">\r\n                                \r\n                    <div class = \"td-slide-item td-item1\">\r\n                        <figure class=\"td-slide-galery-figure td-slide-popup-gallery\">\r\n                            <a class=\"slide-gallery-image-link\" href=\"https:\/\/vanderloubet.com.br\/deputado\/wp-content\/uploads\/2016\/04\/foto-2016-04-08-carregamento-soja-porto-murtinho.jpg\" title=\"Soja sendo descarregada no terminal portu\u00e1rio da APPM\"  data-caption=\"\"  data-description=\"Soja sendo descarregada no terminal portu&aacute;rio da APPM\">\r\n                                <img decoding=\"async\" src=\"https:\/\/vanderloubet.com.br\/deputado\/wp-content\/uploads\/2016\/04\/foto-2016-04-08-carregamento-soja-porto-murtinho-709x420.jpg\" srcset=\"https:\/\/vanderloubet.com.br\/deputado\/wp-content\/uploads\/2016\/04\/foto-2016-04-08-carregamento-soja-porto-murtinho-709x420.jpg 709w, https:\/\/vanderloubet.com.br\/deputado\/wp-content\/uploads\/2016\/04\/foto-2016-04-08-carregamento-soja-porto-murtinho-350x207.jpg 350w, https:\/\/vanderloubet.com.br\/deputado\/wp-content\/uploads\/2016\/04\/foto-2016-04-08-carregamento-soja-porto-murtinho-768x455.jpg 768w, https:\/\/vanderloubet.com.br\/deputado\/wp-content\/uploads\/2016\/04\/foto-2016-04-08-carregamento-soja-porto-murtinho-700x415.jpg 700w, https:\/\/vanderloubet.com.br\/deputado\/wp-content\/uploads\/2016\/04\/foto-2016-04-08-carregamento-soja-porto-murtinho-696x412.jpg 696w, https:\/\/vanderloubet.com.br\/deputado\/wp-content\/uploads\/2016\/04\/foto-2016-04-08-carregamento-soja-porto-murtinho-1068x633.jpg 1068w, https:\/\/vanderloubet.com.br\/deputado\/wp-content\/uploads\/2016\/04\/foto-2016-04-08-carregamento-soja-porto-murtinho.jpg 1080w\" sizes=\"(max-width: 709px) 100vw, 709px\" alt=\"Soja sendo descarregada no terminal portu&aacute;rio da APPM\">\r\n                            <\/a>\r\n                            <figcaption class = \"td-slide-caption td-gallery-slide-content\"><span>Soja sendo descarregada no terminal portu\u00e1rio da APPM<\/span><\/figcaption>\r\n                        <\/figure>\r\n                    <\/div>\r\n                    <div class = \"td-slide-item td-item2\">\r\n                        <figure class=\"td-slide-galery-figure td-slide-popup-gallery\">\r\n                            <a class=\"slide-gallery-image-link\" href=\"https:\/\/vanderloubet.com.br\/deputado\/wp-content\/uploads\/2016\/04\/foto-2016-04-08-reativacao-porto-murtinho.jpg\" title=\"Solenidade de reativa\u00e7\u00e3o do terminal foi realizada em outubro de 2015\"  data-caption=\"\"  data-description=\"Solenidade de reativa&ccedil;&atilde;o do terminal foi realizada em outubro de 2015\">\r\n                                <img decoding=\"async\" src=\"https:\/\/vanderloubet.com.br\/deputado\/wp-content\/uploads\/2016\/04\/foto-2016-04-08-reativacao-porto-murtinho-756x420.jpg\" srcset=\"https:\/\/vanderloubet.com.br\/deputado\/wp-content\/uploads\/2016\/04\/foto-2016-04-08-reativacao-porto-murtinho-756x420.jpg 756w, https:\/\/vanderloubet.com.br\/deputado\/wp-content\/uploads\/2016\/04\/foto-2016-04-08-reativacao-porto-murtinho-350x194.jpg 350w, https:\/\/vanderloubet.com.br\/deputado\/wp-content\/uploads\/2016\/04\/foto-2016-04-08-reativacao-porto-murtinho-768x427.jpg 768w, https:\/\/vanderloubet.com.br\/deputado\/wp-content\/uploads\/2016\/04\/foto-2016-04-08-reativacao-porto-murtinho-700x389.jpg 700w, https:\/\/vanderloubet.com.br\/deputado\/wp-content\/uploads\/2016\/04\/foto-2016-04-08-reativacao-porto-murtinho-696x387.jpg 696w, https:\/\/vanderloubet.com.br\/deputado\/wp-content\/uploads\/2016\/04\/foto-2016-04-08-reativacao-porto-murtinho.jpg 1024w\" sizes=\"(max-width: 756px) 100vw, 756px\" alt=\"Solenidade de reativa&ccedil;&atilde;o do terminal foi realizada em outubro de 2015\">\r\n                            <\/a>\r\n                            <figcaption class = \"td-slide-caption td-gallery-slide-content\"><span>Solenidade de reativa\u00e7\u00e3o do terminal foi realizada em outubro de 2015<\/span><\/figcaption>\r\n                        <\/figure>\r\n                    <\/div>\r\n                            <\/div>\r\n                        <\/div>\r\n\r\n                        <div class = \"td-doubleSlider-2\">\r\n                            <div class = \"td-slider\">\r\n                                \r\n                    <div class = \"td-button td-item1\">\r\n                        <div class = \"td-border\"><\/div>\r\n                    <\/div>\r\n                    <div class = \"td-button td-item2\">\r\n                        <div class = \"td-border\"><\/div>\r\n                    <\/div>\r\n                            <\/div>\r\n                        <\/div>\r\n\r\n                    <\/div>\r\n\r\n                <\/div>\r\n                \n<p>O terminal portu\u00e1rio de Porto Murtinho reiniciou suas atividades na manh\u00e3 da \u00faltima quarta-feira (6) ao receber a primeira parcela de um total de 30 mil toneladas de soja, com perspectivas de atingir 40 mil, a serem exportados, em duas etapas. Um comboio formado por 20 carretas descarregou a carga.<\/p>\n<p>Para o deputado federal Vander Loubet, que foi um dos grandes apoiadores da reativa\u00e7\u00e3o do terminal ao lado do prefeito Heitor Miranda e do governador Reinaldo Azambuja, trata-se de um acontecimento muito importante n\u00e3o apenas para Porto Murtinho mas para todo o estado.<\/p>\n<p>&#8220;A reativa\u00e7\u00e3o do porto \u00e9 muito positiva para a log\u00edstica do estado porque vai facilitar a exporta\u00e7\u00e3o da nossa produ\u00e7\u00e3o pela hidrovia&#8221;, avalia Vander. &#8220;O munic\u00edpio tamb\u00e9m vai se beneficiar muito e certamente que a reabertura do porto vai estimular a produ\u00e7\u00e3o de gr\u00e3os, a\u00e7\u00facar e outros produtos no Sudoeste, Cone Sul e Sul-Fronteira. \u00c9 algo que merece ser comemorado&#8221;, completa o parlamentar.<\/p>\n<p>Antecedendo o in\u00edcio da descarga da soja, o prefeito Heitor, acompanhado pelos vereadores Ailton Sanches, Carlos Heitor, Fabio Santos, Maria Donizete e S\u00e9rgio Bacha e de servidores da \u00e1rea de agricultura e produ\u00e7\u00e3o, se reuniu com o diretor-presidente da Ag\u00eancia Portu\u00e1ria de Porto Murtinho (APPM), Michel Chaim, oportunidade na qual parabenizou a Ag\u00eancia pelos contratos celebrados e que d\u00e3o condi\u00e7\u00f5es de opera\u00e7\u00e3o ao porto, estimulando o desenvolvimento local e a gera\u00e7\u00e3o de emprego e renda.<\/p>\n<p>Al\u00e9m da movimenta\u00e7\u00e3o de sa\u00edda produtos, o porto dever\u00e1 ser movimentado, tamb\u00e9m pela chegada, principalmente de insumos. H\u00e1 expectativa de recebimento de, pelo menos, 10 mil toneladas de fertilizantes importados pela empresa Bunge, do setor de alimentos e agroneg\u00f3cio.<\/p>\n<p><em>(\u00c9der Yanaguita &#8211; Ascom\/Deputado Vander, com informa\u00e7\u00f5es da Semed\/PMPM)<\/em><\/p>\n","protected":false},"excerpt":{"rendered":"<p>Deputado foi um dos grandes apoiadores da reativa\u00e7\u00e3o do terminal ao lado do prefeito Heitor Miranda e do governador Reinaldo Azambuja.<\/p>\n","protected":false},"author":2,"featured_media":10930,"comment_status":"closed","ping_status":"closed","sticky":false,"template":"","format":"standard","meta":{"jetpack_post_was_ever_published":false,"_jetpack_newsletter_access":"","_jetpack_dont_email_post_to_subs":false,"_jetpack_newsletter_tier_id":0,"_jetpack_memberships_contains_paywalled_content":false,"_jetpack_memberships_contains_paid_content":false,"footnotes":""},"categories":[2099,10],"tags":[2208,2347],"class_list":{"0":"post-10929","1":"post","2":"type-post","3":"status-publish","4":"format-standard","5":"has-post-thumbnail","7":"category-ms-noticias","8":"category-noticias","9":"tag-comercio-exterior","10":"tag-infraestrutura-logistica"},"yoast_head":"<!-- This site is optimized with the Yoast SEO plugin v27.4 - https:\/\/yoast.com\/product\/yoast-seo-wordpress\/ -->\n<title>Atividade do terminal portu\u00e1rio de Murtinho merece comemora\u00e7\u00e3o, afirma Vander<\/title>\n<meta name=\"robots\" content=\"index, follow, max-snippet:-1, max-image-preview:large, max-video-preview:-1\" \/>\n<link rel=\"canonical\" href=\"https:\/\/vanderloubet.com.br\/deputado\/atividade-do-terminal-portuario-de-murtinho-merece-comemoracao-afirma-vander\/\" \/>\n<meta property=\"og:locale\" content=\"pt_BR\" \/>\n<meta property=\"og:type\" content=\"article\" \/>\n<meta property=\"og:title\" content=\"Atividade do terminal portu\u00e1rio de Murtinho merece comemora\u00e7\u00e3o, afirma Vander\" \/>\n<meta property=\"og:description\" content=\"Deputado foi um dos grandes apoiadores da reativa\u00e7\u00e3o do terminal ao lado do prefeito Heitor Miranda e do governador Reinaldo Azambuja.\" \/>\n<meta property=\"og:url\" content=\"https:\/\/vanderloubet.com.br\/deputado\/atividade-do-terminal-portuario-de-murtinho-merece-comemoracao-afirma-vander\/\" \/>\n<meta property=\"og:site_name\" content=\"Deputado Federal Vander Loubet\" \/>\n<meta property=\"article:publisher\" content=\"https:\/\/facebook.com\/deputadovander\" \/>\n<meta property=\"article:published_time\" content=\"2016-04-08T14:27:48+00:00\" \/>\n<meta property=\"og:image\" content=\"https:\/\/vanderloubet.com.br\/deputado\/wp-content\/uploads\/2016\/04\/foto-2016-04-08-carregamento-soja-porto-murtinho.jpg\" \/>\n\t<meta property=\"og:image:width\" content=\"1080\" \/>\n\t<meta property=\"og:image:height\" content=\"640\" \/>\n\t<meta property=\"og:image:type\" content=\"image\/jpeg\" \/>\n<meta name=\"author\" content=\"\u00c9der\" \/>\n<meta name=\"twitter:card\" content=\"summary_large_image\" \/>\n<meta name=\"twitter:creator\" content=\"@vanderloubet\" \/>\n<meta name=\"twitter:site\" content=\"@vanderloubet\" \/>\n<script type=\"application\/ld+json\" class=\"yoast-schema-graph\">{\"@context\":\"https:\\\/\\\/schema.org\",\"@graph\":[{\"@type\":\"Article\",\"@id\":\"https:\\\/\\\/vanderloubet.com.br\\\/deputado\\\/atividade-do-terminal-portuario-de-murtinho-merece-comemoracao-afirma-vander\\\/#article\",\"isPartOf\":{\"@id\":\"https:\\\/\\\/vanderloubet.com.br\\\/deputado\\\/atividade-do-terminal-portuario-de-murtinho-merece-comemoracao-afirma-vander\\\/\"},\"author\":{\"name\":\"\u00c9der\",\"@id\":\"https:\\\/\\\/vanderloubet.com.br\\\/deputado\\\/#\\\/schema\\\/person\\\/15b51bd564532a8a68d9dec1b8eb890e\"},\"headline\":\"Atividade do terminal portu\u00e1rio de Murtinho merece comemora\u00e7\u00e3o, afirma Vander\",\"datePublished\":\"2016-04-08T14:27:48+00:00\",\"mainEntityOfPage\":{\"@id\":\"https:\\\/\\\/vanderloubet.com.br\\\/deputado\\\/atividade-do-terminal-portuario-de-murtinho-merece-comemoracao-afirma-vander\\\/\"},\"wordCount\":323,\"publisher\":{\"@id\":\"https:\\\/\\\/vanderloubet.com.br\\\/deputado\\\/#organization\"},\"image\":{\"@id\":\"https:\\\/\\\/vanderloubet.com.br\\\/deputado\\\/atividade-do-terminal-portuario-de-murtinho-merece-comemoracao-afirma-vander\\\/#primaryimage\"},\"thumbnailUrl\":\"https:\\\/\\\/vanderloubet.com.br\\\/deputado\\\/wp-content\\\/uploads\\\/2016\\\/04\\\/foto-2016-04-08-carregamento-soja-porto-murtinho.jpg\",\"keywords\":[\"com\u00e9rcio exterior\",\"infraestrutura log\u00edstica\"],\"articleSection\":[\"Mato Grosso do Sul\",\"Not\u00edcias\"],\"inLanguage\":\"pt-BR\"},{\"@type\":\"WebPage\",\"@id\":\"https:\\\/\\\/vanderloubet.com.br\\\/deputado\\\/atividade-do-terminal-portuario-de-murtinho-merece-comemoracao-afirma-vander\\\/\",\"url\":\"https:\\\/\\\/vanderloubet.com.br\\\/deputado\\\/atividade-do-terminal-portuario-de-murtinho-merece-comemoracao-afirma-vander\\\/\",\"name\":\"Atividade do terminal portu\u00e1rio de Murtinho merece comemora\u00e7\u00e3o, afirma Vander\",\"isPartOf\":{\"@id\":\"https:\\\/\\\/vanderloubet.com.br\\\/deputado\\\/#website\"},\"primaryImageOfPage\":{\"@id\":\"https:\\\/\\\/vanderloubet.com.br\\\/deputado\\\/atividade-do-terminal-portuario-de-murtinho-merece-comemoracao-afirma-vander\\\/#primaryimage\"},\"image\":{\"@id\":\"https:\\\/\\\/vanderloubet.com.br\\\/deputado\\\/atividade-do-terminal-portuario-de-murtinho-merece-comemoracao-afirma-vander\\\/#primaryimage\"},\"thumbnailUrl\":\"https:\\\/\\\/vanderloubet.com.br\\\/deputado\\\/wp-content\\\/uploads\\\/2016\\\/04\\\/foto-2016-04-08-carregamento-soja-porto-murtinho.jpg\",\"datePublished\":\"2016-04-08T14:27:48+00:00\",\"breadcrumb\":{\"@id\":\"https:\\\/\\\/vanderloubet.com.br\\\/deputado\\\/atividade-do-terminal-portuario-de-murtinho-merece-comemoracao-afirma-vander\\\/#breadcrumb\"},\"inLanguage\":\"pt-BR\",\"potentialAction\":[{\"@type\":\"ReadAction\",\"target\":[\"https:\\\/\\\/vanderloubet.com.br\\\/deputado\\\/atividade-do-terminal-portuario-de-murtinho-merece-comemoracao-afirma-vander\\\/\"]}]},{\"@type\":\"ImageObject\",\"inLanguage\":\"pt-BR\",\"@id\":\"https:\\\/\\\/vanderloubet.com.br\\\/deputado\\\/atividade-do-terminal-portuario-de-murtinho-merece-comemoracao-afirma-vander\\\/#primaryimage\",\"url\":\"https:\\\/\\\/vanderloubet.com.br\\\/deputado\\\/wp-content\\\/uploads\\\/2016\\\/04\\\/foto-2016-04-08-carregamento-soja-porto-murtinho.jpg\",\"contentUrl\":\"https:\\\/\\\/vanderloubet.com.br\\\/deputado\\\/wp-content\\\/uploads\\\/2016\\\/04\\\/foto-2016-04-08-carregamento-soja-porto-murtinho.jpg\",\"width\":1080,\"height\":640,\"caption\":\"Soja sendo descarregada no terminal portu\u00e1rio da APPM\"},{\"@type\":\"BreadcrumbList\",\"@id\":\"https:\\\/\\\/vanderloubet.com.br\\\/deputado\\\/atividade-do-terminal-portuario-de-murtinho-merece-comemoracao-afirma-vander\\\/#breadcrumb\",\"itemListElement\":[{\"@type\":\"ListItem\",\"position\":1,\"name\":\"In\u00edcio\",\"item\":\"https:\\\/\\\/vanderloubet.com.br\\\/deputado\\\/\"},{\"@type\":\"ListItem\",\"position\":2,\"name\":\"Atividade do terminal portu\u00e1rio de Murtinho merece comemora\u00e7\u00e3o, afirma Vander\"}]},{\"@type\":\"WebSite\",\"@id\":\"https:\\\/\\\/vanderloubet.com.br\\\/deputado\\\/#website\",\"url\":\"https:\\\/\\\/vanderloubet.com.br\\\/deputado\\\/\",\"name\":\"Deputado Federal Vander Loubet\",\"description\":\"O Federal de MS\",\"publisher\":{\"@id\":\"https:\\\/\\\/vanderloubet.com.br\\\/deputado\\\/#organization\"},\"alternateName\":\"Deputado Vander\",\"potentialAction\":[{\"@type\":\"SearchAction\",\"target\":{\"@type\":\"EntryPoint\",\"urlTemplate\":\"https:\\\/\\\/vanderloubet.com.br\\\/deputado\\\/?s={search_term_string}\"},\"query-input\":{\"@type\":\"PropertyValueSpecification\",\"valueRequired\":true,\"valueName\":\"search_term_string\"}}],\"inLanguage\":\"pt-BR\"},{\"@type\":\"Organization\",\"@id\":\"https:\\\/\\\/vanderloubet.com.br\\\/deputado\\\/#organization\",\"name\":\"Deputado Federal Vander Loubet\",\"alternateName\":\"Deputado Vander\",\"url\":\"https:\\\/\\\/vanderloubet.com.br\\\/deputado\\\/\",\"logo\":{\"@type\":\"ImageObject\",\"inLanguage\":\"pt-BR\",\"@id\":\"https:\\\/\\\/vanderloubet.com.br\\\/deputado\\\/#\\\/schema\\\/logo\\\/image\\\/\",\"url\":\"https:\\\/\\\/vanderloubet.com.br\\\/deputado\\\/wp-content\\\/uploads\\\/2023\\\/06\\\/foto-2023-06-19-mandato-deputado-vander.jpg\",\"contentUrl\":\"https:\\\/\\\/vanderloubet.com.br\\\/deputado\\\/wp-content\\\/uploads\\\/2023\\\/06\\\/foto-2023-06-19-mandato-deputado-vander.jpg\",\"width\":1080,\"height\":1080,\"caption\":\"Deputado Federal Vander Loubet\"},\"image\":{\"@id\":\"https:\\\/\\\/vanderloubet.com.br\\\/deputado\\\/#\\\/schema\\\/logo\\\/image\\\/\"},\"sameAs\":[\"https:\\\/\\\/facebook.com\\\/deputadovander\",\"https:\\\/\\\/x.com\\\/vanderloubet\",\"https:\\\/\\\/instagram.com\\\/vanderloubet\",\"https:\\\/\\\/youtube.com\\\/vanderloubet\",\"https:\\\/\\\/tiktok.com\\\/@vanderloubetms\"]},{\"@type\":\"Person\",\"@id\":\"https:\\\/\\\/vanderloubet.com.br\\\/deputado\\\/#\\\/schema\\\/person\\\/15b51bd564532a8a68d9dec1b8eb890e\",\"name\":\"\u00c9der\",\"image\":{\"@type\":\"ImageObject\",\"inLanguage\":\"pt-BR\",\"@id\":\"https:\\\/\\\/vanderloubet.com.br\\\/deputado\\\/wp-content\\\/litespeed\\\/avatar\\\/88ca4090d9d5ab1c9495f6ca03b68efa.jpg?ver=1777058957\",\"url\":\"https:\\\/\\\/vanderloubet.com.br\\\/deputado\\\/wp-content\\\/litespeed\\\/avatar\\\/88ca4090d9d5ab1c9495f6ca03b68efa.jpg?ver=1777058957\",\"contentUrl\":\"https:\\\/\\\/vanderloubet.com.br\\\/deputado\\\/wp-content\\\/litespeed\\\/avatar\\\/88ca4090d9d5ab1c9495f6ca03b68efa.jpg?ver=1777058957\",\"caption\":\"\u00c9der\"}}]}<\/script>\n<!-- \/ Yoast SEO plugin. -->","yoast_head_json":{"title":"Atividade do terminal portu\u00e1rio de Murtinho merece comemora\u00e7\u00e3o, afirma Vander","robots":{"index":"index","follow":"follow","max-snippet":"max-snippet:-1","max-image-preview":"max-image-preview:large","max-video-preview":"max-video-preview:-1"},"canonical":"https:\/\/vanderloubet.com.br\/deputado\/atividade-do-terminal-portuario-de-murtinho-merece-comemoracao-afirma-vander\/","og_locale":"pt_BR","og_type":"article","og_title":"Atividade do terminal portu\u00e1rio de Murtinho merece comemora\u00e7\u00e3o, afirma Vander","og_description":"Deputado foi um dos grandes apoiadores da reativa\u00e7\u00e3o do terminal ao lado do prefeito Heitor Miranda e do governador Reinaldo Azambuja.","og_url":"https:\/\/vanderloubet.com.br\/deputado\/atividade-do-terminal-portuario-de-murtinho-merece-comemoracao-afirma-vander\/","og_site_name":"Deputado Federal Vander Loubet","article_publisher":"https:\/\/facebook.com\/deputadovander","article_published_time":"2016-04-08T14:27:48+00:00","og_image":[{"width":1080,"height":640,"url":"https:\/\/vanderloubet.com.br\/deputado\/wp-content\/uploads\/2016\/04\/foto-2016-04-08-carregamento-soja-porto-murtinho.jpg","type":"image\/jpeg"}],"author":"\u00c9der","twitter_card":"summary_large_image","twitter_creator":"@vanderloubet","twitter_site":"@vanderloubet","schema":{"@context":"https:\/\/schema.org","@graph":[{"@type":"Article","@id":"https:\/\/vanderloubet.com.br\/deputado\/atividade-do-terminal-portuario-de-murtinho-merece-comemoracao-afirma-vander\/#article","isPartOf":{"@id":"https:\/\/vanderloubet.com.br\/deputado\/atividade-do-terminal-portuario-de-murtinho-merece-comemoracao-afirma-vander\/"},"author":{"name":"\u00c9der","@id":"https:\/\/vanderloubet.com.br\/deputado\/#\/schema\/person\/15b51bd564532a8a68d9dec1b8eb890e"},"headline":"Atividade do terminal portu\u00e1rio de Murtinho merece comemora\u00e7\u00e3o, afirma Vander","datePublished":"2016-04-08T14:27:48+00:00","mainEntityOfPage":{"@id":"https:\/\/vanderloubet.com.br\/deputado\/atividade-do-terminal-portuario-de-murtinho-merece-comemoracao-afirma-vander\/"},"wordCount":323,"publisher":{"@id":"https:\/\/vanderloubet.com.br\/deputado\/#organization"},"image":{"@id":"https:\/\/vanderloubet.com.br\/deputado\/atividade-do-terminal-portuario-de-murtinho-merece-comemoracao-afirma-vander\/#primaryimage"},"thumbnailUrl":"https:\/\/vanderloubet.com.br\/deputado\/wp-content\/uploads\/2016\/04\/foto-2016-04-08-carregamento-soja-porto-murtinho.jpg","keywords":["com\u00e9rcio exterior","infraestrutura log\u00edstica"],"articleSection":["Mato Grosso do Sul","Not\u00edcias"],"inLanguage":"pt-BR"},{"@type":"WebPage","@id":"https:\/\/vanderloubet.com.br\/deputado\/atividade-do-terminal-portuario-de-murtinho-merece-comemoracao-afirma-vander\/","url":"https:\/\/vanderloubet.com.br\/deputado\/atividade-do-terminal-portuario-de-murtinho-merece-comemoracao-afirma-vander\/","name":"Atividade do terminal portu\u00e1rio de Murtinho merece comemora\u00e7\u00e3o, afirma Vander","isPartOf":{"@id":"https:\/\/vanderloubet.com.br\/deputado\/#website"},"primaryImageOfPage":{"@id":"https:\/\/vanderloubet.com.br\/deputado\/atividade-do-terminal-portuario-de-murtinho-merece-comemoracao-afirma-vander\/#primaryimage"},"image":{"@id":"https:\/\/vanderloubet.com.br\/deputado\/atividade-do-terminal-portuario-de-murtinho-merece-comemoracao-afirma-vander\/#primaryimage"},"thumbnailUrl":"https:\/\/vanderloubet.com.br\/deputado\/wp-content\/uploads\/2016\/04\/foto-2016-04-08-carregamento-soja-porto-murtinho.jpg","datePublished":"2016-04-08T14:27:48+00:00","breadcrumb":{"@id":"https:\/\/vanderloubet.com.br\/deputado\/atividade-do-terminal-portuario-de-murtinho-merece-comemoracao-afirma-vander\/#breadcrumb"},"inLanguage":"pt-BR","potentialAction":[{"@type":"ReadAction","target":["https:\/\/vanderloubet.com.br\/deputado\/atividade-do-terminal-portuario-de-murtinho-merece-comemoracao-afirma-vander\/"]}]},{"@type":"ImageObject","inLanguage":"pt-BR","@id":"https:\/\/vanderloubet.com.br\/deputado\/atividade-do-terminal-portuario-de-murtinho-merece-comemoracao-afirma-vander\/#primaryimage","url":"https:\/\/vanderloubet.com.br\/deputado\/wp-content\/uploads\/2016\/04\/foto-2016-04-08-carregamento-soja-porto-murtinho.jpg","contentUrl":"https:\/\/vanderloubet.com.br\/deputado\/wp-content\/uploads\/2016\/04\/foto-2016-04-08-carregamento-soja-porto-murtinho.jpg","width":1080,"height":640,"caption":"Soja sendo descarregada no terminal portu\u00e1rio da APPM"},{"@type":"BreadcrumbList","@id":"https:\/\/vanderloubet.com.br\/deputado\/atividade-do-terminal-portuario-de-murtinho-merece-comemoracao-afirma-vander\/#breadcrumb","itemListElement":[{"@type":"ListItem","position":1,"name":"In\u00edcio","item":"https:\/\/vanderloubet.com.br\/deputado\/"},{"@type":"ListItem","position":2,"name":"Atividade do terminal portu\u00e1rio de Murtinho merece comemora\u00e7\u00e3o, afirma Vander"}]},{"@type":"WebSite","@id":"https:\/\/vanderloubet.com.br\/deputado\/#website","url":"https:\/\/vanderloubet.com.br\/deputado\/","name":"Deputado Federal Vander Loubet","description":"O Federal de MS","publisher":{"@id":"https:\/\/vanderloubet.com.br\/deputado\/#organization"},"alternateName":"Deputado Vander","potentialAction":[{"@type":"SearchAction","target":{"@type":"EntryPoint","urlTemplate":"https:\/\/vanderloubet.com.br\/deputado\/?s={search_term_string}"},"query-input":{"@type":"PropertyValueSpecification","valueRequired":true,"valueName":"search_term_string"}}],"inLanguage":"pt-BR"},{"@type":"Organization","@id":"https:\/\/vanderloubet.com.br\/deputado\/#organization","name":"Deputado Federal Vander Loubet","alternateName":"Deputado Vander","url":"https:\/\/vanderloubet.com.br\/deputado\/","logo":{"@type":"ImageObject","inLanguage":"pt-BR","@id":"https:\/\/vanderloubet.com.br\/deputado\/#\/schema\/logo\/image\/","url":"https:\/\/vanderloubet.com.br\/deputado\/wp-content\/uploads\/2023\/06\/foto-2023-06-19-mandato-deputado-vander.jpg","contentUrl":"https:\/\/vanderloubet.com.br\/deputado\/wp-content\/uploads\/2023\/06\/foto-2023-06-19-mandato-deputado-vander.jpg","width":1080,"height":1080,"caption":"Deputado Federal Vander Loubet"},"image":{"@id":"https:\/\/vanderloubet.com.br\/deputado\/#\/schema\/logo\/image\/"},"sameAs":["https:\/\/facebook.com\/deputadovander","https:\/\/x.com\/vanderloubet","https:\/\/instagram.com\/vanderloubet","https:\/\/youtube.com\/vanderloubet","https:\/\/tiktok.com\/@vanderloubetms"]},{"@type":"Person","@id":"https:\/\/vanderloubet.com.br\/deputado\/#\/schema\/person\/15b51bd564532a8a68d9dec1b8eb890e","name":"\u00c9der","image":{"@type":"ImageObject","inLanguage":"pt-BR","@id":"https:\/\/vanderloubet.com.br\/deputado\/wp-content\/litespeed\/avatar\/88ca4090d9d5ab1c9495f6ca03b68efa.jpg?ver=1777058957","url":"https:\/\/vanderloubet.com.br\/deputado\/wp-content\/litespeed\/avatar\/88ca4090d9d5ab1c9495f6ca03b68efa.jpg?ver=1777058957","contentUrl":"https:\/\/vanderloubet.com.br\/deputado\/wp-content\/litespeed\/avatar\/88ca4090d9d5ab1c9495f6ca03b68efa.jpg?ver=1777058957","caption":"\u00c9der"}}]}},"jetpack_featured_media_url":"https:\/\/vanderloubet.com.br\/deputado\/wp-content\/uploads\/2016\/04\/foto-2016-04-08-carregamento-soja-porto-murtinho.jpg","jetpack_sharing_enabled":true,"_links":{"self":[{"href":"https:\/\/vanderloubet.com.br\/deputado\/wp-json\/wp\/v2\/posts\/10929","targetHints":{"allow":["GET"]}}],"collection":[{"href":"https:\/\/vanderloubet.com.br\/deputado\/wp-json\/wp\/v2\/posts"}],"about":[{"href":"https:\/\/vanderloubet.com.br\/deputado\/wp-json\/wp\/v2\/types\/post"}],"author":[{"embeddable":true,"href":"https:\/\/vanderloubet.com.br\/deputado\/wp-json\/wp\/v2\/users\/2"}],"replies":[{"embeddable":true,"href":"https:\/\/vanderloubet.com.br\/deputado\/wp-json\/wp\/v2\/comments?post=10929"}],"version-history":[{"count":0,"href":"https:\/\/vanderloubet.com.br\/deputado\/wp-json\/wp\/v2\/posts\/10929\/revisions"}],"wp:featuredmedia":[{"embeddable":true,"href":"https:\/\/vanderloubet.com.br\/deputado\/wp-json\/wp\/v2\/media\/10930"}],"wp:attachment":[{"href":"https:\/\/vanderloubet.com.br\/deputado\/wp-json\/wp\/v2\/media?parent=10929"}],"wp:term":[{"taxonomy":"category","embeddable":true,"href":"https:\/\/vanderloubet.com.br\/deputado\/wp-json\/wp\/v2\/categories?post=10929"},{"taxonomy":"post_tag","embeddable":true,"href":"https:\/\/vanderloubet.com.br\/deputado\/wp-json\/wp\/v2\/tags?post=10929"}],"curies":[{"name":"wp","href":"https:\/\/api.w.org\/{rel}","templated":true}]}}