{"id":10915,"date":"2016-04-06T10:57:18","date_gmt":"2016-04-06T14:57:18","guid":{"rendered":"http:\/\/vanderloubet.com.br\/deputado\/?p=10915"},"modified":"2016-04-27T18:09:53","modified_gmt":"2016-04-27T22:09:53","slug":"ministro-da-saude-nomeia-novo-coordenador-para-saude-indigena-em-ms","status":"publish","type":"post","link":"https:\/\/vanderloubet.com.br\/deputado\/ministro-da-saude-nomeia-novo-coordenador-para-saude-indigena-em-ms\/","title":{"rendered":"Vander articula melhorias para Sa\u00fade Ind\u00edgena em MS"},"content":{"rendered":"\r\n                <style type=\"text\/css\">\r\n                    \r\n                    #tdi_1  .td-doubleSlider-2 .td-item1 {\r\n                        background: url(https:\/\/vanderloubet.com.br\/deputado\/wp-content\/uploads\/2016\/04\/foto-2016-04-06-zeca-vander-rodrigo-sesai-80x60.jpg) 0 0 no-repeat;\r\n                    }\r\n                    #tdi_1  .td-doubleSlider-2 .td-item2 {\r\n                        background: url(https:\/\/vanderloubet.com.br\/deputado\/wp-content\/uploads\/2016\/04\/foto-2016-04-06-nomeacao-lindomar-dsei-80x60.jpg) 0 0 no-repeat;\r\n                    }\r\n                <\/style>\r\n\r\n                <div id=\"tdi_1\" class=\"td-gallery td-slide-on-2-columns\">\r\n                    <div class=\"post_td_gallery\">\r\n                        <div class=\"td-gallery-slide-top\">\r\n                           <div class=\"td-gallery-title\"><\/div>\r\n\r\n                            <div class=\"td-gallery-controls-wrapper\">\r\n                                <div class=\"td-gallery-slide-count\"><span class=\"td-gallery-slide-item-focus\">1<\/span> de 2<\/div>\r\n                                <div class=\"td-gallery-slide-prev-next-but\">\r\n                                    <i class = \"td-icon-left doubleSliderPrevButton\"><\/i>\r\n                                    <i class = \"td-icon-right doubleSliderNextButton\"><\/i>\r\n                                <\/div>\r\n                            <\/div>\r\n                        <\/div>\r\n\r\n                        <div class = \"td-doubleSlider-1 \">\r\n                            <div class = \"td-slider\">\r\n                                \r\n                    <div class = \"td-slide-item td-item1\">\r\n                        <figure class=\"td-slide-galery-figure td-slide-popup-gallery\">\r\n                            <a class=\"slide-gallery-image-link\" href=\"https:\/\/vanderloubet.com.br\/deputado\/wp-content\/uploads\/2016\/04\/foto-2016-04-06-zeca-vander-rodrigo-sesai.jpg\" title=\"Zeca, Vander e Rodrigo, durante reuni\u00e3o na Sesai em Bras\u00edlia\"  data-caption=\"\"  data-description=\"Zeca, Vander e Rodrigo, durante reuni&atilde;o na Sesai em Bras&iacute;lia\">\r\n                                <img decoding=\"async\" src=\"https:\/\/vanderloubet.com.br\/deputado\/wp-content\/uploads\/2016\/04\/foto-2016-04-06-zeca-vander-rodrigo-sesai-630x420.jpg\" srcset=\"https:\/\/vanderloubet.com.br\/deputado\/wp-content\/uploads\/2016\/04\/foto-2016-04-06-zeca-vander-rodrigo-sesai-630x420.jpg 630w, https:\/\/vanderloubet.com.br\/deputado\/wp-content\/uploads\/2016\/04\/foto-2016-04-06-zeca-vander-rodrigo-sesai-350x233.jpg 350w, https:\/\/vanderloubet.com.br\/deputado\/wp-content\/uploads\/2016\/04\/foto-2016-04-06-zeca-vander-rodrigo-sesai-768x512.jpg 768w, https:\/\/vanderloubet.com.br\/deputado\/wp-content\/uploads\/2016\/04\/foto-2016-04-06-zeca-vander-rodrigo-sesai-700x467.jpg 700w, https:\/\/vanderloubet.com.br\/deputado\/wp-content\/uploads\/2016\/04\/foto-2016-04-06-zeca-vander-rodrigo-sesai-696x464.jpg 696w, https:\/\/vanderloubet.com.br\/deputado\/wp-content\/uploads\/2016\/04\/foto-2016-04-06-zeca-vander-rodrigo-sesai.jpg 900w\" sizes=\"(max-width: 630px) 100vw, 630px\" alt=\"Zeca, Vander e Rodrigo, durante reuni&atilde;o na Sesai em Bras&iacute;lia\">\r\n                            <\/a>\r\n                            <figcaption class = \"td-slide-caption td-gallery-slide-content\"><span>Zeca, Vander e Rodrigo, durante reuni\u00e3o na Sesai em Bras\u00edlia<\/span><\/figcaption>\r\n                        <\/figure>\r\n                    <\/div>\r\n                    <div class = \"td-slide-item td-item2\">\r\n                        <figure class=\"td-slide-galery-figure td-slide-popup-gallery\">\r\n                            <a class=\"slide-gallery-image-link\" href=\"https:\/\/vanderloubet.com.br\/deputado\/wp-content\/uploads\/2016\/04\/foto-2016-04-06-nomeacao-lindomar-dsei.jpg\" title=\"Portaria do Minist\u00e9rio da Sa\u00fade com a nomea\u00e7\u00e3o de Lindomar\"  data-caption=\"\"  data-description=\"Portaria do Minist&eacute;rio da Sa&uacute;de com a nomea&ccedil;&atilde;o de Lindomar\">\r\n                                <img decoding=\"async\" src=\"https:\/\/vanderloubet.com.br\/deputado\/wp-content\/uploads\/2016\/04\/foto-2016-04-06-nomeacao-lindomar-dsei-641x420.jpg\" srcset=\"https:\/\/vanderloubet.com.br\/deputado\/wp-content\/uploads\/2016\/04\/foto-2016-04-06-nomeacao-lindomar-dsei-641x420.jpg 641w, https:\/\/vanderloubet.com.br\/deputado\/wp-content\/uploads\/2016\/04\/foto-2016-04-06-nomeacao-lindomar-dsei-350x229.jpg 350w, https:\/\/vanderloubet.com.br\/deputado\/wp-content\/uploads\/2016\/04\/foto-2016-04-06-nomeacao-lindomar-dsei-768x503.jpg 768w, https:\/\/vanderloubet.com.br\/deputado\/wp-content\/uploads\/2016\/04\/foto-2016-04-06-nomeacao-lindomar-dsei-700x459.jpg 700w, https:\/\/vanderloubet.com.br\/deputado\/wp-content\/uploads\/2016\/04\/foto-2016-04-06-nomeacao-lindomar-dsei-696x456.jpg 696w, https:\/\/vanderloubet.com.br\/deputado\/wp-content\/uploads\/2016\/04\/foto-2016-04-06-nomeacao-lindomar-dsei-741x486.jpg 741w, https:\/\/vanderloubet.com.br\/deputado\/wp-content\/uploads\/2016\/04\/foto-2016-04-06-nomeacao-lindomar-dsei.jpg 900w\" sizes=\"(max-width: 641px) 100vw, 641px\" alt=\"Portaria do Minist&eacute;rio da Sa&uacute;de com a nomea&ccedil;&atilde;o de Lindomar\">\r\n                            <\/a>\r\n                            <figcaption class = \"td-slide-caption td-gallery-slide-content\"><span>Portaria do Minist\u00e9rio da Sa\u00fade com a nomea\u00e7\u00e3o de Lindomar<\/span><\/figcaption>\r\n                        <\/figure>\r\n                    <\/div>\r\n                            <\/div>\r\n                        <\/div>\r\n\r\n                        <div class = \"td-doubleSlider-2\">\r\n                            <div class = \"td-slider\">\r\n                                \r\n                    <div class = \"td-button td-item1\">\r\n                        <div class = \"td-border\"><\/div>\r\n                    <\/div>\r\n                    <div class = \"td-button td-item2\">\r\n                        <div class = \"td-border\"><\/div>\r\n                    <\/div>\r\n                            <\/div>\r\n                        <\/div>\r\n\r\n                    <\/div>\r\n\r\n                <\/div>\r\n                \n<p>Conforme informado ontem (5) pelos deputados federais Vander Loubet e Zeca do PT, o Minist\u00e9rio da Sa\u00fade publicou no Di\u00e1rio Oficial da Uni\u00e3o desta quarta-feira (6) a nomea\u00e7\u00e3o de Lindomar Ferreira para o cargo de coordenador do Distrito Sanit\u00e1rio Especial Ind\u00edgena de Mato Grosso do Sul (Dsei\/MS).<\/p>\n<p>A nomea\u00e7\u00e3o havia sido discutida em reuni\u00e3o com o titular da Secretaria Especial de Sa\u00fade Ind\u00edgena (Sesai), Rodrigo Rodrigues, e faz parte de um projeto de reestrutura\u00e7\u00e3o do Dsei\/MS.<\/p>\n<p>Os parlamentares destacaram que Rodrigues assumiu o compromisso de apoiar as demandas do Distrito.<\/p>\n<p>&#8220;Ele garantiu o apoio da Sesai para que as a\u00e7\u00f5es em prol da sa\u00fade ind\u00edgena sejam ampliadas e melhoradas em nosso estado, de maneira que as comunidades das aldeias recebam o atendimento que tanto necessitam&#8221;, frisou Vander.<\/p>\n<p><em>(\u00c9der Yanaguita &#8211; Ascom\/Deputavo Vander)<\/em><\/p>\n","protected":false},"excerpt":{"rendered":"<p>Nomea\u00e7\u00e3o havia sido discutida por Vander e Zeca em reuni\u00e3o com titular da Sesai e faz parte de projeto de reestrutura\u00e7\u00e3o do Dsei\/MS.<\/p>\n","protected":false},"author":2,"featured_media":10917,"comment_status":"closed","ping_status":"closed","sticky":false,"template":"","format":"standard","meta":{"jetpack_post_was_ever_published":false,"_jetpack_newsletter_access":"","_jetpack_dont_email_post_to_subs":false,"_jetpack_newsletter_tier_id":0,"_jetpack_memberships_contains_paywalled_content":false,"_jetpack_memberships_contains_paid_content":false,"footnotes":""},"categories":[2099,10],"tags":[1803,2364],"class_list":{"0":"post-10915","1":"post","2":"type-post","3":"status-publish","4":"format-standard","5":"has-post-thumbnail","7":"category-ms-noticias","8":"category-noticias","9":"tag-saude","10":"tag-saude-indigena"},"yoast_head":"<!-- This site is optimized with the Yoast SEO plugin v27.4 - https:\/\/yoast.com\/product\/yoast-seo-wordpress\/ -->\n<title>Vander articula melhorias para Sa\u00fade Ind\u00edgena em MS<\/title>\n<meta name=\"robots\" content=\"index, follow, max-snippet:-1, max-image-preview:large, max-video-preview:-1\" \/>\n<link rel=\"canonical\" href=\"https:\/\/vanderloubet.com.br\/deputado\/ministro-da-saude-nomeia-novo-coordenador-para-saude-indigena-em-ms\/\" \/>\n<meta property=\"og:locale\" content=\"pt_BR\" \/>\n<meta property=\"og:type\" content=\"article\" \/>\n<meta property=\"og:title\" content=\"Vander articula melhorias para Sa\u00fade Ind\u00edgena em MS\" \/>\n<meta property=\"og:description\" content=\"Nomea\u00e7\u00e3o havia sido discutida por Vander e Zeca em reuni\u00e3o com titular da Sesai e faz parte de projeto de reestrutura\u00e7\u00e3o do Dsei\/MS.\" \/>\n<meta property=\"og:url\" content=\"https:\/\/vanderloubet.com.br\/deputado\/ministro-da-saude-nomeia-novo-coordenador-para-saude-indigena-em-ms\/\" \/>\n<meta property=\"og:site_name\" content=\"Deputado Federal Vander Loubet\" \/>\n<meta property=\"article:publisher\" content=\"https:\/\/facebook.com\/deputadovander\" \/>\n<meta property=\"article:published_time\" content=\"2016-04-06T14:57:18+00:00\" \/>\n<meta property=\"article:modified_time\" content=\"2016-04-27T22:09:53+00:00\" \/>\n<meta property=\"og:image\" content=\"https:\/\/vanderloubet.com.br\/deputado\/wp-content\/uploads\/2016\/04\/foto-2016-04-06-zeca-vander-rodrigo-sesai.jpg\" \/>\n\t<meta property=\"og:image:width\" content=\"900\" \/>\n\t<meta property=\"og:image:height\" content=\"600\" \/>\n\t<meta property=\"og:image:type\" content=\"image\/jpeg\" \/>\n<meta name=\"author\" content=\"\u00c9der\" \/>\n<meta name=\"twitter:card\" content=\"summary_large_image\" \/>\n<meta name=\"twitter:creator\" content=\"@vanderloubet\" \/>\n<meta name=\"twitter:site\" content=\"@vanderloubet\" \/>\n<script type=\"application\/ld+json\" class=\"yoast-schema-graph\">{\"@context\":\"https:\\\/\\\/schema.org\",\"@graph\":[{\"@type\":\"Article\",\"@id\":\"https:\\\/\\\/vanderloubet.com.br\\\/deputado\\\/ministro-da-saude-nomeia-novo-coordenador-para-saude-indigena-em-ms\\\/#article\",\"isPartOf\":{\"@id\":\"https:\\\/\\\/vanderloubet.com.br\\\/deputado\\\/ministro-da-saude-nomeia-novo-coordenador-para-saude-indigena-em-ms\\\/\"},\"author\":{\"name\":\"\u00c9der\",\"@id\":\"https:\\\/\\\/vanderloubet.com.br\\\/deputado\\\/#\\\/schema\\\/person\\\/15b51bd564532a8a68d9dec1b8eb890e\"},\"headline\":\"Vander articula melhorias para Sa\u00fade Ind\u00edgena em MS\",\"datePublished\":\"2016-04-06T14:57:18+00:00\",\"dateModified\":\"2016-04-27T22:09:53+00:00\",\"mainEntityOfPage\":{\"@id\":\"https:\\\/\\\/vanderloubet.com.br\\\/deputado\\\/ministro-da-saude-nomeia-novo-coordenador-para-saude-indigena-em-ms\\\/\"},\"wordCount\":167,\"publisher\":{\"@id\":\"https:\\\/\\\/vanderloubet.com.br\\\/deputado\\\/#organization\"},\"image\":{\"@id\":\"https:\\\/\\\/vanderloubet.com.br\\\/deputado\\\/ministro-da-saude-nomeia-novo-coordenador-para-saude-indigena-em-ms\\\/#primaryimage\"},\"thumbnailUrl\":\"https:\\\/\\\/vanderloubet.com.br\\\/deputado\\\/wp-content\\\/uploads\\\/2016\\\/04\\\/foto-2016-04-06-zeca-vander-rodrigo-sesai.jpg\",\"keywords\":[\"sa\u00fade\",\"sa\u00fade ind\u00edgena\"],\"articleSection\":[\"Mato Grosso do Sul\",\"Not\u00edcias\"],\"inLanguage\":\"pt-BR\"},{\"@type\":\"WebPage\",\"@id\":\"https:\\\/\\\/vanderloubet.com.br\\\/deputado\\\/ministro-da-saude-nomeia-novo-coordenador-para-saude-indigena-em-ms\\\/\",\"url\":\"https:\\\/\\\/vanderloubet.com.br\\\/deputado\\\/ministro-da-saude-nomeia-novo-coordenador-para-saude-indigena-em-ms\\\/\",\"name\":\"Vander articula melhorias para Sa\u00fade Ind\u00edgena em MS\",\"isPartOf\":{\"@id\":\"https:\\\/\\\/vanderloubet.com.br\\\/deputado\\\/#website\"},\"primaryImageOfPage\":{\"@id\":\"https:\\\/\\\/vanderloubet.com.br\\\/deputado\\\/ministro-da-saude-nomeia-novo-coordenador-para-saude-indigena-em-ms\\\/#primaryimage\"},\"image\":{\"@id\":\"https:\\\/\\\/vanderloubet.com.br\\\/deputado\\\/ministro-da-saude-nomeia-novo-coordenador-para-saude-indigena-em-ms\\\/#primaryimage\"},\"thumbnailUrl\":\"https:\\\/\\\/vanderloubet.com.br\\\/deputado\\\/wp-content\\\/uploads\\\/2016\\\/04\\\/foto-2016-04-06-zeca-vander-rodrigo-sesai.jpg\",\"datePublished\":\"2016-04-06T14:57:18+00:00\",\"dateModified\":\"2016-04-27T22:09:53+00:00\",\"breadcrumb\":{\"@id\":\"https:\\\/\\\/vanderloubet.com.br\\\/deputado\\\/ministro-da-saude-nomeia-novo-coordenador-para-saude-indigena-em-ms\\\/#breadcrumb\"},\"inLanguage\":\"pt-BR\",\"potentialAction\":[{\"@type\":\"ReadAction\",\"target\":[\"https:\\\/\\\/vanderloubet.com.br\\\/deputado\\\/ministro-da-saude-nomeia-novo-coordenador-para-saude-indigena-em-ms\\\/\"]}]},{\"@type\":\"ImageObject\",\"inLanguage\":\"pt-BR\",\"@id\":\"https:\\\/\\\/vanderloubet.com.br\\\/deputado\\\/ministro-da-saude-nomeia-novo-coordenador-para-saude-indigena-em-ms\\\/#primaryimage\",\"url\":\"https:\\\/\\\/vanderloubet.com.br\\\/deputado\\\/wp-content\\\/uploads\\\/2016\\\/04\\\/foto-2016-04-06-zeca-vander-rodrigo-sesai.jpg\",\"contentUrl\":\"https:\\\/\\\/vanderloubet.com.br\\\/deputado\\\/wp-content\\\/uploads\\\/2016\\\/04\\\/foto-2016-04-06-zeca-vander-rodrigo-sesai.jpg\",\"width\":900,\"height\":600,\"caption\":\"Zeca, Vander e Rodrigo, durante reuni\u00e3o na Sesai em Bras\u00edlia\"},{\"@type\":\"BreadcrumbList\",\"@id\":\"https:\\\/\\\/vanderloubet.com.br\\\/deputado\\\/ministro-da-saude-nomeia-novo-coordenador-para-saude-indigena-em-ms\\\/#breadcrumb\",\"itemListElement\":[{\"@type\":\"ListItem\",\"position\":1,\"name\":\"In\u00edcio\",\"item\":\"https:\\\/\\\/vanderloubet.com.br\\\/deputado\\\/\"},{\"@type\":\"ListItem\",\"position\":2,\"name\":\"Vander articula melhorias para Sa\u00fade Ind\u00edgena em MS\"}]},{\"@type\":\"WebSite\",\"@id\":\"https:\\\/\\\/vanderloubet.com.br\\\/deputado\\\/#website\",\"url\":\"https:\\\/\\\/vanderloubet.com.br\\\/deputado\\\/\",\"name\":\"Deputado Federal Vander Loubet\",\"description\":\"O Federal de MS\",\"publisher\":{\"@id\":\"https:\\\/\\\/vanderloubet.com.br\\\/deputado\\\/#organization\"},\"alternateName\":\"Deputado Vander\",\"potentialAction\":[{\"@type\":\"SearchAction\",\"target\":{\"@type\":\"EntryPoint\",\"urlTemplate\":\"https:\\\/\\\/vanderloubet.com.br\\\/deputado\\\/?s={search_term_string}\"},\"query-input\":{\"@type\":\"PropertyValueSpecification\",\"valueRequired\":true,\"valueName\":\"search_term_string\"}}],\"inLanguage\":\"pt-BR\"},{\"@type\":\"Organization\",\"@id\":\"https:\\\/\\\/vanderloubet.com.br\\\/deputado\\\/#organization\",\"name\":\"Deputado Federal Vander Loubet\",\"alternateName\":\"Deputado Vander\",\"url\":\"https:\\\/\\\/vanderloubet.com.br\\\/deputado\\\/\",\"logo\":{\"@type\":\"ImageObject\",\"inLanguage\":\"pt-BR\",\"@id\":\"https:\\\/\\\/vanderloubet.com.br\\\/deputado\\\/#\\\/schema\\\/logo\\\/image\\\/\",\"url\":\"https:\\\/\\\/vanderloubet.com.br\\\/deputado\\\/wp-content\\\/uploads\\\/2023\\\/06\\\/foto-2023-06-19-mandato-deputado-vander.jpg\",\"contentUrl\":\"https:\\\/\\\/vanderloubet.com.br\\\/deputado\\\/wp-content\\\/uploads\\\/2023\\\/06\\\/foto-2023-06-19-mandato-deputado-vander.jpg\",\"width\":1080,\"height\":1080,\"caption\":\"Deputado Federal Vander Loubet\"},\"image\":{\"@id\":\"https:\\\/\\\/vanderloubet.com.br\\\/deputado\\\/#\\\/schema\\\/logo\\\/image\\\/\"},\"sameAs\":[\"https:\\\/\\\/facebook.com\\\/deputadovander\",\"https:\\\/\\\/x.com\\\/vanderloubet\",\"https:\\\/\\\/instagram.com\\\/vanderloubet\",\"https:\\\/\\\/youtube.com\\\/vanderloubet\",\"https:\\\/\\\/tiktok.com\\\/@vanderloubetms\"]},{\"@type\":\"Person\",\"@id\":\"https:\\\/\\\/vanderloubet.com.br\\\/deputado\\\/#\\\/schema\\\/person\\\/15b51bd564532a8a68d9dec1b8eb890e\",\"name\":\"\u00c9der\",\"image\":{\"@type\":\"ImageObject\",\"inLanguage\":\"pt-BR\",\"@id\":\"https:\\\/\\\/vanderloubet.com.br\\\/deputado\\\/wp-content\\\/litespeed\\\/avatar\\\/88ca4090d9d5ab1c9495f6ca03b68efa.jpg?ver=1777058957\",\"url\":\"https:\\\/\\\/vanderloubet.com.br\\\/deputado\\\/wp-content\\\/litespeed\\\/avatar\\\/88ca4090d9d5ab1c9495f6ca03b68efa.jpg?ver=1777058957\",\"contentUrl\":\"https:\\\/\\\/vanderloubet.com.br\\\/deputado\\\/wp-content\\\/litespeed\\\/avatar\\\/88ca4090d9d5ab1c9495f6ca03b68efa.jpg?ver=1777058957\",\"caption\":\"\u00c9der\"}}]}<\/script>\n<!-- \/ Yoast SEO plugin. -->","yoast_head_json":{"title":"Vander articula melhorias para Sa\u00fade Ind\u00edgena em MS","robots":{"index":"index","follow":"follow","max-snippet":"max-snippet:-1","max-image-preview":"max-image-preview:large","max-video-preview":"max-video-preview:-1"},"canonical":"https:\/\/vanderloubet.com.br\/deputado\/ministro-da-saude-nomeia-novo-coordenador-para-saude-indigena-em-ms\/","og_locale":"pt_BR","og_type":"article","og_title":"Vander articula melhorias para Sa\u00fade Ind\u00edgena em MS","og_description":"Nomea\u00e7\u00e3o havia sido discutida por Vander e Zeca em reuni\u00e3o com titular da Sesai e faz parte de projeto de reestrutura\u00e7\u00e3o do Dsei\/MS.","og_url":"https:\/\/vanderloubet.com.br\/deputado\/ministro-da-saude-nomeia-novo-coordenador-para-saude-indigena-em-ms\/","og_site_name":"Deputado Federal Vander Loubet","article_publisher":"https:\/\/facebook.com\/deputadovander","article_published_time":"2016-04-06T14:57:18+00:00","article_modified_time":"2016-04-27T22:09:53+00:00","og_image":[{"width":900,"height":600,"url":"https:\/\/vanderloubet.com.br\/deputado\/wp-content\/uploads\/2016\/04\/foto-2016-04-06-zeca-vander-rodrigo-sesai.jpg","type":"image\/jpeg"}],"author":"\u00c9der","twitter_card":"summary_large_image","twitter_creator":"@vanderloubet","twitter_site":"@vanderloubet","schema":{"@context":"https:\/\/schema.org","@graph":[{"@type":"Article","@id":"https:\/\/vanderloubet.com.br\/deputado\/ministro-da-saude-nomeia-novo-coordenador-para-saude-indigena-em-ms\/#article","isPartOf":{"@id":"https:\/\/vanderloubet.com.br\/deputado\/ministro-da-saude-nomeia-novo-coordenador-para-saude-indigena-em-ms\/"},"author":{"name":"\u00c9der","@id":"https:\/\/vanderloubet.com.br\/deputado\/#\/schema\/person\/15b51bd564532a8a68d9dec1b8eb890e"},"headline":"Vander articula melhorias para Sa\u00fade Ind\u00edgena em MS","datePublished":"2016-04-06T14:57:18+00:00","dateModified":"2016-04-27T22:09:53+00:00","mainEntityOfPage":{"@id":"https:\/\/vanderloubet.com.br\/deputado\/ministro-da-saude-nomeia-novo-coordenador-para-saude-indigena-em-ms\/"},"wordCount":167,"publisher":{"@id":"https:\/\/vanderloubet.com.br\/deputado\/#organization"},"image":{"@id":"https:\/\/vanderloubet.com.br\/deputado\/ministro-da-saude-nomeia-novo-coordenador-para-saude-indigena-em-ms\/#primaryimage"},"thumbnailUrl":"https:\/\/vanderloubet.com.br\/deputado\/wp-content\/uploads\/2016\/04\/foto-2016-04-06-zeca-vander-rodrigo-sesai.jpg","keywords":["sa\u00fade","sa\u00fade ind\u00edgena"],"articleSection":["Mato Grosso do Sul","Not\u00edcias"],"inLanguage":"pt-BR"},{"@type":"WebPage","@id":"https:\/\/vanderloubet.com.br\/deputado\/ministro-da-saude-nomeia-novo-coordenador-para-saude-indigena-em-ms\/","url":"https:\/\/vanderloubet.com.br\/deputado\/ministro-da-saude-nomeia-novo-coordenador-para-saude-indigena-em-ms\/","name":"Vander articula melhorias para Sa\u00fade Ind\u00edgena em MS","isPartOf":{"@id":"https:\/\/vanderloubet.com.br\/deputado\/#website"},"primaryImageOfPage":{"@id":"https:\/\/vanderloubet.com.br\/deputado\/ministro-da-saude-nomeia-novo-coordenador-para-saude-indigena-em-ms\/#primaryimage"},"image":{"@id":"https:\/\/vanderloubet.com.br\/deputado\/ministro-da-saude-nomeia-novo-coordenador-para-saude-indigena-em-ms\/#primaryimage"},"thumbnailUrl":"https:\/\/vanderloubet.com.br\/deputado\/wp-content\/uploads\/2016\/04\/foto-2016-04-06-zeca-vander-rodrigo-sesai.jpg","datePublished":"2016-04-06T14:57:18+00:00","dateModified":"2016-04-27T22:09:53+00:00","breadcrumb":{"@id":"https:\/\/vanderloubet.com.br\/deputado\/ministro-da-saude-nomeia-novo-coordenador-para-saude-indigena-em-ms\/#breadcrumb"},"inLanguage":"pt-BR","potentialAction":[{"@type":"ReadAction","target":["https:\/\/vanderloubet.com.br\/deputado\/ministro-da-saude-nomeia-novo-coordenador-para-saude-indigena-em-ms\/"]}]},{"@type":"ImageObject","inLanguage":"pt-BR","@id":"https:\/\/vanderloubet.com.br\/deputado\/ministro-da-saude-nomeia-novo-coordenador-para-saude-indigena-em-ms\/#primaryimage","url":"https:\/\/vanderloubet.com.br\/deputado\/wp-content\/uploads\/2016\/04\/foto-2016-04-06-zeca-vander-rodrigo-sesai.jpg","contentUrl":"https:\/\/vanderloubet.com.br\/deputado\/wp-content\/uploads\/2016\/04\/foto-2016-04-06-zeca-vander-rodrigo-sesai.jpg","width":900,"height":600,"caption":"Zeca, Vander e Rodrigo, durante reuni\u00e3o na Sesai em Bras\u00edlia"},{"@type":"BreadcrumbList","@id":"https:\/\/vanderloubet.com.br\/deputado\/ministro-da-saude-nomeia-novo-coordenador-para-saude-indigena-em-ms\/#breadcrumb","itemListElement":[{"@type":"ListItem","position":1,"name":"In\u00edcio","item":"https:\/\/vanderloubet.com.br\/deputado\/"},{"@type":"ListItem","position":2,"name":"Vander articula melhorias para Sa\u00fade Ind\u00edgena em MS"}]},{"@type":"WebSite","@id":"https:\/\/vanderloubet.com.br\/deputado\/#website","url":"https:\/\/vanderloubet.com.br\/deputado\/","name":"Deputado Federal Vander Loubet","description":"O Federal de MS","publisher":{"@id":"https:\/\/vanderloubet.com.br\/deputado\/#organization"},"alternateName":"Deputado Vander","potentialAction":[{"@type":"SearchAction","target":{"@type":"EntryPoint","urlTemplate":"https:\/\/vanderloubet.com.br\/deputado\/?s={search_term_string}"},"query-input":{"@type":"PropertyValueSpecification","valueRequired":true,"valueName":"search_term_string"}}],"inLanguage":"pt-BR"},{"@type":"Organization","@id":"https:\/\/vanderloubet.com.br\/deputado\/#organization","name":"Deputado Federal Vander Loubet","alternateName":"Deputado Vander","url":"https:\/\/vanderloubet.com.br\/deputado\/","logo":{"@type":"ImageObject","inLanguage":"pt-BR","@id":"https:\/\/vanderloubet.com.br\/deputado\/#\/schema\/logo\/image\/","url":"https:\/\/vanderloubet.com.br\/deputado\/wp-content\/uploads\/2023\/06\/foto-2023-06-19-mandato-deputado-vander.jpg","contentUrl":"https:\/\/vanderloubet.com.br\/deputado\/wp-content\/uploads\/2023\/06\/foto-2023-06-19-mandato-deputado-vander.jpg","width":1080,"height":1080,"caption":"Deputado Federal Vander Loubet"},"image":{"@id":"https:\/\/vanderloubet.com.br\/deputado\/#\/schema\/logo\/image\/"},"sameAs":["https:\/\/facebook.com\/deputadovander","https:\/\/x.com\/vanderloubet","https:\/\/instagram.com\/vanderloubet","https:\/\/youtube.com\/vanderloubet","https:\/\/tiktok.com\/@vanderloubetms"]},{"@type":"Person","@id":"https:\/\/vanderloubet.com.br\/deputado\/#\/schema\/person\/15b51bd564532a8a68d9dec1b8eb890e","name":"\u00c9der","image":{"@type":"ImageObject","inLanguage":"pt-BR","@id":"https:\/\/vanderloubet.com.br\/deputado\/wp-content\/litespeed\/avatar\/88ca4090d9d5ab1c9495f6ca03b68efa.jpg?ver=1777058957","url":"https:\/\/vanderloubet.com.br\/deputado\/wp-content\/litespeed\/avatar\/88ca4090d9d5ab1c9495f6ca03b68efa.jpg?ver=1777058957","contentUrl":"https:\/\/vanderloubet.com.br\/deputado\/wp-content\/litespeed\/avatar\/88ca4090d9d5ab1c9495f6ca03b68efa.jpg?ver=1777058957","caption":"\u00c9der"}}]}},"jetpack_featured_media_url":"https:\/\/vanderloubet.com.br\/deputado\/wp-content\/uploads\/2016\/04\/foto-2016-04-06-zeca-vander-rodrigo-sesai.jpg","jetpack_sharing_enabled":true,"_links":{"self":[{"href":"https:\/\/vanderloubet.com.br\/deputado\/wp-json\/wp\/v2\/posts\/10915","targetHints":{"allow":["GET"]}}],"collection":[{"href":"https:\/\/vanderloubet.com.br\/deputado\/wp-json\/wp\/v2\/posts"}],"about":[{"href":"https:\/\/vanderloubet.com.br\/deputado\/wp-json\/wp\/v2\/types\/post"}],"author":[{"embeddable":true,"href":"https:\/\/vanderloubet.com.br\/deputado\/wp-json\/wp\/v2\/users\/2"}],"replies":[{"embeddable":true,"href":"https:\/\/vanderloubet.com.br\/deputado\/wp-json\/wp\/v2\/comments?post=10915"}],"version-history":[{"count":0,"href":"https:\/\/vanderloubet.com.br\/deputado\/wp-json\/wp\/v2\/posts\/10915\/revisions"}],"wp:featuredmedia":[{"embeddable":true,"href":"https:\/\/vanderloubet.com.br\/deputado\/wp-json\/wp\/v2\/media\/10917"}],"wp:attachment":[{"href":"https:\/\/vanderloubet.com.br\/deputado\/wp-json\/wp\/v2\/media?parent=10915"}],"wp:term":[{"taxonomy":"category","embeddable":true,"href":"https:\/\/vanderloubet.com.br\/deputado\/wp-json\/wp\/v2\/categories?post=10915"},{"taxonomy":"post_tag","embeddable":true,"href":"https:\/\/vanderloubet.com.br\/deputado\/wp-json\/wp\/v2\/tags?post=10915"}],"curies":[{"name":"wp","href":"https:\/\/api.w.org\/{rel}","templated":true}]}}