{"id":10906,"date":"2016-03-10T08:00:04","date_gmt":"2016-03-10T12:00:04","guid":{"rendered":"http:\/\/vanderloubet.com.br\/deputado\/?p=10906"},"modified":"2016-07-21T10:50:44","modified_gmt":"2016-07-21T14:50:44","slug":"com-apoio-de-vander-e-zeca-estado-libera-recursos-para-reconstrucao-de-pontes","status":"publish","type":"post","link":"https:\/\/vanderloubet.com.br\/deputado\/com-apoio-de-vander-e-zeca-estado-libera-recursos-para-reconstrucao-de-pontes\/","title":{"rendered":"Com apoio de Vander e Zeca, Estado libera recursos para reconstru\u00e7\u00e3o de pontes"},"content":{"rendered":"\r\n                <style type=\"text\/css\">\r\n                    \r\n                    #tdi_1  .td-doubleSlider-2 .td-item1 {\r\n                        background: url(https:\/\/vanderloubet.com.br\/deputado\/wp-content\/uploads\/2016\/03\/foto-2016-03-10-integracao-nacional-01-80x60.jpg) 0 0 no-repeat;\r\n                    }\r\n                    #tdi_1  .td-doubleSlider-2 .td-item2 {\r\n                        background: url(https:\/\/vanderloubet.com.br\/deputado\/wp-content\/uploads\/2016\/03\/foto-2016-03-10-integracao-nacional-02.jpg) 0 0 no-repeat;\r\n                    }\r\n                <\/style>\r\n\r\n                <div id=\"tdi_1\" class=\"td-gallery td-slide-on-2-columns\">\r\n                    <div class=\"post_td_gallery\">\r\n                        <div class=\"td-gallery-slide-top\">\r\n                           <div class=\"td-gallery-title\"><\/div>\r\n\r\n                            <div class=\"td-gallery-controls-wrapper\">\r\n                                <div class=\"td-gallery-slide-count\"><span class=\"td-gallery-slide-item-focus\">1<\/span> de 2<\/div>\r\n                                <div class=\"td-gallery-slide-prev-next-but\">\r\n                                    <i class = \"td-icon-left doubleSliderPrevButton\"><\/i>\r\n                                    <i class = \"td-icon-right doubleSliderNextButton\"><\/i>\r\n                                <\/div>\r\n                            <\/div>\r\n                        <\/div>\r\n\r\n                        <div class = \"td-doubleSlider-1 \">\r\n                            <div class = \"td-slider\">\r\n                                \r\n                    <div class = \"td-slide-item td-item1\">\r\n                        <figure class=\"td-slide-galery-figure td-slide-popup-gallery\">\r\n                            <a class=\"slide-gallery-image-link\" href=\"https:\/\/vanderloubet.com.br\/deputado\/wp-content\/uploads\/2016\/03\/foto-2016-03-10-integracao-nacional-01.jpg\" title=\"Assinatura do TC contou com presen\u00e7a do ministro, governador e bancada (Foto: Chico Ribeiro\/Ascom GOVMS)\"  data-caption=\"\"  data-description=\"Assinatura do TC contou com presen&ccedil;a do ministro, governador e bancada (Foto: Chico Ribeiro\/Ascom GOVMS)\">\r\n                                <img decoding=\"async\" src=\"https:\/\/vanderloubet.com.br\/deputado\/wp-content\/uploads\/2016\/03\/foto-2016-03-10-integracao-nacional-01-645x420.jpg\" srcset=\"https:\/\/vanderloubet.com.br\/deputado\/wp-content\/uploads\/2016\/03\/foto-2016-03-10-integracao-nacional-01-645x420.jpg 645w, https:\/\/vanderloubet.com.br\/deputado\/wp-content\/uploads\/2016\/03\/foto-2016-03-10-integracao-nacional-01-350x228.jpg 350w, https:\/\/vanderloubet.com.br\/deputado\/wp-content\/uploads\/2016\/03\/foto-2016-03-10-integracao-nacional-01-768x500.jpg 768w, https:\/\/vanderloubet.com.br\/deputado\/wp-content\/uploads\/2016\/03\/foto-2016-03-10-integracao-nacional-01-700x456.jpg 700w, https:\/\/vanderloubet.com.br\/deputado\/wp-content\/uploads\/2016\/03\/foto-2016-03-10-integracao-nacional-01-696x453.jpg 696w, https:\/\/vanderloubet.com.br\/deputado\/wp-content\/uploads\/2016\/03\/foto-2016-03-10-integracao-nacional-01.jpg 900w\" sizes=\"(max-width: 645px) 100vw, 645px\" alt=\"Assinatura do TC contou com presen&ccedil;a do ministro, governador e bancada (Foto: Chico Ribeiro\/Ascom GOVMS)\">\r\n                            <\/a>\r\n                            <figcaption class = \"td-slide-caption td-gallery-slide-content\"><span>Assinatura do TC contou com presen\u00e7a do ministro, governador e bancada (Foto: Chico Ribeiro\/Ascom GOVMS)<\/span><\/figcaption>\r\n                        <\/figure>\r\n                    <\/div>\r\n                    <div class = \"td-slide-item td-item2\">\r\n                        <figure class=\"td-slide-galery-figure td-slide-popup-gallery\">\r\n                            <a class=\"slide-gallery-image-link\" href=\"https:\/\/vanderloubet.com.br\/deputado\/wp-content\/uploads\/2016\/03\/foto-2016-03-10-integracao-nacional-02.jpg\" title=\"Assinatura do TC contou com presen\u00e7a do ministro, governador e bancada (Foto: Chico Ribeiro\/Ascom GOVMS)\"  data-caption=\"\"  data-description=\"Assinatura do TC contou com presen&ccedil;a do ministro, governador e bancada (Foto: Chico Ribeiro\/Ascom GOVMS)\">\r\n                                <img decoding=\"async\" src=\"https:\/\/vanderloubet.com.br\/deputado\/wp-content\/uploads\/2016\/03\/foto-2016-03-10-integracao-nacional-02.jpg\" alt=\"Assinatura do TC contou com presen&ccedil;a do ministro, governador e bancada (Foto: Chico Ribeiro\/Ascom GOVMS)\">\r\n                            <\/a>\r\n                            <figcaption class = \"td-slide-caption td-gallery-slide-content\"><span>Assinatura do TC contou com presen\u00e7a do ministro, governador e bancada (Foto: Chico Ribeiro\/Ascom GOVMS)<\/span><\/figcaption>\r\n                        <\/figure>\r\n                    <\/div>\r\n                            <\/div>\r\n                        <\/div>\r\n\r\n                        <div class = \"td-doubleSlider-2\">\r\n                            <div class = \"td-slider\">\r\n                                \r\n                    <div class = \"td-button td-item1\">\r\n                        <div class = \"td-border\"><\/div>\r\n                    <\/div>\r\n                    <div class = \"td-button td-item2\">\r\n                        <div class = \"td-border\"><\/div>\r\n                    <\/div>\r\n                            <\/div>\r\n                        <\/div>\r\n\r\n                    <\/div>\r\n\r\n                <\/div>\r\n                \n<p>O governador Reinaldo Azambuja assinou na tarde de ontem (9), no Minist\u00e9rio da Integra\u00e7\u00e3o Nacional, em Bras\u00edlia, o termo de compromisso para a primeira etapa da reconstru\u00e7\u00e3o de pontes destru\u00eddas ou danificadas pelas fortes chuvas que atingiram Mato Grosso do Sul recentemente. Ser\u00e1 repassado pelo Governo Federal o valor de R$ 18,3 milh\u00f5es, que atender\u00e1 28 pontes em 11 munic\u00edpios.<\/p>\n<p>A a\u00e7\u00e3o contou com o apoio decisivo dos deputados federais Vander Loubet e Zeca do PT, que desde janeiro deste ano participaram de agendas na Secretaria Nacional de Prote\u00e7\u00e3o e Defesa Civil (Sedec) ao lado do secret\u00e1rio de Estado de Infraestrutura, Marcelo Miglioli, a fim de reivindicar a libera\u00e7\u00e3o de verbas para recupera\u00e7\u00e3o desses estragos.<\/p>\n<p>&#8220;Ao todo o Estado est\u00e1 pleiteando mais de R$ 61 milh\u00f5es para atender 92 pontes em 20 munic\u00edpios. O recurso que est\u00e1 sendo liberado agora \u00e9 apenas a primeira etapa. Por isso vamos seguir batalhando para que o restante do recurso solicitado seja liberado o mais breve poss\u00edvel&#8221;, destacou Vander.<\/p>\n<p>Os 11 munic\u00edpios beneficiados nesta primeira etapa s\u00e3o Amambai, Bela Vista, Caarap\u00f3, Coronel Sapucaia, Deod\u00e1polis, Iguatemi, Juti, Novo Horizonte do Sul, Paranhos, Sete Quedas e Tacuru. Com termo assinado, o pr\u00f3ximo passo do Governo do Estado \u00e9 realizar as licita\u00e7\u00f5es para execu\u00e7\u00e3o das obras.<\/p>\n<p><em>(Fonte: Ascom\/GOVMS)<\/em><\/p>\n","protected":false},"excerpt":{"rendered":"<p>Ser\u00e1 repassado pelo Governo Federal o valor de R$ 18,3 milh\u00f5es, que atender\u00e1 28 pontes em 11 munic\u00edpios.<\/p>\n","protected":false},"author":2,"featured_media":10910,"comment_status":"closed","ping_status":"closed","sticky":false,"template":"","format":"standard","meta":{"jetpack_post_was_ever_published":false,"_jetpack_newsletter_access":"","_jetpack_dont_email_post_to_subs":false,"_jetpack_newsletter_tier_id":0,"_jetpack_memberships_contains_paywalled_content":false,"_jetpack_memberships_contains_paid_content":false,"footnotes":""},"categories":[2099,10],"tags":[1028,2363],"class_list":{"0":"post-10906","1":"post","2":"type-post","3":"status-publish","4":"format-standard","5":"has-post-thumbnail","7":"category-ms-noticias","8":"category-noticias","9":"tag-infraestrutura","10":"tag-integracao-nacional"},"yoast_head":"<!-- This site is optimized with the Yoast SEO plugin v27.4 - https:\/\/yoast.com\/product\/yoast-seo-wordpress\/ -->\n<title>Com apoio de Vander e Zeca, Estado libera recursos para reconstru\u00e7\u00e3o de pontes<\/title>\n<meta name=\"robots\" content=\"index, follow, max-snippet:-1, max-image-preview:large, max-video-preview:-1\" \/>\n<link rel=\"canonical\" href=\"https:\/\/vanderloubet.com.br\/deputado\/com-apoio-de-vander-e-zeca-estado-libera-recursos-para-reconstrucao-de-pontes\/\" \/>\n<meta property=\"og:locale\" content=\"pt_BR\" \/>\n<meta property=\"og:type\" content=\"article\" \/>\n<meta property=\"og:title\" content=\"Com apoio de Vander e Zeca, Estado libera recursos para reconstru\u00e7\u00e3o de pontes\" \/>\n<meta property=\"og:description\" content=\"Ser\u00e1 repassado pelo Governo Federal o valor de R$ 18,3 milh\u00f5es, que atender\u00e1 28 pontes em 11 munic\u00edpios.\" \/>\n<meta property=\"og:url\" content=\"https:\/\/vanderloubet.com.br\/deputado\/com-apoio-de-vander-e-zeca-estado-libera-recursos-para-reconstrucao-de-pontes\/\" \/>\n<meta property=\"og:site_name\" content=\"Deputado Federal Vander Loubet\" \/>\n<meta property=\"article:publisher\" content=\"https:\/\/facebook.com\/deputadovander\" \/>\n<meta property=\"article:published_time\" content=\"2016-03-10T12:00:04+00:00\" \/>\n<meta property=\"article:modified_time\" content=\"2016-07-21T14:50:44+00:00\" \/>\n<meta property=\"og:image\" content=\"https:\/\/vanderloubet.com.br\/deputado\/wp-content\/uploads\/2016\/03\/foto-2016-03-10-integracao-nacional-destaque.jpg\" \/>\n\t<meta property=\"og:image:width\" content=\"1\" \/>\n\t<meta property=\"og:image:height\" content=\"1\" \/>\n\t<meta property=\"og:image:type\" content=\"image\/jpeg\" \/>\n<meta name=\"author\" content=\"\u00c9der\" \/>\n<meta name=\"twitter:card\" content=\"summary_large_image\" \/>\n<meta name=\"twitter:creator\" content=\"@vanderloubet\" \/>\n<meta name=\"twitter:site\" content=\"@vanderloubet\" \/>\n<script type=\"application\/ld+json\" class=\"yoast-schema-graph\">{\"@context\":\"https:\\\/\\\/schema.org\",\"@graph\":[{\"@type\":\"Article\",\"@id\":\"https:\\\/\\\/vanderloubet.com.br\\\/deputado\\\/com-apoio-de-vander-e-zeca-estado-libera-recursos-para-reconstrucao-de-pontes\\\/#article\",\"isPartOf\":{\"@id\":\"https:\\\/\\\/vanderloubet.com.br\\\/deputado\\\/com-apoio-de-vander-e-zeca-estado-libera-recursos-para-reconstrucao-de-pontes\\\/\"},\"author\":{\"name\":\"\u00c9der\",\"@id\":\"https:\\\/\\\/vanderloubet.com.br\\\/deputado\\\/#\\\/schema\\\/person\\\/15b51bd564532a8a68d9dec1b8eb890e\"},\"headline\":\"Com apoio de Vander e Zeca, Estado libera recursos para reconstru\u00e7\u00e3o de pontes\",\"datePublished\":\"2016-03-10T12:00:04+00:00\",\"dateModified\":\"2016-07-21T14:50:44+00:00\",\"mainEntityOfPage\":{\"@id\":\"https:\\\/\\\/vanderloubet.com.br\\\/deputado\\\/com-apoio-de-vander-e-zeca-estado-libera-recursos-para-reconstrucao-de-pontes\\\/\"},\"wordCount\":246,\"publisher\":{\"@id\":\"https:\\\/\\\/vanderloubet.com.br\\\/deputado\\\/#organization\"},\"image\":{\"@id\":\"https:\\\/\\\/vanderloubet.com.br\\\/deputado\\\/com-apoio-de-vander-e-zeca-estado-libera-recursos-para-reconstrucao-de-pontes\\\/#primaryimage\"},\"thumbnailUrl\":\"https:\\\/\\\/vanderloubet.com.br\\\/deputado\\\/wp-content\\\/uploads\\\/2016\\\/03\\\/foto-2016-03-10-integracao-nacional-destaque.jpg\",\"keywords\":[\"infraestrutura\",\"integra\u00e7\u00e3o nacional\"],\"articleSection\":[\"Mato Grosso do Sul\",\"Not\u00edcias\"],\"inLanguage\":\"pt-BR\"},{\"@type\":\"WebPage\",\"@id\":\"https:\\\/\\\/vanderloubet.com.br\\\/deputado\\\/com-apoio-de-vander-e-zeca-estado-libera-recursos-para-reconstrucao-de-pontes\\\/\",\"url\":\"https:\\\/\\\/vanderloubet.com.br\\\/deputado\\\/com-apoio-de-vander-e-zeca-estado-libera-recursos-para-reconstrucao-de-pontes\\\/\",\"name\":\"Com apoio de Vander e Zeca, Estado libera recursos para reconstru\u00e7\u00e3o de pontes\",\"isPartOf\":{\"@id\":\"https:\\\/\\\/vanderloubet.com.br\\\/deputado\\\/#website\"},\"primaryImageOfPage\":{\"@id\":\"https:\\\/\\\/vanderloubet.com.br\\\/deputado\\\/com-apoio-de-vander-e-zeca-estado-libera-recursos-para-reconstrucao-de-pontes\\\/#primaryimage\"},\"image\":{\"@id\":\"https:\\\/\\\/vanderloubet.com.br\\\/deputado\\\/com-apoio-de-vander-e-zeca-estado-libera-recursos-para-reconstrucao-de-pontes\\\/#primaryimage\"},\"thumbnailUrl\":\"https:\\\/\\\/vanderloubet.com.br\\\/deputado\\\/wp-content\\\/uploads\\\/2016\\\/03\\\/foto-2016-03-10-integracao-nacional-destaque.jpg\",\"datePublished\":\"2016-03-10T12:00:04+00:00\",\"dateModified\":\"2016-07-21T14:50:44+00:00\",\"breadcrumb\":{\"@id\":\"https:\\\/\\\/vanderloubet.com.br\\\/deputado\\\/com-apoio-de-vander-e-zeca-estado-libera-recursos-para-reconstrucao-de-pontes\\\/#breadcrumb\"},\"inLanguage\":\"pt-BR\",\"potentialAction\":[{\"@type\":\"ReadAction\",\"target\":[\"https:\\\/\\\/vanderloubet.com.br\\\/deputado\\\/com-apoio-de-vander-e-zeca-estado-libera-recursos-para-reconstrucao-de-pontes\\\/\"]}]},{\"@type\":\"ImageObject\",\"inLanguage\":\"pt-BR\",\"@id\":\"https:\\\/\\\/vanderloubet.com.br\\\/deputado\\\/com-apoio-de-vander-e-zeca-estado-libera-recursos-para-reconstrucao-de-pontes\\\/#primaryimage\",\"url\":\"https:\\\/\\\/vanderloubet.com.br\\\/deputado\\\/wp-content\\\/uploads\\\/2016\\\/03\\\/foto-2016-03-10-integracao-nacional-destaque.jpg\",\"contentUrl\":\"https:\\\/\\\/vanderloubet.com.br\\\/deputado\\\/wp-content\\\/uploads\\\/2016\\\/03\\\/foto-2016-03-10-integracao-nacional-destaque.jpg\",\"caption\":\"foto-2016-03-10-integracao-nacional-destaque\"},{\"@type\":\"BreadcrumbList\",\"@id\":\"https:\\\/\\\/vanderloubet.com.br\\\/deputado\\\/com-apoio-de-vander-e-zeca-estado-libera-recursos-para-reconstrucao-de-pontes\\\/#breadcrumb\",\"itemListElement\":[{\"@type\":\"ListItem\",\"position\":1,\"name\":\"In\u00edcio\",\"item\":\"https:\\\/\\\/vanderloubet.com.br\\\/deputado\\\/\"},{\"@type\":\"ListItem\",\"position\":2,\"name\":\"Com apoio de Vander e Zeca, Estado libera recursos para reconstru\u00e7\u00e3o de pontes\"}]},{\"@type\":\"WebSite\",\"@id\":\"https:\\\/\\\/vanderloubet.com.br\\\/deputado\\\/#website\",\"url\":\"https:\\\/\\\/vanderloubet.com.br\\\/deputado\\\/\",\"name\":\"Deputado Federal Vander Loubet\",\"description\":\"O Federal de MS\",\"publisher\":{\"@id\":\"https:\\\/\\\/vanderloubet.com.br\\\/deputado\\\/#organization\"},\"alternateName\":\"Deputado Vander\",\"potentialAction\":[{\"@type\":\"SearchAction\",\"target\":{\"@type\":\"EntryPoint\",\"urlTemplate\":\"https:\\\/\\\/vanderloubet.com.br\\\/deputado\\\/?s={search_term_string}\"},\"query-input\":{\"@type\":\"PropertyValueSpecification\",\"valueRequired\":true,\"valueName\":\"search_term_string\"}}],\"inLanguage\":\"pt-BR\"},{\"@type\":\"Organization\",\"@id\":\"https:\\\/\\\/vanderloubet.com.br\\\/deputado\\\/#organization\",\"name\":\"Deputado Federal Vander Loubet\",\"alternateName\":\"Deputado Vander\",\"url\":\"https:\\\/\\\/vanderloubet.com.br\\\/deputado\\\/\",\"logo\":{\"@type\":\"ImageObject\",\"inLanguage\":\"pt-BR\",\"@id\":\"https:\\\/\\\/vanderloubet.com.br\\\/deputado\\\/#\\\/schema\\\/logo\\\/image\\\/\",\"url\":\"https:\\\/\\\/vanderloubet.com.br\\\/deputado\\\/wp-content\\\/uploads\\\/2023\\\/06\\\/foto-2023-06-19-mandato-deputado-vander.jpg\",\"contentUrl\":\"https:\\\/\\\/vanderloubet.com.br\\\/deputado\\\/wp-content\\\/uploads\\\/2023\\\/06\\\/foto-2023-06-19-mandato-deputado-vander.jpg\",\"width\":1080,\"height\":1080,\"caption\":\"Deputado Federal Vander Loubet\"},\"image\":{\"@id\":\"https:\\\/\\\/vanderloubet.com.br\\\/deputado\\\/#\\\/schema\\\/logo\\\/image\\\/\"},\"sameAs\":[\"https:\\\/\\\/facebook.com\\\/deputadovander\",\"https:\\\/\\\/x.com\\\/vanderloubet\",\"https:\\\/\\\/instagram.com\\\/vanderloubet\",\"https:\\\/\\\/youtube.com\\\/vanderloubet\",\"https:\\\/\\\/tiktok.com\\\/@vanderloubetms\"]},{\"@type\":\"Person\",\"@id\":\"https:\\\/\\\/vanderloubet.com.br\\\/deputado\\\/#\\\/schema\\\/person\\\/15b51bd564532a8a68d9dec1b8eb890e\",\"name\":\"\u00c9der\",\"image\":{\"@type\":\"ImageObject\",\"inLanguage\":\"pt-BR\",\"@id\":\"https:\\\/\\\/vanderloubet.com.br\\\/deputado\\\/wp-content\\\/litespeed\\\/avatar\\\/88ca4090d9d5ab1c9495f6ca03b68efa.jpg?ver=1777058957\",\"url\":\"https:\\\/\\\/vanderloubet.com.br\\\/deputado\\\/wp-content\\\/litespeed\\\/avatar\\\/88ca4090d9d5ab1c9495f6ca03b68efa.jpg?ver=1777058957\",\"contentUrl\":\"https:\\\/\\\/vanderloubet.com.br\\\/deputado\\\/wp-content\\\/litespeed\\\/avatar\\\/88ca4090d9d5ab1c9495f6ca03b68efa.jpg?ver=1777058957\",\"caption\":\"\u00c9der\"}}]}<\/script>\n<!-- \/ Yoast SEO plugin. -->","yoast_head_json":{"title":"Com apoio de Vander e Zeca, Estado libera recursos para reconstru\u00e7\u00e3o de pontes","robots":{"index":"index","follow":"follow","max-snippet":"max-snippet:-1","max-image-preview":"max-image-preview:large","max-video-preview":"max-video-preview:-1"},"canonical":"https:\/\/vanderloubet.com.br\/deputado\/com-apoio-de-vander-e-zeca-estado-libera-recursos-para-reconstrucao-de-pontes\/","og_locale":"pt_BR","og_type":"article","og_title":"Com apoio de Vander e Zeca, Estado libera recursos para reconstru\u00e7\u00e3o de pontes","og_description":"Ser\u00e1 repassado pelo Governo Federal o valor de R$ 18,3 milh\u00f5es, que atender\u00e1 28 pontes em 11 munic\u00edpios.","og_url":"https:\/\/vanderloubet.com.br\/deputado\/com-apoio-de-vander-e-zeca-estado-libera-recursos-para-reconstrucao-de-pontes\/","og_site_name":"Deputado Federal Vander Loubet","article_publisher":"https:\/\/facebook.com\/deputadovander","article_published_time":"2016-03-10T12:00:04+00:00","article_modified_time":"2016-07-21T14:50:44+00:00","og_image":[{"url":"https:\/\/vanderloubet.com.br\/deputado\/wp-content\/uploads\/2016\/03\/foto-2016-03-10-integracao-nacional-destaque.jpg","width":1,"height":1,"type":"image\/jpeg"}],"author":"\u00c9der","twitter_card":"summary_large_image","twitter_creator":"@vanderloubet","twitter_site":"@vanderloubet","schema":{"@context":"https:\/\/schema.org","@graph":[{"@type":"Article","@id":"https:\/\/vanderloubet.com.br\/deputado\/com-apoio-de-vander-e-zeca-estado-libera-recursos-para-reconstrucao-de-pontes\/#article","isPartOf":{"@id":"https:\/\/vanderloubet.com.br\/deputado\/com-apoio-de-vander-e-zeca-estado-libera-recursos-para-reconstrucao-de-pontes\/"},"author":{"name":"\u00c9der","@id":"https:\/\/vanderloubet.com.br\/deputado\/#\/schema\/person\/15b51bd564532a8a68d9dec1b8eb890e"},"headline":"Com apoio de Vander e Zeca, Estado libera recursos para reconstru\u00e7\u00e3o de pontes","datePublished":"2016-03-10T12:00:04+00:00","dateModified":"2016-07-21T14:50:44+00:00","mainEntityOfPage":{"@id":"https:\/\/vanderloubet.com.br\/deputado\/com-apoio-de-vander-e-zeca-estado-libera-recursos-para-reconstrucao-de-pontes\/"},"wordCount":246,"publisher":{"@id":"https:\/\/vanderloubet.com.br\/deputado\/#organization"},"image":{"@id":"https:\/\/vanderloubet.com.br\/deputado\/com-apoio-de-vander-e-zeca-estado-libera-recursos-para-reconstrucao-de-pontes\/#primaryimage"},"thumbnailUrl":"https:\/\/vanderloubet.com.br\/deputado\/wp-content\/uploads\/2016\/03\/foto-2016-03-10-integracao-nacional-destaque.jpg","keywords":["infraestrutura","integra\u00e7\u00e3o nacional"],"articleSection":["Mato Grosso do Sul","Not\u00edcias"],"inLanguage":"pt-BR"},{"@type":"WebPage","@id":"https:\/\/vanderloubet.com.br\/deputado\/com-apoio-de-vander-e-zeca-estado-libera-recursos-para-reconstrucao-de-pontes\/","url":"https:\/\/vanderloubet.com.br\/deputado\/com-apoio-de-vander-e-zeca-estado-libera-recursos-para-reconstrucao-de-pontes\/","name":"Com apoio de Vander e Zeca, Estado libera recursos para reconstru\u00e7\u00e3o de pontes","isPartOf":{"@id":"https:\/\/vanderloubet.com.br\/deputado\/#website"},"primaryImageOfPage":{"@id":"https:\/\/vanderloubet.com.br\/deputado\/com-apoio-de-vander-e-zeca-estado-libera-recursos-para-reconstrucao-de-pontes\/#primaryimage"},"image":{"@id":"https:\/\/vanderloubet.com.br\/deputado\/com-apoio-de-vander-e-zeca-estado-libera-recursos-para-reconstrucao-de-pontes\/#primaryimage"},"thumbnailUrl":"https:\/\/vanderloubet.com.br\/deputado\/wp-content\/uploads\/2016\/03\/foto-2016-03-10-integracao-nacional-destaque.jpg","datePublished":"2016-03-10T12:00:04+00:00","dateModified":"2016-07-21T14:50:44+00:00","breadcrumb":{"@id":"https:\/\/vanderloubet.com.br\/deputado\/com-apoio-de-vander-e-zeca-estado-libera-recursos-para-reconstrucao-de-pontes\/#breadcrumb"},"inLanguage":"pt-BR","potentialAction":[{"@type":"ReadAction","target":["https:\/\/vanderloubet.com.br\/deputado\/com-apoio-de-vander-e-zeca-estado-libera-recursos-para-reconstrucao-de-pontes\/"]}]},{"@type":"ImageObject","inLanguage":"pt-BR","@id":"https:\/\/vanderloubet.com.br\/deputado\/com-apoio-de-vander-e-zeca-estado-libera-recursos-para-reconstrucao-de-pontes\/#primaryimage","url":"https:\/\/vanderloubet.com.br\/deputado\/wp-content\/uploads\/2016\/03\/foto-2016-03-10-integracao-nacional-destaque.jpg","contentUrl":"https:\/\/vanderloubet.com.br\/deputado\/wp-content\/uploads\/2016\/03\/foto-2016-03-10-integracao-nacional-destaque.jpg","caption":"foto-2016-03-10-integracao-nacional-destaque"},{"@type":"BreadcrumbList","@id":"https:\/\/vanderloubet.com.br\/deputado\/com-apoio-de-vander-e-zeca-estado-libera-recursos-para-reconstrucao-de-pontes\/#breadcrumb","itemListElement":[{"@type":"ListItem","position":1,"name":"In\u00edcio","item":"https:\/\/vanderloubet.com.br\/deputado\/"},{"@type":"ListItem","position":2,"name":"Com apoio de Vander e Zeca, Estado libera recursos para reconstru\u00e7\u00e3o de pontes"}]},{"@type":"WebSite","@id":"https:\/\/vanderloubet.com.br\/deputado\/#website","url":"https:\/\/vanderloubet.com.br\/deputado\/","name":"Deputado Federal Vander Loubet","description":"O Federal de MS","publisher":{"@id":"https:\/\/vanderloubet.com.br\/deputado\/#organization"},"alternateName":"Deputado Vander","potentialAction":[{"@type":"SearchAction","target":{"@type":"EntryPoint","urlTemplate":"https:\/\/vanderloubet.com.br\/deputado\/?s={search_term_string}"},"query-input":{"@type":"PropertyValueSpecification","valueRequired":true,"valueName":"search_term_string"}}],"inLanguage":"pt-BR"},{"@type":"Organization","@id":"https:\/\/vanderloubet.com.br\/deputado\/#organization","name":"Deputado Federal Vander Loubet","alternateName":"Deputado Vander","url":"https:\/\/vanderloubet.com.br\/deputado\/","logo":{"@type":"ImageObject","inLanguage":"pt-BR","@id":"https:\/\/vanderloubet.com.br\/deputado\/#\/schema\/logo\/image\/","url":"https:\/\/vanderloubet.com.br\/deputado\/wp-content\/uploads\/2023\/06\/foto-2023-06-19-mandato-deputado-vander.jpg","contentUrl":"https:\/\/vanderloubet.com.br\/deputado\/wp-content\/uploads\/2023\/06\/foto-2023-06-19-mandato-deputado-vander.jpg","width":1080,"height":1080,"caption":"Deputado Federal Vander Loubet"},"image":{"@id":"https:\/\/vanderloubet.com.br\/deputado\/#\/schema\/logo\/image\/"},"sameAs":["https:\/\/facebook.com\/deputadovander","https:\/\/x.com\/vanderloubet","https:\/\/instagram.com\/vanderloubet","https:\/\/youtube.com\/vanderloubet","https:\/\/tiktok.com\/@vanderloubetms"]},{"@type":"Person","@id":"https:\/\/vanderloubet.com.br\/deputado\/#\/schema\/person\/15b51bd564532a8a68d9dec1b8eb890e","name":"\u00c9der","image":{"@type":"ImageObject","inLanguage":"pt-BR","@id":"https:\/\/vanderloubet.com.br\/deputado\/wp-content\/litespeed\/avatar\/88ca4090d9d5ab1c9495f6ca03b68efa.jpg?ver=1777058957","url":"https:\/\/vanderloubet.com.br\/deputado\/wp-content\/litespeed\/avatar\/88ca4090d9d5ab1c9495f6ca03b68efa.jpg?ver=1777058957","contentUrl":"https:\/\/vanderloubet.com.br\/deputado\/wp-content\/litespeed\/avatar\/88ca4090d9d5ab1c9495f6ca03b68efa.jpg?ver=1777058957","caption":"\u00c9der"}}]}},"jetpack_featured_media_url":"https:\/\/vanderloubet.com.br\/deputado\/wp-content\/uploads\/2016\/03\/foto-2016-03-10-integracao-nacional-destaque.jpg","jetpack_sharing_enabled":true,"_links":{"self":[{"href":"https:\/\/vanderloubet.com.br\/deputado\/wp-json\/wp\/v2\/posts\/10906","targetHints":{"allow":["GET"]}}],"collection":[{"href":"https:\/\/vanderloubet.com.br\/deputado\/wp-json\/wp\/v2\/posts"}],"about":[{"href":"https:\/\/vanderloubet.com.br\/deputado\/wp-json\/wp\/v2\/types\/post"}],"author":[{"embeddable":true,"href":"https:\/\/vanderloubet.com.br\/deputado\/wp-json\/wp\/v2\/users\/2"}],"replies":[{"embeddable":true,"href":"https:\/\/vanderloubet.com.br\/deputado\/wp-json\/wp\/v2\/comments?post=10906"}],"version-history":[{"count":0,"href":"https:\/\/vanderloubet.com.br\/deputado\/wp-json\/wp\/v2\/posts\/10906\/revisions"}],"wp:featuredmedia":[{"embeddable":true,"href":"https:\/\/vanderloubet.com.br\/deputado\/wp-json\/wp\/v2\/media\/10910"}],"wp:attachment":[{"href":"https:\/\/vanderloubet.com.br\/deputado\/wp-json\/wp\/v2\/media?parent=10906"}],"wp:term":[{"taxonomy":"category","embeddable":true,"href":"https:\/\/vanderloubet.com.br\/deputado\/wp-json\/wp\/v2\/categories?post=10906"},{"taxonomy":"post_tag","embeddable":true,"href":"https:\/\/vanderloubet.com.br\/deputado\/wp-json\/wp\/v2\/tags?post=10906"}],"curies":[{"name":"wp","href":"https:\/\/api.w.org\/{rel}","templated":true}]}}