{"id":10864,"date":"2016-03-01T08:00:13","date_gmt":"2016-03-01T12:00:13","guid":{"rendered":"http:\/\/vanderloubet.com.br\/deputado\/?p=10864"},"modified":"2016-03-30T18:22:55","modified_gmt":"2016-03-30T22:22:55","slug":"publicacao-do-mandato-destaca-realizacoes-de-vander-por-ms","status":"publish","type":"post","link":"https:\/\/vanderloubet.com.br\/deputado\/publicacao-do-mandato-destaca-realizacoes-de-vander-por-ms\/","title":{"rendered":"Publica\u00e7\u00e3o do mandato destaca realiza\u00e7\u00f5es de Vander por MS"},"content":{"rendered":"<figure id=\"attachment_10865\" aria-describedby=\"caption-attachment-10865\" style=\"width: 700px\" class=\"wp-caption alignnone\"><img decoding=\"async\" class=\"wp-image-10865 size-large\" title=\"Livro possui 135 p\u00e1ginas e traz rela\u00e7\u00e3o completa de recursos viabilizados por Vander\" src=\"http:\/\/vanderloubet.com.br\/deputado\/wp-content\/uploads\/2016\/03\/foto-2016-03-01-livro-dito-e-feito-700x467.jpg\" alt=\"Livro possui 135 p\u00e1ginas e traz rela\u00e7\u00e3o completa de recursos viabilizados por Vander\" width=\"700\" height=\"467\" srcset=\"https:\/\/vanderloubet.com.br\/deputado\/wp-content\/uploads\/2016\/03\/foto-2016-03-01-livro-dito-e-feito-700x467.jpg 700w, https:\/\/vanderloubet.com.br\/deputado\/wp-content\/uploads\/2016\/03\/foto-2016-03-01-livro-dito-e-feito-350x233.jpg 350w, https:\/\/vanderloubet.com.br\/deputado\/wp-content\/uploads\/2016\/03\/foto-2016-03-01-livro-dito-e-feito-768x512.jpg 768w, https:\/\/vanderloubet.com.br\/deputado\/wp-content\/uploads\/2016\/03\/foto-2016-03-01-livro-dito-e-feito-630x420.jpg 630w, https:\/\/vanderloubet.com.br\/deputado\/wp-content\/uploads\/2016\/03\/foto-2016-03-01-livro-dito-e-feito-696x464.jpg 696w, https:\/\/vanderloubet.com.br\/deputado\/wp-content\/uploads\/2016\/03\/foto-2016-03-01-livro-dito-e-feito-1068x712.jpg 1068w, https:\/\/vanderloubet.com.br\/deputado\/wp-content\/uploads\/2016\/03\/foto-2016-03-01-livro-dito-e-feito.jpg 1200w\" sizes=\"(max-width: 700px) 100vw, 700px\" \/><figcaption id=\"caption-attachment-10865\" class=\"wp-caption-text\">Livro possui 135 p\u00e1ginas e traz rela\u00e7\u00e3o completa de recursos viabilizados por Vander<\/figcaption><\/figure>\n<p>O mandato do deputado federal Vander Loubet produziu no final do ano passado uma publica\u00e7\u00e3o com um resumo das realiza\u00e7\u00f5es do parlamentar por Mato Grosso do Sul.<\/p>\n<p>Intitulado &#8220;Dito &#038; Feito&#8221;, o livro com 135 p\u00e1ginas apresenta as principais proposi\u00e7\u00f5es de Vander na C\u00e2mara Federal e a rela\u00e7\u00e3o completa de emendas parlamentares e recursos federais viabilizados para prefeituras, para o Governo do Estado e para entidades nos \u00faltimos 13 anos.<\/p>\n<p>O gabinete do deputado em Bras\u00edlia est\u00e1 providenciando o envio do livro para vereadores, prefeitos e lideran\u00e7as de todos os munic\u00edpios de MS. A publica\u00e7\u00e3o tamb\u00e9m pode ser visualizada na web pelo endere\u00e7o <a href=\"https:\/\/vanderfazmais.com.br\/ditoefeito\/\" target=\"_blank\">https:\/\/vanderfazmais.com.br\/ditoefeito\/<\/a>.<\/p>\n<p><em>(\u00c9der Yanaguita &#8211; Ascom\/Deputado Vander)<\/em><\/p>\n","protected":false},"excerpt":{"rendered":"<p>Intitulado &#8220;Dito &#038; Feito&#8221;, livro apresenta principais proposi\u00e7\u00f5es de Vander na C\u00e2mara e rela\u00e7\u00e3o completa de emendas e recursos viabilizados nos \u00faltimos 13 anos.<\/p>\n","protected":false},"author":2,"featured_media":10865,"comment_status":"closed","ping_status":"closed","sticky":false,"template":"","format":"standard","meta":{"jetpack_post_was_ever_published":false,"_jetpack_newsletter_access":"","_jetpack_dont_email_post_to_subs":false,"_jetpack_newsletter_tier_id":0,"_jetpack_memberships_contains_paywalled_content":false,"_jetpack_memberships_contains_paid_content":false,"footnotes":""},"categories":[2099,10],"tags":[2127,1027,2362],"class_list":{"0":"post-10864","1":"post","2":"type-post","3":"status-publish","4":"format-standard","5":"has-post-thumbnail","7":"category-ms-noticias","8":"category-noticias","9":"tag-emenda-parlamentar","10":"tag-informativo","11":"tag-recursos-federais"},"yoast_head":"<!-- This site is optimized with the Yoast SEO plugin v27.4 - https:\/\/yoast.com\/product\/yoast-seo-wordpress\/ -->\n<title>Publica\u00e7\u00e3o do mandato destaca realiza\u00e7\u00f5es de Vander por MS<\/title>\n<meta name=\"robots\" content=\"index, follow, max-snippet:-1, max-image-preview:large, max-video-preview:-1\" \/>\n<link rel=\"canonical\" href=\"https:\/\/vanderloubet.com.br\/deputado\/publicacao-do-mandato-destaca-realizacoes-de-vander-por-ms\/\" \/>\n<meta property=\"og:locale\" content=\"pt_BR\" \/>\n<meta property=\"og:type\" content=\"article\" \/>\n<meta property=\"og:title\" content=\"Publica\u00e7\u00e3o do mandato destaca realiza\u00e7\u00f5es de Vander por MS\" \/>\n<meta property=\"og:description\" content=\"Intitulado &quot;Dito &amp; Feito&quot;, livro apresenta principais proposi\u00e7\u00f5es de Vander na C\u00e2mara e rela\u00e7\u00e3o completa de emendas e recursos viabilizados nos \u00faltimos 13 anos.\" \/>\n<meta property=\"og:url\" content=\"https:\/\/vanderloubet.com.br\/deputado\/publicacao-do-mandato-destaca-realizacoes-de-vander-por-ms\/\" \/>\n<meta property=\"og:site_name\" content=\"Deputado Federal Vander Loubet\" \/>\n<meta property=\"article:publisher\" content=\"https:\/\/facebook.com\/deputadovander\" \/>\n<meta property=\"article:published_time\" content=\"2016-03-01T12:00:13+00:00\" \/>\n<meta property=\"article:modified_time\" content=\"2016-03-30T22:22:55+00:00\" \/>\n<meta property=\"og:image\" content=\"https:\/\/vanderloubet.com.br\/deputado\/wp-content\/uploads\/2016\/03\/foto-2016-03-01-livro-dito-e-feito.jpg\" \/>\n\t<meta property=\"og:image:width\" content=\"1200\" \/>\n\t<meta property=\"og:image:height\" content=\"800\" \/>\n\t<meta property=\"og:image:type\" content=\"image\/jpeg\" \/>\n<meta name=\"author\" content=\"\u00c9der\" \/>\n<meta name=\"twitter:card\" content=\"summary_large_image\" \/>\n<meta name=\"twitter:creator\" content=\"@vanderloubet\" \/>\n<meta name=\"twitter:site\" content=\"@vanderloubet\" \/>\n<script type=\"application\/ld+json\" class=\"yoast-schema-graph\">{\"@context\":\"https:\\\/\\\/schema.org\",\"@graph\":[{\"@type\":\"Article\",\"@id\":\"https:\\\/\\\/vanderloubet.com.br\\\/deputado\\\/publicacao-do-mandato-destaca-realizacoes-de-vander-por-ms\\\/#article\",\"isPartOf\":{\"@id\":\"https:\\\/\\\/vanderloubet.com.br\\\/deputado\\\/publicacao-do-mandato-destaca-realizacoes-de-vander-por-ms\\\/\"},\"author\":{\"name\":\"\u00c9der\",\"@id\":\"https:\\\/\\\/vanderloubet.com.br\\\/deputado\\\/#\\\/schema\\\/person\\\/15b51bd564532a8a68d9dec1b8eb890e\"},\"headline\":\"Publica\u00e7\u00e3o do mandato destaca realiza\u00e7\u00f5es de Vander por MS\",\"datePublished\":\"2016-03-01T12:00:13+00:00\",\"dateModified\":\"2016-03-30T22:22:55+00:00\",\"mainEntityOfPage\":{\"@id\":\"https:\\\/\\\/vanderloubet.com.br\\\/deputado\\\/publicacao-do-mandato-destaca-realizacoes-de-vander-por-ms\\\/\"},\"wordCount\":155,\"publisher\":{\"@id\":\"https:\\\/\\\/vanderloubet.com.br\\\/deputado\\\/#organization\"},\"image\":{\"@id\":\"https:\\\/\\\/vanderloubet.com.br\\\/deputado\\\/publicacao-do-mandato-destaca-realizacoes-de-vander-por-ms\\\/#primaryimage\"},\"thumbnailUrl\":\"https:\\\/\\\/vanderloubet.com.br\\\/deputado\\\/wp-content\\\/uploads\\\/2016\\\/03\\\/foto-2016-03-01-livro-dito-e-feito.jpg\",\"keywords\":[\"emenda parlamentar\",\"informativo\",\"recursos federais\"],\"articleSection\":[\"Mato Grosso do Sul\",\"Not\u00edcias\"],\"inLanguage\":\"pt-BR\"},{\"@type\":\"WebPage\",\"@id\":\"https:\\\/\\\/vanderloubet.com.br\\\/deputado\\\/publicacao-do-mandato-destaca-realizacoes-de-vander-por-ms\\\/\",\"url\":\"https:\\\/\\\/vanderloubet.com.br\\\/deputado\\\/publicacao-do-mandato-destaca-realizacoes-de-vander-por-ms\\\/\",\"name\":\"Publica\u00e7\u00e3o do mandato destaca realiza\u00e7\u00f5es de Vander por MS\",\"isPartOf\":{\"@id\":\"https:\\\/\\\/vanderloubet.com.br\\\/deputado\\\/#website\"},\"primaryImageOfPage\":{\"@id\":\"https:\\\/\\\/vanderloubet.com.br\\\/deputado\\\/publicacao-do-mandato-destaca-realizacoes-de-vander-por-ms\\\/#primaryimage\"},\"image\":{\"@id\":\"https:\\\/\\\/vanderloubet.com.br\\\/deputado\\\/publicacao-do-mandato-destaca-realizacoes-de-vander-por-ms\\\/#primaryimage\"},\"thumbnailUrl\":\"https:\\\/\\\/vanderloubet.com.br\\\/deputado\\\/wp-content\\\/uploads\\\/2016\\\/03\\\/foto-2016-03-01-livro-dito-e-feito.jpg\",\"datePublished\":\"2016-03-01T12:00:13+00:00\",\"dateModified\":\"2016-03-30T22:22:55+00:00\",\"breadcrumb\":{\"@id\":\"https:\\\/\\\/vanderloubet.com.br\\\/deputado\\\/publicacao-do-mandato-destaca-realizacoes-de-vander-por-ms\\\/#breadcrumb\"},\"inLanguage\":\"pt-BR\",\"potentialAction\":[{\"@type\":\"ReadAction\",\"target\":[\"https:\\\/\\\/vanderloubet.com.br\\\/deputado\\\/publicacao-do-mandato-destaca-realizacoes-de-vander-por-ms\\\/\"]}]},{\"@type\":\"ImageObject\",\"inLanguage\":\"pt-BR\",\"@id\":\"https:\\\/\\\/vanderloubet.com.br\\\/deputado\\\/publicacao-do-mandato-destaca-realizacoes-de-vander-por-ms\\\/#primaryimage\",\"url\":\"https:\\\/\\\/vanderloubet.com.br\\\/deputado\\\/wp-content\\\/uploads\\\/2016\\\/03\\\/foto-2016-03-01-livro-dito-e-feito.jpg\",\"contentUrl\":\"https:\\\/\\\/vanderloubet.com.br\\\/deputado\\\/wp-content\\\/uploads\\\/2016\\\/03\\\/foto-2016-03-01-livro-dito-e-feito.jpg\",\"width\":1200,\"height\":800,\"caption\":\"Livro possui 135 p\u00e1ginas e traz rela\u00e7\u00e3o completa de recursos viabilizados por Vander\"},{\"@type\":\"BreadcrumbList\",\"@id\":\"https:\\\/\\\/vanderloubet.com.br\\\/deputado\\\/publicacao-do-mandato-destaca-realizacoes-de-vander-por-ms\\\/#breadcrumb\",\"itemListElement\":[{\"@type\":\"ListItem\",\"position\":1,\"name\":\"In\u00edcio\",\"item\":\"https:\\\/\\\/vanderloubet.com.br\\\/deputado\\\/\"},{\"@type\":\"ListItem\",\"position\":2,\"name\":\"Publica\u00e7\u00e3o do mandato destaca realiza\u00e7\u00f5es de Vander por MS\"}]},{\"@type\":\"WebSite\",\"@id\":\"https:\\\/\\\/vanderloubet.com.br\\\/deputado\\\/#website\",\"url\":\"https:\\\/\\\/vanderloubet.com.br\\\/deputado\\\/\",\"name\":\"Deputado Federal Vander Loubet\",\"description\":\"O Federal de MS\",\"publisher\":{\"@id\":\"https:\\\/\\\/vanderloubet.com.br\\\/deputado\\\/#organization\"},\"alternateName\":\"Deputado Vander\",\"potentialAction\":[{\"@type\":\"SearchAction\",\"target\":{\"@type\":\"EntryPoint\",\"urlTemplate\":\"https:\\\/\\\/vanderloubet.com.br\\\/deputado\\\/?s={search_term_string}\"},\"query-input\":{\"@type\":\"PropertyValueSpecification\",\"valueRequired\":true,\"valueName\":\"search_term_string\"}}],\"inLanguage\":\"pt-BR\"},{\"@type\":\"Organization\",\"@id\":\"https:\\\/\\\/vanderloubet.com.br\\\/deputado\\\/#organization\",\"name\":\"Deputado Federal Vander Loubet\",\"alternateName\":\"Deputado Vander\",\"url\":\"https:\\\/\\\/vanderloubet.com.br\\\/deputado\\\/\",\"logo\":{\"@type\":\"ImageObject\",\"inLanguage\":\"pt-BR\",\"@id\":\"https:\\\/\\\/vanderloubet.com.br\\\/deputado\\\/#\\\/schema\\\/logo\\\/image\\\/\",\"url\":\"https:\\\/\\\/vanderloubet.com.br\\\/deputado\\\/wp-content\\\/uploads\\\/2023\\\/06\\\/foto-2023-06-19-mandato-deputado-vander.jpg\",\"contentUrl\":\"https:\\\/\\\/vanderloubet.com.br\\\/deputado\\\/wp-content\\\/uploads\\\/2023\\\/06\\\/foto-2023-06-19-mandato-deputado-vander.jpg\",\"width\":1080,\"height\":1080,\"caption\":\"Deputado Federal Vander Loubet\"},\"image\":{\"@id\":\"https:\\\/\\\/vanderloubet.com.br\\\/deputado\\\/#\\\/schema\\\/logo\\\/image\\\/\"},\"sameAs\":[\"https:\\\/\\\/facebook.com\\\/deputadovander\",\"https:\\\/\\\/x.com\\\/vanderloubet\",\"https:\\\/\\\/instagram.com\\\/vanderloubet\",\"https:\\\/\\\/youtube.com\\\/vanderloubet\",\"https:\\\/\\\/tiktok.com\\\/@vanderloubetms\"]},{\"@type\":\"Person\",\"@id\":\"https:\\\/\\\/vanderloubet.com.br\\\/deputado\\\/#\\\/schema\\\/person\\\/15b51bd564532a8a68d9dec1b8eb890e\",\"name\":\"\u00c9der\",\"image\":{\"@type\":\"ImageObject\",\"inLanguage\":\"pt-BR\",\"@id\":\"https:\\\/\\\/vanderloubet.com.br\\\/deputado\\\/wp-content\\\/litespeed\\\/avatar\\\/88ca4090d9d5ab1c9495f6ca03b68efa.jpg?ver=1777058957\",\"url\":\"https:\\\/\\\/vanderloubet.com.br\\\/deputado\\\/wp-content\\\/litespeed\\\/avatar\\\/88ca4090d9d5ab1c9495f6ca03b68efa.jpg?ver=1777058957\",\"contentUrl\":\"https:\\\/\\\/vanderloubet.com.br\\\/deputado\\\/wp-content\\\/litespeed\\\/avatar\\\/88ca4090d9d5ab1c9495f6ca03b68efa.jpg?ver=1777058957\",\"caption\":\"\u00c9der\"}}]}<\/script>\n<!-- \/ Yoast SEO plugin. -->","yoast_head_json":{"title":"Publica\u00e7\u00e3o do mandato destaca realiza\u00e7\u00f5es de Vander por MS","robots":{"index":"index","follow":"follow","max-snippet":"max-snippet:-1","max-image-preview":"max-image-preview:large","max-video-preview":"max-video-preview:-1"},"canonical":"https:\/\/vanderloubet.com.br\/deputado\/publicacao-do-mandato-destaca-realizacoes-de-vander-por-ms\/","og_locale":"pt_BR","og_type":"article","og_title":"Publica\u00e7\u00e3o do mandato destaca realiza\u00e7\u00f5es de Vander por MS","og_description":"Intitulado \"Dito & Feito\", livro apresenta principais proposi\u00e7\u00f5es de Vander na C\u00e2mara e rela\u00e7\u00e3o completa de emendas e recursos viabilizados nos \u00faltimos 13 anos.","og_url":"https:\/\/vanderloubet.com.br\/deputado\/publicacao-do-mandato-destaca-realizacoes-de-vander-por-ms\/","og_site_name":"Deputado Federal Vander Loubet","article_publisher":"https:\/\/facebook.com\/deputadovander","article_published_time":"2016-03-01T12:00:13+00:00","article_modified_time":"2016-03-30T22:22:55+00:00","og_image":[{"width":1200,"height":800,"url":"https:\/\/vanderloubet.com.br\/deputado\/wp-content\/uploads\/2016\/03\/foto-2016-03-01-livro-dito-e-feito.jpg","type":"image\/jpeg"}],"author":"\u00c9der","twitter_card":"summary_large_image","twitter_creator":"@vanderloubet","twitter_site":"@vanderloubet","schema":{"@context":"https:\/\/schema.org","@graph":[{"@type":"Article","@id":"https:\/\/vanderloubet.com.br\/deputado\/publicacao-do-mandato-destaca-realizacoes-de-vander-por-ms\/#article","isPartOf":{"@id":"https:\/\/vanderloubet.com.br\/deputado\/publicacao-do-mandato-destaca-realizacoes-de-vander-por-ms\/"},"author":{"name":"\u00c9der","@id":"https:\/\/vanderloubet.com.br\/deputado\/#\/schema\/person\/15b51bd564532a8a68d9dec1b8eb890e"},"headline":"Publica\u00e7\u00e3o do mandato destaca realiza\u00e7\u00f5es de Vander por MS","datePublished":"2016-03-01T12:00:13+00:00","dateModified":"2016-03-30T22:22:55+00:00","mainEntityOfPage":{"@id":"https:\/\/vanderloubet.com.br\/deputado\/publicacao-do-mandato-destaca-realizacoes-de-vander-por-ms\/"},"wordCount":155,"publisher":{"@id":"https:\/\/vanderloubet.com.br\/deputado\/#organization"},"image":{"@id":"https:\/\/vanderloubet.com.br\/deputado\/publicacao-do-mandato-destaca-realizacoes-de-vander-por-ms\/#primaryimage"},"thumbnailUrl":"https:\/\/vanderloubet.com.br\/deputado\/wp-content\/uploads\/2016\/03\/foto-2016-03-01-livro-dito-e-feito.jpg","keywords":["emenda parlamentar","informativo","recursos federais"],"articleSection":["Mato Grosso do Sul","Not\u00edcias"],"inLanguage":"pt-BR"},{"@type":"WebPage","@id":"https:\/\/vanderloubet.com.br\/deputado\/publicacao-do-mandato-destaca-realizacoes-de-vander-por-ms\/","url":"https:\/\/vanderloubet.com.br\/deputado\/publicacao-do-mandato-destaca-realizacoes-de-vander-por-ms\/","name":"Publica\u00e7\u00e3o do mandato destaca realiza\u00e7\u00f5es de Vander por MS","isPartOf":{"@id":"https:\/\/vanderloubet.com.br\/deputado\/#website"},"primaryImageOfPage":{"@id":"https:\/\/vanderloubet.com.br\/deputado\/publicacao-do-mandato-destaca-realizacoes-de-vander-por-ms\/#primaryimage"},"image":{"@id":"https:\/\/vanderloubet.com.br\/deputado\/publicacao-do-mandato-destaca-realizacoes-de-vander-por-ms\/#primaryimage"},"thumbnailUrl":"https:\/\/vanderloubet.com.br\/deputado\/wp-content\/uploads\/2016\/03\/foto-2016-03-01-livro-dito-e-feito.jpg","datePublished":"2016-03-01T12:00:13+00:00","dateModified":"2016-03-30T22:22:55+00:00","breadcrumb":{"@id":"https:\/\/vanderloubet.com.br\/deputado\/publicacao-do-mandato-destaca-realizacoes-de-vander-por-ms\/#breadcrumb"},"inLanguage":"pt-BR","potentialAction":[{"@type":"ReadAction","target":["https:\/\/vanderloubet.com.br\/deputado\/publicacao-do-mandato-destaca-realizacoes-de-vander-por-ms\/"]}]},{"@type":"ImageObject","inLanguage":"pt-BR","@id":"https:\/\/vanderloubet.com.br\/deputado\/publicacao-do-mandato-destaca-realizacoes-de-vander-por-ms\/#primaryimage","url":"https:\/\/vanderloubet.com.br\/deputado\/wp-content\/uploads\/2016\/03\/foto-2016-03-01-livro-dito-e-feito.jpg","contentUrl":"https:\/\/vanderloubet.com.br\/deputado\/wp-content\/uploads\/2016\/03\/foto-2016-03-01-livro-dito-e-feito.jpg","width":1200,"height":800,"caption":"Livro possui 135 p\u00e1ginas e traz rela\u00e7\u00e3o completa de recursos viabilizados por Vander"},{"@type":"BreadcrumbList","@id":"https:\/\/vanderloubet.com.br\/deputado\/publicacao-do-mandato-destaca-realizacoes-de-vander-por-ms\/#breadcrumb","itemListElement":[{"@type":"ListItem","position":1,"name":"In\u00edcio","item":"https:\/\/vanderloubet.com.br\/deputado\/"},{"@type":"ListItem","position":2,"name":"Publica\u00e7\u00e3o do mandato destaca realiza\u00e7\u00f5es de Vander por MS"}]},{"@type":"WebSite","@id":"https:\/\/vanderloubet.com.br\/deputado\/#website","url":"https:\/\/vanderloubet.com.br\/deputado\/","name":"Deputado Federal Vander Loubet","description":"O Federal de MS","publisher":{"@id":"https:\/\/vanderloubet.com.br\/deputado\/#organization"},"alternateName":"Deputado Vander","potentialAction":[{"@type":"SearchAction","target":{"@type":"EntryPoint","urlTemplate":"https:\/\/vanderloubet.com.br\/deputado\/?s={search_term_string}"},"query-input":{"@type":"PropertyValueSpecification","valueRequired":true,"valueName":"search_term_string"}}],"inLanguage":"pt-BR"},{"@type":"Organization","@id":"https:\/\/vanderloubet.com.br\/deputado\/#organization","name":"Deputado Federal Vander Loubet","alternateName":"Deputado Vander","url":"https:\/\/vanderloubet.com.br\/deputado\/","logo":{"@type":"ImageObject","inLanguage":"pt-BR","@id":"https:\/\/vanderloubet.com.br\/deputado\/#\/schema\/logo\/image\/","url":"https:\/\/vanderloubet.com.br\/deputado\/wp-content\/uploads\/2023\/06\/foto-2023-06-19-mandato-deputado-vander.jpg","contentUrl":"https:\/\/vanderloubet.com.br\/deputado\/wp-content\/uploads\/2023\/06\/foto-2023-06-19-mandato-deputado-vander.jpg","width":1080,"height":1080,"caption":"Deputado Federal Vander Loubet"},"image":{"@id":"https:\/\/vanderloubet.com.br\/deputado\/#\/schema\/logo\/image\/"},"sameAs":["https:\/\/facebook.com\/deputadovander","https:\/\/x.com\/vanderloubet","https:\/\/instagram.com\/vanderloubet","https:\/\/youtube.com\/vanderloubet","https:\/\/tiktok.com\/@vanderloubetms"]},{"@type":"Person","@id":"https:\/\/vanderloubet.com.br\/deputado\/#\/schema\/person\/15b51bd564532a8a68d9dec1b8eb890e","name":"\u00c9der","image":{"@type":"ImageObject","inLanguage":"pt-BR","@id":"https:\/\/vanderloubet.com.br\/deputado\/wp-content\/litespeed\/avatar\/88ca4090d9d5ab1c9495f6ca03b68efa.jpg?ver=1777058957","url":"https:\/\/vanderloubet.com.br\/deputado\/wp-content\/litespeed\/avatar\/88ca4090d9d5ab1c9495f6ca03b68efa.jpg?ver=1777058957","contentUrl":"https:\/\/vanderloubet.com.br\/deputado\/wp-content\/litespeed\/avatar\/88ca4090d9d5ab1c9495f6ca03b68efa.jpg?ver=1777058957","caption":"\u00c9der"}}]}},"jetpack_featured_media_url":"https:\/\/vanderloubet.com.br\/deputado\/wp-content\/uploads\/2016\/03\/foto-2016-03-01-livro-dito-e-feito.jpg","jetpack_sharing_enabled":true,"_links":{"self":[{"href":"https:\/\/vanderloubet.com.br\/deputado\/wp-json\/wp\/v2\/posts\/10864","targetHints":{"allow":["GET"]}}],"collection":[{"href":"https:\/\/vanderloubet.com.br\/deputado\/wp-json\/wp\/v2\/posts"}],"about":[{"href":"https:\/\/vanderloubet.com.br\/deputado\/wp-json\/wp\/v2\/types\/post"}],"author":[{"embeddable":true,"href":"https:\/\/vanderloubet.com.br\/deputado\/wp-json\/wp\/v2\/users\/2"}],"replies":[{"embeddable":true,"href":"https:\/\/vanderloubet.com.br\/deputado\/wp-json\/wp\/v2\/comments?post=10864"}],"version-history":[{"count":0,"href":"https:\/\/vanderloubet.com.br\/deputado\/wp-json\/wp\/v2\/posts\/10864\/revisions"}],"wp:featuredmedia":[{"embeddable":true,"href":"https:\/\/vanderloubet.com.br\/deputado\/wp-json\/wp\/v2\/media\/10865"}],"wp:attachment":[{"href":"https:\/\/vanderloubet.com.br\/deputado\/wp-json\/wp\/v2\/media?parent=10864"}],"wp:term":[{"taxonomy":"category","embeddable":true,"href":"https:\/\/vanderloubet.com.br\/deputado\/wp-json\/wp\/v2\/categories?post=10864"},{"taxonomy":"post_tag","embeddable":true,"href":"https:\/\/vanderloubet.com.br\/deputado\/wp-json\/wp\/v2\/tags?post=10864"}],"curies":[{"name":"wp","href":"https:\/\/api.w.org\/{rel}","templated":true}]}}