{"id":10622,"date":"2016-02-02T08:37:04","date_gmt":"2016-02-02T12:37:04","guid":{"rendered":"http:\/\/vanderloubet.com.br\/deputado\/?p=10622"},"modified":"2016-06-23T14:27:45","modified_gmt":"2016-06-23T18:27:45","slug":"apos-intervencao-de-vander-funasa-libera-parcelas-de-convenios-para-ms","status":"publish","type":"post","link":"https:\/\/vanderloubet.com.br\/deputado\/apos-intervencao-de-vander-funasa-libera-parcelas-de-convenios-para-ms\/","title":{"rendered":"Ap\u00f3s interven\u00e7\u00e3o de Vander, Funasa libera parcelas de conv\u00eanios para MS"},"content":{"rendered":"<figure id=\"attachment_10623\" aria-describedby=\"caption-attachment-10623\" style=\"width: 700px\" class=\"wp-caption alignnone\"><img decoding=\"async\" class=\"wp-image-10623 size-large\" title=\"Antonio Henrique Pires e Vander Loubet durante recente agenda em Bras\u00edlia\" src=\"http:\/\/vanderloubet.com.br\/deputado\/wp-content\/uploads\/2016\/02\/foto-2016-02-02-presidente-funasa-vander-700x467.jpg\" alt=\"Antonio Henrique Pires e Vander Loubet durante recente agenda em Bras\u00edlia\" width=\"700\" height=\"467\" srcset=\"https:\/\/vanderloubet.com.br\/deputado\/wp-content\/uploads\/2016\/02\/foto-2016-02-02-presidente-funasa-vander-700x467.jpg 700w, https:\/\/vanderloubet.com.br\/deputado\/wp-content\/uploads\/2016\/02\/foto-2016-02-02-presidente-funasa-vander-350x233.jpg 350w, https:\/\/vanderloubet.com.br\/deputado\/wp-content\/uploads\/2016\/02\/foto-2016-02-02-presidente-funasa-vander-768x512.jpg 768w, https:\/\/vanderloubet.com.br\/deputado\/wp-content\/uploads\/2016\/02\/foto-2016-02-02-presidente-funasa-vander-630x420.jpg 630w, https:\/\/vanderloubet.com.br\/deputado\/wp-content\/uploads\/2016\/02\/foto-2016-02-02-presidente-funasa-vander-696x464.jpg 696w, https:\/\/vanderloubet.com.br\/deputado\/wp-content\/uploads\/2016\/02\/foto-2016-02-02-presidente-funasa-vander.jpg 960w\" sizes=\"(max-width: 700px) 100vw, 700px\" \/><figcaption id=\"caption-attachment-10623\" class=\"wp-caption-text\">Antonio Henrique Pires e Vander Loubet durante recente agenda em Bras\u00edlia<\/figcaption><\/figure>\n<p>Entre os meses de novembro de 2015 e janeiro deste ano, a Funda\u00e7\u00e3o Nacional de Sa\u00fade (Funasa) efetuou o pagamento de parcelas de conv\u00eanios firmados com o Governo do Estado e com munic\u00edpios de Mato Grosso do Sul para execu\u00e7\u00e3o de obras de saneamento b\u00e1sico. A libera\u00e7\u00e3o dos recursos ocorreu ap\u00f3s interven\u00e7\u00e3o do deputado federal Vander Loubet.<\/p>\n<p>As obras beneficiam sete munic\u00edpios: S\u00e3o Gabriel do Oeste, Japor\u00e3, Coronel Sapucaia, Tacuru, Dourados, Navira\u00ed e Rio Verde de Mato Grosso.<\/p>\n<p>Em outubro do ano passado, Vander teve agenda em Bras\u00edlia com o presidente da Funda\u00e7\u00e3o, Antonio Henrique Pires, quando reivindicou o pagamento das parcelas. &#8220;Levei at\u00e9 ele uma lista de a\u00e7\u00f5es que aguardavam libera\u00e7\u00e3o de parcelas para andamento ou conclus\u00e3o. S\u00e3o obras important\u00edssimas, que garantem mais sa\u00fade e qualidade de vida para as comunidades beneficiadas&#8221;, pontuou o deputado.<\/p>\n<p>Na ocasi\u00e3o, Pires selou o compromisso de que os pagamentos dessas parcelas seriam priorizados em Mato Grosso do Sul. Quase todas as parcelas reivindicadas por Vander foram liberadas. &#8220;O saldo \u00e9 bastante positivo, o compromisso foi praticamente cumprido pelo presidente da Funasa. Apenas um conv\u00eanio est\u00e1 com pagamento pendente&#8221;, avaliou Vander.<\/p>\n<p>As parcelas solicitadas somam mais de R$ 3 milh\u00f5es. Ao todo, os projetos representam quase R$ 11 milh\u00f5es em investimentos da primeira e da segunda fase do Programa de Acelera\u00e7\u00e3o do Crescimento (PAC e PAC 2), contando a contrapartida do Estado e dos munic\u00edpios.<\/p>\n<p><iframe src=\"https:\/\/drive.google.com\/file\/d\/0B_91q9rqurm-cW1PNEZHdktQdTQ\/preview\" width=\"100%\" height=\"510\"><\/iframe><\/p>\n<p><em>(\u00c9der Yanaguita &#8211; Ascom\/Deputado Vander)<\/em><\/p>\n","protected":false},"excerpt":{"rendered":"<p>As obras de saneamento b\u00e1sico beneficiam S\u00e3o Gabriel do Oeste, Japor\u00e3, Coronel Sapucaia, Tacuru, Dourados, Navira\u00ed e Rio Verde de Mato Grosso.<\/p>\n","protected":false},"author":2,"featured_media":10623,"comment_status":"closed","ping_status":"closed","sticky":false,"template":"","format":"standard","meta":{"jetpack_post_was_ever_published":false,"_jetpack_newsletter_access":"","_jetpack_dont_email_post_to_subs":false,"_jetpack_newsletter_tier_id":0,"_jetpack_memberships_contains_paywalled_content":false,"_jetpack_memberships_contains_paid_content":false,"footnotes":""},"categories":[2097,10],"tags":[1445,1446,2281],"class_list":{"0":"post-10622","1":"post","2":"type-post","3":"status-publish","4":"format-standard","5":"has-post-thumbnail","7":"category-municipios-noticias","8":"category-noticias","9":"tag-pac","10":"tag-pac-2","11":"tag-saneamento-basico"},"yoast_head":"<!-- This site is optimized with the Yoast SEO plugin v27.4 - https:\/\/yoast.com\/product\/yoast-seo-wordpress\/ -->\n<title>Ap\u00f3s interven\u00e7\u00e3o de Vander, Funasa libera parcelas de conv\u00eanios para MS<\/title>\n<meta name=\"robots\" content=\"index, follow, max-snippet:-1, max-image-preview:large, max-video-preview:-1\" \/>\n<link rel=\"canonical\" href=\"https:\/\/vanderloubet.com.br\/deputado\/apos-intervencao-de-vander-funasa-libera-parcelas-de-convenios-para-ms\/\" \/>\n<meta property=\"og:locale\" content=\"pt_BR\" \/>\n<meta property=\"og:type\" content=\"article\" \/>\n<meta property=\"og:title\" content=\"Ap\u00f3s interven\u00e7\u00e3o de Vander, Funasa libera parcelas de conv\u00eanios para MS\" \/>\n<meta property=\"og:description\" content=\"As obras de saneamento b\u00e1sico beneficiam S\u00e3o Gabriel do Oeste, Japor\u00e3, Coronel Sapucaia, Tacuru, Dourados, Navira\u00ed e Rio Verde de Mato Grosso.\" \/>\n<meta property=\"og:url\" content=\"https:\/\/vanderloubet.com.br\/deputado\/apos-intervencao-de-vander-funasa-libera-parcelas-de-convenios-para-ms\/\" \/>\n<meta property=\"og:site_name\" content=\"Deputado Federal Vander Loubet\" \/>\n<meta property=\"article:publisher\" content=\"https:\/\/facebook.com\/deputadovander\" \/>\n<meta property=\"article:published_time\" content=\"2016-02-02T12:37:04+00:00\" \/>\n<meta property=\"article:modified_time\" content=\"2016-06-23T18:27:45+00:00\" \/>\n<meta property=\"og:image\" content=\"https:\/\/vanderloubet.com.br\/deputado\/wp-content\/uploads\/2016\/02\/foto-2016-02-02-presidente-funasa-vander.jpg\" \/>\n\t<meta property=\"og:image:width\" content=\"960\" \/>\n\t<meta property=\"og:image:height\" content=\"640\" \/>\n\t<meta property=\"og:image:type\" content=\"image\/jpeg\" \/>\n<meta name=\"author\" content=\"\u00c9der\" \/>\n<meta name=\"twitter:card\" content=\"summary_large_image\" \/>\n<meta name=\"twitter:creator\" content=\"@vanderloubet\" \/>\n<meta name=\"twitter:site\" content=\"@vanderloubet\" \/>\n<script type=\"application\/ld+json\" class=\"yoast-schema-graph\">{\"@context\":\"https:\\\/\\\/schema.org\",\"@graph\":[{\"@type\":\"Article\",\"@id\":\"https:\\\/\\\/vanderloubet.com.br\\\/deputado\\\/apos-intervencao-de-vander-funasa-libera-parcelas-de-convenios-para-ms\\\/#article\",\"isPartOf\":{\"@id\":\"https:\\\/\\\/vanderloubet.com.br\\\/deputado\\\/apos-intervencao-de-vander-funasa-libera-parcelas-de-convenios-para-ms\\\/\"},\"author\":{\"name\":\"\u00c9der\",\"@id\":\"https:\\\/\\\/vanderloubet.com.br\\\/deputado\\\/#\\\/schema\\\/person\\\/15b51bd564532a8a68d9dec1b8eb890e\"},\"headline\":\"Ap\u00f3s interven\u00e7\u00e3o de Vander, Funasa libera parcelas de conv\u00eanios para MS\",\"datePublished\":\"2016-02-02T12:37:04+00:00\",\"dateModified\":\"2016-06-23T18:27:45+00:00\",\"mainEntityOfPage\":{\"@id\":\"https:\\\/\\\/vanderloubet.com.br\\\/deputado\\\/apos-intervencao-de-vander-funasa-libera-parcelas-de-convenios-para-ms\\\/\"},\"wordCount\":290,\"publisher\":{\"@id\":\"https:\\\/\\\/vanderloubet.com.br\\\/deputado\\\/#organization\"},\"image\":{\"@id\":\"https:\\\/\\\/vanderloubet.com.br\\\/deputado\\\/apos-intervencao-de-vander-funasa-libera-parcelas-de-convenios-para-ms\\\/#primaryimage\"},\"thumbnailUrl\":\"https:\\\/\\\/vanderloubet.com.br\\\/deputado\\\/wp-content\\\/uploads\\\/2016\\\/02\\\/foto-2016-02-02-presidente-funasa-vander.jpg\",\"keywords\":[\"pac\",\"pac 2\",\"saneamento b\u00e1sico\"],\"articleSection\":[\"Munic\u00edpios\",\"Not\u00edcias\"],\"inLanguage\":\"pt-BR\"},{\"@type\":\"WebPage\",\"@id\":\"https:\\\/\\\/vanderloubet.com.br\\\/deputado\\\/apos-intervencao-de-vander-funasa-libera-parcelas-de-convenios-para-ms\\\/\",\"url\":\"https:\\\/\\\/vanderloubet.com.br\\\/deputado\\\/apos-intervencao-de-vander-funasa-libera-parcelas-de-convenios-para-ms\\\/\",\"name\":\"Ap\u00f3s interven\u00e7\u00e3o de Vander, Funasa libera parcelas de conv\u00eanios para MS\",\"isPartOf\":{\"@id\":\"https:\\\/\\\/vanderloubet.com.br\\\/deputado\\\/#website\"},\"primaryImageOfPage\":{\"@id\":\"https:\\\/\\\/vanderloubet.com.br\\\/deputado\\\/apos-intervencao-de-vander-funasa-libera-parcelas-de-convenios-para-ms\\\/#primaryimage\"},\"image\":{\"@id\":\"https:\\\/\\\/vanderloubet.com.br\\\/deputado\\\/apos-intervencao-de-vander-funasa-libera-parcelas-de-convenios-para-ms\\\/#primaryimage\"},\"thumbnailUrl\":\"https:\\\/\\\/vanderloubet.com.br\\\/deputado\\\/wp-content\\\/uploads\\\/2016\\\/02\\\/foto-2016-02-02-presidente-funasa-vander.jpg\",\"datePublished\":\"2016-02-02T12:37:04+00:00\",\"dateModified\":\"2016-06-23T18:27:45+00:00\",\"breadcrumb\":{\"@id\":\"https:\\\/\\\/vanderloubet.com.br\\\/deputado\\\/apos-intervencao-de-vander-funasa-libera-parcelas-de-convenios-para-ms\\\/#breadcrumb\"},\"inLanguage\":\"pt-BR\",\"potentialAction\":[{\"@type\":\"ReadAction\",\"target\":[\"https:\\\/\\\/vanderloubet.com.br\\\/deputado\\\/apos-intervencao-de-vander-funasa-libera-parcelas-de-convenios-para-ms\\\/\"]}]},{\"@type\":\"ImageObject\",\"inLanguage\":\"pt-BR\",\"@id\":\"https:\\\/\\\/vanderloubet.com.br\\\/deputado\\\/apos-intervencao-de-vander-funasa-libera-parcelas-de-convenios-para-ms\\\/#primaryimage\",\"url\":\"https:\\\/\\\/vanderloubet.com.br\\\/deputado\\\/wp-content\\\/uploads\\\/2016\\\/02\\\/foto-2016-02-02-presidente-funasa-vander.jpg\",\"contentUrl\":\"https:\\\/\\\/vanderloubet.com.br\\\/deputado\\\/wp-content\\\/uploads\\\/2016\\\/02\\\/foto-2016-02-02-presidente-funasa-vander.jpg\",\"width\":960,\"height\":640,\"caption\":\"Antonio Henrique Pires e Vander Loubet durante recente agenda em Bras\u00edlia\"},{\"@type\":\"BreadcrumbList\",\"@id\":\"https:\\\/\\\/vanderloubet.com.br\\\/deputado\\\/apos-intervencao-de-vander-funasa-libera-parcelas-de-convenios-para-ms\\\/#breadcrumb\",\"itemListElement\":[{\"@type\":\"ListItem\",\"position\":1,\"name\":\"In\u00edcio\",\"item\":\"https:\\\/\\\/vanderloubet.com.br\\\/deputado\\\/\"},{\"@type\":\"ListItem\",\"position\":2,\"name\":\"Ap\u00f3s interven\u00e7\u00e3o de Vander, Funasa libera parcelas de conv\u00eanios para MS\"}]},{\"@type\":\"WebSite\",\"@id\":\"https:\\\/\\\/vanderloubet.com.br\\\/deputado\\\/#website\",\"url\":\"https:\\\/\\\/vanderloubet.com.br\\\/deputado\\\/\",\"name\":\"Deputado Federal Vander Loubet\",\"description\":\"O Federal de MS\",\"publisher\":{\"@id\":\"https:\\\/\\\/vanderloubet.com.br\\\/deputado\\\/#organization\"},\"alternateName\":\"Deputado Vander\",\"potentialAction\":[{\"@type\":\"SearchAction\",\"target\":{\"@type\":\"EntryPoint\",\"urlTemplate\":\"https:\\\/\\\/vanderloubet.com.br\\\/deputado\\\/?s={search_term_string}\"},\"query-input\":{\"@type\":\"PropertyValueSpecification\",\"valueRequired\":true,\"valueName\":\"search_term_string\"}}],\"inLanguage\":\"pt-BR\"},{\"@type\":\"Organization\",\"@id\":\"https:\\\/\\\/vanderloubet.com.br\\\/deputado\\\/#organization\",\"name\":\"Deputado Federal Vander Loubet\",\"alternateName\":\"Deputado Vander\",\"url\":\"https:\\\/\\\/vanderloubet.com.br\\\/deputado\\\/\",\"logo\":{\"@type\":\"ImageObject\",\"inLanguage\":\"pt-BR\",\"@id\":\"https:\\\/\\\/vanderloubet.com.br\\\/deputado\\\/#\\\/schema\\\/logo\\\/image\\\/\",\"url\":\"https:\\\/\\\/vanderloubet.com.br\\\/deputado\\\/wp-content\\\/uploads\\\/2023\\\/06\\\/foto-2023-06-19-mandato-deputado-vander.jpg\",\"contentUrl\":\"https:\\\/\\\/vanderloubet.com.br\\\/deputado\\\/wp-content\\\/uploads\\\/2023\\\/06\\\/foto-2023-06-19-mandato-deputado-vander.jpg\",\"width\":1080,\"height\":1080,\"caption\":\"Deputado Federal Vander Loubet\"},\"image\":{\"@id\":\"https:\\\/\\\/vanderloubet.com.br\\\/deputado\\\/#\\\/schema\\\/logo\\\/image\\\/\"},\"sameAs\":[\"https:\\\/\\\/facebook.com\\\/deputadovander\",\"https:\\\/\\\/x.com\\\/vanderloubet\",\"https:\\\/\\\/instagram.com\\\/vanderloubet\",\"https:\\\/\\\/youtube.com\\\/vanderloubet\",\"https:\\\/\\\/tiktok.com\\\/@vanderloubetms\"]},{\"@type\":\"Person\",\"@id\":\"https:\\\/\\\/vanderloubet.com.br\\\/deputado\\\/#\\\/schema\\\/person\\\/15b51bd564532a8a68d9dec1b8eb890e\",\"name\":\"\u00c9der\",\"image\":{\"@type\":\"ImageObject\",\"inLanguage\":\"pt-BR\",\"@id\":\"https:\\\/\\\/vanderloubet.com.br\\\/deputado\\\/wp-content\\\/litespeed\\\/avatar\\\/88ca4090d9d5ab1c9495f6ca03b68efa.jpg?ver=1777058957\",\"url\":\"https:\\\/\\\/vanderloubet.com.br\\\/deputado\\\/wp-content\\\/litespeed\\\/avatar\\\/88ca4090d9d5ab1c9495f6ca03b68efa.jpg?ver=1777058957\",\"contentUrl\":\"https:\\\/\\\/vanderloubet.com.br\\\/deputado\\\/wp-content\\\/litespeed\\\/avatar\\\/88ca4090d9d5ab1c9495f6ca03b68efa.jpg?ver=1777058957\",\"caption\":\"\u00c9der\"}}]}<\/script>\n<!-- \/ Yoast SEO plugin. -->","yoast_head_json":{"title":"Ap\u00f3s interven\u00e7\u00e3o de Vander, Funasa libera parcelas de conv\u00eanios para MS","robots":{"index":"index","follow":"follow","max-snippet":"max-snippet:-1","max-image-preview":"max-image-preview:large","max-video-preview":"max-video-preview:-1"},"canonical":"https:\/\/vanderloubet.com.br\/deputado\/apos-intervencao-de-vander-funasa-libera-parcelas-de-convenios-para-ms\/","og_locale":"pt_BR","og_type":"article","og_title":"Ap\u00f3s interven\u00e7\u00e3o de Vander, Funasa libera parcelas de conv\u00eanios para MS","og_description":"As obras de saneamento b\u00e1sico beneficiam S\u00e3o Gabriel do Oeste, Japor\u00e3, Coronel Sapucaia, Tacuru, Dourados, Navira\u00ed e Rio Verde de Mato Grosso.","og_url":"https:\/\/vanderloubet.com.br\/deputado\/apos-intervencao-de-vander-funasa-libera-parcelas-de-convenios-para-ms\/","og_site_name":"Deputado Federal Vander Loubet","article_publisher":"https:\/\/facebook.com\/deputadovander","article_published_time":"2016-02-02T12:37:04+00:00","article_modified_time":"2016-06-23T18:27:45+00:00","og_image":[{"width":960,"height":640,"url":"https:\/\/vanderloubet.com.br\/deputado\/wp-content\/uploads\/2016\/02\/foto-2016-02-02-presidente-funasa-vander.jpg","type":"image\/jpeg"}],"author":"\u00c9der","twitter_card":"summary_large_image","twitter_creator":"@vanderloubet","twitter_site":"@vanderloubet","schema":{"@context":"https:\/\/schema.org","@graph":[{"@type":"Article","@id":"https:\/\/vanderloubet.com.br\/deputado\/apos-intervencao-de-vander-funasa-libera-parcelas-de-convenios-para-ms\/#article","isPartOf":{"@id":"https:\/\/vanderloubet.com.br\/deputado\/apos-intervencao-de-vander-funasa-libera-parcelas-de-convenios-para-ms\/"},"author":{"name":"\u00c9der","@id":"https:\/\/vanderloubet.com.br\/deputado\/#\/schema\/person\/15b51bd564532a8a68d9dec1b8eb890e"},"headline":"Ap\u00f3s interven\u00e7\u00e3o de Vander, Funasa libera parcelas de conv\u00eanios para MS","datePublished":"2016-02-02T12:37:04+00:00","dateModified":"2016-06-23T18:27:45+00:00","mainEntityOfPage":{"@id":"https:\/\/vanderloubet.com.br\/deputado\/apos-intervencao-de-vander-funasa-libera-parcelas-de-convenios-para-ms\/"},"wordCount":290,"publisher":{"@id":"https:\/\/vanderloubet.com.br\/deputado\/#organization"},"image":{"@id":"https:\/\/vanderloubet.com.br\/deputado\/apos-intervencao-de-vander-funasa-libera-parcelas-de-convenios-para-ms\/#primaryimage"},"thumbnailUrl":"https:\/\/vanderloubet.com.br\/deputado\/wp-content\/uploads\/2016\/02\/foto-2016-02-02-presidente-funasa-vander.jpg","keywords":["pac","pac 2","saneamento b\u00e1sico"],"articleSection":["Munic\u00edpios","Not\u00edcias"],"inLanguage":"pt-BR"},{"@type":"WebPage","@id":"https:\/\/vanderloubet.com.br\/deputado\/apos-intervencao-de-vander-funasa-libera-parcelas-de-convenios-para-ms\/","url":"https:\/\/vanderloubet.com.br\/deputado\/apos-intervencao-de-vander-funasa-libera-parcelas-de-convenios-para-ms\/","name":"Ap\u00f3s interven\u00e7\u00e3o de Vander, Funasa libera parcelas de conv\u00eanios para MS","isPartOf":{"@id":"https:\/\/vanderloubet.com.br\/deputado\/#website"},"primaryImageOfPage":{"@id":"https:\/\/vanderloubet.com.br\/deputado\/apos-intervencao-de-vander-funasa-libera-parcelas-de-convenios-para-ms\/#primaryimage"},"image":{"@id":"https:\/\/vanderloubet.com.br\/deputado\/apos-intervencao-de-vander-funasa-libera-parcelas-de-convenios-para-ms\/#primaryimage"},"thumbnailUrl":"https:\/\/vanderloubet.com.br\/deputado\/wp-content\/uploads\/2016\/02\/foto-2016-02-02-presidente-funasa-vander.jpg","datePublished":"2016-02-02T12:37:04+00:00","dateModified":"2016-06-23T18:27:45+00:00","breadcrumb":{"@id":"https:\/\/vanderloubet.com.br\/deputado\/apos-intervencao-de-vander-funasa-libera-parcelas-de-convenios-para-ms\/#breadcrumb"},"inLanguage":"pt-BR","potentialAction":[{"@type":"ReadAction","target":["https:\/\/vanderloubet.com.br\/deputado\/apos-intervencao-de-vander-funasa-libera-parcelas-de-convenios-para-ms\/"]}]},{"@type":"ImageObject","inLanguage":"pt-BR","@id":"https:\/\/vanderloubet.com.br\/deputado\/apos-intervencao-de-vander-funasa-libera-parcelas-de-convenios-para-ms\/#primaryimage","url":"https:\/\/vanderloubet.com.br\/deputado\/wp-content\/uploads\/2016\/02\/foto-2016-02-02-presidente-funasa-vander.jpg","contentUrl":"https:\/\/vanderloubet.com.br\/deputado\/wp-content\/uploads\/2016\/02\/foto-2016-02-02-presidente-funasa-vander.jpg","width":960,"height":640,"caption":"Antonio Henrique Pires e Vander Loubet durante recente agenda em Bras\u00edlia"},{"@type":"BreadcrumbList","@id":"https:\/\/vanderloubet.com.br\/deputado\/apos-intervencao-de-vander-funasa-libera-parcelas-de-convenios-para-ms\/#breadcrumb","itemListElement":[{"@type":"ListItem","position":1,"name":"In\u00edcio","item":"https:\/\/vanderloubet.com.br\/deputado\/"},{"@type":"ListItem","position":2,"name":"Ap\u00f3s interven\u00e7\u00e3o de Vander, Funasa libera parcelas de conv\u00eanios para MS"}]},{"@type":"WebSite","@id":"https:\/\/vanderloubet.com.br\/deputado\/#website","url":"https:\/\/vanderloubet.com.br\/deputado\/","name":"Deputado Federal Vander Loubet","description":"O Federal de MS","publisher":{"@id":"https:\/\/vanderloubet.com.br\/deputado\/#organization"},"alternateName":"Deputado Vander","potentialAction":[{"@type":"SearchAction","target":{"@type":"EntryPoint","urlTemplate":"https:\/\/vanderloubet.com.br\/deputado\/?s={search_term_string}"},"query-input":{"@type":"PropertyValueSpecification","valueRequired":true,"valueName":"search_term_string"}}],"inLanguage":"pt-BR"},{"@type":"Organization","@id":"https:\/\/vanderloubet.com.br\/deputado\/#organization","name":"Deputado Federal Vander Loubet","alternateName":"Deputado Vander","url":"https:\/\/vanderloubet.com.br\/deputado\/","logo":{"@type":"ImageObject","inLanguage":"pt-BR","@id":"https:\/\/vanderloubet.com.br\/deputado\/#\/schema\/logo\/image\/","url":"https:\/\/vanderloubet.com.br\/deputado\/wp-content\/uploads\/2023\/06\/foto-2023-06-19-mandato-deputado-vander.jpg","contentUrl":"https:\/\/vanderloubet.com.br\/deputado\/wp-content\/uploads\/2023\/06\/foto-2023-06-19-mandato-deputado-vander.jpg","width":1080,"height":1080,"caption":"Deputado Federal Vander Loubet"},"image":{"@id":"https:\/\/vanderloubet.com.br\/deputado\/#\/schema\/logo\/image\/"},"sameAs":["https:\/\/facebook.com\/deputadovander","https:\/\/x.com\/vanderloubet","https:\/\/instagram.com\/vanderloubet","https:\/\/youtube.com\/vanderloubet","https:\/\/tiktok.com\/@vanderloubetms"]},{"@type":"Person","@id":"https:\/\/vanderloubet.com.br\/deputado\/#\/schema\/person\/15b51bd564532a8a68d9dec1b8eb890e","name":"\u00c9der","image":{"@type":"ImageObject","inLanguage":"pt-BR","@id":"https:\/\/vanderloubet.com.br\/deputado\/wp-content\/litespeed\/avatar\/88ca4090d9d5ab1c9495f6ca03b68efa.jpg?ver=1777058957","url":"https:\/\/vanderloubet.com.br\/deputado\/wp-content\/litespeed\/avatar\/88ca4090d9d5ab1c9495f6ca03b68efa.jpg?ver=1777058957","contentUrl":"https:\/\/vanderloubet.com.br\/deputado\/wp-content\/litespeed\/avatar\/88ca4090d9d5ab1c9495f6ca03b68efa.jpg?ver=1777058957","caption":"\u00c9der"}}]}},"jetpack_featured_media_url":"https:\/\/vanderloubet.com.br\/deputado\/wp-content\/uploads\/2016\/02\/foto-2016-02-02-presidente-funasa-vander.jpg","jetpack_sharing_enabled":true,"_links":{"self":[{"href":"https:\/\/vanderloubet.com.br\/deputado\/wp-json\/wp\/v2\/posts\/10622","targetHints":{"allow":["GET"]}}],"collection":[{"href":"https:\/\/vanderloubet.com.br\/deputado\/wp-json\/wp\/v2\/posts"}],"about":[{"href":"https:\/\/vanderloubet.com.br\/deputado\/wp-json\/wp\/v2\/types\/post"}],"author":[{"embeddable":true,"href":"https:\/\/vanderloubet.com.br\/deputado\/wp-json\/wp\/v2\/users\/2"}],"replies":[{"embeddable":true,"href":"https:\/\/vanderloubet.com.br\/deputado\/wp-json\/wp\/v2\/comments?post=10622"}],"version-history":[{"count":0,"href":"https:\/\/vanderloubet.com.br\/deputado\/wp-json\/wp\/v2\/posts\/10622\/revisions"}],"wp:featuredmedia":[{"embeddable":true,"href":"https:\/\/vanderloubet.com.br\/deputado\/wp-json\/wp\/v2\/media\/10623"}],"wp:attachment":[{"href":"https:\/\/vanderloubet.com.br\/deputado\/wp-json\/wp\/v2\/media?parent=10622"}],"wp:term":[{"taxonomy":"category","embeddable":true,"href":"https:\/\/vanderloubet.com.br\/deputado\/wp-json\/wp\/v2\/categories?post=10622"},{"taxonomy":"post_tag","embeddable":true,"href":"https:\/\/vanderloubet.com.br\/deputado\/wp-json\/wp\/v2\/tags?post=10622"}],"curies":[{"name":"wp","href":"https:\/\/api.w.org\/{rel}","templated":true}]}}