{"id":10618,"date":"2016-01-14T10:35:14","date_gmt":"2016-01-14T14:35:14","guid":{"rendered":"http:\/\/vanderloubet.com.br\/deputado\/?p=10618"},"modified":"2016-05-12T14:18:08","modified_gmt":"2016-05-12T18:18:08","slug":"usinas-de-jupia-e-ilha-solteira-ficam-em-ms-anuncia-nova-concessionaria","status":"publish","type":"post","link":"https:\/\/vanderloubet.com.br\/deputado\/usinas-de-jupia-e-ilha-solteira-ficam-em-ms-anuncia-nova-concessionaria\/","title":{"rendered":"Usinas de Jupi\u00e1 e Ilha Solteira ficam em MS, anuncia nova concession\u00e1ria"},"content":{"rendered":"\r\n                <style type=\"text\/css\">\r\n                    \r\n                    #tdi_1  .td-doubleSlider-2 .td-item1 {\r\n                        background: url(https:\/\/vanderloubet.com.br\/deputado\/wp-content\/uploads\/2016\/01\/foto-2016-01-14-assinatura-concessao-usinas-80x60.jpg) 0 0 no-repeat;\r\n                    }\r\n                    #tdi_1  .td-doubleSlider-2 .td-item2 {\r\n                        background: url(https:\/\/vanderloubet.com.br\/deputado\/wp-content\/uploads\/2015\/08\/foto-2015-08-19-idevaldo-claudino-vander-loubet-80x60.jpg) 0 0 no-repeat;\r\n                    }\r\n                <\/style>\r\n\r\n                <div id=\"tdi_1\" class=\"td-gallery td-slide-on-2-columns\">\r\n                    <div class=\"post_td_gallery\">\r\n                        <div class=\"td-gallery-slide-top\">\r\n                           <div class=\"td-gallery-title\"><\/div>\r\n\r\n                            <div class=\"td-gallery-controls-wrapper\">\r\n                                <div class=\"td-gallery-slide-count\"><span class=\"td-gallery-slide-item-focus\">1<\/span> de 2<\/div>\r\n                                <div class=\"td-gallery-slide-prev-next-but\">\r\n                                    <i class = \"td-icon-left doubleSliderPrevButton\"><\/i>\r\n                                    <i class = \"td-icon-right doubleSliderNextButton\"><\/i>\r\n                                <\/div>\r\n                            <\/div>\r\n                        <\/div>\r\n\r\n                        <div class = \"td-doubleSlider-1 \">\r\n                            <div class = \"td-slider\">\r\n                                \r\n                    <div class = \"td-slide-item td-item1\">\r\n                        <figure class=\"td-slide-galery-figure td-slide-popup-gallery\">\r\n                            <a class=\"slide-gallery-image-link\" href=\"https:\/\/vanderloubet.com.br\/deputado\/wp-content\/uploads\/2016\/01\/foto-2016-01-14-assinatura-concessao-usinas.jpg\" title=\"Chairman da CTG e ministro assinam contrato de concess\u00e3o (Foto: Francisco Stuckert\/MME)\"  data-caption=\"\"  data-description=\"Chairman da CTG e ministro assinam contrato de concess&atilde;o (Foto: Francisco Stuckert\/MME)\">\r\n                                <img decoding=\"async\" src=\"https:\/\/vanderloubet.com.br\/deputado\/wp-content\/uploads\/2016\/01\/foto-2016-01-14-assinatura-concessao-usinas-630x420.jpg\" srcset=\"https:\/\/vanderloubet.com.br\/deputado\/wp-content\/uploads\/2016\/01\/foto-2016-01-14-assinatura-concessao-usinas-630x420.jpg 630w, https:\/\/vanderloubet.com.br\/deputado\/wp-content\/uploads\/2016\/01\/foto-2016-01-14-assinatura-concessao-usinas-350x233.jpg 350w, https:\/\/vanderloubet.com.br\/deputado\/wp-content\/uploads\/2016\/01\/foto-2016-01-14-assinatura-concessao-usinas-768x512.jpg 768w, https:\/\/vanderloubet.com.br\/deputado\/wp-content\/uploads\/2016\/01\/foto-2016-01-14-assinatura-concessao-usinas-700x467.jpg 700w, https:\/\/vanderloubet.com.br\/deputado\/wp-content\/uploads\/2016\/01\/foto-2016-01-14-assinatura-concessao-usinas-696x464.jpg 696w, https:\/\/vanderloubet.com.br\/deputado\/wp-content\/uploads\/2016\/01\/foto-2016-01-14-assinatura-concessao-usinas-1068x712.jpg 1068w, https:\/\/vanderloubet.com.br\/deputado\/wp-content\/uploads\/2016\/01\/foto-2016-01-14-assinatura-concessao-usinas.jpg 1080w\" sizes=\"(max-width: 630px) 100vw, 630px\" alt=\"Chairman da CTG e ministro assinam contrato de concess&atilde;o (Foto: Francisco Stuckert\/MME)\">\r\n                            <\/a>\r\n                            <figcaption class = \"td-slide-caption td-gallery-slide-content\"><span>Chairman da CTG e ministro assinam contrato de concess\u00e3o (Foto: Francisco Stuckert\/MME)<\/span><\/figcaption>\r\n                        <\/figure>\r\n                    <\/div>\r\n                    <div class = \"td-slide-item td-item2\">\r\n                        <figure class=\"td-slide-galery-figure td-slide-popup-gallery\">\r\n                            <a class=\"slide-gallery-image-link\" href=\"https:\/\/vanderloubet.com.br\/deputado\/wp-content\/uploads\/2015\/08\/foto-2015-08-19-idevaldo-claudino-vander-loubet.jpg\" title=\"Idevaldo e Vander, em recente encontro em Bras\u00edlia, quando cobraram posi\u00e7\u00e3o do MME\"  data-caption=\"\"  data-description=\"Idevaldo e Vander, em recente encontro em Bras&iacute;lia, quando cobraram posi&ccedil;&atilde;o do MME\">\r\n                                <img decoding=\"async\" src=\"https:\/\/vanderloubet.com.br\/deputado\/wp-content\/uploads\/2015\/08\/foto-2015-08-19-idevaldo-claudino-vander-loubet-727x420.jpg\" srcset=\"https:\/\/vanderloubet.com.br\/deputado\/wp-content\/uploads\/2015\/08\/foto-2015-08-19-idevaldo-claudino-vander-loubet-727x420.jpg 727w, https:\/\/vanderloubet.com.br\/deputado\/wp-content\/uploads\/2015\/08\/foto-2015-08-19-idevaldo-claudino-vander-loubet-350x202.jpg 350w, https:\/\/vanderloubet.com.br\/deputado\/wp-content\/uploads\/2015\/08\/foto-2015-08-19-idevaldo-claudino-vander-loubet-768x444.jpg 768w, https:\/\/vanderloubet.com.br\/deputado\/wp-content\/uploads\/2015\/08\/foto-2015-08-19-idevaldo-claudino-vander-loubet-700x404.jpg 700w, https:\/\/vanderloubet.com.br\/deputado\/wp-content\/uploads\/2015\/08\/foto-2015-08-19-idevaldo-claudino-vander-loubet-696x402.jpg 696w, https:\/\/vanderloubet.com.br\/deputado\/wp-content\/uploads\/2015\/08\/foto-2015-08-19-idevaldo-claudino-vander-loubet.jpg 900w\" sizes=\"(max-width: 727px) 100vw, 727px\" alt=\"Idevaldo e Vander, em recente encontro em Bras&iacute;lia, quando cobraram posi&ccedil;&atilde;o do MME\">\r\n                            <\/a>\r\n                            <figcaption class = \"td-slide-caption td-gallery-slide-content\"><span>Idevaldo e Vander, em recente encontro em Bras\u00edlia, quando cobraram posi\u00e7\u00e3o do MME<\/span><\/figcaption>\r\n                        <\/figure>\r\n                    <\/div>\r\n                            <\/div>\r\n                        <\/div>\r\n\r\n                        <div class = \"td-doubleSlider-2\">\r\n                            <div class = \"td-slider\">\r\n                                \r\n                    <div class = \"td-button td-item1\">\r\n                        <div class = \"td-border\"><\/div>\r\n                    <\/div>\r\n                    <div class = \"td-button td-item2\">\r\n                        <div class = \"td-border\"><\/div>\r\n                    <\/div>\r\n                            <\/div>\r\n                        <\/div>\r\n\r\n                    <\/div>\r\n\r\n                <\/div>\r\n                \n<p>Depois de anos de impasse como Estado de S\u00e3o Paulo, finalmente Mato Grosso do Sul ficar\u00e1 com a arrecada\u00e7\u00e3o de tributos referente \u00e0s usina hidrel\u00e9tricas de Jupi\u00e1 e Ilha Solteira. A informa\u00e7\u00e3o \u00e9 da empresa CTG (China Three Gorges), que comunicou que o domic\u00edlio fiscal das usinas instaladas no Rio Paran\u00e1, divisa entre o estados de SP e MS, deixar\u00e1 de pertencer \u00e0s cidades de Castilho e Ilha Solteira e passar\u00e1 para Tr\u00eas Lagoas e Selv\u00edria, respectivamente, seguindo defini\u00e7\u00e3o do Instituto Brasileiro de Geografia e Estat\u00edstica (IBGE).<\/p>\n<p>O Minist\u00e9rio das Minas e Energia (MME) delegou \u00e0 Ag\u00eancia Nacional de Energia El\u00e9trica (Aneel) a responsabilidade para decidir em qual estado as usinas ficariam. A Aneel, por sua vez, optou por consultar o IBGE, em outubro, sobre a quest\u00e3o. Em 8 de dezembro, o IBGE enviou of\u00edcio \u00e0 Ag\u00eancia com seu parecer: as usinas est\u00e3o localizadas em territ\u00f3rio sul-mato-grossense e n\u00e3o no estado vizinho.<\/p>\n<p>Para o vereador Idevaldo Claudino da Silva, de Tr\u00eas Lagoas, a decis\u00e3o representa uma grande vit\u00f3ria para o munic\u00edpio. &#8220;H\u00e1 seis anos iniciei junto com o deputado federal Vander Loubet a reivindica\u00e7\u00e3o ao Governo Federal para que houvesse o reconhecimento de Jupi\u00e1 como um empreendimento em territ\u00f3rio pertencente a Tr\u00eas Lagoas. No ano passado houve muito impasse depois que o Governo publicou uma portaria atendendo nosso pedido e colocando Tr\u00eas Lagoas e Selv\u00edria como sedes fiscais das usinas, o Governo chegou a voltar atr\u00e1s. Mas no final prevaleceu o que era correto. A luta valeu a pena&#8221;, comemorou Idevaldo.<\/p>\n<p>Atualmente, as usinas passam por um per\u00edodo de transi\u00e7\u00e3o por conta da mudan\u00e7a na concess\u00e3o. No dia 5 de janeiro, aconteceu uma solenidade em Bras\u00edlia com a presen\u00e7a do ministro-interino de Minas e Energia, Luiz Eduardo Barata, de representantes da CTG e do embaixador da China no Brasil, Li Jinzhang, na qual foi assinado o contrato de concess\u00e3o das usinas para o grupo chin\u00eas pelos pr\u00f3ximos 30 anos. A empresa ser\u00e1 a primeira estrangeira a assumir sozinha a gest\u00e3o de uma hidrel\u00e9trica no Brasil.<\/p>\n<p>A CTG arrematou as duas usinas &#8211; Jupi\u00e1 e Ilha Solteira &#8211; no leil\u00e3o realizado em 25 de novembro de 2015 e o valor total da outorga \u00e9 de R$ 13,8 bilh\u00f5es. A empresa j\u00e1 pagou 65% desse valor e pagar\u00e1 o restante em 180 dias. Jupi\u00e1 e Ilha Solteira, que antes estavam sob a concess\u00e3o da Companhia Energ\u00e9tica de S\u00e3o Paulo (Cesp), t\u00eam capacidade instalada para gera\u00e7\u00e3o de 4.995 megawatts. Com essa aquisi\u00e7\u00e3o, a CTG Brasil se torna a segunda maior geradora de energia com capital privado no pa\u00eds.<\/p>\n<p><strong>Arrecada\u00e7\u00e3o maior<\/strong> \u2013 De acordo com o deputado Vander Loubet, ainda n\u00e3o h\u00e1 n\u00fameros exatos sobre qual ser\u00e1 o impacto dessa medida na arrecada\u00e7\u00e3o de impostos para as cidades beneficiadas e para o Estado. &#8220;\u00c9 certo que vai crescer consideravelmente&#8221;, pontuou o parlamentar federal, referindo-se aos tributos e royalties.<\/p>\n<p>Dados coletados no Portal da Transpar\u00eancia do Estado de S\u00e3o Paulo mostram que, em 2014, Castilho recebeu R$ 32,6 milh\u00f5es em repasses de Imposto Sobre Circula\u00e7\u00e3o de Mercadorias e Servi\u00e7os (ICMS). De janeiro a agosto deste ano j\u00e1 foram mais de R$ 21 milh\u00f5es. Em declara\u00e7\u00f5es feitas ao notici\u00e1rio paulista, o prefeito da cidade, Joni Buzachero, afirmou que o ICMS da energia el\u00e9trica \u00e9 a principal fonte de arrecada\u00e7\u00e3o do munic\u00edpio.<\/p>\n<p>Em rela\u00e7\u00e3o ao Imposto Sobre Servi\u00e7os de Qualquer Natureza (ISSQN), a expectativa da Prefeitura de Tr\u00eas Lagoas \u00e9 que a arrecada\u00e7\u00e3o anual tenha acr\u00e9scimo de R$ 15 milh\u00f5es a R$ 18 milh\u00f5es.<\/p>\n<p><em>(\u00c9der Yanaguita &#8211; Ascom\/Deputado Vander, com informa\u00e7\u00f5es da CTG Brasil)<\/em><\/p>\n","protected":false},"excerpt":{"rendered":"<p>Acatando decis\u00e3o do IBGE, CTG Brasil informou que Tr\u00eas Lagoas e Selv\u00edria ser\u00e3o os dom\u00edcilios fiscais das usinas. Vereador Idevaldo e deputado Vander comemoraram.<\/p>\n","protected":false},"author":2,"featured_media":10619,"comment_status":"closed","ping_status":"closed","sticky":false,"template":"","format":"standard","meta":{"jetpack_post_was_ever_published":false,"_jetpack_newsletter_access":"","_jetpack_dont_email_post_to_subs":false,"_jetpack_newsletter_tier_id":0,"_jetpack_memberships_contains_paywalled_content":false,"_jetpack_memberships_contains_paid_content":false,"footnotes":""},"categories":[2097,10],"tags":[2297,2159,1987],"class_list":{"0":"post-10618","1":"post","2":"type-post","3":"status-publish","4":"format-standard","5":"has-post-thumbnail","7":"category-municipios-noticias","8":"category-noticias","9":"tag-concessao-publica","10":"tag-energia-eletrica","11":"tag-tributos"},"yoast_head":"<!-- This site is optimized with the Yoast SEO plugin v27.4 - https:\/\/yoast.com\/product\/yoast-seo-wordpress\/ -->\n<title>Usinas de Jupi\u00e1 e Ilha Solteira ficam em MS, anuncia nova concession\u00e1ria<\/title>\n<meta name=\"robots\" content=\"index, follow, max-snippet:-1, max-image-preview:large, max-video-preview:-1\" \/>\n<link rel=\"canonical\" href=\"https:\/\/vanderloubet.com.br\/deputado\/usinas-de-jupia-e-ilha-solteira-ficam-em-ms-anuncia-nova-concessionaria\/\" \/>\n<meta property=\"og:locale\" content=\"pt_BR\" \/>\n<meta property=\"og:type\" content=\"article\" \/>\n<meta property=\"og:title\" content=\"Usinas de Jupi\u00e1 e Ilha Solteira ficam em MS, anuncia nova concession\u00e1ria\" \/>\n<meta property=\"og:description\" content=\"Acatando decis\u00e3o do IBGE, CTG Brasil informou que Tr\u00eas Lagoas e Selv\u00edria ser\u00e3o os dom\u00edcilios fiscais das usinas. Vereador Idevaldo e deputado Vander comemoraram.\" \/>\n<meta property=\"og:url\" content=\"https:\/\/vanderloubet.com.br\/deputado\/usinas-de-jupia-e-ilha-solteira-ficam-em-ms-anuncia-nova-concessionaria\/\" \/>\n<meta property=\"og:site_name\" content=\"Deputado Federal Vander Loubet\" \/>\n<meta property=\"article:publisher\" content=\"https:\/\/facebook.com\/deputadovander\" \/>\n<meta property=\"article:published_time\" content=\"2016-01-14T14:35:14+00:00\" \/>\n<meta property=\"article:modified_time\" content=\"2016-05-12T18:18:08+00:00\" \/>\n<meta property=\"og:image\" content=\"https:\/\/vanderloubet.com.br\/deputado\/wp-content\/uploads\/2016\/01\/foto-2016-01-14-assinatura-concessao-usinas.jpg\" \/>\n\t<meta property=\"og:image:width\" content=\"1080\" \/>\n\t<meta property=\"og:image:height\" content=\"720\" \/>\n\t<meta property=\"og:image:type\" content=\"image\/jpeg\" \/>\n<meta name=\"author\" content=\"\u00c9der\" \/>\n<meta name=\"twitter:card\" content=\"summary_large_image\" \/>\n<meta name=\"twitter:creator\" content=\"@vanderloubet\" \/>\n<meta name=\"twitter:site\" content=\"@vanderloubet\" \/>\n<script type=\"application\/ld+json\" class=\"yoast-schema-graph\">{\"@context\":\"https:\\\/\\\/schema.org\",\"@graph\":[{\"@type\":\"Article\",\"@id\":\"https:\\\/\\\/vanderloubet.com.br\\\/deputado\\\/usinas-de-jupia-e-ilha-solteira-ficam-em-ms-anuncia-nova-concessionaria\\\/#article\",\"isPartOf\":{\"@id\":\"https:\\\/\\\/vanderloubet.com.br\\\/deputado\\\/usinas-de-jupia-e-ilha-solteira-ficam-em-ms-anuncia-nova-concessionaria\\\/\"},\"author\":{\"name\":\"\u00c9der\",\"@id\":\"https:\\\/\\\/vanderloubet.com.br\\\/deputado\\\/#\\\/schema\\\/person\\\/15b51bd564532a8a68d9dec1b8eb890e\"},\"headline\":\"Usinas de Jupi\u00e1 e Ilha Solteira ficam em MS, anuncia nova concession\u00e1ria\",\"datePublished\":\"2016-01-14T14:35:14+00:00\",\"dateModified\":\"2016-05-12T18:18:08+00:00\",\"mainEntityOfPage\":{\"@id\":\"https:\\\/\\\/vanderloubet.com.br\\\/deputado\\\/usinas-de-jupia-e-ilha-solteira-ficam-em-ms-anuncia-nova-concessionaria\\\/\"},\"wordCount\":659,\"publisher\":{\"@id\":\"https:\\\/\\\/vanderloubet.com.br\\\/deputado\\\/#organization\"},\"image\":{\"@id\":\"https:\\\/\\\/vanderloubet.com.br\\\/deputado\\\/usinas-de-jupia-e-ilha-solteira-ficam-em-ms-anuncia-nova-concessionaria\\\/#primaryimage\"},\"thumbnailUrl\":\"https:\\\/\\\/vanderloubet.com.br\\\/deputado\\\/wp-content\\\/uploads\\\/2016\\\/01\\\/foto-2016-01-14-assinatura-concessao-usinas.jpg\",\"keywords\":[\"concess\u00e3o p\u00fablica\",\"energia el\u00e9trica\",\"tributos\"],\"articleSection\":[\"Munic\u00edpios\",\"Not\u00edcias\"],\"inLanguage\":\"pt-BR\"},{\"@type\":\"WebPage\",\"@id\":\"https:\\\/\\\/vanderloubet.com.br\\\/deputado\\\/usinas-de-jupia-e-ilha-solteira-ficam-em-ms-anuncia-nova-concessionaria\\\/\",\"url\":\"https:\\\/\\\/vanderloubet.com.br\\\/deputado\\\/usinas-de-jupia-e-ilha-solteira-ficam-em-ms-anuncia-nova-concessionaria\\\/\",\"name\":\"Usinas de Jupi\u00e1 e Ilha Solteira ficam em MS, anuncia nova concession\u00e1ria\",\"isPartOf\":{\"@id\":\"https:\\\/\\\/vanderloubet.com.br\\\/deputado\\\/#website\"},\"primaryImageOfPage\":{\"@id\":\"https:\\\/\\\/vanderloubet.com.br\\\/deputado\\\/usinas-de-jupia-e-ilha-solteira-ficam-em-ms-anuncia-nova-concessionaria\\\/#primaryimage\"},\"image\":{\"@id\":\"https:\\\/\\\/vanderloubet.com.br\\\/deputado\\\/usinas-de-jupia-e-ilha-solteira-ficam-em-ms-anuncia-nova-concessionaria\\\/#primaryimage\"},\"thumbnailUrl\":\"https:\\\/\\\/vanderloubet.com.br\\\/deputado\\\/wp-content\\\/uploads\\\/2016\\\/01\\\/foto-2016-01-14-assinatura-concessao-usinas.jpg\",\"datePublished\":\"2016-01-14T14:35:14+00:00\",\"dateModified\":\"2016-05-12T18:18:08+00:00\",\"breadcrumb\":{\"@id\":\"https:\\\/\\\/vanderloubet.com.br\\\/deputado\\\/usinas-de-jupia-e-ilha-solteira-ficam-em-ms-anuncia-nova-concessionaria\\\/#breadcrumb\"},\"inLanguage\":\"pt-BR\",\"potentialAction\":[{\"@type\":\"ReadAction\",\"target\":[\"https:\\\/\\\/vanderloubet.com.br\\\/deputado\\\/usinas-de-jupia-e-ilha-solteira-ficam-em-ms-anuncia-nova-concessionaria\\\/\"]}]},{\"@type\":\"ImageObject\",\"inLanguage\":\"pt-BR\",\"@id\":\"https:\\\/\\\/vanderloubet.com.br\\\/deputado\\\/usinas-de-jupia-e-ilha-solteira-ficam-em-ms-anuncia-nova-concessionaria\\\/#primaryimage\",\"url\":\"https:\\\/\\\/vanderloubet.com.br\\\/deputado\\\/wp-content\\\/uploads\\\/2016\\\/01\\\/foto-2016-01-14-assinatura-concessao-usinas.jpg\",\"contentUrl\":\"https:\\\/\\\/vanderloubet.com.br\\\/deputado\\\/wp-content\\\/uploads\\\/2016\\\/01\\\/foto-2016-01-14-assinatura-concessao-usinas.jpg\",\"width\":1080,\"height\":720,\"caption\":\"Chairman da CTG e ministro assinam contrato de concess\u00e3o (Foto: Francisco Stuckert\\\/MME)\"},{\"@type\":\"BreadcrumbList\",\"@id\":\"https:\\\/\\\/vanderloubet.com.br\\\/deputado\\\/usinas-de-jupia-e-ilha-solteira-ficam-em-ms-anuncia-nova-concessionaria\\\/#breadcrumb\",\"itemListElement\":[{\"@type\":\"ListItem\",\"position\":1,\"name\":\"In\u00edcio\",\"item\":\"https:\\\/\\\/vanderloubet.com.br\\\/deputado\\\/\"},{\"@type\":\"ListItem\",\"position\":2,\"name\":\"Usinas de Jupi\u00e1 e Ilha Solteira ficam em MS, anuncia nova concession\u00e1ria\"}]},{\"@type\":\"WebSite\",\"@id\":\"https:\\\/\\\/vanderloubet.com.br\\\/deputado\\\/#website\",\"url\":\"https:\\\/\\\/vanderloubet.com.br\\\/deputado\\\/\",\"name\":\"Deputado Federal Vander Loubet\",\"description\":\"O Federal de MS\",\"publisher\":{\"@id\":\"https:\\\/\\\/vanderloubet.com.br\\\/deputado\\\/#organization\"},\"alternateName\":\"Deputado Vander\",\"potentialAction\":[{\"@type\":\"SearchAction\",\"target\":{\"@type\":\"EntryPoint\",\"urlTemplate\":\"https:\\\/\\\/vanderloubet.com.br\\\/deputado\\\/?s={search_term_string}\"},\"query-input\":{\"@type\":\"PropertyValueSpecification\",\"valueRequired\":true,\"valueName\":\"search_term_string\"}}],\"inLanguage\":\"pt-BR\"},{\"@type\":\"Organization\",\"@id\":\"https:\\\/\\\/vanderloubet.com.br\\\/deputado\\\/#organization\",\"name\":\"Deputado Federal Vander Loubet\",\"alternateName\":\"Deputado Vander\",\"url\":\"https:\\\/\\\/vanderloubet.com.br\\\/deputado\\\/\",\"logo\":{\"@type\":\"ImageObject\",\"inLanguage\":\"pt-BR\",\"@id\":\"https:\\\/\\\/vanderloubet.com.br\\\/deputado\\\/#\\\/schema\\\/logo\\\/image\\\/\",\"url\":\"https:\\\/\\\/vanderloubet.com.br\\\/deputado\\\/wp-content\\\/uploads\\\/2023\\\/06\\\/foto-2023-06-19-mandato-deputado-vander.jpg\",\"contentUrl\":\"https:\\\/\\\/vanderloubet.com.br\\\/deputado\\\/wp-content\\\/uploads\\\/2023\\\/06\\\/foto-2023-06-19-mandato-deputado-vander.jpg\",\"width\":1080,\"height\":1080,\"caption\":\"Deputado Federal Vander Loubet\"},\"image\":{\"@id\":\"https:\\\/\\\/vanderloubet.com.br\\\/deputado\\\/#\\\/schema\\\/logo\\\/image\\\/\"},\"sameAs\":[\"https:\\\/\\\/facebook.com\\\/deputadovander\",\"https:\\\/\\\/x.com\\\/vanderloubet\",\"https:\\\/\\\/instagram.com\\\/vanderloubet\",\"https:\\\/\\\/youtube.com\\\/vanderloubet\",\"https:\\\/\\\/tiktok.com\\\/@vanderloubetms\"]},{\"@type\":\"Person\",\"@id\":\"https:\\\/\\\/vanderloubet.com.br\\\/deputado\\\/#\\\/schema\\\/person\\\/15b51bd564532a8a68d9dec1b8eb890e\",\"name\":\"\u00c9der\",\"image\":{\"@type\":\"ImageObject\",\"inLanguage\":\"pt-BR\",\"@id\":\"https:\\\/\\\/vanderloubet.com.br\\\/deputado\\\/wp-content\\\/litespeed\\\/avatar\\\/88ca4090d9d5ab1c9495f6ca03b68efa.jpg?ver=1777058957\",\"url\":\"https:\\\/\\\/vanderloubet.com.br\\\/deputado\\\/wp-content\\\/litespeed\\\/avatar\\\/88ca4090d9d5ab1c9495f6ca03b68efa.jpg?ver=1777058957\",\"contentUrl\":\"https:\\\/\\\/vanderloubet.com.br\\\/deputado\\\/wp-content\\\/litespeed\\\/avatar\\\/88ca4090d9d5ab1c9495f6ca03b68efa.jpg?ver=1777058957\",\"caption\":\"\u00c9der\"}}]}<\/script>\n<!-- \/ Yoast SEO plugin. -->","yoast_head_json":{"title":"Usinas de Jupi\u00e1 e Ilha Solteira ficam em MS, anuncia nova concession\u00e1ria","robots":{"index":"index","follow":"follow","max-snippet":"max-snippet:-1","max-image-preview":"max-image-preview:large","max-video-preview":"max-video-preview:-1"},"canonical":"https:\/\/vanderloubet.com.br\/deputado\/usinas-de-jupia-e-ilha-solteira-ficam-em-ms-anuncia-nova-concessionaria\/","og_locale":"pt_BR","og_type":"article","og_title":"Usinas de Jupi\u00e1 e Ilha Solteira ficam em MS, anuncia nova concession\u00e1ria","og_description":"Acatando decis\u00e3o do IBGE, CTG Brasil informou que Tr\u00eas Lagoas e Selv\u00edria ser\u00e3o os dom\u00edcilios fiscais das usinas. Vereador Idevaldo e deputado Vander comemoraram.","og_url":"https:\/\/vanderloubet.com.br\/deputado\/usinas-de-jupia-e-ilha-solteira-ficam-em-ms-anuncia-nova-concessionaria\/","og_site_name":"Deputado Federal Vander Loubet","article_publisher":"https:\/\/facebook.com\/deputadovander","article_published_time":"2016-01-14T14:35:14+00:00","article_modified_time":"2016-05-12T18:18:08+00:00","og_image":[{"width":1080,"height":720,"url":"https:\/\/vanderloubet.com.br\/deputado\/wp-content\/uploads\/2016\/01\/foto-2016-01-14-assinatura-concessao-usinas.jpg","type":"image\/jpeg"}],"author":"\u00c9der","twitter_card":"summary_large_image","twitter_creator":"@vanderloubet","twitter_site":"@vanderloubet","schema":{"@context":"https:\/\/schema.org","@graph":[{"@type":"Article","@id":"https:\/\/vanderloubet.com.br\/deputado\/usinas-de-jupia-e-ilha-solteira-ficam-em-ms-anuncia-nova-concessionaria\/#article","isPartOf":{"@id":"https:\/\/vanderloubet.com.br\/deputado\/usinas-de-jupia-e-ilha-solteira-ficam-em-ms-anuncia-nova-concessionaria\/"},"author":{"name":"\u00c9der","@id":"https:\/\/vanderloubet.com.br\/deputado\/#\/schema\/person\/15b51bd564532a8a68d9dec1b8eb890e"},"headline":"Usinas de Jupi\u00e1 e Ilha Solteira ficam em MS, anuncia nova concession\u00e1ria","datePublished":"2016-01-14T14:35:14+00:00","dateModified":"2016-05-12T18:18:08+00:00","mainEntityOfPage":{"@id":"https:\/\/vanderloubet.com.br\/deputado\/usinas-de-jupia-e-ilha-solteira-ficam-em-ms-anuncia-nova-concessionaria\/"},"wordCount":659,"publisher":{"@id":"https:\/\/vanderloubet.com.br\/deputado\/#organization"},"image":{"@id":"https:\/\/vanderloubet.com.br\/deputado\/usinas-de-jupia-e-ilha-solteira-ficam-em-ms-anuncia-nova-concessionaria\/#primaryimage"},"thumbnailUrl":"https:\/\/vanderloubet.com.br\/deputado\/wp-content\/uploads\/2016\/01\/foto-2016-01-14-assinatura-concessao-usinas.jpg","keywords":["concess\u00e3o p\u00fablica","energia el\u00e9trica","tributos"],"articleSection":["Munic\u00edpios","Not\u00edcias"],"inLanguage":"pt-BR"},{"@type":"WebPage","@id":"https:\/\/vanderloubet.com.br\/deputado\/usinas-de-jupia-e-ilha-solteira-ficam-em-ms-anuncia-nova-concessionaria\/","url":"https:\/\/vanderloubet.com.br\/deputado\/usinas-de-jupia-e-ilha-solteira-ficam-em-ms-anuncia-nova-concessionaria\/","name":"Usinas de Jupi\u00e1 e Ilha Solteira ficam em MS, anuncia nova concession\u00e1ria","isPartOf":{"@id":"https:\/\/vanderloubet.com.br\/deputado\/#website"},"primaryImageOfPage":{"@id":"https:\/\/vanderloubet.com.br\/deputado\/usinas-de-jupia-e-ilha-solteira-ficam-em-ms-anuncia-nova-concessionaria\/#primaryimage"},"image":{"@id":"https:\/\/vanderloubet.com.br\/deputado\/usinas-de-jupia-e-ilha-solteira-ficam-em-ms-anuncia-nova-concessionaria\/#primaryimage"},"thumbnailUrl":"https:\/\/vanderloubet.com.br\/deputado\/wp-content\/uploads\/2016\/01\/foto-2016-01-14-assinatura-concessao-usinas.jpg","datePublished":"2016-01-14T14:35:14+00:00","dateModified":"2016-05-12T18:18:08+00:00","breadcrumb":{"@id":"https:\/\/vanderloubet.com.br\/deputado\/usinas-de-jupia-e-ilha-solteira-ficam-em-ms-anuncia-nova-concessionaria\/#breadcrumb"},"inLanguage":"pt-BR","potentialAction":[{"@type":"ReadAction","target":["https:\/\/vanderloubet.com.br\/deputado\/usinas-de-jupia-e-ilha-solteira-ficam-em-ms-anuncia-nova-concessionaria\/"]}]},{"@type":"ImageObject","inLanguage":"pt-BR","@id":"https:\/\/vanderloubet.com.br\/deputado\/usinas-de-jupia-e-ilha-solteira-ficam-em-ms-anuncia-nova-concessionaria\/#primaryimage","url":"https:\/\/vanderloubet.com.br\/deputado\/wp-content\/uploads\/2016\/01\/foto-2016-01-14-assinatura-concessao-usinas.jpg","contentUrl":"https:\/\/vanderloubet.com.br\/deputado\/wp-content\/uploads\/2016\/01\/foto-2016-01-14-assinatura-concessao-usinas.jpg","width":1080,"height":720,"caption":"Chairman da CTG e ministro assinam contrato de concess\u00e3o (Foto: Francisco Stuckert\/MME)"},{"@type":"BreadcrumbList","@id":"https:\/\/vanderloubet.com.br\/deputado\/usinas-de-jupia-e-ilha-solteira-ficam-em-ms-anuncia-nova-concessionaria\/#breadcrumb","itemListElement":[{"@type":"ListItem","position":1,"name":"In\u00edcio","item":"https:\/\/vanderloubet.com.br\/deputado\/"},{"@type":"ListItem","position":2,"name":"Usinas de Jupi\u00e1 e Ilha Solteira ficam em MS, anuncia nova concession\u00e1ria"}]},{"@type":"WebSite","@id":"https:\/\/vanderloubet.com.br\/deputado\/#website","url":"https:\/\/vanderloubet.com.br\/deputado\/","name":"Deputado Federal Vander Loubet","description":"O Federal de MS","publisher":{"@id":"https:\/\/vanderloubet.com.br\/deputado\/#organization"},"alternateName":"Deputado Vander","potentialAction":[{"@type":"SearchAction","target":{"@type":"EntryPoint","urlTemplate":"https:\/\/vanderloubet.com.br\/deputado\/?s={search_term_string}"},"query-input":{"@type":"PropertyValueSpecification","valueRequired":true,"valueName":"search_term_string"}}],"inLanguage":"pt-BR"},{"@type":"Organization","@id":"https:\/\/vanderloubet.com.br\/deputado\/#organization","name":"Deputado Federal Vander Loubet","alternateName":"Deputado Vander","url":"https:\/\/vanderloubet.com.br\/deputado\/","logo":{"@type":"ImageObject","inLanguage":"pt-BR","@id":"https:\/\/vanderloubet.com.br\/deputado\/#\/schema\/logo\/image\/","url":"https:\/\/vanderloubet.com.br\/deputado\/wp-content\/uploads\/2023\/06\/foto-2023-06-19-mandato-deputado-vander.jpg","contentUrl":"https:\/\/vanderloubet.com.br\/deputado\/wp-content\/uploads\/2023\/06\/foto-2023-06-19-mandato-deputado-vander.jpg","width":1080,"height":1080,"caption":"Deputado Federal Vander Loubet"},"image":{"@id":"https:\/\/vanderloubet.com.br\/deputado\/#\/schema\/logo\/image\/"},"sameAs":["https:\/\/facebook.com\/deputadovander","https:\/\/x.com\/vanderloubet","https:\/\/instagram.com\/vanderloubet","https:\/\/youtube.com\/vanderloubet","https:\/\/tiktok.com\/@vanderloubetms"]},{"@type":"Person","@id":"https:\/\/vanderloubet.com.br\/deputado\/#\/schema\/person\/15b51bd564532a8a68d9dec1b8eb890e","name":"\u00c9der","image":{"@type":"ImageObject","inLanguage":"pt-BR","@id":"https:\/\/vanderloubet.com.br\/deputado\/wp-content\/litespeed\/avatar\/88ca4090d9d5ab1c9495f6ca03b68efa.jpg?ver=1777058957","url":"https:\/\/vanderloubet.com.br\/deputado\/wp-content\/litespeed\/avatar\/88ca4090d9d5ab1c9495f6ca03b68efa.jpg?ver=1777058957","contentUrl":"https:\/\/vanderloubet.com.br\/deputado\/wp-content\/litespeed\/avatar\/88ca4090d9d5ab1c9495f6ca03b68efa.jpg?ver=1777058957","caption":"\u00c9der"}}]}},"jetpack_featured_media_url":"https:\/\/vanderloubet.com.br\/deputado\/wp-content\/uploads\/2016\/01\/foto-2016-01-14-assinatura-concessao-usinas.jpg","jetpack_sharing_enabled":true,"_links":{"self":[{"href":"https:\/\/vanderloubet.com.br\/deputado\/wp-json\/wp\/v2\/posts\/10618","targetHints":{"allow":["GET"]}}],"collection":[{"href":"https:\/\/vanderloubet.com.br\/deputado\/wp-json\/wp\/v2\/posts"}],"about":[{"href":"https:\/\/vanderloubet.com.br\/deputado\/wp-json\/wp\/v2\/types\/post"}],"author":[{"embeddable":true,"href":"https:\/\/vanderloubet.com.br\/deputado\/wp-json\/wp\/v2\/users\/2"}],"replies":[{"embeddable":true,"href":"https:\/\/vanderloubet.com.br\/deputado\/wp-json\/wp\/v2\/comments?post=10618"}],"version-history":[{"count":0,"href":"https:\/\/vanderloubet.com.br\/deputado\/wp-json\/wp\/v2\/posts\/10618\/revisions"}],"wp:featuredmedia":[{"embeddable":true,"href":"https:\/\/vanderloubet.com.br\/deputado\/wp-json\/wp\/v2\/media\/10619"}],"wp:attachment":[{"href":"https:\/\/vanderloubet.com.br\/deputado\/wp-json\/wp\/v2\/media?parent=10618"}],"wp:term":[{"taxonomy":"category","embeddable":true,"href":"https:\/\/vanderloubet.com.br\/deputado\/wp-json\/wp\/v2\/categories?post=10618"},{"taxonomy":"post_tag","embeddable":true,"href":"https:\/\/vanderloubet.com.br\/deputado\/wp-json\/wp\/v2\/tags?post=10618"}],"curies":[{"name":"wp","href":"https:\/\/api.w.org\/{rel}","templated":true}]}}