{"id":10475,"date":"2015-10-15T14:23:35","date_gmt":"2015-10-15T18:23:35","guid":{"rendered":"http:\/\/vanderloubet.com.br\/deputado\/?p=10475"},"modified":"2015-10-15T14:23:35","modified_gmt":"2015-10-15T18:23:35","slug":"corumba-se-beneficia-de-grandes-obras-na-saude-com-emendas-viabilizadas-por-vander","status":"publish","type":"post","link":"https:\/\/vanderloubet.com.br\/deputado\/corumba-se-beneficia-de-grandes-obras-na-saude-com-emendas-viabilizadas-por-vander\/","title":{"rendered":"Corumb\u00e1 se beneficia de grandes obras na sa\u00fade com emendas viabilizadas por Vander"},"content":{"rendered":"<figure id=\"attachment_10476\" aria-describedby=\"caption-attachment-10476\" style=\"width: 700px\" class=\"wp-caption alignnone\"><img decoding=\"async\" class=\"size-large wp-image-10476\" src=\"http:\/\/vanderloubet.com.br\/deputado\/wp-content\/uploads\/2015\/10\/foto-2015-10-15-atendimento-medico-700x467.jpg\" alt=\"Obras v\u00e3o garantir melhor atendimento \u00e0 popula\u00e7\u00e3o\" width=\"700\" height=\"467\" srcset=\"https:\/\/vanderloubet.com.br\/deputado\/wp-content\/uploads\/2015\/10\/foto-2015-10-15-atendimento-medico-700x467.jpg 700w, https:\/\/vanderloubet.com.br\/deputado\/wp-content\/uploads\/2015\/10\/foto-2015-10-15-atendimento-medico-350x233.jpg 350w, https:\/\/vanderloubet.com.br\/deputado\/wp-content\/uploads\/2015\/10\/foto-2015-10-15-atendimento-medico-768x512.jpg 768w, https:\/\/vanderloubet.com.br\/deputado\/wp-content\/uploads\/2015\/10\/foto-2015-10-15-atendimento-medico-630x420.jpg 630w, https:\/\/vanderloubet.com.br\/deputado\/wp-content\/uploads\/2015\/10\/foto-2015-10-15-atendimento-medico-696x464.jpg 696w, https:\/\/vanderloubet.com.br\/deputado\/wp-content\/uploads\/2015\/10\/foto-2015-10-15-atendimento-medico.jpg 900w\" sizes=\"(max-width: 700px) 100vw, 700px\" \/><figcaption id=\"caption-attachment-10476\" class=\"wp-caption-text\">Obras v\u00e3o garantir melhor atendimento \u00e0 popula\u00e7\u00e3o<\/figcaption><\/figure>\n<p>No dia 21 de setembro, o munic\u00edpio de Corumb\u00e1 comemorou 237 anos de funda\u00e7\u00e3o. Na ocasi\u00e3o, a Prefeitura anunciou um pacote de obras, dentre as quais est\u00e3o obras na \u00e1rea da sa\u00fade financiadas com recursos de uma emenda de bancada viabilizada pelo deputado federal Vander Loubet no Or\u00e7amento Geral da Uni\u00e3o de 2013.<\/p>\n<p>O valor a ser investido pelo Minist\u00e9rio da Sa\u00fade com a contrapartida do Munic\u00edpio chega a quase R$ 6,5 milh\u00f5es. As obras que foram anunciadas pelo prefeito Paulo Duarte em setembro foram:<\/p>\n<ul>\n<li>Reforma e readequa\u00e7\u00e3o do Centro de Sa\u00fade da Mulher Dr. Nicolau Fragelli (R$ 1,15 milh\u00e3o)<\/li>\n<li>Reforma e readequa\u00e7\u00e3o do Centro Especializado do Centro de Sa\u00fade da Ladeira Cunha e Cruz (mais de R$ 386 mil)<\/li>\n<li>Centro de Acolhimento de Tr\u00e2nsito para usu\u00e1rios do SUS em tratamento &#8211; reforma e readequa\u00e7\u00e3o de pr\u00e9dio da Prefeitura na Rua Jos\u00e9 Fragelli, Bairro Popular Nova (mais de R$ 863 mil)<\/li>\n<li>Centro Integrado de Sa\u00fade e Laborat\u00f3rio de An\u00e1lises Cl\u00ednicas &#8211; reforma e adequa\u00e7\u00e3o do antigo Clube Noroeste na esquina da Rua Porto Carreiro com Rua Frei Mariano, Centro (R$ 950 mil)<\/li>\n<li>Reforma e adequa\u00e7\u00e3o do Centro de Refer\u00eancia em DST\/Aids Dr. Jo\u00e3o de Brito (mais de R$ 575 mil)<\/li>\n<\/ul>\n<p>Al\u00e9m disso, pelo projeto apresentado pela Prefeitura para a emenda, est\u00e3o previstas ainda mais duas importantes obras para a rede de sa\u00fade de Corumb\u00e1:<\/p>\n<ul>\n<li>Reforma e readequa\u00e7\u00e3o do Pronto Socorro Municipal (R$ 1,5 milh\u00e3o)<\/li>\n<li>Reforma e adequa\u00e7\u00e3o do Centro de Controle de Zoonoses &#8211; CCZ (mais de R$ 995 mil)<\/li>\n<\/ul>\n<p>Outra obra que est\u00e1 para ser iniciada pela Prefeitura se refere a uma emenda individual do deputado Vander, apresentada ao Or\u00e7amento da Uni\u00e3o de 2014. S\u00e3o R$ 512 mil para constru\u00e7\u00e3o de uma nova Unidade B\u00e1sica de Sa\u00fade (UBS).<\/p>\n<p>De acordo com a secret\u00e1ria municipal de Sa\u00fade, Dinaci Ranzi, os recursos j\u00e1 foram liberados e a Prefeitura est\u00e1 definindo o local de constru\u00e7\u00e3o da nova unidade. A emenda de Vander ainda contempla o valor de R$ 238 mil, que est\u00e1 para ser liberado e ser\u00e1 usado na aquisi\u00e7\u00e3o de equipamentos para a UBS.<\/p>\n<p><em>(\u00c9der Yanaguita &#8211; Ascom\/Deputado Vander)<\/em><\/p>\n","protected":false},"excerpt":{"rendered":"<p>O valor a ser investido pelo Minist\u00e9rio da Sa\u00fade com a contrapartida do Munic\u00edpio chega a quase R$ 6,5 milh\u00f5es, al\u00e9m de outros R$ 750 mil.<\/p>\n","protected":false},"author":2,"featured_media":10476,"comment_status":"closed","ping_status":"closed","sticky":false,"template":"","format":"standard","meta":{"jetpack_post_was_ever_published":false,"_jetpack_newsletter_access":"","_jetpack_dont_email_post_to_subs":false,"_jetpack_newsletter_tier_id":0,"_jetpack_memberships_contains_paywalled_content":false,"_jetpack_memberships_contains_paid_content":false,"footnotes":""},"categories":[2097,10],"tags":[2127,1803],"class_list":{"0":"post-10475","1":"post","2":"type-post","3":"status-publish","4":"format-standard","5":"has-post-thumbnail","7":"category-municipios-noticias","8":"category-noticias","9":"tag-emenda-parlamentar","10":"tag-saude"},"yoast_head":"<!-- This site is optimized with the Yoast SEO plugin v27.4 - https:\/\/yoast.com\/product\/yoast-seo-wordpress\/ -->\n<title>Corumb\u00e1 se beneficia de grandes obras na sa\u00fade com emendas viabilizadas por Vander<\/title>\n<meta name=\"robots\" content=\"index, follow, max-snippet:-1, max-image-preview:large, max-video-preview:-1\" \/>\n<link rel=\"canonical\" href=\"https:\/\/vanderloubet.com.br\/deputado\/corumba-se-beneficia-de-grandes-obras-na-saude-com-emendas-viabilizadas-por-vander\/\" \/>\n<meta property=\"og:locale\" content=\"pt_BR\" \/>\n<meta property=\"og:type\" content=\"article\" \/>\n<meta property=\"og:title\" content=\"Corumb\u00e1 se beneficia de grandes obras na sa\u00fade com emendas viabilizadas por Vander\" \/>\n<meta property=\"og:description\" content=\"O valor a ser investido pelo Minist\u00e9rio da Sa\u00fade com a contrapartida do Munic\u00edpio chega a quase R$ 6,5 milh\u00f5es, al\u00e9m de outros R$ 750 mil.\" \/>\n<meta property=\"og:url\" content=\"https:\/\/vanderloubet.com.br\/deputado\/corumba-se-beneficia-de-grandes-obras-na-saude-com-emendas-viabilizadas-por-vander\/\" \/>\n<meta property=\"og:site_name\" content=\"Deputado Federal Vander Loubet\" \/>\n<meta property=\"article:publisher\" content=\"https:\/\/facebook.com\/deputadovander\" \/>\n<meta property=\"article:published_time\" content=\"2015-10-15T18:23:35+00:00\" \/>\n<meta property=\"og:image\" content=\"https:\/\/vanderloubet.com.br\/deputado\/wp-content\/uploads\/2015\/10\/foto-2015-10-15-atendimento-medico.jpg\" \/>\n\t<meta property=\"og:image:width\" content=\"900\" \/>\n\t<meta property=\"og:image:height\" content=\"600\" \/>\n\t<meta property=\"og:image:type\" content=\"image\/jpeg\" \/>\n<meta name=\"author\" content=\"\u00c9der\" \/>\n<meta name=\"twitter:card\" content=\"summary_large_image\" \/>\n<meta name=\"twitter:creator\" content=\"@vanderloubet\" \/>\n<meta name=\"twitter:site\" content=\"@vanderloubet\" \/>\n<script type=\"application\/ld+json\" class=\"yoast-schema-graph\">{\"@context\":\"https:\\\/\\\/schema.org\",\"@graph\":[{\"@type\":\"Article\",\"@id\":\"https:\\\/\\\/vanderloubet.com.br\\\/deputado\\\/corumba-se-beneficia-de-grandes-obras-na-saude-com-emendas-viabilizadas-por-vander\\\/#article\",\"isPartOf\":{\"@id\":\"https:\\\/\\\/vanderloubet.com.br\\\/deputado\\\/corumba-se-beneficia-de-grandes-obras-na-saude-com-emendas-viabilizadas-por-vander\\\/\"},\"author\":{\"name\":\"\u00c9der\",\"@id\":\"https:\\\/\\\/vanderloubet.com.br\\\/deputado\\\/#\\\/schema\\\/person\\\/15b51bd564532a8a68d9dec1b8eb890e\"},\"headline\":\"Corumb\u00e1 se beneficia de grandes obras na sa\u00fade com emendas viabilizadas por Vander\",\"datePublished\":\"2015-10-15T18:23:35+00:00\",\"mainEntityOfPage\":{\"@id\":\"https:\\\/\\\/vanderloubet.com.br\\\/deputado\\\/corumba-se-beneficia-de-grandes-obras-na-saude-com-emendas-viabilizadas-por-vander\\\/\"},\"wordCount\":409,\"publisher\":{\"@id\":\"https:\\\/\\\/vanderloubet.com.br\\\/deputado\\\/#organization\"},\"image\":{\"@id\":\"https:\\\/\\\/vanderloubet.com.br\\\/deputado\\\/corumba-se-beneficia-de-grandes-obras-na-saude-com-emendas-viabilizadas-por-vander\\\/#primaryimage\"},\"thumbnailUrl\":\"https:\\\/\\\/vanderloubet.com.br\\\/deputado\\\/wp-content\\\/uploads\\\/2015\\\/10\\\/foto-2015-10-15-atendimento-medico.jpg\",\"keywords\":[\"emenda parlamentar\",\"sa\u00fade\"],\"articleSection\":[\"Munic\u00edpios\",\"Not\u00edcias\"],\"inLanguage\":\"pt-BR\"},{\"@type\":\"WebPage\",\"@id\":\"https:\\\/\\\/vanderloubet.com.br\\\/deputado\\\/corumba-se-beneficia-de-grandes-obras-na-saude-com-emendas-viabilizadas-por-vander\\\/\",\"url\":\"https:\\\/\\\/vanderloubet.com.br\\\/deputado\\\/corumba-se-beneficia-de-grandes-obras-na-saude-com-emendas-viabilizadas-por-vander\\\/\",\"name\":\"Corumb\u00e1 se beneficia de grandes obras na sa\u00fade com emendas viabilizadas por Vander\",\"isPartOf\":{\"@id\":\"https:\\\/\\\/vanderloubet.com.br\\\/deputado\\\/#website\"},\"primaryImageOfPage\":{\"@id\":\"https:\\\/\\\/vanderloubet.com.br\\\/deputado\\\/corumba-se-beneficia-de-grandes-obras-na-saude-com-emendas-viabilizadas-por-vander\\\/#primaryimage\"},\"image\":{\"@id\":\"https:\\\/\\\/vanderloubet.com.br\\\/deputado\\\/corumba-se-beneficia-de-grandes-obras-na-saude-com-emendas-viabilizadas-por-vander\\\/#primaryimage\"},\"thumbnailUrl\":\"https:\\\/\\\/vanderloubet.com.br\\\/deputado\\\/wp-content\\\/uploads\\\/2015\\\/10\\\/foto-2015-10-15-atendimento-medico.jpg\",\"datePublished\":\"2015-10-15T18:23:35+00:00\",\"breadcrumb\":{\"@id\":\"https:\\\/\\\/vanderloubet.com.br\\\/deputado\\\/corumba-se-beneficia-de-grandes-obras-na-saude-com-emendas-viabilizadas-por-vander\\\/#breadcrumb\"},\"inLanguage\":\"pt-BR\",\"potentialAction\":[{\"@type\":\"ReadAction\",\"target\":[\"https:\\\/\\\/vanderloubet.com.br\\\/deputado\\\/corumba-se-beneficia-de-grandes-obras-na-saude-com-emendas-viabilizadas-por-vander\\\/\"]}]},{\"@type\":\"ImageObject\",\"inLanguage\":\"pt-BR\",\"@id\":\"https:\\\/\\\/vanderloubet.com.br\\\/deputado\\\/corumba-se-beneficia-de-grandes-obras-na-saude-com-emendas-viabilizadas-por-vander\\\/#primaryimage\",\"url\":\"https:\\\/\\\/vanderloubet.com.br\\\/deputado\\\/wp-content\\\/uploads\\\/2015\\\/10\\\/foto-2015-10-15-atendimento-medico.jpg\",\"contentUrl\":\"https:\\\/\\\/vanderloubet.com.br\\\/deputado\\\/wp-content\\\/uploads\\\/2015\\\/10\\\/foto-2015-10-15-atendimento-medico.jpg\",\"width\":900,\"height\":600,\"caption\":\"Obras v\u00e3o garantir melhor atendimento \u00e0 popula\u00e7\u00e3o\"},{\"@type\":\"BreadcrumbList\",\"@id\":\"https:\\\/\\\/vanderloubet.com.br\\\/deputado\\\/corumba-se-beneficia-de-grandes-obras-na-saude-com-emendas-viabilizadas-por-vander\\\/#breadcrumb\",\"itemListElement\":[{\"@type\":\"ListItem\",\"position\":1,\"name\":\"In\u00edcio\",\"item\":\"https:\\\/\\\/vanderloubet.com.br\\\/deputado\\\/\"},{\"@type\":\"ListItem\",\"position\":2,\"name\":\"Corumb\u00e1 se beneficia de grandes obras na sa\u00fade com emendas viabilizadas por Vander\"}]},{\"@type\":\"WebSite\",\"@id\":\"https:\\\/\\\/vanderloubet.com.br\\\/deputado\\\/#website\",\"url\":\"https:\\\/\\\/vanderloubet.com.br\\\/deputado\\\/\",\"name\":\"Deputado Federal Vander Loubet\",\"description\":\"O Federal de MS\",\"publisher\":{\"@id\":\"https:\\\/\\\/vanderloubet.com.br\\\/deputado\\\/#organization\"},\"alternateName\":\"Deputado Vander\",\"potentialAction\":[{\"@type\":\"SearchAction\",\"target\":{\"@type\":\"EntryPoint\",\"urlTemplate\":\"https:\\\/\\\/vanderloubet.com.br\\\/deputado\\\/?s={search_term_string}\"},\"query-input\":{\"@type\":\"PropertyValueSpecification\",\"valueRequired\":true,\"valueName\":\"search_term_string\"}}],\"inLanguage\":\"pt-BR\"},{\"@type\":\"Organization\",\"@id\":\"https:\\\/\\\/vanderloubet.com.br\\\/deputado\\\/#organization\",\"name\":\"Deputado Federal Vander Loubet\",\"alternateName\":\"Deputado Vander\",\"url\":\"https:\\\/\\\/vanderloubet.com.br\\\/deputado\\\/\",\"logo\":{\"@type\":\"ImageObject\",\"inLanguage\":\"pt-BR\",\"@id\":\"https:\\\/\\\/vanderloubet.com.br\\\/deputado\\\/#\\\/schema\\\/logo\\\/image\\\/\",\"url\":\"https:\\\/\\\/vanderloubet.com.br\\\/deputado\\\/wp-content\\\/uploads\\\/2023\\\/06\\\/foto-2023-06-19-mandato-deputado-vander.jpg\",\"contentUrl\":\"https:\\\/\\\/vanderloubet.com.br\\\/deputado\\\/wp-content\\\/uploads\\\/2023\\\/06\\\/foto-2023-06-19-mandato-deputado-vander.jpg\",\"width\":1080,\"height\":1080,\"caption\":\"Deputado Federal Vander Loubet\"},\"image\":{\"@id\":\"https:\\\/\\\/vanderloubet.com.br\\\/deputado\\\/#\\\/schema\\\/logo\\\/image\\\/\"},\"sameAs\":[\"https:\\\/\\\/facebook.com\\\/deputadovander\",\"https:\\\/\\\/x.com\\\/vanderloubet\",\"https:\\\/\\\/instagram.com\\\/vanderloubet\",\"https:\\\/\\\/youtube.com\\\/vanderloubet\",\"https:\\\/\\\/tiktok.com\\\/@vanderloubetms\"]},{\"@type\":\"Person\",\"@id\":\"https:\\\/\\\/vanderloubet.com.br\\\/deputado\\\/#\\\/schema\\\/person\\\/15b51bd564532a8a68d9dec1b8eb890e\",\"name\":\"\u00c9der\",\"image\":{\"@type\":\"ImageObject\",\"inLanguage\":\"pt-BR\",\"@id\":\"https:\\\/\\\/vanderloubet.com.br\\\/deputado\\\/wp-content\\\/litespeed\\\/avatar\\\/88ca4090d9d5ab1c9495f6ca03b68efa.jpg?ver=1777058957\",\"url\":\"https:\\\/\\\/vanderloubet.com.br\\\/deputado\\\/wp-content\\\/litespeed\\\/avatar\\\/88ca4090d9d5ab1c9495f6ca03b68efa.jpg?ver=1777058957\",\"contentUrl\":\"https:\\\/\\\/vanderloubet.com.br\\\/deputado\\\/wp-content\\\/litespeed\\\/avatar\\\/88ca4090d9d5ab1c9495f6ca03b68efa.jpg?ver=1777058957\",\"caption\":\"\u00c9der\"}}]}<\/script>\n<!-- \/ Yoast SEO plugin. -->","yoast_head_json":{"title":"Corumb\u00e1 se beneficia de grandes obras na sa\u00fade com emendas viabilizadas por Vander","robots":{"index":"index","follow":"follow","max-snippet":"max-snippet:-1","max-image-preview":"max-image-preview:large","max-video-preview":"max-video-preview:-1"},"canonical":"https:\/\/vanderloubet.com.br\/deputado\/corumba-se-beneficia-de-grandes-obras-na-saude-com-emendas-viabilizadas-por-vander\/","og_locale":"pt_BR","og_type":"article","og_title":"Corumb\u00e1 se beneficia de grandes obras na sa\u00fade com emendas viabilizadas por Vander","og_description":"O valor a ser investido pelo Minist\u00e9rio da Sa\u00fade com a contrapartida do Munic\u00edpio chega a quase R$ 6,5 milh\u00f5es, al\u00e9m de outros R$ 750 mil.","og_url":"https:\/\/vanderloubet.com.br\/deputado\/corumba-se-beneficia-de-grandes-obras-na-saude-com-emendas-viabilizadas-por-vander\/","og_site_name":"Deputado Federal Vander Loubet","article_publisher":"https:\/\/facebook.com\/deputadovander","article_published_time":"2015-10-15T18:23:35+00:00","og_image":[{"width":900,"height":600,"url":"https:\/\/vanderloubet.com.br\/deputado\/wp-content\/uploads\/2015\/10\/foto-2015-10-15-atendimento-medico.jpg","type":"image\/jpeg"}],"author":"\u00c9der","twitter_card":"summary_large_image","twitter_creator":"@vanderloubet","twitter_site":"@vanderloubet","schema":{"@context":"https:\/\/schema.org","@graph":[{"@type":"Article","@id":"https:\/\/vanderloubet.com.br\/deputado\/corumba-se-beneficia-de-grandes-obras-na-saude-com-emendas-viabilizadas-por-vander\/#article","isPartOf":{"@id":"https:\/\/vanderloubet.com.br\/deputado\/corumba-se-beneficia-de-grandes-obras-na-saude-com-emendas-viabilizadas-por-vander\/"},"author":{"name":"\u00c9der","@id":"https:\/\/vanderloubet.com.br\/deputado\/#\/schema\/person\/15b51bd564532a8a68d9dec1b8eb890e"},"headline":"Corumb\u00e1 se beneficia de grandes obras na sa\u00fade com emendas viabilizadas por Vander","datePublished":"2015-10-15T18:23:35+00:00","mainEntityOfPage":{"@id":"https:\/\/vanderloubet.com.br\/deputado\/corumba-se-beneficia-de-grandes-obras-na-saude-com-emendas-viabilizadas-por-vander\/"},"wordCount":409,"publisher":{"@id":"https:\/\/vanderloubet.com.br\/deputado\/#organization"},"image":{"@id":"https:\/\/vanderloubet.com.br\/deputado\/corumba-se-beneficia-de-grandes-obras-na-saude-com-emendas-viabilizadas-por-vander\/#primaryimage"},"thumbnailUrl":"https:\/\/vanderloubet.com.br\/deputado\/wp-content\/uploads\/2015\/10\/foto-2015-10-15-atendimento-medico.jpg","keywords":["emenda parlamentar","sa\u00fade"],"articleSection":["Munic\u00edpios","Not\u00edcias"],"inLanguage":"pt-BR"},{"@type":"WebPage","@id":"https:\/\/vanderloubet.com.br\/deputado\/corumba-se-beneficia-de-grandes-obras-na-saude-com-emendas-viabilizadas-por-vander\/","url":"https:\/\/vanderloubet.com.br\/deputado\/corumba-se-beneficia-de-grandes-obras-na-saude-com-emendas-viabilizadas-por-vander\/","name":"Corumb\u00e1 se beneficia de grandes obras na sa\u00fade com emendas viabilizadas por Vander","isPartOf":{"@id":"https:\/\/vanderloubet.com.br\/deputado\/#website"},"primaryImageOfPage":{"@id":"https:\/\/vanderloubet.com.br\/deputado\/corumba-se-beneficia-de-grandes-obras-na-saude-com-emendas-viabilizadas-por-vander\/#primaryimage"},"image":{"@id":"https:\/\/vanderloubet.com.br\/deputado\/corumba-se-beneficia-de-grandes-obras-na-saude-com-emendas-viabilizadas-por-vander\/#primaryimage"},"thumbnailUrl":"https:\/\/vanderloubet.com.br\/deputado\/wp-content\/uploads\/2015\/10\/foto-2015-10-15-atendimento-medico.jpg","datePublished":"2015-10-15T18:23:35+00:00","breadcrumb":{"@id":"https:\/\/vanderloubet.com.br\/deputado\/corumba-se-beneficia-de-grandes-obras-na-saude-com-emendas-viabilizadas-por-vander\/#breadcrumb"},"inLanguage":"pt-BR","potentialAction":[{"@type":"ReadAction","target":["https:\/\/vanderloubet.com.br\/deputado\/corumba-se-beneficia-de-grandes-obras-na-saude-com-emendas-viabilizadas-por-vander\/"]}]},{"@type":"ImageObject","inLanguage":"pt-BR","@id":"https:\/\/vanderloubet.com.br\/deputado\/corumba-se-beneficia-de-grandes-obras-na-saude-com-emendas-viabilizadas-por-vander\/#primaryimage","url":"https:\/\/vanderloubet.com.br\/deputado\/wp-content\/uploads\/2015\/10\/foto-2015-10-15-atendimento-medico.jpg","contentUrl":"https:\/\/vanderloubet.com.br\/deputado\/wp-content\/uploads\/2015\/10\/foto-2015-10-15-atendimento-medico.jpg","width":900,"height":600,"caption":"Obras v\u00e3o garantir melhor atendimento \u00e0 popula\u00e7\u00e3o"},{"@type":"BreadcrumbList","@id":"https:\/\/vanderloubet.com.br\/deputado\/corumba-se-beneficia-de-grandes-obras-na-saude-com-emendas-viabilizadas-por-vander\/#breadcrumb","itemListElement":[{"@type":"ListItem","position":1,"name":"In\u00edcio","item":"https:\/\/vanderloubet.com.br\/deputado\/"},{"@type":"ListItem","position":2,"name":"Corumb\u00e1 se beneficia de grandes obras na sa\u00fade com emendas viabilizadas por Vander"}]},{"@type":"WebSite","@id":"https:\/\/vanderloubet.com.br\/deputado\/#website","url":"https:\/\/vanderloubet.com.br\/deputado\/","name":"Deputado Federal Vander Loubet","description":"O Federal de MS","publisher":{"@id":"https:\/\/vanderloubet.com.br\/deputado\/#organization"},"alternateName":"Deputado Vander","potentialAction":[{"@type":"SearchAction","target":{"@type":"EntryPoint","urlTemplate":"https:\/\/vanderloubet.com.br\/deputado\/?s={search_term_string}"},"query-input":{"@type":"PropertyValueSpecification","valueRequired":true,"valueName":"search_term_string"}}],"inLanguage":"pt-BR"},{"@type":"Organization","@id":"https:\/\/vanderloubet.com.br\/deputado\/#organization","name":"Deputado Federal Vander Loubet","alternateName":"Deputado Vander","url":"https:\/\/vanderloubet.com.br\/deputado\/","logo":{"@type":"ImageObject","inLanguage":"pt-BR","@id":"https:\/\/vanderloubet.com.br\/deputado\/#\/schema\/logo\/image\/","url":"https:\/\/vanderloubet.com.br\/deputado\/wp-content\/uploads\/2023\/06\/foto-2023-06-19-mandato-deputado-vander.jpg","contentUrl":"https:\/\/vanderloubet.com.br\/deputado\/wp-content\/uploads\/2023\/06\/foto-2023-06-19-mandato-deputado-vander.jpg","width":1080,"height":1080,"caption":"Deputado Federal Vander Loubet"},"image":{"@id":"https:\/\/vanderloubet.com.br\/deputado\/#\/schema\/logo\/image\/"},"sameAs":["https:\/\/facebook.com\/deputadovander","https:\/\/x.com\/vanderloubet","https:\/\/instagram.com\/vanderloubet","https:\/\/youtube.com\/vanderloubet","https:\/\/tiktok.com\/@vanderloubetms"]},{"@type":"Person","@id":"https:\/\/vanderloubet.com.br\/deputado\/#\/schema\/person\/15b51bd564532a8a68d9dec1b8eb890e","name":"\u00c9der","image":{"@type":"ImageObject","inLanguage":"pt-BR","@id":"https:\/\/vanderloubet.com.br\/deputado\/wp-content\/litespeed\/avatar\/88ca4090d9d5ab1c9495f6ca03b68efa.jpg?ver=1777058957","url":"https:\/\/vanderloubet.com.br\/deputado\/wp-content\/litespeed\/avatar\/88ca4090d9d5ab1c9495f6ca03b68efa.jpg?ver=1777058957","contentUrl":"https:\/\/vanderloubet.com.br\/deputado\/wp-content\/litespeed\/avatar\/88ca4090d9d5ab1c9495f6ca03b68efa.jpg?ver=1777058957","caption":"\u00c9der"}}]}},"jetpack_featured_media_url":"https:\/\/vanderloubet.com.br\/deputado\/wp-content\/uploads\/2015\/10\/foto-2015-10-15-atendimento-medico.jpg","jetpack_sharing_enabled":true,"_links":{"self":[{"href":"https:\/\/vanderloubet.com.br\/deputado\/wp-json\/wp\/v2\/posts\/10475","targetHints":{"allow":["GET"]}}],"collection":[{"href":"https:\/\/vanderloubet.com.br\/deputado\/wp-json\/wp\/v2\/posts"}],"about":[{"href":"https:\/\/vanderloubet.com.br\/deputado\/wp-json\/wp\/v2\/types\/post"}],"author":[{"embeddable":true,"href":"https:\/\/vanderloubet.com.br\/deputado\/wp-json\/wp\/v2\/users\/2"}],"replies":[{"embeddable":true,"href":"https:\/\/vanderloubet.com.br\/deputado\/wp-json\/wp\/v2\/comments?post=10475"}],"version-history":[{"count":0,"href":"https:\/\/vanderloubet.com.br\/deputado\/wp-json\/wp\/v2\/posts\/10475\/revisions"}],"wp:featuredmedia":[{"embeddable":true,"href":"https:\/\/vanderloubet.com.br\/deputado\/wp-json\/wp\/v2\/media\/10476"}],"wp:attachment":[{"href":"https:\/\/vanderloubet.com.br\/deputado\/wp-json\/wp\/v2\/media?parent=10475"}],"wp:term":[{"taxonomy":"category","embeddable":true,"href":"https:\/\/vanderloubet.com.br\/deputado\/wp-json\/wp\/v2\/categories?post=10475"},{"taxonomy":"post_tag","embeddable":true,"href":"https:\/\/vanderloubet.com.br\/deputado\/wp-json\/wp\/v2\/tags?post=10475"}],"curies":[{"name":"wp","href":"https:\/\/api.w.org\/{rel}","templated":true}]}}