{"id":10417,"date":"2015-09-18T15:19:33","date_gmt":"2015-09-18T19:19:33","guid":{"rendered":"http:\/\/vanderloubet.com.br\/deputado\/?p=10417"},"modified":"2016-02-02T14:21:42","modified_gmt":"2016-02-02T18:21:42","slug":"vander-comemora-emenda-constitucional-89-e-defende-mais-recursos-para-irrigacao","status":"publish","type":"post","link":"https:\/\/vanderloubet.com.br\/deputado\/vander-comemora-emenda-constitucional-89-e-defende-mais-recursos-para-irrigacao\/","title":{"rendered":"Vander comemora emenda constitucional que prev\u00ea mais recursos para irriga\u00e7\u00e3o"},"content":{"rendered":"\r\n                <style type=\"text\/css\">\r\n                    \r\n                    #tdi_1  .td-doubleSlider-2 .td-item1 {\r\n                        background: url(https:\/\/vanderloubet.com.br\/deputado\/wp-content\/uploads\/2015\/09\/foto-2015-09-18-irrigacao-80x60.jpg) 0 0 no-repeat;\r\n                    }\r\n                    #tdi_1  .td-doubleSlider-2 .td-item2 {\r\n                        background: url(https:\/\/vanderloubet.com.br\/deputado\/wp-content\/uploads\/2015\/09\/foto-2015-09-18-deputado-federal-vander-loubet-80x60.jpg) 0 0 no-repeat;\r\n                    }\r\n                <\/style>\r\n\r\n                <div id=\"tdi_1\" class=\"td-gallery td-slide-on-2-columns\">\r\n                    <div class=\"post_td_gallery\">\r\n                        <div class=\"td-gallery-slide-top\">\r\n                           <div class=\"td-gallery-title\"><\/div>\r\n\r\n                            <div class=\"td-gallery-controls-wrapper\">\r\n                                <div class=\"td-gallery-slide-count\"><span class=\"td-gallery-slide-item-focus\">1<\/span> de 2<\/div>\r\n                                <div class=\"td-gallery-slide-prev-next-but\">\r\n                                    <i class = \"td-icon-left doubleSliderPrevButton\"><\/i>\r\n                                    <i class = \"td-icon-right doubleSliderNextButton\"><\/i>\r\n                                <\/div>\r\n                            <\/div>\r\n                        <\/div>\r\n\r\n                        <div class = \"td-doubleSlider-1 \">\r\n                            <div class = \"td-slider\">\r\n                                \r\n                    <div class = \"td-slide-item td-item1\">\r\n                        <figure class=\"td-slide-galery-figure td-slide-popup-gallery\">\r\n                            <a class=\"slide-gallery-image-link\" href=\"https:\/\/vanderloubet.com.br\/deputado\/wp-content\/uploads\/2015\/09\/foto-2015-09-18-irrigacao.jpg\" title=\"Uni\u00e3o dever\u00e1 destinar ao CO e NE percentuais m\u00ednimos dos recursos para irriga\u00e7\u00e3o at\u00e9 2028\"  data-caption=\"\"  data-description=\"Uni&atilde;o dever&aacute; destinar ao CO e NE percentuais m&iacute;nimos dos recursos para irriga&ccedil;&atilde;o at&eacute; 2028\">\r\n                                <img decoding=\"async\" src=\"https:\/\/vanderloubet.com.br\/deputado\/wp-content\/uploads\/2015\/09\/foto-2015-09-18-irrigacao-709x420.jpg\" srcset=\"https:\/\/vanderloubet.com.br\/deputado\/wp-content\/uploads\/2015\/09\/foto-2015-09-18-irrigacao-709x420.jpg 709w, https:\/\/vanderloubet.com.br\/deputado\/wp-content\/uploads\/2015\/09\/foto-2015-09-18-irrigacao-350x207.jpg 350w, https:\/\/vanderloubet.com.br\/deputado\/wp-content\/uploads\/2015\/09\/foto-2015-09-18-irrigacao-768x455.jpg 768w, https:\/\/vanderloubet.com.br\/deputado\/wp-content\/uploads\/2015\/09\/foto-2015-09-18-irrigacao-700x415.jpg 700w, https:\/\/vanderloubet.com.br\/deputado\/wp-content\/uploads\/2015\/09\/foto-2015-09-18-irrigacao-696x412.jpg 696w, https:\/\/vanderloubet.com.br\/deputado\/wp-content\/uploads\/2015\/09\/foto-2015-09-18-irrigacao-1068x633.jpg 1068w, https:\/\/vanderloubet.com.br\/deputado\/wp-content\/uploads\/2015\/09\/foto-2015-09-18-irrigacao.jpg 1080w\" sizes=\"(max-width: 709px) 100vw, 709px\" alt=\"Uni&atilde;o dever&aacute; destinar ao CO e NE percentuais m&iacute;nimos dos recursos para irriga&ccedil;&atilde;o at&eacute; 2028\">\r\n                            <\/a>\r\n                            <figcaption class = \"td-slide-caption td-gallery-slide-content\"><span>Uni\u00e3o dever\u00e1 destinar ao CO e NE percentuais m\u00ednimos dos recursos para irriga\u00e7\u00e3o at\u00e9 2028<\/span><\/figcaption>\r\n                        <\/figure>\r\n                    <\/div>\r\n                    <div class = \"td-slide-item td-item2\">\r\n                        <figure class=\"td-slide-galery-figure td-slide-popup-gallery\">\r\n                            <a class=\"slide-gallery-image-link\" href=\"https:\/\/vanderloubet.com.br\/deputado\/wp-content\/uploads\/2015\/09\/foto-2015-09-18-deputado-federal-vander-loubet.jpg\" title=\"Deputado Vander Loubet\"  data-caption=\"\"  data-description=\"Deputado Vander Loubet\">\r\n                                <img decoding=\"async\" src=\"https:\/\/vanderloubet.com.br\/deputado\/wp-content\/uploads\/2015\/09\/foto-2015-09-18-deputado-federal-vander-loubet-709x420.jpg\" srcset=\"https:\/\/vanderloubet.com.br\/deputado\/wp-content\/uploads\/2015\/09\/foto-2015-09-18-deputado-federal-vander-loubet-709x420.jpg 709w, https:\/\/vanderloubet.com.br\/deputado\/wp-content\/uploads\/2015\/09\/foto-2015-09-18-deputado-federal-vander-loubet-350x207.jpg 350w, https:\/\/vanderloubet.com.br\/deputado\/wp-content\/uploads\/2015\/09\/foto-2015-09-18-deputado-federal-vander-loubet-768x455.jpg 768w, https:\/\/vanderloubet.com.br\/deputado\/wp-content\/uploads\/2015\/09\/foto-2015-09-18-deputado-federal-vander-loubet-700x415.jpg 700w, https:\/\/vanderloubet.com.br\/deputado\/wp-content\/uploads\/2015\/09\/foto-2015-09-18-deputado-federal-vander-loubet-696x412.jpg 696w, https:\/\/vanderloubet.com.br\/deputado\/wp-content\/uploads\/2015\/09\/foto-2015-09-18-deputado-federal-vander-loubet-1068x633.jpg 1068w, https:\/\/vanderloubet.com.br\/deputado\/wp-content\/uploads\/2015\/09\/foto-2015-09-18-deputado-federal-vander-loubet.jpg 1080w\" sizes=\"(max-width: 709px) 100vw, 709px\" alt=\"Deputado Vander Loubet\">\r\n                            <\/a>\r\n                            <figcaption class = \"td-slide-caption td-gallery-slide-content\"><span>Deputado Vander Loubet<\/span><\/figcaption>\r\n                        <\/figure>\r\n                    <\/div>\r\n                            <\/div>\r\n                        <\/div>\r\n\r\n                        <div class = \"td-doubleSlider-2\">\r\n                            <div class = \"td-slider\">\r\n                                \r\n                    <div class = \"td-button td-item1\">\r\n                        <div class = \"td-border\"><\/div>\r\n                    <\/div>\r\n                    <div class = \"td-button td-item2\">\r\n                        <div class = \"td-border\"><\/div>\r\n                    <\/div>\r\n                            <\/div>\r\n                        <\/div>\r\n\r\n                    <\/div>\r\n\r\n                <\/div>\r\n                \n<p>O deputado federal Vander Loubet (PT-MS) elogiou hoje (18), em Campo Grande, a promulga\u00e7\u00e3o da Emenda Consitucional 89\/2015, no \u00faltimo dia 15. O texto promulgado pelo Congresso Nacional d\u00e1 nova reda\u00e7\u00e3o ao artigo 42 do Ato das Disposi\u00e7\u00f5es Constitucionais Transit\u00f3rias, ampliando o prazo no qual a Uni\u00e3o dever\u00e1 destinar \u00e0s regi\u00f5es Centro-Oeste e Nordeste percentuais m\u00ednimos dos recursos destinados \u00e0 irriga\u00e7\u00e3o.<\/p>\n<p>&#8220;A luta pela aprova\u00e7\u00e3o da PEC que culminou nessa emenda \u00e9 antiga, vem desde 2009. A irriga\u00e7\u00e3o \u00e9 um fator primordial para incentivar a produ\u00e7\u00e3o agropecu\u00e1ria, especialmente no caso dos agricultores familiares. Por isso \u00e9 uma \u00e1rea que precisa ter garantidos os investimentos do Governo Federal, \u00e9 uma \u00e1rea que merece continuar recebendo recursos. Inclusive h\u00e1 que se ampliar a verba destinada para essa finalidade&#8221;, destacou Vander, que desde o seu primeiro mandato na C\u00e2mara tem batalhado por recursos para projetos de irriga\u00e7\u00e3o em Mato Grosso do Sul, especialmente em assentamentos da reforma agr\u00e1ria.<\/p>\n<p>A Constitui\u00e7\u00e3o Federal (CF) de 1988 fixou percentuais m\u00ednimos dos recursos de investimentos p\u00fablicos destinados \u00e0 irriga\u00e7\u00e3o: aplica\u00e7\u00e3o m\u00ednima de 20% na Regi\u00e3o Centro-Oeste e de 50% na Regi\u00e3o Nordeste, preferencialmente no semi\u00e1rido, pelo per\u00edodo de 15 anos. A Emenda Constitucional 43\/2004 ampliou o per\u00edodo inicialmente estabelecido para 25 anos, estendendo-o at\u00e9 2013.<\/p>\n<p>A Proposta de Emenda \u00e0 Constitui\u00e7\u00e3o (PEC) 368\/2009 visava estender esse per\u00edodo para 35 anos, a partir da promulga\u00e7\u00e3o da Constitui\u00e7\u00e3o, prolongando a vig\u00eancia do dispositivo constitucional at\u00e9 2023. Entretanto, ciente da import\u00e2ncia da medida, a Comiss\u00e3o Especial destinada a proferir parecer \u00e0 PEC 368\/2009 &#8211; da qual o deputado Vander Loubet foi membro titular &#8211; decidiu estender ainda mais sua vig\u00eancia. Por isso, ficou estabelecido o per\u00edodo de 40 anos a partir da promulga\u00e7\u00e3o da CF de 1988. Ou seja, o artigo 42 passa a ter vig\u00eancia at\u00e9 2028.<\/p>\n<p>No Brasil, a \u00e1rea irrigada \u00e9 estimada em 3,5 milh\u00f5es de hectares, embora o potencial para a irriga\u00e7\u00e3o supere 20 milh\u00f5es de hectares. Conforme documento publicado em 2006 pelo Banco Mundial, &#8220;Estrat\u00e9gias de Gerenciamento dos Recursos H\u00eddricos no Brasil: \u00c1reas de Coopera\u00e7\u00e3o com o Banco Mundial&#8221;, o investimento governamental brasileiro \u00e9 uma ferramenta de crescimento da agricultura comercial e de desenvolvimento regional. &#8220;Da\u00ed a import\u00e2ncia de ampliarmos o prazo para que a Uni\u00e3o invista nessa \u00e1rea e de lutarmos para que a irriga\u00e7\u00e3o tenha cada vez mais recursos&#8221;, concluiu Vander.<\/p>\n<p><em>(\u00c9der Yanaguita &#8211; Ascom\/Deputado Vander)<\/em><\/p>\n","protected":false},"excerpt":{"rendered":"<p>Deputado foi membro titular da Comiss\u00e3o Especial destinada a proferir parecer \u00e0 PEC 368\/2009, que amplia prazo para Uni\u00e3o investir em irriga\u00e7\u00e3o no Centro-Oeste e Nordeste.<\/p>\n","protected":false},"author":2,"featured_media":10419,"comment_status":"closed","ping_status":"closed","sticky":false,"template":"","format":"standard","meta":{"jetpack_post_was_ever_published":false,"_jetpack_newsletter_access":"","_jetpack_dont_email_post_to_subs":false,"_jetpack_newsletter_tier_id":0,"_jetpack_memberships_contains_paywalled_content":false,"_jetpack_memberships_contains_paid_content":false,"footnotes":""},"categories":[2098,10],"tags":[2132,2279,1514,2300],"class_list":{"0":"post-10417","1":"post","2":"type-post","3":"status-publish","4":"format-standard","5":"has-post-thumbnail","7":"category-brasil-noticias","8":"category-noticias","9":"tag-agricultura-familiar","10":"tag-desenvolvimento-regional","11":"tag-pec","12":"tag-proposta-de-emenda-a-constituicao"},"yoast_head":"<!-- This site is optimized with the Yoast SEO plugin v27.4 - https:\/\/yoast.com\/product\/yoast-seo-wordpress\/ -->\n<title>Vander comemora emenda constitucional que prev\u00ea mais recursos para irriga\u00e7\u00e3o<\/title>\n<meta name=\"robots\" content=\"index, follow, max-snippet:-1, max-image-preview:large, max-video-preview:-1\" \/>\n<link rel=\"canonical\" href=\"https:\/\/vanderloubet.com.br\/deputado\/vander-comemora-emenda-constitucional-89-e-defende-mais-recursos-para-irrigacao\/\" \/>\n<meta property=\"og:locale\" content=\"pt_BR\" \/>\n<meta property=\"og:type\" content=\"article\" \/>\n<meta property=\"og:title\" content=\"Vander comemora emenda constitucional que prev\u00ea mais recursos para irriga\u00e7\u00e3o\" \/>\n<meta property=\"og:description\" content=\"Deputado foi membro titular da Comiss\u00e3o Especial destinada a proferir parecer \u00e0 PEC 368\/2009, que amplia prazo para Uni\u00e3o investir em irriga\u00e7\u00e3o no Centro-Oeste e Nordeste.\" \/>\n<meta property=\"og:url\" content=\"https:\/\/vanderloubet.com.br\/deputado\/vander-comemora-emenda-constitucional-89-e-defende-mais-recursos-para-irrigacao\/\" \/>\n<meta property=\"og:site_name\" content=\"Deputado Federal Vander Loubet\" \/>\n<meta property=\"article:publisher\" content=\"https:\/\/facebook.com\/deputadovander\" \/>\n<meta property=\"article:published_time\" content=\"2015-09-18T19:19:33+00:00\" \/>\n<meta property=\"article:modified_time\" content=\"2016-02-02T18:21:42+00:00\" \/>\n<meta property=\"og:image\" content=\"https:\/\/vanderloubet.com.br\/deputado\/wp-content\/uploads\/2015\/09\/foto-2015-09-18-irrigacao.jpg\" \/>\n\t<meta property=\"og:image:width\" content=\"1080\" \/>\n\t<meta property=\"og:image:height\" content=\"640\" \/>\n\t<meta property=\"og:image:type\" content=\"image\/jpeg\" \/>\n<meta name=\"author\" content=\"\u00c9der\" \/>\n<meta name=\"twitter:card\" content=\"summary_large_image\" \/>\n<meta name=\"twitter:creator\" content=\"@vanderloubet\" \/>\n<meta name=\"twitter:site\" content=\"@vanderloubet\" \/>\n<script type=\"application\/ld+json\" class=\"yoast-schema-graph\">{\"@context\":\"https:\\\/\\\/schema.org\",\"@graph\":[{\"@type\":\"Article\",\"@id\":\"https:\\\/\\\/vanderloubet.com.br\\\/deputado\\\/vander-comemora-emenda-constitucional-89-e-defende-mais-recursos-para-irrigacao\\\/#article\",\"isPartOf\":{\"@id\":\"https:\\\/\\\/vanderloubet.com.br\\\/deputado\\\/vander-comemora-emenda-constitucional-89-e-defende-mais-recursos-para-irrigacao\\\/\"},\"author\":{\"name\":\"\u00c9der\",\"@id\":\"https:\\\/\\\/vanderloubet.com.br\\\/deputado\\\/#\\\/schema\\\/person\\\/15b51bd564532a8a68d9dec1b8eb890e\"},\"headline\":\"Vander comemora emenda constitucional que prev\u00ea mais recursos para irriga\u00e7\u00e3o\",\"datePublished\":\"2015-09-18T19:19:33+00:00\",\"dateModified\":\"2016-02-02T18:21:42+00:00\",\"mainEntityOfPage\":{\"@id\":\"https:\\\/\\\/vanderloubet.com.br\\\/deputado\\\/vander-comemora-emenda-constitucional-89-e-defende-mais-recursos-para-irrigacao\\\/\"},\"wordCount\":427,\"publisher\":{\"@id\":\"https:\\\/\\\/vanderloubet.com.br\\\/deputado\\\/#organization\"},\"image\":{\"@id\":\"https:\\\/\\\/vanderloubet.com.br\\\/deputado\\\/vander-comemora-emenda-constitucional-89-e-defende-mais-recursos-para-irrigacao\\\/#primaryimage\"},\"thumbnailUrl\":\"https:\\\/\\\/vanderloubet.com.br\\\/deputado\\\/wp-content\\\/uploads\\\/2015\\\/09\\\/foto-2015-09-18-irrigacao.jpg\",\"keywords\":[\"agricultura familiar\",\"desenvolvimento regional\",\"pec\",\"proposta de emenda \u00e0 constitui\u00e7\u00e3o\"],\"articleSection\":[\"Brasil\",\"Not\u00edcias\"],\"inLanguage\":\"pt-BR\"},{\"@type\":\"WebPage\",\"@id\":\"https:\\\/\\\/vanderloubet.com.br\\\/deputado\\\/vander-comemora-emenda-constitucional-89-e-defende-mais-recursos-para-irrigacao\\\/\",\"url\":\"https:\\\/\\\/vanderloubet.com.br\\\/deputado\\\/vander-comemora-emenda-constitucional-89-e-defende-mais-recursos-para-irrigacao\\\/\",\"name\":\"Vander comemora emenda constitucional que prev\u00ea mais recursos para irriga\u00e7\u00e3o\",\"isPartOf\":{\"@id\":\"https:\\\/\\\/vanderloubet.com.br\\\/deputado\\\/#website\"},\"primaryImageOfPage\":{\"@id\":\"https:\\\/\\\/vanderloubet.com.br\\\/deputado\\\/vander-comemora-emenda-constitucional-89-e-defende-mais-recursos-para-irrigacao\\\/#primaryimage\"},\"image\":{\"@id\":\"https:\\\/\\\/vanderloubet.com.br\\\/deputado\\\/vander-comemora-emenda-constitucional-89-e-defende-mais-recursos-para-irrigacao\\\/#primaryimage\"},\"thumbnailUrl\":\"https:\\\/\\\/vanderloubet.com.br\\\/deputado\\\/wp-content\\\/uploads\\\/2015\\\/09\\\/foto-2015-09-18-irrigacao.jpg\",\"datePublished\":\"2015-09-18T19:19:33+00:00\",\"dateModified\":\"2016-02-02T18:21:42+00:00\",\"breadcrumb\":{\"@id\":\"https:\\\/\\\/vanderloubet.com.br\\\/deputado\\\/vander-comemora-emenda-constitucional-89-e-defende-mais-recursos-para-irrigacao\\\/#breadcrumb\"},\"inLanguage\":\"pt-BR\",\"potentialAction\":[{\"@type\":\"ReadAction\",\"target\":[\"https:\\\/\\\/vanderloubet.com.br\\\/deputado\\\/vander-comemora-emenda-constitucional-89-e-defende-mais-recursos-para-irrigacao\\\/\"]}]},{\"@type\":\"ImageObject\",\"inLanguage\":\"pt-BR\",\"@id\":\"https:\\\/\\\/vanderloubet.com.br\\\/deputado\\\/vander-comemora-emenda-constitucional-89-e-defende-mais-recursos-para-irrigacao\\\/#primaryimage\",\"url\":\"https:\\\/\\\/vanderloubet.com.br\\\/deputado\\\/wp-content\\\/uploads\\\/2015\\\/09\\\/foto-2015-09-18-irrigacao.jpg\",\"contentUrl\":\"https:\\\/\\\/vanderloubet.com.br\\\/deputado\\\/wp-content\\\/uploads\\\/2015\\\/09\\\/foto-2015-09-18-irrigacao.jpg\",\"width\":1080,\"height\":640,\"caption\":\"Uni\u00e3o dever\u00e1 destinar ao CO e NE percentuais m\u00ednimos dos recursos para irriga\u00e7\u00e3o at\u00e9 2028\"},{\"@type\":\"BreadcrumbList\",\"@id\":\"https:\\\/\\\/vanderloubet.com.br\\\/deputado\\\/vander-comemora-emenda-constitucional-89-e-defende-mais-recursos-para-irrigacao\\\/#breadcrumb\",\"itemListElement\":[{\"@type\":\"ListItem\",\"position\":1,\"name\":\"In\u00edcio\",\"item\":\"https:\\\/\\\/vanderloubet.com.br\\\/deputado\\\/\"},{\"@type\":\"ListItem\",\"position\":2,\"name\":\"Vander comemora emenda constitucional que prev\u00ea mais recursos para irriga\u00e7\u00e3o\"}]},{\"@type\":\"WebSite\",\"@id\":\"https:\\\/\\\/vanderloubet.com.br\\\/deputado\\\/#website\",\"url\":\"https:\\\/\\\/vanderloubet.com.br\\\/deputado\\\/\",\"name\":\"Deputado Federal Vander Loubet\",\"description\":\"O Federal de MS\",\"publisher\":{\"@id\":\"https:\\\/\\\/vanderloubet.com.br\\\/deputado\\\/#organization\"},\"alternateName\":\"Deputado Vander\",\"potentialAction\":[{\"@type\":\"SearchAction\",\"target\":{\"@type\":\"EntryPoint\",\"urlTemplate\":\"https:\\\/\\\/vanderloubet.com.br\\\/deputado\\\/?s={search_term_string}\"},\"query-input\":{\"@type\":\"PropertyValueSpecification\",\"valueRequired\":true,\"valueName\":\"search_term_string\"}}],\"inLanguage\":\"pt-BR\"},{\"@type\":\"Organization\",\"@id\":\"https:\\\/\\\/vanderloubet.com.br\\\/deputado\\\/#organization\",\"name\":\"Deputado Federal Vander Loubet\",\"alternateName\":\"Deputado Vander\",\"url\":\"https:\\\/\\\/vanderloubet.com.br\\\/deputado\\\/\",\"logo\":{\"@type\":\"ImageObject\",\"inLanguage\":\"pt-BR\",\"@id\":\"https:\\\/\\\/vanderloubet.com.br\\\/deputado\\\/#\\\/schema\\\/logo\\\/image\\\/\",\"url\":\"https:\\\/\\\/vanderloubet.com.br\\\/deputado\\\/wp-content\\\/uploads\\\/2023\\\/06\\\/foto-2023-06-19-mandato-deputado-vander.jpg\",\"contentUrl\":\"https:\\\/\\\/vanderloubet.com.br\\\/deputado\\\/wp-content\\\/uploads\\\/2023\\\/06\\\/foto-2023-06-19-mandato-deputado-vander.jpg\",\"width\":1080,\"height\":1080,\"caption\":\"Deputado Federal Vander Loubet\"},\"image\":{\"@id\":\"https:\\\/\\\/vanderloubet.com.br\\\/deputado\\\/#\\\/schema\\\/logo\\\/image\\\/\"},\"sameAs\":[\"https:\\\/\\\/facebook.com\\\/deputadovander\",\"https:\\\/\\\/x.com\\\/vanderloubet\",\"https:\\\/\\\/instagram.com\\\/vanderloubet\",\"https:\\\/\\\/youtube.com\\\/vanderloubet\",\"https:\\\/\\\/tiktok.com\\\/@vanderloubetms\"]},{\"@type\":\"Person\",\"@id\":\"https:\\\/\\\/vanderloubet.com.br\\\/deputado\\\/#\\\/schema\\\/person\\\/15b51bd564532a8a68d9dec1b8eb890e\",\"name\":\"\u00c9der\",\"image\":{\"@type\":\"ImageObject\",\"inLanguage\":\"pt-BR\",\"@id\":\"https:\\\/\\\/vanderloubet.com.br\\\/deputado\\\/wp-content\\\/litespeed\\\/avatar\\\/88ca4090d9d5ab1c9495f6ca03b68efa.jpg?ver=1777058957\",\"url\":\"https:\\\/\\\/vanderloubet.com.br\\\/deputado\\\/wp-content\\\/litespeed\\\/avatar\\\/88ca4090d9d5ab1c9495f6ca03b68efa.jpg?ver=1777058957\",\"contentUrl\":\"https:\\\/\\\/vanderloubet.com.br\\\/deputado\\\/wp-content\\\/litespeed\\\/avatar\\\/88ca4090d9d5ab1c9495f6ca03b68efa.jpg?ver=1777058957\",\"caption\":\"\u00c9der\"}}]}<\/script>\n<!-- \/ Yoast SEO plugin. -->","yoast_head_json":{"title":"Vander comemora emenda constitucional que prev\u00ea mais recursos para irriga\u00e7\u00e3o","robots":{"index":"index","follow":"follow","max-snippet":"max-snippet:-1","max-image-preview":"max-image-preview:large","max-video-preview":"max-video-preview:-1"},"canonical":"https:\/\/vanderloubet.com.br\/deputado\/vander-comemora-emenda-constitucional-89-e-defende-mais-recursos-para-irrigacao\/","og_locale":"pt_BR","og_type":"article","og_title":"Vander comemora emenda constitucional que prev\u00ea mais recursos para irriga\u00e7\u00e3o","og_description":"Deputado foi membro titular da Comiss\u00e3o Especial destinada a proferir parecer \u00e0 PEC 368\/2009, que amplia prazo para Uni\u00e3o investir em irriga\u00e7\u00e3o no Centro-Oeste e Nordeste.","og_url":"https:\/\/vanderloubet.com.br\/deputado\/vander-comemora-emenda-constitucional-89-e-defende-mais-recursos-para-irrigacao\/","og_site_name":"Deputado Federal Vander Loubet","article_publisher":"https:\/\/facebook.com\/deputadovander","article_published_time":"2015-09-18T19:19:33+00:00","article_modified_time":"2016-02-02T18:21:42+00:00","og_image":[{"width":1080,"height":640,"url":"https:\/\/vanderloubet.com.br\/deputado\/wp-content\/uploads\/2015\/09\/foto-2015-09-18-irrigacao.jpg","type":"image\/jpeg"}],"author":"\u00c9der","twitter_card":"summary_large_image","twitter_creator":"@vanderloubet","twitter_site":"@vanderloubet","schema":{"@context":"https:\/\/schema.org","@graph":[{"@type":"Article","@id":"https:\/\/vanderloubet.com.br\/deputado\/vander-comemora-emenda-constitucional-89-e-defende-mais-recursos-para-irrigacao\/#article","isPartOf":{"@id":"https:\/\/vanderloubet.com.br\/deputado\/vander-comemora-emenda-constitucional-89-e-defende-mais-recursos-para-irrigacao\/"},"author":{"name":"\u00c9der","@id":"https:\/\/vanderloubet.com.br\/deputado\/#\/schema\/person\/15b51bd564532a8a68d9dec1b8eb890e"},"headline":"Vander comemora emenda constitucional que prev\u00ea mais recursos para irriga\u00e7\u00e3o","datePublished":"2015-09-18T19:19:33+00:00","dateModified":"2016-02-02T18:21:42+00:00","mainEntityOfPage":{"@id":"https:\/\/vanderloubet.com.br\/deputado\/vander-comemora-emenda-constitucional-89-e-defende-mais-recursos-para-irrigacao\/"},"wordCount":427,"publisher":{"@id":"https:\/\/vanderloubet.com.br\/deputado\/#organization"},"image":{"@id":"https:\/\/vanderloubet.com.br\/deputado\/vander-comemora-emenda-constitucional-89-e-defende-mais-recursos-para-irrigacao\/#primaryimage"},"thumbnailUrl":"https:\/\/vanderloubet.com.br\/deputado\/wp-content\/uploads\/2015\/09\/foto-2015-09-18-irrigacao.jpg","keywords":["agricultura familiar","desenvolvimento regional","pec","proposta de emenda \u00e0 constitui\u00e7\u00e3o"],"articleSection":["Brasil","Not\u00edcias"],"inLanguage":"pt-BR"},{"@type":"WebPage","@id":"https:\/\/vanderloubet.com.br\/deputado\/vander-comemora-emenda-constitucional-89-e-defende-mais-recursos-para-irrigacao\/","url":"https:\/\/vanderloubet.com.br\/deputado\/vander-comemora-emenda-constitucional-89-e-defende-mais-recursos-para-irrigacao\/","name":"Vander comemora emenda constitucional que prev\u00ea mais recursos para irriga\u00e7\u00e3o","isPartOf":{"@id":"https:\/\/vanderloubet.com.br\/deputado\/#website"},"primaryImageOfPage":{"@id":"https:\/\/vanderloubet.com.br\/deputado\/vander-comemora-emenda-constitucional-89-e-defende-mais-recursos-para-irrigacao\/#primaryimage"},"image":{"@id":"https:\/\/vanderloubet.com.br\/deputado\/vander-comemora-emenda-constitucional-89-e-defende-mais-recursos-para-irrigacao\/#primaryimage"},"thumbnailUrl":"https:\/\/vanderloubet.com.br\/deputado\/wp-content\/uploads\/2015\/09\/foto-2015-09-18-irrigacao.jpg","datePublished":"2015-09-18T19:19:33+00:00","dateModified":"2016-02-02T18:21:42+00:00","breadcrumb":{"@id":"https:\/\/vanderloubet.com.br\/deputado\/vander-comemora-emenda-constitucional-89-e-defende-mais-recursos-para-irrigacao\/#breadcrumb"},"inLanguage":"pt-BR","potentialAction":[{"@type":"ReadAction","target":["https:\/\/vanderloubet.com.br\/deputado\/vander-comemora-emenda-constitucional-89-e-defende-mais-recursos-para-irrigacao\/"]}]},{"@type":"ImageObject","inLanguage":"pt-BR","@id":"https:\/\/vanderloubet.com.br\/deputado\/vander-comemora-emenda-constitucional-89-e-defende-mais-recursos-para-irrigacao\/#primaryimage","url":"https:\/\/vanderloubet.com.br\/deputado\/wp-content\/uploads\/2015\/09\/foto-2015-09-18-irrigacao.jpg","contentUrl":"https:\/\/vanderloubet.com.br\/deputado\/wp-content\/uploads\/2015\/09\/foto-2015-09-18-irrigacao.jpg","width":1080,"height":640,"caption":"Uni\u00e3o dever\u00e1 destinar ao CO e NE percentuais m\u00ednimos dos recursos para irriga\u00e7\u00e3o at\u00e9 2028"},{"@type":"BreadcrumbList","@id":"https:\/\/vanderloubet.com.br\/deputado\/vander-comemora-emenda-constitucional-89-e-defende-mais-recursos-para-irrigacao\/#breadcrumb","itemListElement":[{"@type":"ListItem","position":1,"name":"In\u00edcio","item":"https:\/\/vanderloubet.com.br\/deputado\/"},{"@type":"ListItem","position":2,"name":"Vander comemora emenda constitucional que prev\u00ea mais recursos para irriga\u00e7\u00e3o"}]},{"@type":"WebSite","@id":"https:\/\/vanderloubet.com.br\/deputado\/#website","url":"https:\/\/vanderloubet.com.br\/deputado\/","name":"Deputado Federal Vander Loubet","description":"O Federal de MS","publisher":{"@id":"https:\/\/vanderloubet.com.br\/deputado\/#organization"},"alternateName":"Deputado Vander","potentialAction":[{"@type":"SearchAction","target":{"@type":"EntryPoint","urlTemplate":"https:\/\/vanderloubet.com.br\/deputado\/?s={search_term_string}"},"query-input":{"@type":"PropertyValueSpecification","valueRequired":true,"valueName":"search_term_string"}}],"inLanguage":"pt-BR"},{"@type":"Organization","@id":"https:\/\/vanderloubet.com.br\/deputado\/#organization","name":"Deputado Federal Vander Loubet","alternateName":"Deputado Vander","url":"https:\/\/vanderloubet.com.br\/deputado\/","logo":{"@type":"ImageObject","inLanguage":"pt-BR","@id":"https:\/\/vanderloubet.com.br\/deputado\/#\/schema\/logo\/image\/","url":"https:\/\/vanderloubet.com.br\/deputado\/wp-content\/uploads\/2023\/06\/foto-2023-06-19-mandato-deputado-vander.jpg","contentUrl":"https:\/\/vanderloubet.com.br\/deputado\/wp-content\/uploads\/2023\/06\/foto-2023-06-19-mandato-deputado-vander.jpg","width":1080,"height":1080,"caption":"Deputado Federal Vander Loubet"},"image":{"@id":"https:\/\/vanderloubet.com.br\/deputado\/#\/schema\/logo\/image\/"},"sameAs":["https:\/\/facebook.com\/deputadovander","https:\/\/x.com\/vanderloubet","https:\/\/instagram.com\/vanderloubet","https:\/\/youtube.com\/vanderloubet","https:\/\/tiktok.com\/@vanderloubetms"]},{"@type":"Person","@id":"https:\/\/vanderloubet.com.br\/deputado\/#\/schema\/person\/15b51bd564532a8a68d9dec1b8eb890e","name":"\u00c9der","image":{"@type":"ImageObject","inLanguage":"pt-BR","@id":"https:\/\/vanderloubet.com.br\/deputado\/wp-content\/litespeed\/avatar\/88ca4090d9d5ab1c9495f6ca03b68efa.jpg?ver=1777058957","url":"https:\/\/vanderloubet.com.br\/deputado\/wp-content\/litespeed\/avatar\/88ca4090d9d5ab1c9495f6ca03b68efa.jpg?ver=1777058957","contentUrl":"https:\/\/vanderloubet.com.br\/deputado\/wp-content\/litespeed\/avatar\/88ca4090d9d5ab1c9495f6ca03b68efa.jpg?ver=1777058957","caption":"\u00c9der"}}]}},"jetpack_featured_media_url":"https:\/\/vanderloubet.com.br\/deputado\/wp-content\/uploads\/2015\/09\/foto-2015-09-18-irrigacao.jpg","jetpack_sharing_enabled":true,"_links":{"self":[{"href":"https:\/\/vanderloubet.com.br\/deputado\/wp-json\/wp\/v2\/posts\/10417","targetHints":{"allow":["GET"]}}],"collection":[{"href":"https:\/\/vanderloubet.com.br\/deputado\/wp-json\/wp\/v2\/posts"}],"about":[{"href":"https:\/\/vanderloubet.com.br\/deputado\/wp-json\/wp\/v2\/types\/post"}],"author":[{"embeddable":true,"href":"https:\/\/vanderloubet.com.br\/deputado\/wp-json\/wp\/v2\/users\/2"}],"replies":[{"embeddable":true,"href":"https:\/\/vanderloubet.com.br\/deputado\/wp-json\/wp\/v2\/comments?post=10417"}],"version-history":[{"count":0,"href":"https:\/\/vanderloubet.com.br\/deputado\/wp-json\/wp\/v2\/posts\/10417\/revisions"}],"wp:featuredmedia":[{"embeddable":true,"href":"https:\/\/vanderloubet.com.br\/deputado\/wp-json\/wp\/v2\/media\/10419"}],"wp:attachment":[{"href":"https:\/\/vanderloubet.com.br\/deputado\/wp-json\/wp\/v2\/media?parent=10417"}],"wp:term":[{"taxonomy":"category","embeddable":true,"href":"https:\/\/vanderloubet.com.br\/deputado\/wp-json\/wp\/v2\/categories?post=10417"},{"taxonomy":"post_tag","embeddable":true,"href":"https:\/\/vanderloubet.com.br\/deputado\/wp-json\/wp\/v2\/tags?post=10417"}],"curies":[{"name":"wp","href":"https:\/\/api.w.org\/{rel}","templated":true}]}}