{"id":10412,"date":"2015-08-24T07:35:42","date_gmt":"2015-08-24T11:35:42","guid":{"rendered":"http:\/\/vanderloubet.com.br\/deputado\/?p=10412"},"modified":"2015-09-13T18:30:21","modified_gmt":"2015-09-13T22:30:21","slug":"guia-lopes-da-laguna-licita-obra-de-praca-viabilizada-por-emenda-de-vander","status":"publish","type":"post","link":"https:\/\/vanderloubet.com.br\/deputado\/guia-lopes-da-laguna-licita-obra-de-praca-viabilizada-por-emenda-de-vander\/","title":{"rendered":"Guia Lopes da Laguna licita obra de pra\u00e7a viabilizada por emenda de Vander"},"content":{"rendered":"<figure id=\"attachment_10413\" aria-describedby=\"caption-attachment-10413\" style=\"width: 700px\" class=\"wp-caption alignnone\"><img decoding=\"async\" class=\"wp-image-10413 size-large\" title=\"Projeto da pra\u00e7a prev\u00ea infraestrutura para eventos e pr\u00e1ticas de esporte e lazer\" src=\"http:\/\/vanderloubet.com.br\/deputado\/wp-content\/uploads\/2015\/09\/foto-2015-08-24-projeto-praca-guia-lopes-laguna-700x525.jpg\" alt=\"Projeto da pra\u00e7a prev\u00ea infraestrutura para eventos e pr\u00e1ticas de esporte e lazer\" width=\"700\" height=\"525\" srcset=\"https:\/\/vanderloubet.com.br\/deputado\/wp-content\/uploads\/2015\/09\/foto-2015-08-24-projeto-praca-guia-lopes-laguna-700x525.jpg 700w, https:\/\/vanderloubet.com.br\/deputado\/wp-content\/uploads\/2015\/09\/foto-2015-08-24-projeto-praca-guia-lopes-laguna-350x263.jpg 350w, https:\/\/vanderloubet.com.br\/deputado\/wp-content\/uploads\/2015\/09\/foto-2015-08-24-projeto-praca-guia-lopes-laguna-768x576.jpg 768w, https:\/\/vanderloubet.com.br\/deputado\/wp-content\/uploads\/2015\/09\/foto-2015-08-24-projeto-praca-guia-lopes-laguna-560x420.jpg 560w, https:\/\/vanderloubet.com.br\/deputado\/wp-content\/uploads\/2015\/09\/foto-2015-08-24-projeto-praca-guia-lopes-laguna-80x60.jpg 80w, https:\/\/vanderloubet.com.br\/deputado\/wp-content\/uploads\/2015\/09\/foto-2015-08-24-projeto-praca-guia-lopes-laguna-696x522.jpg 696w, https:\/\/vanderloubet.com.br\/deputado\/wp-content\/uploads\/2015\/09\/foto-2015-08-24-projeto-praca-guia-lopes-laguna-1068x801.jpg 1068w, https:\/\/vanderloubet.com.br\/deputado\/wp-content\/uploads\/2015\/09\/foto-2015-08-24-projeto-praca-guia-lopes-laguna-265x198.jpg 265w, https:\/\/vanderloubet.com.br\/deputado\/wp-content\/uploads\/2015\/09\/foto-2015-08-24-projeto-praca-guia-lopes-laguna.jpg 1080w\" sizes=\"(max-width: 700px) 100vw, 700px\" \/><figcaption id=\"caption-attachment-10413\" class=\"wp-caption-text\">Projeto da pra\u00e7a prev\u00ea infraestrutura para eventos e pr\u00e1ticas de esporte e lazer<\/figcaption><\/figure>\n<p>A Prefeitura de Guia Lopes da Laguna divulgou que a obra da Pra\u00e7a de Eventos da cidade j\u00e1 est\u00e1 em processo de licita\u00e7\u00e3o. A constru\u00e7\u00e3o est\u00e1 sendo viabilizada gra\u00e7as a uma emenda parlamentar de quase R$ 1 milh\u00e3o do deputado federal Vander Loubet pelo Minist\u00e9rio do Turismo e atende a uma reivindica\u00e7\u00e3o do prefeito J\u00e1como Dagostin e do vice-prefeito Ney Mar\u00e7al.<\/p>\n<p>De acordo com o projeto, a Pra\u00e7a de Eventos ser\u00e1 constru\u00edda na \u00e1rea compreendida pelas ruas Visconde de Taunay, Antonio Oliveira de Flores, Castro Alves, Ronolfo Pereira da Silva e General C\u00e2mara, no Bairro Planalto, pr\u00f3ximo ao Centro. Para o prefeito, &#8220;esta obra ser\u00e1 um lindo cart\u00e3o de visita para Guia Lopes da Laguna&#8221;.<\/p>\n<p><em>(Fonte: Prefeitura de Guia Lopes da Laguna)<\/em><\/p>\n","protected":false},"excerpt":{"rendered":"<p>Recurso junto ao Minist\u00e9rio do Turismo chega a quase R$ 1 milh\u00e3o. Prefeito destaca que pra\u00e7a ser\u00e1 um lindo cart\u00e3o de visita da cidade.<\/p>\n","protected":false},"author":2,"featured_media":10413,"comment_status":"closed","ping_status":"closed","sticky":false,"template":"","format":"standard","meta":{"jetpack_post_was_ever_published":false,"_jetpack_newsletter_access":"","_jetpack_dont_email_post_to_subs":false,"_jetpack_newsletter_tier_id":0,"_jetpack_memberships_contains_paywalled_content":false,"_jetpack_memberships_contains_paid_content":false,"footnotes":""},"categories":[2097,10],"tags":[2127,2305],"class_list":{"0":"post-10412","1":"post","2":"type-post","3":"status-publish","4":"format-standard","5":"has-post-thumbnail","7":"category-municipios-noticias","8":"category-noticias","9":"tag-emenda-parlamentar","10":"tag-esporte-e-lazer"},"yoast_head":"<!-- This site is optimized with the Yoast SEO plugin v27.4 - https:\/\/yoast.com\/product\/yoast-seo-wordpress\/ -->\n<title>Guia Lopes da Laguna licita obra de pra\u00e7a viabilizada por emenda de Vander<\/title>\n<meta name=\"robots\" content=\"index, follow, max-snippet:-1, max-image-preview:large, max-video-preview:-1\" \/>\n<link rel=\"canonical\" href=\"http:\/\/vanderloubet.com.br\/deputado\/guia-lopes-da-laguna-licita-obra-de-praca-viabilizada-por-emenda-de-vander\/\" \/>\n<meta property=\"og:locale\" content=\"pt_BR\" \/>\n<meta property=\"og:type\" content=\"article\" \/>\n<meta property=\"og:title\" content=\"Guia Lopes da Laguna licita obra de pra\u00e7a viabilizada por emenda de Vander\" \/>\n<meta property=\"og:description\" content=\"Recurso junto ao Minist\u00e9rio do Turismo chega a quase R$ 1 milh\u00e3o. Prefeito destaca que pra\u00e7a ser\u00e1 um lindo cart\u00e3o de visita da cidade.\" \/>\n<meta property=\"og:url\" content=\"http:\/\/vanderloubet.com.br\/deputado\/guia-lopes-da-laguna-licita-obra-de-praca-viabilizada-por-emenda-de-vander\/\" \/>\n<meta property=\"og:site_name\" content=\"Deputado Federal Vander Loubet\" \/>\n<meta property=\"article:publisher\" content=\"https:\/\/facebook.com\/deputadovander\" \/>\n<meta property=\"article:published_time\" content=\"2015-08-24T11:35:42+00:00\" \/>\n<meta property=\"article:modified_time\" content=\"2015-09-13T22:30:21+00:00\" \/>\n<meta property=\"og:image\" content=\"http:\/\/vanderloubet.com.br\/deputado\/wp-content\/uploads\/2015\/09\/foto-2015-08-24-projeto-praca-guia-lopes-laguna.jpg\" \/>\n\t<meta property=\"og:image:width\" content=\"1080\" \/>\n\t<meta property=\"og:image:height\" content=\"810\" \/>\n\t<meta property=\"og:image:type\" content=\"image\/jpeg\" \/>\n<meta name=\"author\" content=\"\u00c9der\" \/>\n<meta name=\"twitter:card\" content=\"summary_large_image\" \/>\n<meta name=\"twitter:creator\" content=\"@vanderloubet\" \/>\n<meta name=\"twitter:site\" content=\"@vanderloubet\" \/>\n<script type=\"application\/ld+json\" class=\"yoast-schema-graph\">{\"@context\":\"https:\\\/\\\/schema.org\",\"@graph\":[{\"@type\":\"Article\",\"@id\":\"http:\\\/\\\/vanderloubet.com.br\\\/deputado\\\/guia-lopes-da-laguna-licita-obra-de-praca-viabilizada-por-emenda-de-vander\\\/#article\",\"isPartOf\":{\"@id\":\"http:\\\/\\\/vanderloubet.com.br\\\/deputado\\\/guia-lopes-da-laguna-licita-obra-de-praca-viabilizada-por-emenda-de-vander\\\/\"},\"author\":{\"name\":\"\u00c9der\",\"@id\":\"https:\\\/\\\/vanderloubet.com.br\\\/deputado\\\/#\\\/schema\\\/person\\\/15b51bd564532a8a68d9dec1b8eb890e\"},\"headline\":\"Guia Lopes da Laguna licita obra de pra\u00e7a viabilizada por emenda de Vander\",\"datePublished\":\"2015-08-24T11:35:42+00:00\",\"dateModified\":\"2015-09-13T22:30:21+00:00\",\"mainEntityOfPage\":{\"@id\":\"http:\\\/\\\/vanderloubet.com.br\\\/deputado\\\/guia-lopes-da-laguna-licita-obra-de-praca-viabilizada-por-emenda-de-vander\\\/\"},\"wordCount\":171,\"publisher\":{\"@id\":\"https:\\\/\\\/vanderloubet.com.br\\\/deputado\\\/#organization\"},\"image\":{\"@id\":\"http:\\\/\\\/vanderloubet.com.br\\\/deputado\\\/guia-lopes-da-laguna-licita-obra-de-praca-viabilizada-por-emenda-de-vander\\\/#primaryimage\"},\"thumbnailUrl\":\"https:\\\/\\\/vanderloubet.com.br\\\/deputado\\\/wp-content\\\/uploads\\\/2015\\\/09\\\/foto-2015-08-24-projeto-praca-guia-lopes-laguna.jpg\",\"keywords\":[\"emenda parlamentar\",\"esporte e lazer\"],\"articleSection\":[\"Munic\u00edpios\",\"Not\u00edcias\"],\"inLanguage\":\"pt-BR\"},{\"@type\":\"WebPage\",\"@id\":\"http:\\\/\\\/vanderloubet.com.br\\\/deputado\\\/guia-lopes-da-laguna-licita-obra-de-praca-viabilizada-por-emenda-de-vander\\\/\",\"url\":\"http:\\\/\\\/vanderloubet.com.br\\\/deputado\\\/guia-lopes-da-laguna-licita-obra-de-praca-viabilizada-por-emenda-de-vander\\\/\",\"name\":\"Guia Lopes da Laguna licita obra de pra\u00e7a viabilizada por emenda de Vander\",\"isPartOf\":{\"@id\":\"https:\\\/\\\/vanderloubet.com.br\\\/deputado\\\/#website\"},\"primaryImageOfPage\":{\"@id\":\"http:\\\/\\\/vanderloubet.com.br\\\/deputado\\\/guia-lopes-da-laguna-licita-obra-de-praca-viabilizada-por-emenda-de-vander\\\/#primaryimage\"},\"image\":{\"@id\":\"http:\\\/\\\/vanderloubet.com.br\\\/deputado\\\/guia-lopes-da-laguna-licita-obra-de-praca-viabilizada-por-emenda-de-vander\\\/#primaryimage\"},\"thumbnailUrl\":\"https:\\\/\\\/vanderloubet.com.br\\\/deputado\\\/wp-content\\\/uploads\\\/2015\\\/09\\\/foto-2015-08-24-projeto-praca-guia-lopes-laguna.jpg\",\"datePublished\":\"2015-08-24T11:35:42+00:00\",\"dateModified\":\"2015-09-13T22:30:21+00:00\",\"breadcrumb\":{\"@id\":\"http:\\\/\\\/vanderloubet.com.br\\\/deputado\\\/guia-lopes-da-laguna-licita-obra-de-praca-viabilizada-por-emenda-de-vander\\\/#breadcrumb\"},\"inLanguage\":\"pt-BR\",\"potentialAction\":[{\"@type\":\"ReadAction\",\"target\":[\"http:\\\/\\\/vanderloubet.com.br\\\/deputado\\\/guia-lopes-da-laguna-licita-obra-de-praca-viabilizada-por-emenda-de-vander\\\/\"]}]},{\"@type\":\"ImageObject\",\"inLanguage\":\"pt-BR\",\"@id\":\"http:\\\/\\\/vanderloubet.com.br\\\/deputado\\\/guia-lopes-da-laguna-licita-obra-de-praca-viabilizada-por-emenda-de-vander\\\/#primaryimage\",\"url\":\"https:\\\/\\\/vanderloubet.com.br\\\/deputado\\\/wp-content\\\/uploads\\\/2015\\\/09\\\/foto-2015-08-24-projeto-praca-guia-lopes-laguna.jpg\",\"contentUrl\":\"https:\\\/\\\/vanderloubet.com.br\\\/deputado\\\/wp-content\\\/uploads\\\/2015\\\/09\\\/foto-2015-08-24-projeto-praca-guia-lopes-laguna.jpg\",\"width\":1080,\"height\":810,\"caption\":\"Projeto da pra\u00e7a prev\u00ea infraestrutura para eventos e pr\u00e1ticas de esporte e lazer\"},{\"@type\":\"BreadcrumbList\",\"@id\":\"http:\\\/\\\/vanderloubet.com.br\\\/deputado\\\/guia-lopes-da-laguna-licita-obra-de-praca-viabilizada-por-emenda-de-vander\\\/#breadcrumb\",\"itemListElement\":[{\"@type\":\"ListItem\",\"position\":1,\"name\":\"In\u00edcio\",\"item\":\"https:\\\/\\\/vanderloubet.com.br\\\/deputado\\\/\"},{\"@type\":\"ListItem\",\"position\":2,\"name\":\"Guia Lopes da Laguna licita obra de pra\u00e7a viabilizada por emenda de Vander\"}]},{\"@type\":\"WebSite\",\"@id\":\"https:\\\/\\\/vanderloubet.com.br\\\/deputado\\\/#website\",\"url\":\"https:\\\/\\\/vanderloubet.com.br\\\/deputado\\\/\",\"name\":\"Deputado Federal Vander Loubet\",\"description\":\"O Federal de MS\",\"publisher\":{\"@id\":\"https:\\\/\\\/vanderloubet.com.br\\\/deputado\\\/#organization\"},\"alternateName\":\"Deputado Vander\",\"potentialAction\":[{\"@type\":\"SearchAction\",\"target\":{\"@type\":\"EntryPoint\",\"urlTemplate\":\"https:\\\/\\\/vanderloubet.com.br\\\/deputado\\\/?s={search_term_string}\"},\"query-input\":{\"@type\":\"PropertyValueSpecification\",\"valueRequired\":true,\"valueName\":\"search_term_string\"}}],\"inLanguage\":\"pt-BR\"},{\"@type\":\"Organization\",\"@id\":\"https:\\\/\\\/vanderloubet.com.br\\\/deputado\\\/#organization\",\"name\":\"Deputado Federal Vander Loubet\",\"alternateName\":\"Deputado Vander\",\"url\":\"https:\\\/\\\/vanderloubet.com.br\\\/deputado\\\/\",\"logo\":{\"@type\":\"ImageObject\",\"inLanguage\":\"pt-BR\",\"@id\":\"https:\\\/\\\/vanderloubet.com.br\\\/deputado\\\/#\\\/schema\\\/logo\\\/image\\\/\",\"url\":\"https:\\\/\\\/vanderloubet.com.br\\\/deputado\\\/wp-content\\\/uploads\\\/2023\\\/06\\\/foto-2023-06-19-mandato-deputado-vander.jpg\",\"contentUrl\":\"https:\\\/\\\/vanderloubet.com.br\\\/deputado\\\/wp-content\\\/uploads\\\/2023\\\/06\\\/foto-2023-06-19-mandato-deputado-vander.jpg\",\"width\":1080,\"height\":1080,\"caption\":\"Deputado Federal Vander Loubet\"},\"image\":{\"@id\":\"https:\\\/\\\/vanderloubet.com.br\\\/deputado\\\/#\\\/schema\\\/logo\\\/image\\\/\"},\"sameAs\":[\"https:\\\/\\\/facebook.com\\\/deputadovander\",\"https:\\\/\\\/x.com\\\/vanderloubet\",\"https:\\\/\\\/instagram.com\\\/vanderloubet\",\"https:\\\/\\\/youtube.com\\\/vanderloubet\",\"https:\\\/\\\/tiktok.com\\\/@vanderloubetms\"]},{\"@type\":\"Person\",\"@id\":\"https:\\\/\\\/vanderloubet.com.br\\\/deputado\\\/#\\\/schema\\\/person\\\/15b51bd564532a8a68d9dec1b8eb890e\",\"name\":\"\u00c9der\",\"image\":{\"@type\":\"ImageObject\",\"inLanguage\":\"pt-BR\",\"@id\":\"https:\\\/\\\/vanderloubet.com.br\\\/deputado\\\/wp-content\\\/litespeed\\\/avatar\\\/88ca4090d9d5ab1c9495f6ca03b68efa.jpg?ver=1777058957\",\"url\":\"https:\\\/\\\/vanderloubet.com.br\\\/deputado\\\/wp-content\\\/litespeed\\\/avatar\\\/88ca4090d9d5ab1c9495f6ca03b68efa.jpg?ver=1777058957\",\"contentUrl\":\"https:\\\/\\\/vanderloubet.com.br\\\/deputado\\\/wp-content\\\/litespeed\\\/avatar\\\/88ca4090d9d5ab1c9495f6ca03b68efa.jpg?ver=1777058957\",\"caption\":\"\u00c9der\"}}]}<\/script>\n<!-- \/ Yoast SEO plugin. -->","yoast_head_json":{"title":"Guia Lopes da Laguna licita obra de pra\u00e7a viabilizada por emenda de Vander","robots":{"index":"index","follow":"follow","max-snippet":"max-snippet:-1","max-image-preview":"max-image-preview:large","max-video-preview":"max-video-preview:-1"},"canonical":"http:\/\/vanderloubet.com.br\/deputado\/guia-lopes-da-laguna-licita-obra-de-praca-viabilizada-por-emenda-de-vander\/","og_locale":"pt_BR","og_type":"article","og_title":"Guia Lopes da Laguna licita obra de pra\u00e7a viabilizada por emenda de Vander","og_description":"Recurso junto ao Minist\u00e9rio do Turismo chega a quase R$ 1 milh\u00e3o. Prefeito destaca que pra\u00e7a ser\u00e1 um lindo cart\u00e3o de visita da cidade.","og_url":"http:\/\/vanderloubet.com.br\/deputado\/guia-lopes-da-laguna-licita-obra-de-praca-viabilizada-por-emenda-de-vander\/","og_site_name":"Deputado Federal Vander Loubet","article_publisher":"https:\/\/facebook.com\/deputadovander","article_published_time":"2015-08-24T11:35:42+00:00","article_modified_time":"2015-09-13T22:30:21+00:00","og_image":[{"width":1080,"height":810,"url":"http:\/\/vanderloubet.com.br\/deputado\/wp-content\/uploads\/2015\/09\/foto-2015-08-24-projeto-praca-guia-lopes-laguna.jpg","type":"image\/jpeg"}],"author":"\u00c9der","twitter_card":"summary_large_image","twitter_creator":"@vanderloubet","twitter_site":"@vanderloubet","schema":{"@context":"https:\/\/schema.org","@graph":[{"@type":"Article","@id":"http:\/\/vanderloubet.com.br\/deputado\/guia-lopes-da-laguna-licita-obra-de-praca-viabilizada-por-emenda-de-vander\/#article","isPartOf":{"@id":"http:\/\/vanderloubet.com.br\/deputado\/guia-lopes-da-laguna-licita-obra-de-praca-viabilizada-por-emenda-de-vander\/"},"author":{"name":"\u00c9der","@id":"https:\/\/vanderloubet.com.br\/deputado\/#\/schema\/person\/15b51bd564532a8a68d9dec1b8eb890e"},"headline":"Guia Lopes da Laguna licita obra de pra\u00e7a viabilizada por emenda de Vander","datePublished":"2015-08-24T11:35:42+00:00","dateModified":"2015-09-13T22:30:21+00:00","mainEntityOfPage":{"@id":"http:\/\/vanderloubet.com.br\/deputado\/guia-lopes-da-laguna-licita-obra-de-praca-viabilizada-por-emenda-de-vander\/"},"wordCount":171,"publisher":{"@id":"https:\/\/vanderloubet.com.br\/deputado\/#organization"},"image":{"@id":"http:\/\/vanderloubet.com.br\/deputado\/guia-lopes-da-laguna-licita-obra-de-praca-viabilizada-por-emenda-de-vander\/#primaryimage"},"thumbnailUrl":"https:\/\/vanderloubet.com.br\/deputado\/wp-content\/uploads\/2015\/09\/foto-2015-08-24-projeto-praca-guia-lopes-laguna.jpg","keywords":["emenda parlamentar","esporte e lazer"],"articleSection":["Munic\u00edpios","Not\u00edcias"],"inLanguage":"pt-BR"},{"@type":"WebPage","@id":"http:\/\/vanderloubet.com.br\/deputado\/guia-lopes-da-laguna-licita-obra-de-praca-viabilizada-por-emenda-de-vander\/","url":"http:\/\/vanderloubet.com.br\/deputado\/guia-lopes-da-laguna-licita-obra-de-praca-viabilizada-por-emenda-de-vander\/","name":"Guia Lopes da Laguna licita obra de pra\u00e7a viabilizada por emenda de Vander","isPartOf":{"@id":"https:\/\/vanderloubet.com.br\/deputado\/#website"},"primaryImageOfPage":{"@id":"http:\/\/vanderloubet.com.br\/deputado\/guia-lopes-da-laguna-licita-obra-de-praca-viabilizada-por-emenda-de-vander\/#primaryimage"},"image":{"@id":"http:\/\/vanderloubet.com.br\/deputado\/guia-lopes-da-laguna-licita-obra-de-praca-viabilizada-por-emenda-de-vander\/#primaryimage"},"thumbnailUrl":"https:\/\/vanderloubet.com.br\/deputado\/wp-content\/uploads\/2015\/09\/foto-2015-08-24-projeto-praca-guia-lopes-laguna.jpg","datePublished":"2015-08-24T11:35:42+00:00","dateModified":"2015-09-13T22:30:21+00:00","breadcrumb":{"@id":"http:\/\/vanderloubet.com.br\/deputado\/guia-lopes-da-laguna-licita-obra-de-praca-viabilizada-por-emenda-de-vander\/#breadcrumb"},"inLanguage":"pt-BR","potentialAction":[{"@type":"ReadAction","target":["http:\/\/vanderloubet.com.br\/deputado\/guia-lopes-da-laguna-licita-obra-de-praca-viabilizada-por-emenda-de-vander\/"]}]},{"@type":"ImageObject","inLanguage":"pt-BR","@id":"http:\/\/vanderloubet.com.br\/deputado\/guia-lopes-da-laguna-licita-obra-de-praca-viabilizada-por-emenda-de-vander\/#primaryimage","url":"https:\/\/vanderloubet.com.br\/deputado\/wp-content\/uploads\/2015\/09\/foto-2015-08-24-projeto-praca-guia-lopes-laguna.jpg","contentUrl":"https:\/\/vanderloubet.com.br\/deputado\/wp-content\/uploads\/2015\/09\/foto-2015-08-24-projeto-praca-guia-lopes-laguna.jpg","width":1080,"height":810,"caption":"Projeto da pra\u00e7a prev\u00ea infraestrutura para eventos e pr\u00e1ticas de esporte e lazer"},{"@type":"BreadcrumbList","@id":"http:\/\/vanderloubet.com.br\/deputado\/guia-lopes-da-laguna-licita-obra-de-praca-viabilizada-por-emenda-de-vander\/#breadcrumb","itemListElement":[{"@type":"ListItem","position":1,"name":"In\u00edcio","item":"https:\/\/vanderloubet.com.br\/deputado\/"},{"@type":"ListItem","position":2,"name":"Guia Lopes da Laguna licita obra de pra\u00e7a viabilizada por emenda de Vander"}]},{"@type":"WebSite","@id":"https:\/\/vanderloubet.com.br\/deputado\/#website","url":"https:\/\/vanderloubet.com.br\/deputado\/","name":"Deputado Federal Vander Loubet","description":"O Federal de MS","publisher":{"@id":"https:\/\/vanderloubet.com.br\/deputado\/#organization"},"alternateName":"Deputado Vander","potentialAction":[{"@type":"SearchAction","target":{"@type":"EntryPoint","urlTemplate":"https:\/\/vanderloubet.com.br\/deputado\/?s={search_term_string}"},"query-input":{"@type":"PropertyValueSpecification","valueRequired":true,"valueName":"search_term_string"}}],"inLanguage":"pt-BR"},{"@type":"Organization","@id":"https:\/\/vanderloubet.com.br\/deputado\/#organization","name":"Deputado Federal Vander Loubet","alternateName":"Deputado Vander","url":"https:\/\/vanderloubet.com.br\/deputado\/","logo":{"@type":"ImageObject","inLanguage":"pt-BR","@id":"https:\/\/vanderloubet.com.br\/deputado\/#\/schema\/logo\/image\/","url":"https:\/\/vanderloubet.com.br\/deputado\/wp-content\/uploads\/2023\/06\/foto-2023-06-19-mandato-deputado-vander.jpg","contentUrl":"https:\/\/vanderloubet.com.br\/deputado\/wp-content\/uploads\/2023\/06\/foto-2023-06-19-mandato-deputado-vander.jpg","width":1080,"height":1080,"caption":"Deputado Federal Vander Loubet"},"image":{"@id":"https:\/\/vanderloubet.com.br\/deputado\/#\/schema\/logo\/image\/"},"sameAs":["https:\/\/facebook.com\/deputadovander","https:\/\/x.com\/vanderloubet","https:\/\/instagram.com\/vanderloubet","https:\/\/youtube.com\/vanderloubet","https:\/\/tiktok.com\/@vanderloubetms"]},{"@type":"Person","@id":"https:\/\/vanderloubet.com.br\/deputado\/#\/schema\/person\/15b51bd564532a8a68d9dec1b8eb890e","name":"\u00c9der","image":{"@type":"ImageObject","inLanguage":"pt-BR","@id":"https:\/\/vanderloubet.com.br\/deputado\/wp-content\/litespeed\/avatar\/88ca4090d9d5ab1c9495f6ca03b68efa.jpg?ver=1777058957","url":"https:\/\/vanderloubet.com.br\/deputado\/wp-content\/litespeed\/avatar\/88ca4090d9d5ab1c9495f6ca03b68efa.jpg?ver=1777058957","contentUrl":"https:\/\/vanderloubet.com.br\/deputado\/wp-content\/litespeed\/avatar\/88ca4090d9d5ab1c9495f6ca03b68efa.jpg?ver=1777058957","caption":"\u00c9der"}}]}},"jetpack_featured_media_url":"https:\/\/vanderloubet.com.br\/deputado\/wp-content\/uploads\/2015\/09\/foto-2015-08-24-projeto-praca-guia-lopes-laguna.jpg","jetpack_sharing_enabled":true,"_links":{"self":[{"href":"https:\/\/vanderloubet.com.br\/deputado\/wp-json\/wp\/v2\/posts\/10412","targetHints":{"allow":["GET"]}}],"collection":[{"href":"https:\/\/vanderloubet.com.br\/deputado\/wp-json\/wp\/v2\/posts"}],"about":[{"href":"https:\/\/vanderloubet.com.br\/deputado\/wp-json\/wp\/v2\/types\/post"}],"author":[{"embeddable":true,"href":"https:\/\/vanderloubet.com.br\/deputado\/wp-json\/wp\/v2\/users\/2"}],"replies":[{"embeddable":true,"href":"https:\/\/vanderloubet.com.br\/deputado\/wp-json\/wp\/v2\/comments?post=10412"}],"version-history":[{"count":0,"href":"https:\/\/vanderloubet.com.br\/deputado\/wp-json\/wp\/v2\/posts\/10412\/revisions"}],"wp:featuredmedia":[{"embeddable":true,"href":"https:\/\/vanderloubet.com.br\/deputado\/wp-json\/wp\/v2\/media\/10413"}],"wp:attachment":[{"href":"https:\/\/vanderloubet.com.br\/deputado\/wp-json\/wp\/v2\/media?parent=10412"}],"wp:term":[{"taxonomy":"category","embeddable":true,"href":"https:\/\/vanderloubet.com.br\/deputado\/wp-json\/wp\/v2\/categories?post=10412"},{"taxonomy":"post_tag","embeddable":true,"href":"https:\/\/vanderloubet.com.br\/deputado\/wp-json\/wp\/v2\/tags?post=10412"}],"curies":[{"name":"wp","href":"https:\/\/api.w.org\/{rel}","templated":true}]}}