{"id":10359,"date":"2015-08-29T20:15:56","date_gmt":"2015-08-30T00:15:56","guid":{"rendered":"http:\/\/vanderloubet.com.br\/deputado\/?p=10359"},"modified":"2016-03-15T18:07:50","modified_gmt":"2016-03-15T22:07:50","slug":"comissao-aprova-divulgacao-de-informacoes-sobre-aumento-de-tarifas-publicas","status":"publish","type":"post","link":"https:\/\/vanderloubet.com.br\/deputado\/comissao-aprova-divulgacao-de-informacoes-sobre-aumento-de-tarifas-publicas\/","title":{"rendered":"Comiss\u00e3o aprova divulga\u00e7\u00e3o de informa\u00e7\u00f5es sobre aumento de tarifas p\u00fablicas"},"content":{"rendered":"<figure id=\"attachment_10360\" aria-describedby=\"caption-attachment-10360\" style=\"width: 700px\" class=\"wp-caption alignnone\"><img decoding=\"async\" class=\"wp-image-10360 size-large\" title=\"Vander quer mais transpar\u00eancia no reajuste de tarifas de servi\u00e7os p\u00fablicos\" src=\"http:\/\/vanderloubet.com.br\/deputado\/wp-content\/uploads\/2015\/08\/foto-2013-07-29-servicos-publicos-700x449.jpg\" alt=\"Vander quer mais transpar\u00eancia no reajuste de tarifas de servi\u00e7os p\u00fablicos\" width=\"700\" height=\"449\" srcset=\"https:\/\/vanderloubet.com.br\/deputado\/wp-content\/uploads\/2015\/08\/foto-2013-07-29-servicos-publicos-700x449.jpg 700w, https:\/\/vanderloubet.com.br\/deputado\/wp-content\/uploads\/2015\/08\/foto-2013-07-29-servicos-publicos-350x225.jpg 350w, https:\/\/vanderloubet.com.br\/deputado\/wp-content\/uploads\/2015\/08\/foto-2013-07-29-servicos-publicos-768x493.jpg 768w, https:\/\/vanderloubet.com.br\/deputado\/wp-content\/uploads\/2015\/08\/foto-2013-07-29-servicos-publicos-655x420.jpg 655w, https:\/\/vanderloubet.com.br\/deputado\/wp-content\/uploads\/2015\/08\/foto-2013-07-29-servicos-publicos-696x447.jpg 696w, https:\/\/vanderloubet.com.br\/deputado\/wp-content\/uploads\/2015\/08\/foto-2013-07-29-servicos-publicos-1068x685.jpg 1068w, https:\/\/vanderloubet.com.br\/deputado\/wp-content\/uploads\/2015\/08\/foto-2013-07-29-servicos-publicos.jpg 1200w\" sizes=\"(max-width: 700px) 100vw, 700px\" \/><figcaption id=\"caption-attachment-10360\" class=\"wp-caption-text\">Vander quer mais transpar\u00eancia no reajuste de tarifas de servi\u00e7os p\u00fablicos<\/figcaption><\/figure>\n<p>A Comiss\u00e3o de Trabalho, de Administra\u00e7\u00e3o e Servi\u00e7o P\u00fablico (CTASP) da C\u00e2mara dos Deputados aprovou projeto de lei (<a href=\"http:\/\/www.camara.gov.br\/internet\/sileg\/Prop_Detalhe.asp?id=584569\" target=\"_blank\">PL 5929\/13<\/a>) que obriga as concession\u00e1rias de servi\u00e7os p\u00fablicos, como \u00e1gua, luz e telefone, a divulgarem na internet e em outros meios as informa\u00e7\u00f5es que justificarem o aumento nas tarifas.<\/p>\n<p>A proposta, de autoria do deputado federal Vander Loubet (PT-MS), altera a Lei das Concess\u00f5es de Servi\u00e7os P\u00fablicos (<a href=\"http:\/\/www.planalto.gov.br\/ccivil_03\/Leis\/L8987cons.htm\" target=\"_blank\">8.987\/95<\/a>) e a Lei Geral de Telecomunica\u00e7\u00f5es (<a href=\"http:\/\/www.planalto.gov.br\/ccivil_03\/Leis\/L9472.htm\" target=\"_blank\">9.472\/97<\/a>).<\/p>\n<p>O relator do projeto na comiss\u00e3o, deputado federal Ademir Camilo (Pros-MG), acredita que haja \u201cum sentimento geral de que a tarifa, muitas vezes exorbitante, n\u00e3o \u00e9 proporcional \u00e0 qualidade do servi\u00e7o oferecido, especialmente quando se trata do servi\u00e7o destinado \u00e0 popula\u00e7\u00e3o mais carente\u201d, disse.<\/p>\n<p>Vander lembra que a C\u00e2mara j\u00e1 aprovou, em 2013, um projeto (PL 3546\/12) que determina ao Poder P\u00fablico a divulga\u00e7\u00e3o dos dados sobre reajustes e revis\u00f5es das tarifas dos servi\u00e7os de transporte p\u00fablico coletivos. &#8220;S\u00f3 que os demais servi\u00e7os p\u00fablicos explorados em regime de concess\u00e3o ou permiss\u00e3o n\u00e3o foram alcan\u00e7ados pela medida. Isso me motivou a apresentar uma proposta ampliando o alcance da exig\u00eancia&#8221;, afirmou.<\/p>\n<p><strong>Prazo para divulga\u00e7\u00e3o<\/strong> &#8211; O gerente t\u00e9cnico do Instituto Brasileiro de Defesa do Consumidor (Idec), Carlos Thadeu de Oliveira, \u00e9 favor\u00e1vel \u00e0 proposta porque vai fazer com que o consumidor n\u00e3o se sinta lesado ao ser surpreendido por um aumento de tarifa.<\/p>\n<p>Ele destacou que as ag\u00eancias reguladoras j\u00e1 fazem consultas e audi\u00eancias p\u00fablicas para explicar os aumentos. &#8220;N\u00e3o \u00e9 tanto pela falta de divulga\u00e7\u00e3o, muitas vezes a divulga\u00e7\u00e3o \u00e9 em cima da hora, com pouco prazo e o debate \u00e9 muito t\u00e9cnico.&#8221;<\/p>\n<p>Para Carlos Thadeu, a proposta deveria tamb\u00e9m exigir um prazo para essa divulga\u00e7\u00e3o e textos de f\u00e1cil compreens\u00e3o por parte dos usu\u00e1rios.<\/p>\n<p><strong>Tramita\u00e7\u00e3o<\/strong> &#8211; O projeto foi aprovado na Comiss\u00e3o de Defesa do Consumidor (CDC) antes de tramitar na CTASP e ainda vai ser analisado pela Comiss\u00e3o de Comiss\u00e3o de Constitui\u00e7\u00e3o e Justi\u00e7a e de Cidadania (CCJC) antes de ser votado pelo Plen\u00e1rio.<\/p>\n<p><em>(Fonte: Ag\u00eancia C\u00e2mara Not\u00edcias)<\/em><\/p>\n","protected":false},"excerpt":{"rendered":"<p>Projeto de lei do deputado Vander Loubet cobra mais transpar\u00eancia no processo que define o reajuste de tarifas de servi\u00e7os p\u00fablicos.<\/p>\n","protected":false},"author":2,"featured_media":10360,"comment_status":"closed","ping_status":"closed","sticky":false,"template":"","format":"standard","meta":{"jetpack_post_was_ever_published":false,"_jetpack_newsletter_access":"","_jetpack_dont_email_post_to_subs":false,"_jetpack_newsletter_tier_id":0,"_jetpack_memberships_contains_paywalled_content":false,"_jetpack_memberships_contains_paid_content":false,"footnotes":""},"categories":[2098,10],"tags":[2297,1635],"class_list":{"0":"post-10359","1":"post","2":"type-post","3":"status-publish","4":"format-standard","5":"has-post-thumbnail","7":"category-brasil-noticias","8":"category-noticias","9":"tag-concessao-publica","10":"tag-projeto-de-lei"},"yoast_head":"<!-- This site is optimized with the Yoast SEO plugin v27.4 - https:\/\/yoast.com\/product\/yoast-seo-wordpress\/ -->\n<title>Comiss\u00e3o aprova divulga\u00e7\u00e3o de informa\u00e7\u00f5es sobre aumento de tarifas p\u00fablicas<\/title>\n<meta name=\"robots\" content=\"index, follow, max-snippet:-1, max-image-preview:large, max-video-preview:-1\" \/>\n<link rel=\"canonical\" href=\"https:\/\/vanderloubet.com.br\/deputado\/comissao-aprova-divulgacao-de-informacoes-sobre-aumento-de-tarifas-publicas\/\" \/>\n<meta property=\"og:locale\" content=\"pt_BR\" \/>\n<meta property=\"og:type\" content=\"article\" \/>\n<meta property=\"og:title\" content=\"Comiss\u00e3o aprova divulga\u00e7\u00e3o de informa\u00e7\u00f5es sobre aumento de tarifas p\u00fablicas\" \/>\n<meta property=\"og:description\" content=\"Projeto de lei do deputado Vander Loubet cobra mais transpar\u00eancia no processo que define o reajuste de tarifas de servi\u00e7os p\u00fablicos.\" \/>\n<meta property=\"og:url\" content=\"https:\/\/vanderloubet.com.br\/deputado\/comissao-aprova-divulgacao-de-informacoes-sobre-aumento-de-tarifas-publicas\/\" \/>\n<meta property=\"og:site_name\" content=\"Deputado Federal Vander Loubet\" \/>\n<meta property=\"article:publisher\" content=\"https:\/\/facebook.com\/deputadovander\" \/>\n<meta property=\"article:published_time\" content=\"2015-08-30T00:15:56+00:00\" \/>\n<meta property=\"article:modified_time\" content=\"2016-03-15T22:07:50+00:00\" \/>\n<meta property=\"og:image\" content=\"https:\/\/vanderloubet.com.br\/deputado\/wp-content\/uploads\/2015\/08\/foto-2013-07-29-servicos-publicos.jpg\" \/>\n\t<meta property=\"og:image:width\" content=\"1200\" \/>\n\t<meta property=\"og:image:height\" content=\"770\" \/>\n\t<meta property=\"og:image:type\" content=\"image\/jpeg\" \/>\n<meta name=\"author\" content=\"\u00c9der\" \/>\n<meta name=\"twitter:card\" content=\"summary_large_image\" \/>\n<meta name=\"twitter:creator\" content=\"@vanderloubet\" \/>\n<meta name=\"twitter:site\" content=\"@vanderloubet\" \/>\n<script type=\"application\/ld+json\" class=\"yoast-schema-graph\">{\"@context\":\"https:\\\/\\\/schema.org\",\"@graph\":[{\"@type\":\"Article\",\"@id\":\"https:\\\/\\\/vanderloubet.com.br\\\/deputado\\\/comissao-aprova-divulgacao-de-informacoes-sobre-aumento-de-tarifas-publicas\\\/#article\",\"isPartOf\":{\"@id\":\"https:\\\/\\\/vanderloubet.com.br\\\/deputado\\\/comissao-aprova-divulgacao-de-informacoes-sobre-aumento-de-tarifas-publicas\\\/\"},\"author\":{\"name\":\"\u00c9der\",\"@id\":\"https:\\\/\\\/vanderloubet.com.br\\\/deputado\\\/#\\\/schema\\\/person\\\/15b51bd564532a8a68d9dec1b8eb890e\"},\"headline\":\"Comiss\u00e3o aprova divulga\u00e7\u00e3o de informa\u00e7\u00f5es sobre aumento de tarifas p\u00fablicas\",\"datePublished\":\"2015-08-30T00:15:56+00:00\",\"dateModified\":\"2016-03-15T22:07:50+00:00\",\"mainEntityOfPage\":{\"@id\":\"https:\\\/\\\/vanderloubet.com.br\\\/deputado\\\/comissao-aprova-divulgacao-de-informacoes-sobre-aumento-de-tarifas-publicas\\\/\"},\"wordCount\":412,\"publisher\":{\"@id\":\"https:\\\/\\\/vanderloubet.com.br\\\/deputado\\\/#organization\"},\"image\":{\"@id\":\"https:\\\/\\\/vanderloubet.com.br\\\/deputado\\\/comissao-aprova-divulgacao-de-informacoes-sobre-aumento-de-tarifas-publicas\\\/#primaryimage\"},\"thumbnailUrl\":\"https:\\\/\\\/vanderloubet.com.br\\\/deputado\\\/wp-content\\\/uploads\\\/2015\\\/08\\\/foto-2013-07-29-servicos-publicos.jpg\",\"keywords\":[\"concess\u00e3o p\u00fablica\",\"projeto de lei\"],\"articleSection\":[\"Brasil\",\"Not\u00edcias\"],\"inLanguage\":\"pt-BR\"},{\"@type\":\"WebPage\",\"@id\":\"https:\\\/\\\/vanderloubet.com.br\\\/deputado\\\/comissao-aprova-divulgacao-de-informacoes-sobre-aumento-de-tarifas-publicas\\\/\",\"url\":\"https:\\\/\\\/vanderloubet.com.br\\\/deputado\\\/comissao-aprova-divulgacao-de-informacoes-sobre-aumento-de-tarifas-publicas\\\/\",\"name\":\"Comiss\u00e3o aprova divulga\u00e7\u00e3o de informa\u00e7\u00f5es sobre aumento de tarifas p\u00fablicas\",\"isPartOf\":{\"@id\":\"https:\\\/\\\/vanderloubet.com.br\\\/deputado\\\/#website\"},\"primaryImageOfPage\":{\"@id\":\"https:\\\/\\\/vanderloubet.com.br\\\/deputado\\\/comissao-aprova-divulgacao-de-informacoes-sobre-aumento-de-tarifas-publicas\\\/#primaryimage\"},\"image\":{\"@id\":\"https:\\\/\\\/vanderloubet.com.br\\\/deputado\\\/comissao-aprova-divulgacao-de-informacoes-sobre-aumento-de-tarifas-publicas\\\/#primaryimage\"},\"thumbnailUrl\":\"https:\\\/\\\/vanderloubet.com.br\\\/deputado\\\/wp-content\\\/uploads\\\/2015\\\/08\\\/foto-2013-07-29-servicos-publicos.jpg\",\"datePublished\":\"2015-08-30T00:15:56+00:00\",\"dateModified\":\"2016-03-15T22:07:50+00:00\",\"breadcrumb\":{\"@id\":\"https:\\\/\\\/vanderloubet.com.br\\\/deputado\\\/comissao-aprova-divulgacao-de-informacoes-sobre-aumento-de-tarifas-publicas\\\/#breadcrumb\"},\"inLanguage\":\"pt-BR\",\"potentialAction\":[{\"@type\":\"ReadAction\",\"target\":[\"https:\\\/\\\/vanderloubet.com.br\\\/deputado\\\/comissao-aprova-divulgacao-de-informacoes-sobre-aumento-de-tarifas-publicas\\\/\"]}]},{\"@type\":\"ImageObject\",\"inLanguage\":\"pt-BR\",\"@id\":\"https:\\\/\\\/vanderloubet.com.br\\\/deputado\\\/comissao-aprova-divulgacao-de-informacoes-sobre-aumento-de-tarifas-publicas\\\/#primaryimage\",\"url\":\"https:\\\/\\\/vanderloubet.com.br\\\/deputado\\\/wp-content\\\/uploads\\\/2015\\\/08\\\/foto-2013-07-29-servicos-publicos.jpg\",\"contentUrl\":\"https:\\\/\\\/vanderloubet.com.br\\\/deputado\\\/wp-content\\\/uploads\\\/2015\\\/08\\\/foto-2013-07-29-servicos-publicos.jpg\",\"width\":1200,\"height\":770,\"caption\":\"Vander quer mais transpar\u00eancia no reajuste de tarifas de servi\u00e7os p\u00fablicos\"},{\"@type\":\"BreadcrumbList\",\"@id\":\"https:\\\/\\\/vanderloubet.com.br\\\/deputado\\\/comissao-aprova-divulgacao-de-informacoes-sobre-aumento-de-tarifas-publicas\\\/#breadcrumb\",\"itemListElement\":[{\"@type\":\"ListItem\",\"position\":1,\"name\":\"In\u00edcio\",\"item\":\"https:\\\/\\\/vanderloubet.com.br\\\/deputado\\\/\"},{\"@type\":\"ListItem\",\"position\":2,\"name\":\"Comiss\u00e3o aprova divulga\u00e7\u00e3o de informa\u00e7\u00f5es sobre aumento de tarifas p\u00fablicas\"}]},{\"@type\":\"WebSite\",\"@id\":\"https:\\\/\\\/vanderloubet.com.br\\\/deputado\\\/#website\",\"url\":\"https:\\\/\\\/vanderloubet.com.br\\\/deputado\\\/\",\"name\":\"Deputado Federal Vander Loubet\",\"description\":\"O Federal de MS\",\"publisher\":{\"@id\":\"https:\\\/\\\/vanderloubet.com.br\\\/deputado\\\/#organization\"},\"alternateName\":\"Deputado Vander\",\"potentialAction\":[{\"@type\":\"SearchAction\",\"target\":{\"@type\":\"EntryPoint\",\"urlTemplate\":\"https:\\\/\\\/vanderloubet.com.br\\\/deputado\\\/?s={search_term_string}\"},\"query-input\":{\"@type\":\"PropertyValueSpecification\",\"valueRequired\":true,\"valueName\":\"search_term_string\"}}],\"inLanguage\":\"pt-BR\"},{\"@type\":\"Organization\",\"@id\":\"https:\\\/\\\/vanderloubet.com.br\\\/deputado\\\/#organization\",\"name\":\"Deputado Federal Vander Loubet\",\"alternateName\":\"Deputado Vander\",\"url\":\"https:\\\/\\\/vanderloubet.com.br\\\/deputado\\\/\",\"logo\":{\"@type\":\"ImageObject\",\"inLanguage\":\"pt-BR\",\"@id\":\"https:\\\/\\\/vanderloubet.com.br\\\/deputado\\\/#\\\/schema\\\/logo\\\/image\\\/\",\"url\":\"https:\\\/\\\/vanderloubet.com.br\\\/deputado\\\/wp-content\\\/uploads\\\/2023\\\/06\\\/foto-2023-06-19-mandato-deputado-vander.jpg\",\"contentUrl\":\"https:\\\/\\\/vanderloubet.com.br\\\/deputado\\\/wp-content\\\/uploads\\\/2023\\\/06\\\/foto-2023-06-19-mandato-deputado-vander.jpg\",\"width\":1080,\"height\":1080,\"caption\":\"Deputado Federal Vander Loubet\"},\"image\":{\"@id\":\"https:\\\/\\\/vanderloubet.com.br\\\/deputado\\\/#\\\/schema\\\/logo\\\/image\\\/\"},\"sameAs\":[\"https:\\\/\\\/facebook.com\\\/deputadovander\",\"https:\\\/\\\/x.com\\\/vanderloubet\",\"https:\\\/\\\/instagram.com\\\/vanderloubet\",\"https:\\\/\\\/youtube.com\\\/vanderloubet\",\"https:\\\/\\\/tiktok.com\\\/@vanderloubetms\"]},{\"@type\":\"Person\",\"@id\":\"https:\\\/\\\/vanderloubet.com.br\\\/deputado\\\/#\\\/schema\\\/person\\\/15b51bd564532a8a68d9dec1b8eb890e\",\"name\":\"\u00c9der\",\"image\":{\"@type\":\"ImageObject\",\"inLanguage\":\"pt-BR\",\"@id\":\"https:\\\/\\\/vanderloubet.com.br\\\/deputado\\\/wp-content\\\/litespeed\\\/avatar\\\/88ca4090d9d5ab1c9495f6ca03b68efa.jpg?ver=1777058957\",\"url\":\"https:\\\/\\\/vanderloubet.com.br\\\/deputado\\\/wp-content\\\/litespeed\\\/avatar\\\/88ca4090d9d5ab1c9495f6ca03b68efa.jpg?ver=1777058957\",\"contentUrl\":\"https:\\\/\\\/vanderloubet.com.br\\\/deputado\\\/wp-content\\\/litespeed\\\/avatar\\\/88ca4090d9d5ab1c9495f6ca03b68efa.jpg?ver=1777058957\",\"caption\":\"\u00c9der\"}}]}<\/script>\n<!-- \/ Yoast SEO plugin. -->","yoast_head_json":{"title":"Comiss\u00e3o aprova divulga\u00e7\u00e3o de informa\u00e7\u00f5es sobre aumento de tarifas p\u00fablicas","robots":{"index":"index","follow":"follow","max-snippet":"max-snippet:-1","max-image-preview":"max-image-preview:large","max-video-preview":"max-video-preview:-1"},"canonical":"https:\/\/vanderloubet.com.br\/deputado\/comissao-aprova-divulgacao-de-informacoes-sobre-aumento-de-tarifas-publicas\/","og_locale":"pt_BR","og_type":"article","og_title":"Comiss\u00e3o aprova divulga\u00e7\u00e3o de informa\u00e7\u00f5es sobre aumento de tarifas p\u00fablicas","og_description":"Projeto de lei do deputado Vander Loubet cobra mais transpar\u00eancia no processo que define o reajuste de tarifas de servi\u00e7os p\u00fablicos.","og_url":"https:\/\/vanderloubet.com.br\/deputado\/comissao-aprova-divulgacao-de-informacoes-sobre-aumento-de-tarifas-publicas\/","og_site_name":"Deputado Federal Vander Loubet","article_publisher":"https:\/\/facebook.com\/deputadovander","article_published_time":"2015-08-30T00:15:56+00:00","article_modified_time":"2016-03-15T22:07:50+00:00","og_image":[{"width":1200,"height":770,"url":"https:\/\/vanderloubet.com.br\/deputado\/wp-content\/uploads\/2015\/08\/foto-2013-07-29-servicos-publicos.jpg","type":"image\/jpeg"}],"author":"\u00c9der","twitter_card":"summary_large_image","twitter_creator":"@vanderloubet","twitter_site":"@vanderloubet","schema":{"@context":"https:\/\/schema.org","@graph":[{"@type":"Article","@id":"https:\/\/vanderloubet.com.br\/deputado\/comissao-aprova-divulgacao-de-informacoes-sobre-aumento-de-tarifas-publicas\/#article","isPartOf":{"@id":"https:\/\/vanderloubet.com.br\/deputado\/comissao-aprova-divulgacao-de-informacoes-sobre-aumento-de-tarifas-publicas\/"},"author":{"name":"\u00c9der","@id":"https:\/\/vanderloubet.com.br\/deputado\/#\/schema\/person\/15b51bd564532a8a68d9dec1b8eb890e"},"headline":"Comiss\u00e3o aprova divulga\u00e7\u00e3o de informa\u00e7\u00f5es sobre aumento de tarifas p\u00fablicas","datePublished":"2015-08-30T00:15:56+00:00","dateModified":"2016-03-15T22:07:50+00:00","mainEntityOfPage":{"@id":"https:\/\/vanderloubet.com.br\/deputado\/comissao-aprova-divulgacao-de-informacoes-sobre-aumento-de-tarifas-publicas\/"},"wordCount":412,"publisher":{"@id":"https:\/\/vanderloubet.com.br\/deputado\/#organization"},"image":{"@id":"https:\/\/vanderloubet.com.br\/deputado\/comissao-aprova-divulgacao-de-informacoes-sobre-aumento-de-tarifas-publicas\/#primaryimage"},"thumbnailUrl":"https:\/\/vanderloubet.com.br\/deputado\/wp-content\/uploads\/2015\/08\/foto-2013-07-29-servicos-publicos.jpg","keywords":["concess\u00e3o p\u00fablica","projeto de lei"],"articleSection":["Brasil","Not\u00edcias"],"inLanguage":"pt-BR"},{"@type":"WebPage","@id":"https:\/\/vanderloubet.com.br\/deputado\/comissao-aprova-divulgacao-de-informacoes-sobre-aumento-de-tarifas-publicas\/","url":"https:\/\/vanderloubet.com.br\/deputado\/comissao-aprova-divulgacao-de-informacoes-sobre-aumento-de-tarifas-publicas\/","name":"Comiss\u00e3o aprova divulga\u00e7\u00e3o de informa\u00e7\u00f5es sobre aumento de tarifas p\u00fablicas","isPartOf":{"@id":"https:\/\/vanderloubet.com.br\/deputado\/#website"},"primaryImageOfPage":{"@id":"https:\/\/vanderloubet.com.br\/deputado\/comissao-aprova-divulgacao-de-informacoes-sobre-aumento-de-tarifas-publicas\/#primaryimage"},"image":{"@id":"https:\/\/vanderloubet.com.br\/deputado\/comissao-aprova-divulgacao-de-informacoes-sobre-aumento-de-tarifas-publicas\/#primaryimage"},"thumbnailUrl":"https:\/\/vanderloubet.com.br\/deputado\/wp-content\/uploads\/2015\/08\/foto-2013-07-29-servicos-publicos.jpg","datePublished":"2015-08-30T00:15:56+00:00","dateModified":"2016-03-15T22:07:50+00:00","breadcrumb":{"@id":"https:\/\/vanderloubet.com.br\/deputado\/comissao-aprova-divulgacao-de-informacoes-sobre-aumento-de-tarifas-publicas\/#breadcrumb"},"inLanguage":"pt-BR","potentialAction":[{"@type":"ReadAction","target":["https:\/\/vanderloubet.com.br\/deputado\/comissao-aprova-divulgacao-de-informacoes-sobre-aumento-de-tarifas-publicas\/"]}]},{"@type":"ImageObject","inLanguage":"pt-BR","@id":"https:\/\/vanderloubet.com.br\/deputado\/comissao-aprova-divulgacao-de-informacoes-sobre-aumento-de-tarifas-publicas\/#primaryimage","url":"https:\/\/vanderloubet.com.br\/deputado\/wp-content\/uploads\/2015\/08\/foto-2013-07-29-servicos-publicos.jpg","contentUrl":"https:\/\/vanderloubet.com.br\/deputado\/wp-content\/uploads\/2015\/08\/foto-2013-07-29-servicos-publicos.jpg","width":1200,"height":770,"caption":"Vander quer mais transpar\u00eancia no reajuste de tarifas de servi\u00e7os p\u00fablicos"},{"@type":"BreadcrumbList","@id":"https:\/\/vanderloubet.com.br\/deputado\/comissao-aprova-divulgacao-de-informacoes-sobre-aumento-de-tarifas-publicas\/#breadcrumb","itemListElement":[{"@type":"ListItem","position":1,"name":"In\u00edcio","item":"https:\/\/vanderloubet.com.br\/deputado\/"},{"@type":"ListItem","position":2,"name":"Comiss\u00e3o aprova divulga\u00e7\u00e3o de informa\u00e7\u00f5es sobre aumento de tarifas p\u00fablicas"}]},{"@type":"WebSite","@id":"https:\/\/vanderloubet.com.br\/deputado\/#website","url":"https:\/\/vanderloubet.com.br\/deputado\/","name":"Deputado Federal Vander Loubet","description":"O Federal de MS","publisher":{"@id":"https:\/\/vanderloubet.com.br\/deputado\/#organization"},"alternateName":"Deputado Vander","potentialAction":[{"@type":"SearchAction","target":{"@type":"EntryPoint","urlTemplate":"https:\/\/vanderloubet.com.br\/deputado\/?s={search_term_string}"},"query-input":{"@type":"PropertyValueSpecification","valueRequired":true,"valueName":"search_term_string"}}],"inLanguage":"pt-BR"},{"@type":"Organization","@id":"https:\/\/vanderloubet.com.br\/deputado\/#organization","name":"Deputado Federal Vander Loubet","alternateName":"Deputado Vander","url":"https:\/\/vanderloubet.com.br\/deputado\/","logo":{"@type":"ImageObject","inLanguage":"pt-BR","@id":"https:\/\/vanderloubet.com.br\/deputado\/#\/schema\/logo\/image\/","url":"https:\/\/vanderloubet.com.br\/deputado\/wp-content\/uploads\/2023\/06\/foto-2023-06-19-mandato-deputado-vander.jpg","contentUrl":"https:\/\/vanderloubet.com.br\/deputado\/wp-content\/uploads\/2023\/06\/foto-2023-06-19-mandato-deputado-vander.jpg","width":1080,"height":1080,"caption":"Deputado Federal Vander Loubet"},"image":{"@id":"https:\/\/vanderloubet.com.br\/deputado\/#\/schema\/logo\/image\/"},"sameAs":["https:\/\/facebook.com\/deputadovander","https:\/\/x.com\/vanderloubet","https:\/\/instagram.com\/vanderloubet","https:\/\/youtube.com\/vanderloubet","https:\/\/tiktok.com\/@vanderloubetms"]},{"@type":"Person","@id":"https:\/\/vanderloubet.com.br\/deputado\/#\/schema\/person\/15b51bd564532a8a68d9dec1b8eb890e","name":"\u00c9der","image":{"@type":"ImageObject","inLanguage":"pt-BR","@id":"https:\/\/vanderloubet.com.br\/deputado\/wp-content\/litespeed\/avatar\/88ca4090d9d5ab1c9495f6ca03b68efa.jpg?ver=1777058957","url":"https:\/\/vanderloubet.com.br\/deputado\/wp-content\/litespeed\/avatar\/88ca4090d9d5ab1c9495f6ca03b68efa.jpg?ver=1777058957","contentUrl":"https:\/\/vanderloubet.com.br\/deputado\/wp-content\/litespeed\/avatar\/88ca4090d9d5ab1c9495f6ca03b68efa.jpg?ver=1777058957","caption":"\u00c9der"}}]}},"jetpack_featured_media_url":"https:\/\/vanderloubet.com.br\/deputado\/wp-content\/uploads\/2015\/08\/foto-2013-07-29-servicos-publicos.jpg","jetpack_sharing_enabled":true,"_links":{"self":[{"href":"https:\/\/vanderloubet.com.br\/deputado\/wp-json\/wp\/v2\/posts\/10359","targetHints":{"allow":["GET"]}}],"collection":[{"href":"https:\/\/vanderloubet.com.br\/deputado\/wp-json\/wp\/v2\/posts"}],"about":[{"href":"https:\/\/vanderloubet.com.br\/deputado\/wp-json\/wp\/v2\/types\/post"}],"author":[{"embeddable":true,"href":"https:\/\/vanderloubet.com.br\/deputado\/wp-json\/wp\/v2\/users\/2"}],"replies":[{"embeddable":true,"href":"https:\/\/vanderloubet.com.br\/deputado\/wp-json\/wp\/v2\/comments?post=10359"}],"version-history":[{"count":0,"href":"https:\/\/vanderloubet.com.br\/deputado\/wp-json\/wp\/v2\/posts\/10359\/revisions"}],"wp:featuredmedia":[{"embeddable":true,"href":"https:\/\/vanderloubet.com.br\/deputado\/wp-json\/wp\/v2\/media\/10360"}],"wp:attachment":[{"href":"https:\/\/vanderloubet.com.br\/deputado\/wp-json\/wp\/v2\/media?parent=10359"}],"wp:term":[{"taxonomy":"category","embeddable":true,"href":"https:\/\/vanderloubet.com.br\/deputado\/wp-json\/wp\/v2\/categories?post=10359"},{"taxonomy":"post_tag","embeddable":true,"href":"https:\/\/vanderloubet.com.br\/deputado\/wp-json\/wp\/v2\/tags?post=10359"}],"curies":[{"name":"wp","href":"https:\/\/api.w.org\/{rel}","templated":true}]}}