{"id":10255,"date":"2013-10-22T18:00:09","date_gmt":"2013-10-22T22:00:09","guid":{"rendered":"http:\/\/vanderloubet.com.br\/deputado\/?p=10255"},"modified":"2015-08-20T22:17:25","modified_gmt":"2015-08-21T02:17:25","slug":"preconceito-contra-bolsa-familia-e-fruto-da-imensa-cultura-do-desprezo-diz-pesquisadora","status":"publish","type":"post","link":"https:\/\/vanderloubet.com.br\/deputado\/preconceito-contra-bolsa-familia-e-fruto-da-imensa-cultura-do-desprezo-diz-pesquisadora\/","title":{"rendered":"\u201cPreconceito contra Bolsa Fam\u00edlia \u00e9 fruto da imensa cultura do desprezo\u201d, diz pesquisadora"},"content":{"rendered":"<figure id=\"attachment_10256\" aria-describedby=\"caption-attachment-10256\" style=\"width: 700px\" class=\"wp-caption alignnone\"><img decoding=\"async\" src=\"http:\/\/vanderloubet.com.br\/deputado\/wp-content\/uploads\/2015\/08\/foto-2013-10-22-walquiria-leao-rego-700x339.jpg\" alt=\"Walquiria Le\u00e3o Rego (Foto: Evelson de Freitas\/Estad\u00e3o)\" width=\"700\" height=\"339\" class=\"size-large wp-image-10256\" srcset=\"https:\/\/vanderloubet.com.br\/deputado\/wp-content\/uploads\/2015\/08\/foto-2013-10-22-walquiria-leao-rego-700x339.jpg 700w, https:\/\/vanderloubet.com.br\/deputado\/wp-content\/uploads\/2015\/08\/foto-2013-10-22-walquiria-leao-rego-350x169.jpg 350w, https:\/\/vanderloubet.com.br\/deputado\/wp-content\/uploads\/2015\/08\/foto-2013-10-22-walquiria-leao-rego-768x372.jpg 768w, https:\/\/vanderloubet.com.br\/deputado\/wp-content\/uploads\/2015\/08\/foto-2013-10-22-walquiria-leao-rego-868x420.jpg 868w, https:\/\/vanderloubet.com.br\/deputado\/wp-content\/uploads\/2015\/08\/foto-2013-10-22-walquiria-leao-rego-696x337.jpg 696w, https:\/\/vanderloubet.com.br\/deputado\/wp-content\/uploads\/2015\/08\/foto-2013-10-22-walquiria-leao-rego.jpg 930w\" sizes=\"(max-width: 700px) 100vw, 700px\" \/><figcaption id=\"caption-attachment-10256\" class=\"wp-caption-text\">Walquiria Le\u00e3o Rego (Foto: Evelson de Freitas\/Estad\u00e3o)<\/figcaption><\/figure>\n<p>O Programa Bolsa Fam\u00edlia fez 10 anos no domingo, dia 20. Quando foi lan\u00e7ado, no primeiro mandato de Luiz In\u00e1cio Lula da Silva, atendia 3,6 milh\u00f5es de fam\u00edlias, com cerca de R$ 74 mensais, em m\u00e9dia. Hoje se estende a 13,8 milh\u00f5es de fam\u00edlias e o valor m\u00e9dio do benef\u00edcio \u00e9 de R$ 152. No conjunto, beneficia cerca de 50 milh\u00f5es de brasileiros e \u00e9 considerado barato por especialistas: custa menos de 0,5% do PIB.<\/p>\n<p>Para avaliar os impactos desse programa a soci\u00f3loga Walquiria Le\u00e3o Rego e o fil\u00f3sofo italiano Alessandro Pinzani realizaram um exaustivo trabalho de pesquisa, que se estendeu de 2006 a 2011. Ouviram mais de 150 mulheres beneficiadas pelo programa, localizadas em lugares remotos e frequentemente esquecidos, como o Vale do Jequitinhonha, no interior de Minas.<\/p>\n<p>O resultado da pesquisa est\u00e1 no livro Vozes do Bolsa Fam\u00edlia, lan\u00e7ado h\u00e1 pouco. Segundo as conclus\u00f5es de seus autores, o inc\u00f4modo e as manifesta\u00e7\u00f5es contr\u00e1rias que o programa desperta em alguns setores n\u00e3o t\u00eam raz\u00f5es objetivas. Seria resultado do preconceito e de uma cultura de desprezo pelos mais pobres.<\/p>\n<p>Os pesquisadores tamb\u00e9m rebatem a ideia de que o benef\u00edcio acomoda as pessoas. \u201cO ser humano \u00e9 desejante. Eles querem mais da vida como qualquer pessoa\u201d, diz Walquiria, que \u00e9 professora de Teoria da Cidadania na Unicamp.<\/p>\n<p>Na entrevista abaixo \u2013 concedida \u00e0 rep\u00f3rter Isadora Peron \u2013 ela fala desta e de outras conclus\u00f5es do trabalho.<\/p>\n<p><strong>Como surgiu a ideia da pesquisa?<\/strong><\/p>\n<p>Quando vimos a dimens\u00e3o que o programa estava tomando, atendendo milh\u00f5es de fam\u00edlias, percebemos que teria impacto na sociedade. Nosso objetivo foi avaliar esse impacto. Uma vez que o programa determina que a titularidade do benef\u00edcio cabe \u00e0s mulheres, era preciso conhec\u00ea-las. Ent\u00e3o resolvemos ouvir mulheres muito pobres, que continuam muito pobres, em regi\u00f5es tradicionalmente desassistidas pelo Estado, como o Vale do Jequitinhonha, o interior do Maranh\u00e3o, do Piau\u00ed\u2026<\/p>\n<p><strong>E quais foram os impactos que perceberam?<\/strong><\/p>\n<p>Toda a sociologia do dinheiro mostra que sempre houve muita resist\u00eancia, inclusive das associa\u00e7\u00f5es de caridade, em dar dinheiro aos pobres. \u00c9 mais ou menos aquele discurso: \u201cEles n\u00e3o sabem gastar, v\u00e3o comprar bobagem.\u201d Ent\u00e3o \u00e9 melhor que n\u00f3s, os esclarecidos, fa\u00e7amos uma cesta b\u00e1sica, onde vamos colocar a quantidade certa de prote\u00ednas, de carboidratos\u2026 Essa resist\u00eancia em dar dinheiro ao pobres acontecia porque as autoridades intu\u00edam que o dinheiro proporcionaria uma experi\u00eancia de maior liberdade pessoal. N\u00f3s pudemos constatar na pr\u00e1tica, a partir das falas das mulheres. Uma ou duas delas at\u00e9 usaram a palavra liberdade. \u201cEu acho que o Bolsa Fam\u00edlia me deu mais liberdade\u201d, disseram. E isso \u00e9 t\u00e3o \u00f3bvio. Quando voc\u00ea d\u00e1 uma cesta b\u00e1sica, ou um vale, como gostavam de fazer as institui\u00e7\u00f5es de caridade do s\u00e9culo 19, voc\u00ea est\u00e1 determinando o que as pessoas v\u00e3o comer. N\u00e3o d\u00e1 chance de pessoas experimentarem coisas. Nenhuma autonomia.<\/p>\n<p><strong>Est\u00e1 dizendo que essas pessoas ganharam liberdade?<\/strong><\/p>\n<p>Estamos tratando de pessoas muito pobres, muito destitu\u00eddas, secularmente abandonadas pelo Estado. Quando falamos em mais autonomia, liberdade, independ\u00eancia, estamos nos referindo \u00e0 situa\u00e7\u00e3o anterior delas, que era de passar fome. O que significa dizer de uma pessoa que est\u00e1 na linha extrema de pobreza e que continua pobre ganhou mais liberdade? Significa que ganhou espa\u00e7os maiores de liberdade ao receber o benef\u00edcio em dinheiro. \u00c9 muito forte dizer que ganhou independ\u00eancia financeira. Independ\u00eancia financeira temos n\u00f3s \u2013 e olhe l\u00e1.<\/p>\n<p><strong>O que essa liberdade significou na pr\u00e1tica, no cotidiano das pessoas?<\/strong><\/p>\n<p>Proporcionou a possibilidade de escolher. Essa gente n\u00e3o conhecia essa experi\u00eancia. Escolher \u00e9 um dos fundamentos de qualquer sociedade democr\u00e1tica. Que escolhas elas fazem? Elas descobriram, por exemplo, que podem substituir arroz por macarr\u00e3o. No Nordeste, em 2006 e 2007, estava na moda o macarr\u00e3o de pacote. Antes, havia macarr\u00e3o vendido avulso. O empacotamento dava um outro car\u00e1ter para o macarr\u00e3o. Mais valor. Elas puderam experimentar outros sabores, descobriram a salsicha, o iogurte. E aprenderam a fazer c\u00e1lculos. Uma delas me disse: \u201cIxe, no come\u00e7o, gastei tudo na primeira semana\u201d. Depois aprendeu que n\u00e3o podia gastar tudo de uma vez.<\/p>\n<p><strong>A que atribui a resist\u00eancia de determinados setores da sociedade ao pagamento do benef\u00edcio?<\/strong><\/p>\n<p>O Bolsa Fam\u00edlia \u00e9 um programa barato, mas como incomoda a classe m\u00e9dia (ela ri). Esse inc\u00f4modo vem do preconceito.<\/p>\n<p><strong>Fala-se que acomoda os pobres.<\/strong><\/p>\n<p>Como acomoda? O ser humano \u00e9 desejante. Eles querem mais da vida, como qualquer pessoa. Quem diz isso falsifica a hist\u00f3ria. N\u00e3o h\u00e1 acomoda\u00e7\u00e3o alguma. Os maridos dessas mulheres normalmente estavam desempregados. Ao perguntar a um deles quando tinha sido a \u00faltima vez que tinha trabalhado, ele respondeu: \u201cFaz uns dois meses, eu colhi feij\u00e3o\u201d. Perguntei quanto ele ganhava colhendo feij\u00e3o. Disse que dependia, que \u00e0s vezes ganhava 20, 15, 10 reais. Fizemos as contas e vimos que ganhava menos num m\u00eas do que o Bolsa Fam\u00edlia pagava. Por que ele tem que se sujeitar a isso, praticamente \u00e0 semiescravid\u00e3o? Esses estere\u00f3tipos tem que ser desfeitos no Brasil, para que se tenha uma sociedade mais solid\u00e1ria, mais democr\u00e1tica. \u00c9 preciso desfazer essa imensa cultura do desprezo.<\/p>\n<p><strong>No livro a senhora diz que essas mulheres veem o benef\u00edcio como um favor do governo.<\/strong><\/p>\n<p>Sim, de 70% a 80% ainda veem o Bolsa Fam\u00edlia como um favor. Encontramos poucas mulheres que achavam que \u00e9 um direito. Isso se explica porque temos uma jovem democracia. A cultura dos direitos chegou muito tarde ao Brasil. Imagino que daqui para a frente a ideia de que elas t\u00eam direito vai ser mais refor\u00e7ada. Para isso precisamos, por\u00e9m, de pol\u00edticas p\u00fablicas espec\u00edficas. Seriam um segundo, um terceiro passo\u2026 Os desafios a partir de agora s\u00e3o muito grandes.<\/p>\n<p><strong>Qual \u00e9 a sua avalia\u00e7\u00e3o geral do programa?<\/strong><\/p>\n<p>Acho que o Bolsa Fam\u00edlia foi uma das coisas mais importantes que aconteceram no Brasil nos \u00faltimos anos. Tornou vis\u00edveis cerca de 50 milh\u00f5es de pessoas, tornou-os mais cidad\u00e3os. Essa talvez seja a maior conquista.<\/p>\n<p><strong>Entre as mulheres que ouviu, alguma foi mais marcante para a senhora?<\/strong><\/p>\n<p>Uma das mais marcantes foi uma jovem no sert\u00e3o do Piau\u00ed. Ela me disse: \u201cEssa foi a primeira vez que a minha pessoa foi enxergada\u201d. Tinha uma outra, do Vale do Jequitinhonha, que morava num casebre, sozinha com tr\u00eas filhos. Quando come\u00e7ou a contar a hist\u00f3ria dela, perguntei qual era a sua idade, porque parecia que j\u00e1 tinha vivido muita coisa. Ela respondeu: \u201c29 anos\u201d. E eu: \u201cMas s\u00f3 29?\u201d Ela: \u201cMas, dona, a minha vida \u00e9 comprida, muito comprida.\u201d Percebi que falar que \u201ca minha vida \u00e9 muito comprida\u201d \u00e9 quase sin\u00f4nimo de \u201c\u00e9 muito sofrida\u201d.<\/p>\n<p><em>(Rold\u00e3o Arruda e Isadora Peron &#8211; Estad\u00e3o Blogs)<\/em><\/p>\n","protected":false},"excerpt":{"rendered":"<p>Walquiria Le\u00e3o Rego, professora da Unicamp, rebate a ideia de que o benef\u00edcio acomoda as pessoas. \u201cO ser humano \u00e9 desejante. Eles querem mais da vida como qualquer pessoa\u201d, diz.<\/p>\n","protected":false},"author":2,"featured_media":10257,"comment_status":"closed","ping_status":"closed","sticky":false,"template":"","format":"standard","meta":{"jetpack_post_was_ever_published":false,"_jetpack_newsletter_access":"","_jetpack_dont_email_post_to_subs":false,"_jetpack_newsletter_tier_id":0,"_jetpack_memberships_contains_paywalled_content":false,"_jetpack_memberships_contains_paid_content":false,"footnotes":""},"categories":[2098,10],"tags":[199,2274],"class_list":{"0":"post-10255","1":"post","2":"type-post","3":"status-publish","4":"format-standard","5":"has-post-thumbnail","7":"category-brasil-noticias","8":"category-noticias","9":"tag-assistencia-social","10":"tag-programas-sociais"},"yoast_head":"<!-- This site is optimized with the Yoast SEO plugin v27.4 - https:\/\/yoast.com\/product\/yoast-seo-wordpress\/ -->\n<title>\u201cPreconceito contra Bolsa Fam\u00edlia \u00e9 fruto da imensa cultura do desprezo\u201d, diz pesquisadora<\/title>\n<meta name=\"robots\" content=\"index, follow, max-snippet:-1, max-image-preview:large, max-video-preview:-1\" \/>\n<link rel=\"canonical\" href=\"https:\/\/vanderloubet.com.br\/deputado\/preconceito-contra-bolsa-familia-e-fruto-da-imensa-cultura-do-desprezo-diz-pesquisadora\/\" \/>\n<meta property=\"og:locale\" content=\"pt_BR\" \/>\n<meta property=\"og:type\" content=\"article\" \/>\n<meta property=\"og:title\" content=\"\u201cPreconceito contra Bolsa Fam\u00edlia \u00e9 fruto da imensa cultura do desprezo\u201d, diz pesquisadora\" \/>\n<meta property=\"og:description\" content=\"Walquiria Le\u00e3o Rego, professora da Unicamp, rebate a ideia de que o benef\u00edcio acomoda as pessoas. \u201cO ser humano \u00e9 desejante. Eles querem mais da vida como qualquer pessoa\u201d, diz.\" \/>\n<meta property=\"og:url\" content=\"https:\/\/vanderloubet.com.br\/deputado\/preconceito-contra-bolsa-familia-e-fruto-da-imensa-cultura-do-desprezo-diz-pesquisadora\/\" \/>\n<meta property=\"og:site_name\" content=\"Deputado Federal Vander Loubet\" \/>\n<meta property=\"article:publisher\" content=\"https:\/\/facebook.com\/deputadovander\" \/>\n<meta property=\"article:published_time\" content=\"2013-10-22T22:00:09+00:00\" \/>\n<meta property=\"article:modified_time\" content=\"2015-08-21T02:17:25+00:00\" \/>\n<meta property=\"og:image\" content=\"https:\/\/vanderloubet.com.br\/deputado\/wp-content\/uploads\/2015\/08\/foto-2013-10-22-walquiria-leao-rego-02.jpg\" \/>\n\t<meta property=\"og:image:width\" content=\"460\" \/>\n\t<meta property=\"og:image:height\" content=\"450\" \/>\n\t<meta property=\"og:image:type\" content=\"image\/jpeg\" \/>\n<meta name=\"author\" content=\"\u00c9der\" \/>\n<meta name=\"twitter:card\" content=\"summary_large_image\" \/>\n<meta name=\"twitter:creator\" content=\"@vanderloubet\" \/>\n<meta name=\"twitter:site\" content=\"@vanderloubet\" \/>\n<script type=\"application\/ld+json\" class=\"yoast-schema-graph\">{\"@context\":\"https:\\\/\\\/schema.org\",\"@graph\":[{\"@type\":\"Article\",\"@id\":\"https:\\\/\\\/vanderloubet.com.br\\\/deputado\\\/preconceito-contra-bolsa-familia-e-fruto-da-imensa-cultura-do-desprezo-diz-pesquisadora\\\/#article\",\"isPartOf\":{\"@id\":\"https:\\\/\\\/vanderloubet.com.br\\\/deputado\\\/preconceito-contra-bolsa-familia-e-fruto-da-imensa-cultura-do-desprezo-diz-pesquisadora\\\/\"},\"author\":{\"name\":\"\u00c9der\",\"@id\":\"https:\\\/\\\/vanderloubet.com.br\\\/deputado\\\/#\\\/schema\\\/person\\\/15b51bd564532a8a68d9dec1b8eb890e\"},\"headline\":\"\u201cPreconceito contra Bolsa Fam\u00edlia \u00e9 fruto da imensa cultura do desprezo\u201d, diz pesquisadora\",\"datePublished\":\"2013-10-22T22:00:09+00:00\",\"dateModified\":\"2015-08-21T02:17:25+00:00\",\"mainEntityOfPage\":{\"@id\":\"https:\\\/\\\/vanderloubet.com.br\\\/deputado\\\/preconceito-contra-bolsa-familia-e-fruto-da-imensa-cultura-do-desprezo-diz-pesquisadora\\\/\"},\"wordCount\":1184,\"publisher\":{\"@id\":\"https:\\\/\\\/vanderloubet.com.br\\\/deputado\\\/#organization\"},\"image\":{\"@id\":\"https:\\\/\\\/vanderloubet.com.br\\\/deputado\\\/preconceito-contra-bolsa-familia-e-fruto-da-imensa-cultura-do-desprezo-diz-pesquisadora\\\/#primaryimage\"},\"thumbnailUrl\":\"https:\\\/\\\/vanderloubet.com.br\\\/deputado\\\/wp-content\\\/uploads\\\/2015\\\/08\\\/foto-2013-10-22-walquiria-leao-rego-02.jpg\",\"keywords\":[\"assist\u00eancia social\",\"programas sociais\"],\"articleSection\":[\"Brasil\",\"Not\u00edcias\"],\"inLanguage\":\"pt-BR\"},{\"@type\":\"WebPage\",\"@id\":\"https:\\\/\\\/vanderloubet.com.br\\\/deputado\\\/preconceito-contra-bolsa-familia-e-fruto-da-imensa-cultura-do-desprezo-diz-pesquisadora\\\/\",\"url\":\"https:\\\/\\\/vanderloubet.com.br\\\/deputado\\\/preconceito-contra-bolsa-familia-e-fruto-da-imensa-cultura-do-desprezo-diz-pesquisadora\\\/\",\"name\":\"\u201cPreconceito contra Bolsa Fam\u00edlia \u00e9 fruto da imensa cultura do desprezo\u201d, diz pesquisadora\",\"isPartOf\":{\"@id\":\"https:\\\/\\\/vanderloubet.com.br\\\/deputado\\\/#website\"},\"primaryImageOfPage\":{\"@id\":\"https:\\\/\\\/vanderloubet.com.br\\\/deputado\\\/preconceito-contra-bolsa-familia-e-fruto-da-imensa-cultura-do-desprezo-diz-pesquisadora\\\/#primaryimage\"},\"image\":{\"@id\":\"https:\\\/\\\/vanderloubet.com.br\\\/deputado\\\/preconceito-contra-bolsa-familia-e-fruto-da-imensa-cultura-do-desprezo-diz-pesquisadora\\\/#primaryimage\"},\"thumbnailUrl\":\"https:\\\/\\\/vanderloubet.com.br\\\/deputado\\\/wp-content\\\/uploads\\\/2015\\\/08\\\/foto-2013-10-22-walquiria-leao-rego-02.jpg\",\"datePublished\":\"2013-10-22T22:00:09+00:00\",\"dateModified\":\"2015-08-21T02:17:25+00:00\",\"breadcrumb\":{\"@id\":\"https:\\\/\\\/vanderloubet.com.br\\\/deputado\\\/preconceito-contra-bolsa-familia-e-fruto-da-imensa-cultura-do-desprezo-diz-pesquisadora\\\/#breadcrumb\"},\"inLanguage\":\"pt-BR\",\"potentialAction\":[{\"@type\":\"ReadAction\",\"target\":[\"https:\\\/\\\/vanderloubet.com.br\\\/deputado\\\/preconceito-contra-bolsa-familia-e-fruto-da-imensa-cultura-do-desprezo-diz-pesquisadora\\\/\"]}]},{\"@type\":\"ImageObject\",\"inLanguage\":\"pt-BR\",\"@id\":\"https:\\\/\\\/vanderloubet.com.br\\\/deputado\\\/preconceito-contra-bolsa-familia-e-fruto-da-imensa-cultura-do-desprezo-diz-pesquisadora\\\/#primaryimage\",\"url\":\"https:\\\/\\\/vanderloubet.com.br\\\/deputado\\\/wp-content\\\/uploads\\\/2015\\\/08\\\/foto-2013-10-22-walquiria-leao-rego-02.jpg\",\"contentUrl\":\"https:\\\/\\\/vanderloubet.com.br\\\/deputado\\\/wp-content\\\/uploads\\\/2015\\\/08\\\/foto-2013-10-22-walquiria-leao-rego-02.jpg\",\"width\":460,\"height\":450,\"caption\":\"foto-2013-10-22-walquiria-leao-rego-02\"},{\"@type\":\"BreadcrumbList\",\"@id\":\"https:\\\/\\\/vanderloubet.com.br\\\/deputado\\\/preconceito-contra-bolsa-familia-e-fruto-da-imensa-cultura-do-desprezo-diz-pesquisadora\\\/#breadcrumb\",\"itemListElement\":[{\"@type\":\"ListItem\",\"position\":1,\"name\":\"In\u00edcio\",\"item\":\"https:\\\/\\\/vanderloubet.com.br\\\/deputado\\\/\"},{\"@type\":\"ListItem\",\"position\":2,\"name\":\"\u201cPreconceito contra Bolsa Fam\u00edlia \u00e9 fruto da imensa cultura do desprezo\u201d, diz pesquisadora\"}]},{\"@type\":\"WebSite\",\"@id\":\"https:\\\/\\\/vanderloubet.com.br\\\/deputado\\\/#website\",\"url\":\"https:\\\/\\\/vanderloubet.com.br\\\/deputado\\\/\",\"name\":\"Deputado Federal Vander Loubet\",\"description\":\"O Federal de MS\",\"publisher\":{\"@id\":\"https:\\\/\\\/vanderloubet.com.br\\\/deputado\\\/#organization\"},\"alternateName\":\"Deputado Vander\",\"potentialAction\":[{\"@type\":\"SearchAction\",\"target\":{\"@type\":\"EntryPoint\",\"urlTemplate\":\"https:\\\/\\\/vanderloubet.com.br\\\/deputado\\\/?s={search_term_string}\"},\"query-input\":{\"@type\":\"PropertyValueSpecification\",\"valueRequired\":true,\"valueName\":\"search_term_string\"}}],\"inLanguage\":\"pt-BR\"},{\"@type\":\"Organization\",\"@id\":\"https:\\\/\\\/vanderloubet.com.br\\\/deputado\\\/#organization\",\"name\":\"Deputado Federal Vander Loubet\",\"alternateName\":\"Deputado Vander\",\"url\":\"https:\\\/\\\/vanderloubet.com.br\\\/deputado\\\/\",\"logo\":{\"@type\":\"ImageObject\",\"inLanguage\":\"pt-BR\",\"@id\":\"https:\\\/\\\/vanderloubet.com.br\\\/deputado\\\/#\\\/schema\\\/logo\\\/image\\\/\",\"url\":\"https:\\\/\\\/vanderloubet.com.br\\\/deputado\\\/wp-content\\\/uploads\\\/2023\\\/06\\\/foto-2023-06-19-mandato-deputado-vander.jpg\",\"contentUrl\":\"https:\\\/\\\/vanderloubet.com.br\\\/deputado\\\/wp-content\\\/uploads\\\/2023\\\/06\\\/foto-2023-06-19-mandato-deputado-vander.jpg\",\"width\":1080,\"height\":1080,\"caption\":\"Deputado Federal Vander Loubet\"},\"image\":{\"@id\":\"https:\\\/\\\/vanderloubet.com.br\\\/deputado\\\/#\\\/schema\\\/logo\\\/image\\\/\"},\"sameAs\":[\"https:\\\/\\\/facebook.com\\\/deputadovander\",\"https:\\\/\\\/x.com\\\/vanderloubet\",\"https:\\\/\\\/instagram.com\\\/vanderloubet\",\"https:\\\/\\\/youtube.com\\\/vanderloubet\",\"https:\\\/\\\/tiktok.com\\\/@vanderloubetms\"]},{\"@type\":\"Person\",\"@id\":\"https:\\\/\\\/vanderloubet.com.br\\\/deputado\\\/#\\\/schema\\\/person\\\/15b51bd564532a8a68d9dec1b8eb890e\",\"name\":\"\u00c9der\",\"image\":{\"@type\":\"ImageObject\",\"inLanguage\":\"pt-BR\",\"@id\":\"https:\\\/\\\/vanderloubet.com.br\\\/deputado\\\/wp-content\\\/litespeed\\\/avatar\\\/88ca4090d9d5ab1c9495f6ca03b68efa.jpg?ver=1777058957\",\"url\":\"https:\\\/\\\/vanderloubet.com.br\\\/deputado\\\/wp-content\\\/litespeed\\\/avatar\\\/88ca4090d9d5ab1c9495f6ca03b68efa.jpg?ver=1777058957\",\"contentUrl\":\"https:\\\/\\\/vanderloubet.com.br\\\/deputado\\\/wp-content\\\/litespeed\\\/avatar\\\/88ca4090d9d5ab1c9495f6ca03b68efa.jpg?ver=1777058957\",\"caption\":\"\u00c9der\"}}]}<\/script>\n<!-- \/ Yoast SEO plugin. -->","yoast_head_json":{"title":"\u201cPreconceito contra Bolsa Fam\u00edlia \u00e9 fruto da imensa cultura do desprezo\u201d, diz pesquisadora","robots":{"index":"index","follow":"follow","max-snippet":"max-snippet:-1","max-image-preview":"max-image-preview:large","max-video-preview":"max-video-preview:-1"},"canonical":"https:\/\/vanderloubet.com.br\/deputado\/preconceito-contra-bolsa-familia-e-fruto-da-imensa-cultura-do-desprezo-diz-pesquisadora\/","og_locale":"pt_BR","og_type":"article","og_title":"\u201cPreconceito contra Bolsa Fam\u00edlia \u00e9 fruto da imensa cultura do desprezo\u201d, diz pesquisadora","og_description":"Walquiria Le\u00e3o Rego, professora da Unicamp, rebate a ideia de que o benef\u00edcio acomoda as pessoas. \u201cO ser humano \u00e9 desejante. Eles querem mais da vida como qualquer pessoa\u201d, diz.","og_url":"https:\/\/vanderloubet.com.br\/deputado\/preconceito-contra-bolsa-familia-e-fruto-da-imensa-cultura-do-desprezo-diz-pesquisadora\/","og_site_name":"Deputado Federal Vander Loubet","article_publisher":"https:\/\/facebook.com\/deputadovander","article_published_time":"2013-10-22T22:00:09+00:00","article_modified_time":"2015-08-21T02:17:25+00:00","og_image":[{"width":460,"height":450,"url":"https:\/\/vanderloubet.com.br\/deputado\/wp-content\/uploads\/2015\/08\/foto-2013-10-22-walquiria-leao-rego-02.jpg","type":"image\/jpeg"}],"author":"\u00c9der","twitter_card":"summary_large_image","twitter_creator":"@vanderloubet","twitter_site":"@vanderloubet","schema":{"@context":"https:\/\/schema.org","@graph":[{"@type":"Article","@id":"https:\/\/vanderloubet.com.br\/deputado\/preconceito-contra-bolsa-familia-e-fruto-da-imensa-cultura-do-desprezo-diz-pesquisadora\/#article","isPartOf":{"@id":"https:\/\/vanderloubet.com.br\/deputado\/preconceito-contra-bolsa-familia-e-fruto-da-imensa-cultura-do-desprezo-diz-pesquisadora\/"},"author":{"name":"\u00c9der","@id":"https:\/\/vanderloubet.com.br\/deputado\/#\/schema\/person\/15b51bd564532a8a68d9dec1b8eb890e"},"headline":"\u201cPreconceito contra Bolsa Fam\u00edlia \u00e9 fruto da imensa cultura do desprezo\u201d, diz pesquisadora","datePublished":"2013-10-22T22:00:09+00:00","dateModified":"2015-08-21T02:17:25+00:00","mainEntityOfPage":{"@id":"https:\/\/vanderloubet.com.br\/deputado\/preconceito-contra-bolsa-familia-e-fruto-da-imensa-cultura-do-desprezo-diz-pesquisadora\/"},"wordCount":1184,"publisher":{"@id":"https:\/\/vanderloubet.com.br\/deputado\/#organization"},"image":{"@id":"https:\/\/vanderloubet.com.br\/deputado\/preconceito-contra-bolsa-familia-e-fruto-da-imensa-cultura-do-desprezo-diz-pesquisadora\/#primaryimage"},"thumbnailUrl":"https:\/\/vanderloubet.com.br\/deputado\/wp-content\/uploads\/2015\/08\/foto-2013-10-22-walquiria-leao-rego-02.jpg","keywords":["assist\u00eancia social","programas sociais"],"articleSection":["Brasil","Not\u00edcias"],"inLanguage":"pt-BR"},{"@type":"WebPage","@id":"https:\/\/vanderloubet.com.br\/deputado\/preconceito-contra-bolsa-familia-e-fruto-da-imensa-cultura-do-desprezo-diz-pesquisadora\/","url":"https:\/\/vanderloubet.com.br\/deputado\/preconceito-contra-bolsa-familia-e-fruto-da-imensa-cultura-do-desprezo-diz-pesquisadora\/","name":"\u201cPreconceito contra Bolsa Fam\u00edlia \u00e9 fruto da imensa cultura do desprezo\u201d, diz pesquisadora","isPartOf":{"@id":"https:\/\/vanderloubet.com.br\/deputado\/#website"},"primaryImageOfPage":{"@id":"https:\/\/vanderloubet.com.br\/deputado\/preconceito-contra-bolsa-familia-e-fruto-da-imensa-cultura-do-desprezo-diz-pesquisadora\/#primaryimage"},"image":{"@id":"https:\/\/vanderloubet.com.br\/deputado\/preconceito-contra-bolsa-familia-e-fruto-da-imensa-cultura-do-desprezo-diz-pesquisadora\/#primaryimage"},"thumbnailUrl":"https:\/\/vanderloubet.com.br\/deputado\/wp-content\/uploads\/2015\/08\/foto-2013-10-22-walquiria-leao-rego-02.jpg","datePublished":"2013-10-22T22:00:09+00:00","dateModified":"2015-08-21T02:17:25+00:00","breadcrumb":{"@id":"https:\/\/vanderloubet.com.br\/deputado\/preconceito-contra-bolsa-familia-e-fruto-da-imensa-cultura-do-desprezo-diz-pesquisadora\/#breadcrumb"},"inLanguage":"pt-BR","potentialAction":[{"@type":"ReadAction","target":["https:\/\/vanderloubet.com.br\/deputado\/preconceito-contra-bolsa-familia-e-fruto-da-imensa-cultura-do-desprezo-diz-pesquisadora\/"]}]},{"@type":"ImageObject","inLanguage":"pt-BR","@id":"https:\/\/vanderloubet.com.br\/deputado\/preconceito-contra-bolsa-familia-e-fruto-da-imensa-cultura-do-desprezo-diz-pesquisadora\/#primaryimage","url":"https:\/\/vanderloubet.com.br\/deputado\/wp-content\/uploads\/2015\/08\/foto-2013-10-22-walquiria-leao-rego-02.jpg","contentUrl":"https:\/\/vanderloubet.com.br\/deputado\/wp-content\/uploads\/2015\/08\/foto-2013-10-22-walquiria-leao-rego-02.jpg","width":460,"height":450,"caption":"foto-2013-10-22-walquiria-leao-rego-02"},{"@type":"BreadcrumbList","@id":"https:\/\/vanderloubet.com.br\/deputado\/preconceito-contra-bolsa-familia-e-fruto-da-imensa-cultura-do-desprezo-diz-pesquisadora\/#breadcrumb","itemListElement":[{"@type":"ListItem","position":1,"name":"In\u00edcio","item":"https:\/\/vanderloubet.com.br\/deputado\/"},{"@type":"ListItem","position":2,"name":"\u201cPreconceito contra Bolsa Fam\u00edlia \u00e9 fruto da imensa cultura do desprezo\u201d, diz pesquisadora"}]},{"@type":"WebSite","@id":"https:\/\/vanderloubet.com.br\/deputado\/#website","url":"https:\/\/vanderloubet.com.br\/deputado\/","name":"Deputado Federal Vander Loubet","description":"O Federal de MS","publisher":{"@id":"https:\/\/vanderloubet.com.br\/deputado\/#organization"},"alternateName":"Deputado Vander","potentialAction":[{"@type":"SearchAction","target":{"@type":"EntryPoint","urlTemplate":"https:\/\/vanderloubet.com.br\/deputado\/?s={search_term_string}"},"query-input":{"@type":"PropertyValueSpecification","valueRequired":true,"valueName":"search_term_string"}}],"inLanguage":"pt-BR"},{"@type":"Organization","@id":"https:\/\/vanderloubet.com.br\/deputado\/#organization","name":"Deputado Federal Vander Loubet","alternateName":"Deputado Vander","url":"https:\/\/vanderloubet.com.br\/deputado\/","logo":{"@type":"ImageObject","inLanguage":"pt-BR","@id":"https:\/\/vanderloubet.com.br\/deputado\/#\/schema\/logo\/image\/","url":"https:\/\/vanderloubet.com.br\/deputado\/wp-content\/uploads\/2023\/06\/foto-2023-06-19-mandato-deputado-vander.jpg","contentUrl":"https:\/\/vanderloubet.com.br\/deputado\/wp-content\/uploads\/2023\/06\/foto-2023-06-19-mandato-deputado-vander.jpg","width":1080,"height":1080,"caption":"Deputado Federal Vander Loubet"},"image":{"@id":"https:\/\/vanderloubet.com.br\/deputado\/#\/schema\/logo\/image\/"},"sameAs":["https:\/\/facebook.com\/deputadovander","https:\/\/x.com\/vanderloubet","https:\/\/instagram.com\/vanderloubet","https:\/\/youtube.com\/vanderloubet","https:\/\/tiktok.com\/@vanderloubetms"]},{"@type":"Person","@id":"https:\/\/vanderloubet.com.br\/deputado\/#\/schema\/person\/15b51bd564532a8a68d9dec1b8eb890e","name":"\u00c9der","image":{"@type":"ImageObject","inLanguage":"pt-BR","@id":"https:\/\/vanderloubet.com.br\/deputado\/wp-content\/litespeed\/avatar\/88ca4090d9d5ab1c9495f6ca03b68efa.jpg?ver=1777058957","url":"https:\/\/vanderloubet.com.br\/deputado\/wp-content\/litespeed\/avatar\/88ca4090d9d5ab1c9495f6ca03b68efa.jpg?ver=1777058957","contentUrl":"https:\/\/vanderloubet.com.br\/deputado\/wp-content\/litespeed\/avatar\/88ca4090d9d5ab1c9495f6ca03b68efa.jpg?ver=1777058957","caption":"\u00c9der"}}]}},"jetpack_featured_media_url":"https:\/\/vanderloubet.com.br\/deputado\/wp-content\/uploads\/2015\/08\/foto-2013-10-22-walquiria-leao-rego-02.jpg","jetpack_sharing_enabled":true,"_links":{"self":[{"href":"https:\/\/vanderloubet.com.br\/deputado\/wp-json\/wp\/v2\/posts\/10255","targetHints":{"allow":["GET"]}}],"collection":[{"href":"https:\/\/vanderloubet.com.br\/deputado\/wp-json\/wp\/v2\/posts"}],"about":[{"href":"https:\/\/vanderloubet.com.br\/deputado\/wp-json\/wp\/v2\/types\/post"}],"author":[{"embeddable":true,"href":"https:\/\/vanderloubet.com.br\/deputado\/wp-json\/wp\/v2\/users\/2"}],"replies":[{"embeddable":true,"href":"https:\/\/vanderloubet.com.br\/deputado\/wp-json\/wp\/v2\/comments?post=10255"}],"version-history":[{"count":0,"href":"https:\/\/vanderloubet.com.br\/deputado\/wp-json\/wp\/v2\/posts\/10255\/revisions"}],"wp:featuredmedia":[{"embeddable":true,"href":"https:\/\/vanderloubet.com.br\/deputado\/wp-json\/wp\/v2\/media\/10257"}],"wp:attachment":[{"href":"https:\/\/vanderloubet.com.br\/deputado\/wp-json\/wp\/v2\/media?parent=10255"}],"wp:term":[{"taxonomy":"category","embeddable":true,"href":"https:\/\/vanderloubet.com.br\/deputado\/wp-json\/wp\/v2\/categories?post=10255"},{"taxonomy":"post_tag","embeddable":true,"href":"https:\/\/vanderloubet.com.br\/deputado\/wp-json\/wp\/v2\/tags?post=10255"}],"curies":[{"name":"wp","href":"https:\/\/api.w.org\/{rel}","templated":true}]}}