{"id":10245,"date":"2015-08-19T23:10:09","date_gmt":"2015-08-20T03:10:09","guid":{"rendered":"http:\/\/vanderloubet.com.br\/deputado\/?p=10245"},"modified":"2015-08-28T18:41:23","modified_gmt":"2015-08-28T22:41:23","slug":"tres-lagoas-e-selviria-ganham-usinas-hidreletricas-de-jupia-e-ilha-solteira","status":"publish","type":"post","link":"https:\/\/vanderloubet.com.br\/deputado\/tres-lagoas-e-selviria-ganham-usinas-hidreletricas-de-jupia-e-ilha-solteira\/","title":{"rendered":"Tr\u00eas Lagoas e Selv\u00edria &#8220;ganham&#8221; usinas hidrel\u00e9tricas de Jupi\u00e1 e Ilha Solteira"},"content":{"rendered":"\r\n                <style type=\"text\/css\">\r\n                    \r\n                    #tdi_1  .td-doubleSlider-2 .td-item1 {\r\n                        background: url(https:\/\/vanderloubet.com.br\/deputado\/wp-content\/uploads\/2015\/08\/foto-2015-08-19-usina-jupia-80x60.jpg) 0 0 no-repeat;\r\n                    }\r\n                    #tdi_1  .td-doubleSlider-2 .td-item2 {\r\n                        background: url(https:\/\/vanderloubet.com.br\/deputado\/wp-content\/uploads\/2015\/08\/foto-2015-08-19-idevaldo-claudino-vander-loubet-80x60.jpg) 0 0 no-repeat;\r\n                    }\r\n                <\/style>\r\n\r\n                <div id=\"tdi_1\" class=\"td-gallery td-slide-on-2-columns\">\r\n                    <div class=\"post_td_gallery\">\r\n                        <div class=\"td-gallery-slide-top\">\r\n                           <div class=\"td-gallery-title\"><\/div>\r\n\r\n                            <div class=\"td-gallery-controls-wrapper\">\r\n                                <div class=\"td-gallery-slide-count\"><span class=\"td-gallery-slide-item-focus\">1<\/span> de 2<\/div>\r\n                                <div class=\"td-gallery-slide-prev-next-but\">\r\n                                    <i class = \"td-icon-left doubleSliderPrevButton\"><\/i>\r\n                                    <i class = \"td-icon-right doubleSliderNextButton\"><\/i>\r\n                                <\/div>\r\n                            <\/div>\r\n                        <\/div>\r\n\r\n                        <div class = \"td-doubleSlider-1 \">\r\n                            <div class = \"td-slider\">\r\n                                \r\n                    <div class = \"td-slide-item td-item1\">\r\n                        <figure class=\"td-slide-galery-figure td-slide-popup-gallery\">\r\n                            <a class=\"slide-gallery-image-link\" href=\"https:\/\/vanderloubet.com.br\/deputado\/wp-content\/uploads\/2015\/08\/foto-2015-08-19-usina-jupia.jpg\" title=\"Usina Hidrel\u00e9trica de Jupi\u00e1\"  data-caption=\"\"  data-description=\"Usina Hidrel&eacute;trica de Jupi&aacute;\">\r\n                                <img decoding=\"async\" src=\"https:\/\/vanderloubet.com.br\/deputado\/wp-content\/uploads\/2015\/08\/foto-2015-08-19-usina-jupia-727x420.jpg\" srcset=\"https:\/\/vanderloubet.com.br\/deputado\/wp-content\/uploads\/2015\/08\/foto-2015-08-19-usina-jupia-727x420.jpg 727w, https:\/\/vanderloubet.com.br\/deputado\/wp-content\/uploads\/2015\/08\/foto-2015-08-19-usina-jupia-350x202.jpg 350w, https:\/\/vanderloubet.com.br\/deputado\/wp-content\/uploads\/2015\/08\/foto-2015-08-19-usina-jupia-768x444.jpg 768w, https:\/\/vanderloubet.com.br\/deputado\/wp-content\/uploads\/2015\/08\/foto-2015-08-19-usina-jupia-700x404.jpg 700w, https:\/\/vanderloubet.com.br\/deputado\/wp-content\/uploads\/2015\/08\/foto-2015-08-19-usina-jupia-696x402.jpg 696w, https:\/\/vanderloubet.com.br\/deputado\/wp-content\/uploads\/2015\/08\/foto-2015-08-19-usina-jupia.jpg 900w\" sizes=\"(max-width: 727px) 100vw, 727px\" alt=\"Usina Hidrel&eacute;trica de Jupi&aacute;\">\r\n                            <\/a>\r\n                            <figcaption class = \"td-slide-caption td-gallery-slide-content\"><span>Usina Hidrel\u00e9trica de Jupi\u00e1<\/span><\/figcaption>\r\n                        <\/figure>\r\n                    <\/div>\r\n                    <div class = \"td-slide-item td-item2\">\r\n                        <figure class=\"td-slide-galery-figure td-slide-popup-gallery\">\r\n                            <a class=\"slide-gallery-image-link\" href=\"https:\/\/vanderloubet.com.br\/deputado\/wp-content\/uploads\/2015\/08\/foto-2015-08-19-idevaldo-claudino-vander-loubet.jpg\" title=\"Idevaldo e Vander, em recente encontro em Bras\u00edlia, quando cobraram posi\u00e7\u00e3o do MME\"  data-caption=\"\"  data-description=\"Idevaldo e Vander, em recente encontro em Bras&iacute;lia, quando cobraram posi&ccedil;&atilde;o do MME\">\r\n                                <img decoding=\"async\" src=\"https:\/\/vanderloubet.com.br\/deputado\/wp-content\/uploads\/2015\/08\/foto-2015-08-19-idevaldo-claudino-vander-loubet-727x420.jpg\" srcset=\"https:\/\/vanderloubet.com.br\/deputado\/wp-content\/uploads\/2015\/08\/foto-2015-08-19-idevaldo-claudino-vander-loubet-727x420.jpg 727w, https:\/\/vanderloubet.com.br\/deputado\/wp-content\/uploads\/2015\/08\/foto-2015-08-19-idevaldo-claudino-vander-loubet-350x202.jpg 350w, https:\/\/vanderloubet.com.br\/deputado\/wp-content\/uploads\/2015\/08\/foto-2015-08-19-idevaldo-claudino-vander-loubet-768x444.jpg 768w, https:\/\/vanderloubet.com.br\/deputado\/wp-content\/uploads\/2015\/08\/foto-2015-08-19-idevaldo-claudino-vander-loubet-700x404.jpg 700w, https:\/\/vanderloubet.com.br\/deputado\/wp-content\/uploads\/2015\/08\/foto-2015-08-19-idevaldo-claudino-vander-loubet-696x402.jpg 696w, https:\/\/vanderloubet.com.br\/deputado\/wp-content\/uploads\/2015\/08\/foto-2015-08-19-idevaldo-claudino-vander-loubet.jpg 900w\" sizes=\"(max-width: 727px) 100vw, 727px\" alt=\"Idevaldo e Vander, em recente encontro em Bras&iacute;lia, quando cobraram posi&ccedil;&atilde;o do MME\">\r\n                            <\/a>\r\n                            <figcaption class = \"td-slide-caption td-gallery-slide-content\"><span>Idevaldo e Vander, em recente encontro em Bras\u00edlia, quando cobraram posi\u00e7\u00e3o do MME<\/span><\/figcaption>\r\n                        <\/figure>\r\n                    <\/div>\r\n                            <\/div>\r\n                        <\/div>\r\n\r\n                        <div class = \"td-doubleSlider-2\">\r\n                            <div class = \"td-slider\">\r\n                                \r\n                    <div class = \"td-button td-item1\">\r\n                        <div class = \"td-border\"><\/div>\r\n                    <\/div>\r\n                    <div class = \"td-button td-item2\">\r\n                        <div class = \"td-border\"><\/div>\r\n                    <\/div>\r\n                            <\/div>\r\n                        <\/div>\r\n\r\n                    <\/div>\r\n\r\n                <\/div>\r\n                \n<p>Depois de seis anos, o Governo Federal acatou uma reivindica\u00e7\u00e3o do deputado federal Vander Loubet e do vereador treslagoense Idevaldo Claudino e reconheceu a Usina Hidrel\u00e9trica de Jupi\u00e1 como um empreendimento em territ\u00f3rio de Mato Grosso do Sul. Dessa forma, Tr\u00eas Lagoas passa a ser sede fiscal da usina. De quebra, a Usina Hidr\u00e9letrica de Ilha Solteira tamb\u00e9m passou a fazer parte de MS e ter\u00e1 como sede fiscal o munic\u00edpio de Selv\u00edria.<\/p>\n<p>O Minist\u00e9rio de Minas e Energia (MME) publicou na ter\u00e7a-feira (18) no Di\u00e1rio Oficial da Uni\u00e3o (DOU) a <a href=\"http:\/\/vanderloubet.com.br\/deputado\/wp-content\/uploads\/2015\/08\/arquivo-portaria-384-2015-mme.pdf\" target=\"_blank\">Portaria 384\/2015<\/a>, na qual altera o estado dos dois empreendimentos de S\u00e3o Paulo para o Mato Grosso do Sul. Antes, as usinas tinham sua cede nas cidades paulistas de Castilho e Ilha Solteira.<\/p>\n<p>&#8220;Em 2009 fui procurado pelo Idevaldo com essa reivindica\u00e7\u00e3o e achei justa pois Tr\u00eas Lagoas ficava com uma parcela muito pequena das receitas geradas por Jupi\u00e1, mesmo tendo a maior parte da usina em seu territ\u00f3rio. Com certeza \u00e9 uma vit\u00f3ria n\u00e3o s\u00f3 para o munic\u00edpio mas tamb\u00e9m para o Estado&#8221;, declarou Vander.<\/p>\n<p>Para o vereador Idevaldo Claudino, a mudan\u00e7a feita pelo MME vai gerar novas receitas para Tr\u00eas Lagoas. &#8220;Foi um longo tempo at\u00e9 sermos atendidos mas tenho certeza que valeu a pena esperar. \u00c9 uma grande vit\u00f3ria. Esses novos recursos que passar\u00e3o a entrar para o Munic\u00edpio v\u00e3o permitir que se amplie o investimento em \u00e1reas consideradas priorit\u00e1rias pela popula\u00e7\u00e3o, como a sa\u00fade e a educa\u00e7\u00e3o&#8221;, comemorou.<\/p>\n<p><strong>Arrecada\u00e7\u00e3o maior<\/strong> &#8211; De acordo com o deputado Vander Loubet, ainda n\u00e3o h\u00e1 n\u00fameros exatos sobre qual ser\u00e1 o impacto dessa medida na arrecada\u00e7\u00e3o de impostos para o Munic\u00edpio de Tr\u00eas Lagoas e para o Governo do Estado. &#8220;\u00c9 certo que vai crescer consideravelmente&#8221;, pontuou o parlamentar federal, referindo-se a tributos e royalties.<\/p>\n<p>Dados coletados no Portal da Transpar\u00eancia do Estado de S\u00e3o Paulo mostram que, em 2014, Castilho recebeu R$ 32,6 milh\u00f5es em repasses de Imposto Sobre Circula\u00e7\u00e3o de Mercadorias e Servi\u00e7os (ICMS). De janeiro a agosto deste ano j\u00e1 foram mais de R$ 21 milh\u00f5es. Em declara\u00e7\u00f5es feitas ao notici\u00e1rio paulista, o prefeito da cidade, Joni Buzachero, afirmou que o ICMS da energia el\u00e9trica \u00e9 a principal fonte de arrecada\u00e7\u00e3o do munic\u00edpio.<\/p>\n<p><strong>Leil\u00e3o<\/strong> &#8211; Al\u00e9m da mudan\u00e7a de sede, a Portaria 348 tamb\u00e9m marcou o leil\u00e3o das usinas hidrel\u00e9tricas cujas concession\u00e1rias n\u00e3o aceitaram renovar os contratos nos termos da Medida Provis\u00f3ria (MP) 579\/2012. Ser\u00e1 em outubro deste ano. S\u00e3o 29 usinas que est\u00e3o sob administra\u00e7\u00e3o da Companhia Energ\u00e9tica de S\u00e3o Paulo (Cesp), Companhia Energ\u00e9tica de Minas Gerais (Cemig), Companhia Paranaense de Energia (Copel), Centrais El\u00e9tricas de Santa Catarina (Celesc) e Centrais El\u00e9tricas de Goi\u00e1s (Celg).<\/p>\n<p>Segundo o ministro de Minas e Energia, Eduardo Braga, a Uni\u00e3o espera arrecadar R$ 17 bilh\u00f5es nessa licita\u00e7\u00e3o. Vencer\u00e1 o leil\u00e3o quem oferecer uma combina\u00e7\u00e3o entre maior b\u00f4nus e menor tarifa.<\/p>\n<p>Ser\u00e3o licitados seis lotes, sendo Ilha Solteira e Jupi\u00e1 os dois empreendimentos com maior pot\u00eancia instalada de todo o grupo, com 3,44 mil e 1,55 mil megawatts, respectivamente. At\u00e9 o fim da licita\u00e7\u00e3o, a Cesp continua comandando essas usinas.<\/p>\n<p><em>(\u00c9der Yanaguita &#8211; Ascom\/Deputado Vander)<\/em><\/p>\n","protected":false},"excerpt":{"rendered":"<p>Governo acatou reivindica\u00e7\u00e3o do deputado Vander e do vereador treslagoense Idevaldo Claudino e reconheceu Jupi\u00e1 como empreendimento em territ\u00f3rio de MS.<\/p>\n","protected":false},"author":2,"featured_media":10247,"comment_status":"closed","ping_status":"closed","sticky":false,"template":"","format":"standard","meta":{"jetpack_post_was_ever_published":false,"_jetpack_newsletter_access":"","_jetpack_dont_email_post_to_subs":false,"_jetpack_newsletter_tier_id":0,"_jetpack_memberships_contains_paywalled_content":false,"_jetpack_memberships_contains_paid_content":false,"footnotes":""},"categories":[2097,10],"tags":[2159],"class_list":{"0":"post-10245","1":"post","2":"type-post","3":"status-publish","4":"format-standard","5":"has-post-thumbnail","7":"category-municipios-noticias","8":"category-noticias","9":"tag-energia-eletrica"},"yoast_head":"<!-- This site is optimized with the Yoast SEO plugin v27.4 - https:\/\/yoast.com\/product\/yoast-seo-wordpress\/ -->\n<title>Tr\u00eas Lagoas e Selv\u00edria &quot;ganham&quot; usinas hidrel\u00e9tricas de Jupi\u00e1 e Ilha Solteira<\/title>\n<meta name=\"robots\" content=\"index, follow, max-snippet:-1, max-image-preview:large, max-video-preview:-1\" \/>\n<link rel=\"canonical\" href=\"https:\/\/vanderloubet.com.br\/deputado\/tres-lagoas-e-selviria-ganham-usinas-hidreletricas-de-jupia-e-ilha-solteira\/\" \/>\n<meta property=\"og:locale\" content=\"pt_BR\" \/>\n<meta property=\"og:type\" content=\"article\" \/>\n<meta property=\"og:title\" content=\"Tr\u00eas Lagoas e Selv\u00edria &quot;ganham&quot; usinas hidrel\u00e9tricas de Jupi\u00e1 e Ilha Solteira\" \/>\n<meta property=\"og:description\" content=\"Governo acatou reivindica\u00e7\u00e3o do deputado Vander e do vereador treslagoense Idevaldo Claudino e reconheceu Jupi\u00e1 como empreendimento em territ\u00f3rio de MS.\" \/>\n<meta property=\"og:url\" content=\"https:\/\/vanderloubet.com.br\/deputado\/tres-lagoas-e-selviria-ganham-usinas-hidreletricas-de-jupia-e-ilha-solteira\/\" \/>\n<meta property=\"og:site_name\" content=\"Deputado Federal Vander Loubet\" \/>\n<meta property=\"article:publisher\" content=\"https:\/\/facebook.com\/deputadovander\" \/>\n<meta property=\"article:published_time\" content=\"2015-08-20T03:10:09+00:00\" \/>\n<meta property=\"article:modified_time\" content=\"2015-08-28T22:41:23+00:00\" \/>\n<meta property=\"og:image\" content=\"https:\/\/vanderloubet.com.br\/deputado\/wp-content\/uploads\/2015\/08\/foto-2015-08-19-usina-jupia.jpg\" \/>\n\t<meta property=\"og:image:width\" content=\"900\" \/>\n\t<meta property=\"og:image:height\" content=\"520\" \/>\n\t<meta property=\"og:image:type\" content=\"image\/jpeg\" \/>\n<meta name=\"author\" content=\"\u00c9der\" \/>\n<meta name=\"twitter:card\" content=\"summary_large_image\" \/>\n<meta name=\"twitter:creator\" content=\"@vanderloubet\" \/>\n<meta name=\"twitter:site\" content=\"@vanderloubet\" \/>\n<script type=\"application\/ld+json\" class=\"yoast-schema-graph\">{\"@context\":\"https:\\\/\\\/schema.org\",\"@graph\":[{\"@type\":\"Article\",\"@id\":\"https:\\\/\\\/vanderloubet.com.br\\\/deputado\\\/tres-lagoas-e-selviria-ganham-usinas-hidreletricas-de-jupia-e-ilha-solteira\\\/#article\",\"isPartOf\":{\"@id\":\"https:\\\/\\\/vanderloubet.com.br\\\/deputado\\\/tres-lagoas-e-selviria-ganham-usinas-hidreletricas-de-jupia-e-ilha-solteira\\\/\"},\"author\":{\"name\":\"\u00c9der\",\"@id\":\"https:\\\/\\\/vanderloubet.com.br\\\/deputado\\\/#\\\/schema\\\/person\\\/15b51bd564532a8a68d9dec1b8eb890e\"},\"headline\":\"Tr\u00eas Lagoas e Selv\u00edria &#8220;ganham&#8221; usinas hidrel\u00e9tricas de Jupi\u00e1 e Ilha Solteira\",\"datePublished\":\"2015-08-20T03:10:09+00:00\",\"dateModified\":\"2015-08-28T22:41:23+00:00\",\"mainEntityOfPage\":{\"@id\":\"https:\\\/\\\/vanderloubet.com.br\\\/deputado\\\/tres-lagoas-e-selviria-ganham-usinas-hidreletricas-de-jupia-e-ilha-solteira\\\/\"},\"wordCount\":598,\"publisher\":{\"@id\":\"https:\\\/\\\/vanderloubet.com.br\\\/deputado\\\/#organization\"},\"image\":{\"@id\":\"https:\\\/\\\/vanderloubet.com.br\\\/deputado\\\/tres-lagoas-e-selviria-ganham-usinas-hidreletricas-de-jupia-e-ilha-solteira\\\/#primaryimage\"},\"thumbnailUrl\":\"https:\\\/\\\/vanderloubet.com.br\\\/deputado\\\/wp-content\\\/uploads\\\/2015\\\/08\\\/foto-2015-08-19-usina-jupia.jpg\",\"keywords\":[\"energia el\u00e9trica\"],\"articleSection\":[\"Munic\u00edpios\",\"Not\u00edcias\"],\"inLanguage\":\"pt-BR\"},{\"@type\":\"WebPage\",\"@id\":\"https:\\\/\\\/vanderloubet.com.br\\\/deputado\\\/tres-lagoas-e-selviria-ganham-usinas-hidreletricas-de-jupia-e-ilha-solteira\\\/\",\"url\":\"https:\\\/\\\/vanderloubet.com.br\\\/deputado\\\/tres-lagoas-e-selviria-ganham-usinas-hidreletricas-de-jupia-e-ilha-solteira\\\/\",\"name\":\"Tr\u00eas Lagoas e Selv\u00edria \\\"ganham\\\" usinas hidrel\u00e9tricas de Jupi\u00e1 e Ilha Solteira\",\"isPartOf\":{\"@id\":\"https:\\\/\\\/vanderloubet.com.br\\\/deputado\\\/#website\"},\"primaryImageOfPage\":{\"@id\":\"https:\\\/\\\/vanderloubet.com.br\\\/deputado\\\/tres-lagoas-e-selviria-ganham-usinas-hidreletricas-de-jupia-e-ilha-solteira\\\/#primaryimage\"},\"image\":{\"@id\":\"https:\\\/\\\/vanderloubet.com.br\\\/deputado\\\/tres-lagoas-e-selviria-ganham-usinas-hidreletricas-de-jupia-e-ilha-solteira\\\/#primaryimage\"},\"thumbnailUrl\":\"https:\\\/\\\/vanderloubet.com.br\\\/deputado\\\/wp-content\\\/uploads\\\/2015\\\/08\\\/foto-2015-08-19-usina-jupia.jpg\",\"datePublished\":\"2015-08-20T03:10:09+00:00\",\"dateModified\":\"2015-08-28T22:41:23+00:00\",\"breadcrumb\":{\"@id\":\"https:\\\/\\\/vanderloubet.com.br\\\/deputado\\\/tres-lagoas-e-selviria-ganham-usinas-hidreletricas-de-jupia-e-ilha-solteira\\\/#breadcrumb\"},\"inLanguage\":\"pt-BR\",\"potentialAction\":[{\"@type\":\"ReadAction\",\"target\":[\"https:\\\/\\\/vanderloubet.com.br\\\/deputado\\\/tres-lagoas-e-selviria-ganham-usinas-hidreletricas-de-jupia-e-ilha-solteira\\\/\"]}]},{\"@type\":\"ImageObject\",\"inLanguage\":\"pt-BR\",\"@id\":\"https:\\\/\\\/vanderloubet.com.br\\\/deputado\\\/tres-lagoas-e-selviria-ganham-usinas-hidreletricas-de-jupia-e-ilha-solteira\\\/#primaryimage\",\"url\":\"https:\\\/\\\/vanderloubet.com.br\\\/deputado\\\/wp-content\\\/uploads\\\/2015\\\/08\\\/foto-2015-08-19-usina-jupia.jpg\",\"contentUrl\":\"https:\\\/\\\/vanderloubet.com.br\\\/deputado\\\/wp-content\\\/uploads\\\/2015\\\/08\\\/foto-2015-08-19-usina-jupia.jpg\",\"width\":900,\"height\":520,\"caption\":\"Usina Hidrel\u00e9trica de Jupi\u00e1\"},{\"@type\":\"BreadcrumbList\",\"@id\":\"https:\\\/\\\/vanderloubet.com.br\\\/deputado\\\/tres-lagoas-e-selviria-ganham-usinas-hidreletricas-de-jupia-e-ilha-solteira\\\/#breadcrumb\",\"itemListElement\":[{\"@type\":\"ListItem\",\"position\":1,\"name\":\"In\u00edcio\",\"item\":\"https:\\\/\\\/vanderloubet.com.br\\\/deputado\\\/\"},{\"@type\":\"ListItem\",\"position\":2,\"name\":\"Tr\u00eas Lagoas e Selv\u00edria &#8220;ganham&#8221; usinas hidrel\u00e9tricas de Jupi\u00e1 e Ilha Solteira\"}]},{\"@type\":\"WebSite\",\"@id\":\"https:\\\/\\\/vanderloubet.com.br\\\/deputado\\\/#website\",\"url\":\"https:\\\/\\\/vanderloubet.com.br\\\/deputado\\\/\",\"name\":\"Deputado Federal Vander Loubet\",\"description\":\"O Federal de MS\",\"publisher\":{\"@id\":\"https:\\\/\\\/vanderloubet.com.br\\\/deputado\\\/#organization\"},\"alternateName\":\"Deputado Vander\",\"potentialAction\":[{\"@type\":\"SearchAction\",\"target\":{\"@type\":\"EntryPoint\",\"urlTemplate\":\"https:\\\/\\\/vanderloubet.com.br\\\/deputado\\\/?s={search_term_string}\"},\"query-input\":{\"@type\":\"PropertyValueSpecification\",\"valueRequired\":true,\"valueName\":\"search_term_string\"}}],\"inLanguage\":\"pt-BR\"},{\"@type\":\"Organization\",\"@id\":\"https:\\\/\\\/vanderloubet.com.br\\\/deputado\\\/#organization\",\"name\":\"Deputado Federal Vander Loubet\",\"alternateName\":\"Deputado Vander\",\"url\":\"https:\\\/\\\/vanderloubet.com.br\\\/deputado\\\/\",\"logo\":{\"@type\":\"ImageObject\",\"inLanguage\":\"pt-BR\",\"@id\":\"https:\\\/\\\/vanderloubet.com.br\\\/deputado\\\/#\\\/schema\\\/logo\\\/image\\\/\",\"url\":\"https:\\\/\\\/vanderloubet.com.br\\\/deputado\\\/wp-content\\\/uploads\\\/2023\\\/06\\\/foto-2023-06-19-mandato-deputado-vander.jpg\",\"contentUrl\":\"https:\\\/\\\/vanderloubet.com.br\\\/deputado\\\/wp-content\\\/uploads\\\/2023\\\/06\\\/foto-2023-06-19-mandato-deputado-vander.jpg\",\"width\":1080,\"height\":1080,\"caption\":\"Deputado Federal Vander Loubet\"},\"image\":{\"@id\":\"https:\\\/\\\/vanderloubet.com.br\\\/deputado\\\/#\\\/schema\\\/logo\\\/image\\\/\"},\"sameAs\":[\"https:\\\/\\\/facebook.com\\\/deputadovander\",\"https:\\\/\\\/x.com\\\/vanderloubet\",\"https:\\\/\\\/instagram.com\\\/vanderloubet\",\"https:\\\/\\\/youtube.com\\\/vanderloubet\",\"https:\\\/\\\/tiktok.com\\\/@vanderloubetms\"]},{\"@type\":\"Person\",\"@id\":\"https:\\\/\\\/vanderloubet.com.br\\\/deputado\\\/#\\\/schema\\\/person\\\/15b51bd564532a8a68d9dec1b8eb890e\",\"name\":\"\u00c9der\",\"image\":{\"@type\":\"ImageObject\",\"inLanguage\":\"pt-BR\",\"@id\":\"https:\\\/\\\/vanderloubet.com.br\\\/deputado\\\/wp-content\\\/litespeed\\\/avatar\\\/88ca4090d9d5ab1c9495f6ca03b68efa.jpg?ver=1777058957\",\"url\":\"https:\\\/\\\/vanderloubet.com.br\\\/deputado\\\/wp-content\\\/litespeed\\\/avatar\\\/88ca4090d9d5ab1c9495f6ca03b68efa.jpg?ver=1777058957\",\"contentUrl\":\"https:\\\/\\\/vanderloubet.com.br\\\/deputado\\\/wp-content\\\/litespeed\\\/avatar\\\/88ca4090d9d5ab1c9495f6ca03b68efa.jpg?ver=1777058957\",\"caption\":\"\u00c9der\"}}]}<\/script>\n<!-- \/ Yoast SEO plugin. -->","yoast_head_json":{"title":"Tr\u00eas Lagoas e Selv\u00edria \"ganham\" usinas hidrel\u00e9tricas de Jupi\u00e1 e Ilha Solteira","robots":{"index":"index","follow":"follow","max-snippet":"max-snippet:-1","max-image-preview":"max-image-preview:large","max-video-preview":"max-video-preview:-1"},"canonical":"https:\/\/vanderloubet.com.br\/deputado\/tres-lagoas-e-selviria-ganham-usinas-hidreletricas-de-jupia-e-ilha-solteira\/","og_locale":"pt_BR","og_type":"article","og_title":"Tr\u00eas Lagoas e Selv\u00edria \"ganham\" usinas hidrel\u00e9tricas de Jupi\u00e1 e Ilha Solteira","og_description":"Governo acatou reivindica\u00e7\u00e3o do deputado Vander e do vereador treslagoense Idevaldo Claudino e reconheceu Jupi\u00e1 como empreendimento em territ\u00f3rio de MS.","og_url":"https:\/\/vanderloubet.com.br\/deputado\/tres-lagoas-e-selviria-ganham-usinas-hidreletricas-de-jupia-e-ilha-solteira\/","og_site_name":"Deputado Federal Vander Loubet","article_publisher":"https:\/\/facebook.com\/deputadovander","article_published_time":"2015-08-20T03:10:09+00:00","article_modified_time":"2015-08-28T22:41:23+00:00","og_image":[{"width":900,"height":520,"url":"https:\/\/vanderloubet.com.br\/deputado\/wp-content\/uploads\/2015\/08\/foto-2015-08-19-usina-jupia.jpg","type":"image\/jpeg"}],"author":"\u00c9der","twitter_card":"summary_large_image","twitter_creator":"@vanderloubet","twitter_site":"@vanderloubet","schema":{"@context":"https:\/\/schema.org","@graph":[{"@type":"Article","@id":"https:\/\/vanderloubet.com.br\/deputado\/tres-lagoas-e-selviria-ganham-usinas-hidreletricas-de-jupia-e-ilha-solteira\/#article","isPartOf":{"@id":"https:\/\/vanderloubet.com.br\/deputado\/tres-lagoas-e-selviria-ganham-usinas-hidreletricas-de-jupia-e-ilha-solteira\/"},"author":{"name":"\u00c9der","@id":"https:\/\/vanderloubet.com.br\/deputado\/#\/schema\/person\/15b51bd564532a8a68d9dec1b8eb890e"},"headline":"Tr\u00eas Lagoas e Selv\u00edria &#8220;ganham&#8221; usinas hidrel\u00e9tricas de Jupi\u00e1 e Ilha Solteira","datePublished":"2015-08-20T03:10:09+00:00","dateModified":"2015-08-28T22:41:23+00:00","mainEntityOfPage":{"@id":"https:\/\/vanderloubet.com.br\/deputado\/tres-lagoas-e-selviria-ganham-usinas-hidreletricas-de-jupia-e-ilha-solteira\/"},"wordCount":598,"publisher":{"@id":"https:\/\/vanderloubet.com.br\/deputado\/#organization"},"image":{"@id":"https:\/\/vanderloubet.com.br\/deputado\/tres-lagoas-e-selviria-ganham-usinas-hidreletricas-de-jupia-e-ilha-solteira\/#primaryimage"},"thumbnailUrl":"https:\/\/vanderloubet.com.br\/deputado\/wp-content\/uploads\/2015\/08\/foto-2015-08-19-usina-jupia.jpg","keywords":["energia el\u00e9trica"],"articleSection":["Munic\u00edpios","Not\u00edcias"],"inLanguage":"pt-BR"},{"@type":"WebPage","@id":"https:\/\/vanderloubet.com.br\/deputado\/tres-lagoas-e-selviria-ganham-usinas-hidreletricas-de-jupia-e-ilha-solteira\/","url":"https:\/\/vanderloubet.com.br\/deputado\/tres-lagoas-e-selviria-ganham-usinas-hidreletricas-de-jupia-e-ilha-solteira\/","name":"Tr\u00eas Lagoas e Selv\u00edria \"ganham\" usinas hidrel\u00e9tricas de Jupi\u00e1 e Ilha Solteira","isPartOf":{"@id":"https:\/\/vanderloubet.com.br\/deputado\/#website"},"primaryImageOfPage":{"@id":"https:\/\/vanderloubet.com.br\/deputado\/tres-lagoas-e-selviria-ganham-usinas-hidreletricas-de-jupia-e-ilha-solteira\/#primaryimage"},"image":{"@id":"https:\/\/vanderloubet.com.br\/deputado\/tres-lagoas-e-selviria-ganham-usinas-hidreletricas-de-jupia-e-ilha-solteira\/#primaryimage"},"thumbnailUrl":"https:\/\/vanderloubet.com.br\/deputado\/wp-content\/uploads\/2015\/08\/foto-2015-08-19-usina-jupia.jpg","datePublished":"2015-08-20T03:10:09+00:00","dateModified":"2015-08-28T22:41:23+00:00","breadcrumb":{"@id":"https:\/\/vanderloubet.com.br\/deputado\/tres-lagoas-e-selviria-ganham-usinas-hidreletricas-de-jupia-e-ilha-solteira\/#breadcrumb"},"inLanguage":"pt-BR","potentialAction":[{"@type":"ReadAction","target":["https:\/\/vanderloubet.com.br\/deputado\/tres-lagoas-e-selviria-ganham-usinas-hidreletricas-de-jupia-e-ilha-solteira\/"]}]},{"@type":"ImageObject","inLanguage":"pt-BR","@id":"https:\/\/vanderloubet.com.br\/deputado\/tres-lagoas-e-selviria-ganham-usinas-hidreletricas-de-jupia-e-ilha-solteira\/#primaryimage","url":"https:\/\/vanderloubet.com.br\/deputado\/wp-content\/uploads\/2015\/08\/foto-2015-08-19-usina-jupia.jpg","contentUrl":"https:\/\/vanderloubet.com.br\/deputado\/wp-content\/uploads\/2015\/08\/foto-2015-08-19-usina-jupia.jpg","width":900,"height":520,"caption":"Usina Hidrel\u00e9trica de Jupi\u00e1"},{"@type":"BreadcrumbList","@id":"https:\/\/vanderloubet.com.br\/deputado\/tres-lagoas-e-selviria-ganham-usinas-hidreletricas-de-jupia-e-ilha-solteira\/#breadcrumb","itemListElement":[{"@type":"ListItem","position":1,"name":"In\u00edcio","item":"https:\/\/vanderloubet.com.br\/deputado\/"},{"@type":"ListItem","position":2,"name":"Tr\u00eas Lagoas e Selv\u00edria &#8220;ganham&#8221; usinas hidrel\u00e9tricas de Jupi\u00e1 e Ilha Solteira"}]},{"@type":"WebSite","@id":"https:\/\/vanderloubet.com.br\/deputado\/#website","url":"https:\/\/vanderloubet.com.br\/deputado\/","name":"Deputado Federal Vander Loubet","description":"O Federal de MS","publisher":{"@id":"https:\/\/vanderloubet.com.br\/deputado\/#organization"},"alternateName":"Deputado Vander","potentialAction":[{"@type":"SearchAction","target":{"@type":"EntryPoint","urlTemplate":"https:\/\/vanderloubet.com.br\/deputado\/?s={search_term_string}"},"query-input":{"@type":"PropertyValueSpecification","valueRequired":true,"valueName":"search_term_string"}}],"inLanguage":"pt-BR"},{"@type":"Organization","@id":"https:\/\/vanderloubet.com.br\/deputado\/#organization","name":"Deputado Federal Vander Loubet","alternateName":"Deputado Vander","url":"https:\/\/vanderloubet.com.br\/deputado\/","logo":{"@type":"ImageObject","inLanguage":"pt-BR","@id":"https:\/\/vanderloubet.com.br\/deputado\/#\/schema\/logo\/image\/","url":"https:\/\/vanderloubet.com.br\/deputado\/wp-content\/uploads\/2023\/06\/foto-2023-06-19-mandato-deputado-vander.jpg","contentUrl":"https:\/\/vanderloubet.com.br\/deputado\/wp-content\/uploads\/2023\/06\/foto-2023-06-19-mandato-deputado-vander.jpg","width":1080,"height":1080,"caption":"Deputado Federal Vander Loubet"},"image":{"@id":"https:\/\/vanderloubet.com.br\/deputado\/#\/schema\/logo\/image\/"},"sameAs":["https:\/\/facebook.com\/deputadovander","https:\/\/x.com\/vanderloubet","https:\/\/instagram.com\/vanderloubet","https:\/\/youtube.com\/vanderloubet","https:\/\/tiktok.com\/@vanderloubetms"]},{"@type":"Person","@id":"https:\/\/vanderloubet.com.br\/deputado\/#\/schema\/person\/15b51bd564532a8a68d9dec1b8eb890e","name":"\u00c9der","image":{"@type":"ImageObject","inLanguage":"pt-BR","@id":"https:\/\/vanderloubet.com.br\/deputado\/wp-content\/litespeed\/avatar\/88ca4090d9d5ab1c9495f6ca03b68efa.jpg?ver=1777058957","url":"https:\/\/vanderloubet.com.br\/deputado\/wp-content\/litespeed\/avatar\/88ca4090d9d5ab1c9495f6ca03b68efa.jpg?ver=1777058957","contentUrl":"https:\/\/vanderloubet.com.br\/deputado\/wp-content\/litespeed\/avatar\/88ca4090d9d5ab1c9495f6ca03b68efa.jpg?ver=1777058957","caption":"\u00c9der"}}]}},"jetpack_featured_media_url":"https:\/\/vanderloubet.com.br\/deputado\/wp-content\/uploads\/2015\/08\/foto-2015-08-19-usina-jupia.jpg","jetpack_sharing_enabled":true,"_links":{"self":[{"href":"https:\/\/vanderloubet.com.br\/deputado\/wp-json\/wp\/v2\/posts\/10245","targetHints":{"allow":["GET"]}}],"collection":[{"href":"https:\/\/vanderloubet.com.br\/deputado\/wp-json\/wp\/v2\/posts"}],"about":[{"href":"https:\/\/vanderloubet.com.br\/deputado\/wp-json\/wp\/v2\/types\/post"}],"author":[{"embeddable":true,"href":"https:\/\/vanderloubet.com.br\/deputado\/wp-json\/wp\/v2\/users\/2"}],"replies":[{"embeddable":true,"href":"https:\/\/vanderloubet.com.br\/deputado\/wp-json\/wp\/v2\/comments?post=10245"}],"version-history":[{"count":0,"href":"https:\/\/vanderloubet.com.br\/deputado\/wp-json\/wp\/v2\/posts\/10245\/revisions"}],"wp:featuredmedia":[{"embeddable":true,"href":"https:\/\/vanderloubet.com.br\/deputado\/wp-json\/wp\/v2\/media\/10247"}],"wp:attachment":[{"href":"https:\/\/vanderloubet.com.br\/deputado\/wp-json\/wp\/v2\/media?parent=10245"}],"wp:term":[{"taxonomy":"category","embeddable":true,"href":"https:\/\/vanderloubet.com.br\/deputado\/wp-json\/wp\/v2\/categories?post=10245"},{"taxonomy":"post_tag","embeddable":true,"href":"https:\/\/vanderloubet.com.br\/deputado\/wp-json\/wp\/v2\/tags?post=10245"}],"curies":[{"name":"wp","href":"https:\/\/api.w.org\/{rel}","templated":true}]}}