{"id":10236,"date":"2015-08-18T10:47:22","date_gmt":"2015-08-18T14:47:22","guid":{"rendered":"http:\/\/vanderloubet.com.br\/deputado\/?p=10236"},"modified":"2015-08-20T00:11:28","modified_gmt":"2015-08-20T04:11:28","slug":"em-parceria-com-estado-vander-vai-destinar-recursos-para-apoio-a-renais-cronicos","status":"publish","type":"post","link":"https:\/\/vanderloubet.com.br\/deputado\/em-parceria-com-estado-vander-vai-destinar-recursos-para-apoio-a-renais-cronicos\/","title":{"rendered":"Em parceria com Estado, Vander vai destinar recursos para apoio a renais cr\u00f4nicos"},"content":{"rendered":"\r\n                <style type=\"text\/css\">\r\n                    \r\n                    #tdi_1  .td-doubleSlider-2 .td-item1 {\r\n                        background: url(https:\/\/vanderloubet.com.br\/deputado\/wp-content\/uploads\/2015\/08\/foto-2015-08-18-tavares-cida-vander-80x60.jpg) 0 0 no-repeat;\r\n                    }\r\n                    #tdi_1  .td-doubleSlider-2 .td-item2 {\r\n                        background: url(https:\/\/vanderloubet.com.br\/deputado\/wp-content\/uploads\/2015\/08\/foto-2015-08-18-abrec-ms-80x60.jpg) 0 0 no-repeat;\r\n                    }\r\n                <\/style>\r\n\r\n                <div id=\"tdi_1\" class=\"td-gallery td-slide-on-2-columns\">\r\n                    <div class=\"post_td_gallery\">\r\n                        <div class=\"td-gallery-slide-top\">\r\n                           <div class=\"td-gallery-title\"><\/div>\r\n\r\n                            <div class=\"td-gallery-controls-wrapper\">\r\n                                <div class=\"td-gallery-slide-count\"><span class=\"td-gallery-slide-item-focus\">1<\/span> de 2<\/div>\r\n                                <div class=\"td-gallery-slide-prev-next-but\">\r\n                                    <i class = \"td-icon-left doubleSliderPrevButton\"><\/i>\r\n                                    <i class = \"td-icon-right doubleSliderNextButton\"><\/i>\r\n                                <\/div>\r\n                            <\/div>\r\n                        <\/div>\r\n\r\n                        <div class = \"td-doubleSlider-1 \">\r\n                            <div class = \"td-slider\">\r\n                                \r\n                    <div class = \"td-slide-item td-item1\">\r\n                        <figure class=\"td-slide-galery-figure td-slide-popup-gallery\">\r\n                            <a class=\"slide-gallery-image-link\" href=\"https:\/\/vanderloubet.com.br\/deputado\/wp-content\/uploads\/2015\/08\/foto-2015-08-18-tavares-cida-vander.jpg\" title=\"Nelson Tavares, Cida Arroyo e Vander Loubet\"  data-caption=\"\"  data-description=\"Nelson Tavares, Cida Arroyo e Vander Loubet\">\r\n                                <img decoding=\"async\" src=\"https:\/\/vanderloubet.com.br\/deputado\/wp-content\/uploads\/2015\/08\/foto-2015-08-18-tavares-cida-vander-630x420.jpg\" srcset=\"https:\/\/vanderloubet.com.br\/deputado\/wp-content\/uploads\/2015\/08\/foto-2015-08-18-tavares-cida-vander-630x420.jpg 630w, https:\/\/vanderloubet.com.br\/deputado\/wp-content\/uploads\/2015\/08\/foto-2015-08-18-tavares-cida-vander-350x233.jpg 350w, https:\/\/vanderloubet.com.br\/deputado\/wp-content\/uploads\/2015\/08\/foto-2015-08-18-tavares-cida-vander-768x512.jpg 768w, https:\/\/vanderloubet.com.br\/deputado\/wp-content\/uploads\/2015\/08\/foto-2015-08-18-tavares-cida-vander-700x467.jpg 700w, https:\/\/vanderloubet.com.br\/deputado\/wp-content\/uploads\/2015\/08\/foto-2015-08-18-tavares-cida-vander-696x464.jpg 696w, https:\/\/vanderloubet.com.br\/deputado\/wp-content\/uploads\/2015\/08\/foto-2015-08-18-tavares-cida-vander-1068x712.jpg 1068w, https:\/\/vanderloubet.com.br\/deputado\/wp-content\/uploads\/2015\/08\/foto-2015-08-18-tavares-cida-vander.jpg 1080w\" sizes=\"(max-width: 630px) 100vw, 630px\" alt=\"Nelson Tavares, Cida Arroyo e Vander Loubet\">\r\n                            <\/a>\r\n                            <figcaption class = \"td-slide-caption td-gallery-slide-content\"><span>Nelson Tavares, Cida Arroyo e Vander Loubet<\/span><\/figcaption>\r\n                        <\/figure>\r\n                    <\/div>\r\n                    <div class = \"td-slide-item td-item2\">\r\n                        <figure class=\"td-slide-galery-figure td-slide-popup-gallery\">\r\n                            <a class=\"slide-gallery-image-link\" href=\"https:\/\/vanderloubet.com.br\/deputado\/wp-content\/uploads\/2015\/08\/foto-2015-08-18-abrec-ms.jpg\" title=\"Sede da Abrec-MS, em Campo Grande\"  data-caption=\"\"  data-description=\"Sede da Abrec-MS, em Campo Grande\">\r\n                                <img decoding=\"async\" src=\"https:\/\/vanderloubet.com.br\/deputado\/wp-content\/uploads\/2015\/08\/foto-2015-08-18-abrec-ms-630x420.jpg\" srcset=\"https:\/\/vanderloubet.com.br\/deputado\/wp-content\/uploads\/2015\/08\/foto-2015-08-18-abrec-ms-630x420.jpg 630w, https:\/\/vanderloubet.com.br\/deputado\/wp-content\/uploads\/2015\/08\/foto-2015-08-18-abrec-ms-350x233.jpg 350w, https:\/\/vanderloubet.com.br\/deputado\/wp-content\/uploads\/2015\/08\/foto-2015-08-18-abrec-ms-768x512.jpg 768w, https:\/\/vanderloubet.com.br\/deputado\/wp-content\/uploads\/2015\/08\/foto-2015-08-18-abrec-ms-700x467.jpg 700w, https:\/\/vanderloubet.com.br\/deputado\/wp-content\/uploads\/2015\/08\/foto-2015-08-18-abrec-ms-696x464.jpg 696w, https:\/\/vanderloubet.com.br\/deputado\/wp-content\/uploads\/2015\/08\/foto-2015-08-18-abrec-ms-1068x712.jpg 1068w, https:\/\/vanderloubet.com.br\/deputado\/wp-content\/uploads\/2015\/08\/foto-2015-08-18-abrec-ms.jpg 1080w\" sizes=\"(max-width: 630px) 100vw, 630px\" alt=\"Sede da Abrec-MS, em Campo Grande\">\r\n                            <\/a>\r\n                            <figcaption class = \"td-slide-caption td-gallery-slide-content\"><span>Sede da Abrec-MS, em Campo Grande<\/span><\/figcaption>\r\n                        <\/figure>\r\n                    <\/div>\r\n                            <\/div>\r\n                        <\/div>\r\n\r\n                        <div class = \"td-doubleSlider-2\">\r\n                            <div class = \"td-slider\">\r\n                                \r\n                    <div class = \"td-button td-item1\">\r\n                        <div class = \"td-border\"><\/div>\r\n                    <\/div>\r\n                    <div class = \"td-button td-item2\">\r\n                        <div class = \"td-border\"><\/div>\r\n                    <\/div>\r\n                            <\/div>\r\n                        <\/div>\r\n\r\n                    <\/div>\r\n\r\n                <\/div>\r\n                \n<p>Na sexta-feira (14), o deputado federal Vander Loubet (PT) esteve na Secretaria de Estado de Sa\u00fade (SES) em reuni\u00e3o com o secret\u00e1rio Nelson Tavares e com Cida Arroyo, fundadora da Associa\u00e7\u00e3o Beneficente dos Renais Cr\u00f4nicos de Mato Grosso do Sul (Abrec-MS). Na ocasi\u00e3o, firmaram parceria para destina\u00e7\u00e3o de uma emenda parlamentar junto ao Minist\u00e9rio da Sa\u00fade, via Governo do Estado, para apoiar as atividades da entidade.<\/p>\n<p>O recurso destinado para a Abrec somar\u00e1 R$ 650 mil e ser\u00e1 aplicado na remunera\u00e7\u00e3o dos profissionais que atuam na entidade e na aquisi\u00e7\u00e3o de medicamentos, suprimentos odontol\u00f3gicos e equipamentos m\u00e9dicos. De acordo com a Coordena\u00e7\u00e3o da Associa\u00e7\u00e3o, esse recurso sera suficiente para custear pouco mais de um ano de atividades e ainda permitir\u00e1 a amplia\u00e7\u00e3o do atendimento.<\/p>\n<p>&#8220;Entidades como a Abrec dependem de doa\u00e7\u00f5es e de apoio governamental para prestar assist\u00eancia a quem precisa. S\u00e3o entidades que fazem parte de uma rede de assist\u00eancia social e que cumprem um papel importante, que complementa o trabalho do SUS [Sistema \u00danico de Sa\u00fade]. Por isso, tenho certeza que esses recursos ser\u00e3o de grande valia para as pessoas que dependem do apoio da Abrec para tratar de seus problemas de sa\u00fade&#8221;, pontuou o deputado Vander Loubet.<\/p>\n<p><strong>Perspectiva<\/strong> &#8211; A Abrec atende cerca de 900 pacientes renais cr\u00f4nicos cadastrados de diversas faixas et\u00e1rias, com o objetivo de melhorar a qualidade de vida enquanto aguardam transplante de rim. O trabalho da entidade envolve apoio social, m\u00e9dico, odontol\u00f3gico, psicol\u00f3gico, nutricional, fisioter\u00e1pico, farmac\u00eautico e terap\u00eautico ocupacional. Os profissionais constituem uma equipe multiprofissional especializada no atendimento a renais cr\u00f4nicos. <\/p>\n<p>Al\u00e9m disso, a Associa\u00e7\u00e3o promove distribui\u00e7\u00e3o de medicamentos de alto custo e assist\u00eancia farmac\u00eautica de forma complementar ao tratamento hemodial\u00edtico. Outra frente de trabalho da Abrec envolve a oferta de cursos de capacita\u00e7\u00e3o, oficinas de gera\u00e7\u00e3o de renda e apoio social por meio de distribui\u00e7\u00e3o de fraldas e alimentos. &#8220;O trabalho da Abrec visa propiciar integridade ao renal cr\u00f4nico para que ele possa vislumbrar uma perspectiva diante de sua doen\u00e7a e de melhores condi\u00e7\u00f5es de sa\u00fade e vida&#8221;, concluiu Cida Arroyo.<\/p>\n<p><em>(\u00c9der Yanaguita &#8211; Ascom\/Deputado Vander)<\/em><\/p>\n","protected":false},"excerpt":{"rendered":"<p>Abrec-MS receber\u00e1 R$ 650 mil para custeio de suas atividades e para aquisi\u00e7\u00e3o de equipamentos e medicamentos.<\/p>\n","protected":false},"author":2,"featured_media":10237,"comment_status":"closed","ping_status":"closed","sticky":false,"template":"","format":"standard","meta":{"jetpack_post_was_ever_published":false,"_jetpack_newsletter_access":"","_jetpack_dont_email_post_to_subs":false,"_jetpack_newsletter_tier_id":0,"_jetpack_memberships_contains_paywalled_content":false,"_jetpack_memberships_contains_paid_content":false,"footnotes":""},"categories":[2099,10],"tags":[199,2127,1803],"class_list":{"0":"post-10236","1":"post","2":"type-post","3":"status-publish","4":"format-standard","5":"has-post-thumbnail","7":"category-ms-noticias","8":"category-noticias","9":"tag-assistencia-social","10":"tag-emenda-parlamentar","11":"tag-saude"},"yoast_head":"<!-- This site is optimized with the Yoast SEO plugin v27.4 - https:\/\/yoast.com\/product\/yoast-seo-wordpress\/ -->\n<title>Em parceria com Estado, Vander vai destinar recursos para apoio a renais cr\u00f4nicos<\/title>\n<meta name=\"robots\" content=\"index, follow, max-snippet:-1, max-image-preview:large, max-video-preview:-1\" \/>\n<link rel=\"canonical\" href=\"https:\/\/vanderloubet.com.br\/deputado\/em-parceria-com-estado-vander-vai-destinar-recursos-para-apoio-a-renais-cronicos\/\" \/>\n<meta property=\"og:locale\" content=\"pt_BR\" \/>\n<meta property=\"og:type\" content=\"article\" \/>\n<meta property=\"og:title\" content=\"Em parceria com Estado, Vander vai destinar recursos para apoio a renais cr\u00f4nicos\" \/>\n<meta property=\"og:description\" content=\"Abrec-MS receber\u00e1 R$ 650 mil para custeio de suas atividades e para aquisi\u00e7\u00e3o de equipamentos e medicamentos.\" \/>\n<meta property=\"og:url\" content=\"https:\/\/vanderloubet.com.br\/deputado\/em-parceria-com-estado-vander-vai-destinar-recursos-para-apoio-a-renais-cronicos\/\" \/>\n<meta property=\"og:site_name\" content=\"Deputado Federal Vander Loubet\" \/>\n<meta property=\"article:publisher\" content=\"https:\/\/facebook.com\/deputadovander\" \/>\n<meta property=\"article:published_time\" content=\"2015-08-18T14:47:22+00:00\" \/>\n<meta property=\"article:modified_time\" content=\"2015-08-20T04:11:28+00:00\" \/>\n<meta property=\"og:image\" content=\"https:\/\/vanderloubet.com.br\/deputado\/wp-content\/uploads\/2015\/08\/foto-2015-08-18-abrec-ms.jpg\" \/>\n\t<meta property=\"og:image:width\" content=\"1080\" \/>\n\t<meta property=\"og:image:height\" content=\"720\" \/>\n\t<meta property=\"og:image:type\" content=\"image\/jpeg\" \/>\n<meta name=\"author\" content=\"\u00c9der\" \/>\n<meta name=\"twitter:card\" content=\"summary_large_image\" \/>\n<meta name=\"twitter:creator\" content=\"@vanderloubet\" \/>\n<meta name=\"twitter:site\" content=\"@vanderloubet\" \/>\n<script type=\"application\/ld+json\" class=\"yoast-schema-graph\">{\"@context\":\"https:\\\/\\\/schema.org\",\"@graph\":[{\"@type\":\"Article\",\"@id\":\"https:\\\/\\\/vanderloubet.com.br\\\/deputado\\\/em-parceria-com-estado-vander-vai-destinar-recursos-para-apoio-a-renais-cronicos\\\/#article\",\"isPartOf\":{\"@id\":\"https:\\\/\\\/vanderloubet.com.br\\\/deputado\\\/em-parceria-com-estado-vander-vai-destinar-recursos-para-apoio-a-renais-cronicos\\\/\"},\"author\":{\"name\":\"\u00c9der\",\"@id\":\"https:\\\/\\\/vanderloubet.com.br\\\/deputado\\\/#\\\/schema\\\/person\\\/15b51bd564532a8a68d9dec1b8eb890e\"},\"headline\":\"Em parceria com Estado, Vander vai destinar recursos para apoio a renais cr\u00f4nicos\",\"datePublished\":\"2015-08-18T14:47:22+00:00\",\"dateModified\":\"2015-08-20T04:11:28+00:00\",\"mainEntityOfPage\":{\"@id\":\"https:\\\/\\\/vanderloubet.com.br\\\/deputado\\\/em-parceria-com-estado-vander-vai-destinar-recursos-para-apoio-a-renais-cronicos\\\/\"},\"wordCount\":410,\"publisher\":{\"@id\":\"https:\\\/\\\/vanderloubet.com.br\\\/deputado\\\/#organization\"},\"image\":{\"@id\":\"https:\\\/\\\/vanderloubet.com.br\\\/deputado\\\/em-parceria-com-estado-vander-vai-destinar-recursos-para-apoio-a-renais-cronicos\\\/#primaryimage\"},\"thumbnailUrl\":\"https:\\\/\\\/vanderloubet.com.br\\\/deputado\\\/wp-content\\\/uploads\\\/2015\\\/08\\\/foto-2015-08-18-abrec-ms.jpg\",\"keywords\":[\"assist\u00eancia social\",\"emenda parlamentar\",\"sa\u00fade\"],\"articleSection\":[\"Mato Grosso do Sul\",\"Not\u00edcias\"],\"inLanguage\":\"pt-BR\"},{\"@type\":\"WebPage\",\"@id\":\"https:\\\/\\\/vanderloubet.com.br\\\/deputado\\\/em-parceria-com-estado-vander-vai-destinar-recursos-para-apoio-a-renais-cronicos\\\/\",\"url\":\"https:\\\/\\\/vanderloubet.com.br\\\/deputado\\\/em-parceria-com-estado-vander-vai-destinar-recursos-para-apoio-a-renais-cronicos\\\/\",\"name\":\"Em parceria com Estado, Vander vai destinar recursos para apoio a renais cr\u00f4nicos\",\"isPartOf\":{\"@id\":\"https:\\\/\\\/vanderloubet.com.br\\\/deputado\\\/#website\"},\"primaryImageOfPage\":{\"@id\":\"https:\\\/\\\/vanderloubet.com.br\\\/deputado\\\/em-parceria-com-estado-vander-vai-destinar-recursos-para-apoio-a-renais-cronicos\\\/#primaryimage\"},\"image\":{\"@id\":\"https:\\\/\\\/vanderloubet.com.br\\\/deputado\\\/em-parceria-com-estado-vander-vai-destinar-recursos-para-apoio-a-renais-cronicos\\\/#primaryimage\"},\"thumbnailUrl\":\"https:\\\/\\\/vanderloubet.com.br\\\/deputado\\\/wp-content\\\/uploads\\\/2015\\\/08\\\/foto-2015-08-18-abrec-ms.jpg\",\"datePublished\":\"2015-08-18T14:47:22+00:00\",\"dateModified\":\"2015-08-20T04:11:28+00:00\",\"breadcrumb\":{\"@id\":\"https:\\\/\\\/vanderloubet.com.br\\\/deputado\\\/em-parceria-com-estado-vander-vai-destinar-recursos-para-apoio-a-renais-cronicos\\\/#breadcrumb\"},\"inLanguage\":\"pt-BR\",\"potentialAction\":[{\"@type\":\"ReadAction\",\"target\":[\"https:\\\/\\\/vanderloubet.com.br\\\/deputado\\\/em-parceria-com-estado-vander-vai-destinar-recursos-para-apoio-a-renais-cronicos\\\/\"]}]},{\"@type\":\"ImageObject\",\"inLanguage\":\"pt-BR\",\"@id\":\"https:\\\/\\\/vanderloubet.com.br\\\/deputado\\\/em-parceria-com-estado-vander-vai-destinar-recursos-para-apoio-a-renais-cronicos\\\/#primaryimage\",\"url\":\"https:\\\/\\\/vanderloubet.com.br\\\/deputado\\\/wp-content\\\/uploads\\\/2015\\\/08\\\/foto-2015-08-18-abrec-ms.jpg\",\"contentUrl\":\"https:\\\/\\\/vanderloubet.com.br\\\/deputado\\\/wp-content\\\/uploads\\\/2015\\\/08\\\/foto-2015-08-18-abrec-ms.jpg\",\"width\":1080,\"height\":720,\"caption\":\"Sede da Abrec-MS, em Campo Grande\"},{\"@type\":\"BreadcrumbList\",\"@id\":\"https:\\\/\\\/vanderloubet.com.br\\\/deputado\\\/em-parceria-com-estado-vander-vai-destinar-recursos-para-apoio-a-renais-cronicos\\\/#breadcrumb\",\"itemListElement\":[{\"@type\":\"ListItem\",\"position\":1,\"name\":\"In\u00edcio\",\"item\":\"https:\\\/\\\/vanderloubet.com.br\\\/deputado\\\/\"},{\"@type\":\"ListItem\",\"position\":2,\"name\":\"Em parceria com Estado, Vander vai destinar recursos para apoio a renais cr\u00f4nicos\"}]},{\"@type\":\"WebSite\",\"@id\":\"https:\\\/\\\/vanderloubet.com.br\\\/deputado\\\/#website\",\"url\":\"https:\\\/\\\/vanderloubet.com.br\\\/deputado\\\/\",\"name\":\"Deputado Federal Vander Loubet\",\"description\":\"O Federal de MS\",\"publisher\":{\"@id\":\"https:\\\/\\\/vanderloubet.com.br\\\/deputado\\\/#organization\"},\"alternateName\":\"Deputado Vander\",\"potentialAction\":[{\"@type\":\"SearchAction\",\"target\":{\"@type\":\"EntryPoint\",\"urlTemplate\":\"https:\\\/\\\/vanderloubet.com.br\\\/deputado\\\/?s={search_term_string}\"},\"query-input\":{\"@type\":\"PropertyValueSpecification\",\"valueRequired\":true,\"valueName\":\"search_term_string\"}}],\"inLanguage\":\"pt-BR\"},{\"@type\":\"Organization\",\"@id\":\"https:\\\/\\\/vanderloubet.com.br\\\/deputado\\\/#organization\",\"name\":\"Deputado Federal Vander Loubet\",\"alternateName\":\"Deputado Vander\",\"url\":\"https:\\\/\\\/vanderloubet.com.br\\\/deputado\\\/\",\"logo\":{\"@type\":\"ImageObject\",\"inLanguage\":\"pt-BR\",\"@id\":\"https:\\\/\\\/vanderloubet.com.br\\\/deputado\\\/#\\\/schema\\\/logo\\\/image\\\/\",\"url\":\"https:\\\/\\\/vanderloubet.com.br\\\/deputado\\\/wp-content\\\/uploads\\\/2023\\\/06\\\/foto-2023-06-19-mandato-deputado-vander.jpg\",\"contentUrl\":\"https:\\\/\\\/vanderloubet.com.br\\\/deputado\\\/wp-content\\\/uploads\\\/2023\\\/06\\\/foto-2023-06-19-mandato-deputado-vander.jpg\",\"width\":1080,\"height\":1080,\"caption\":\"Deputado Federal Vander Loubet\"},\"image\":{\"@id\":\"https:\\\/\\\/vanderloubet.com.br\\\/deputado\\\/#\\\/schema\\\/logo\\\/image\\\/\"},\"sameAs\":[\"https:\\\/\\\/facebook.com\\\/deputadovander\",\"https:\\\/\\\/x.com\\\/vanderloubet\",\"https:\\\/\\\/instagram.com\\\/vanderloubet\",\"https:\\\/\\\/youtube.com\\\/vanderloubet\",\"https:\\\/\\\/tiktok.com\\\/@vanderloubetms\"]},{\"@type\":\"Person\",\"@id\":\"https:\\\/\\\/vanderloubet.com.br\\\/deputado\\\/#\\\/schema\\\/person\\\/15b51bd564532a8a68d9dec1b8eb890e\",\"name\":\"\u00c9der\",\"image\":{\"@type\":\"ImageObject\",\"inLanguage\":\"pt-BR\",\"@id\":\"https:\\\/\\\/vanderloubet.com.br\\\/deputado\\\/wp-content\\\/litespeed\\\/avatar\\\/88ca4090d9d5ab1c9495f6ca03b68efa.jpg?ver=1777058957\",\"url\":\"https:\\\/\\\/vanderloubet.com.br\\\/deputado\\\/wp-content\\\/litespeed\\\/avatar\\\/88ca4090d9d5ab1c9495f6ca03b68efa.jpg?ver=1777058957\",\"contentUrl\":\"https:\\\/\\\/vanderloubet.com.br\\\/deputado\\\/wp-content\\\/litespeed\\\/avatar\\\/88ca4090d9d5ab1c9495f6ca03b68efa.jpg?ver=1777058957\",\"caption\":\"\u00c9der\"}}]}<\/script>\n<!-- \/ Yoast SEO plugin. -->","yoast_head_json":{"title":"Em parceria com Estado, Vander vai destinar recursos para apoio a renais cr\u00f4nicos","robots":{"index":"index","follow":"follow","max-snippet":"max-snippet:-1","max-image-preview":"max-image-preview:large","max-video-preview":"max-video-preview:-1"},"canonical":"https:\/\/vanderloubet.com.br\/deputado\/em-parceria-com-estado-vander-vai-destinar-recursos-para-apoio-a-renais-cronicos\/","og_locale":"pt_BR","og_type":"article","og_title":"Em parceria com Estado, Vander vai destinar recursos para apoio a renais cr\u00f4nicos","og_description":"Abrec-MS receber\u00e1 R$ 650 mil para custeio de suas atividades e para aquisi\u00e7\u00e3o de equipamentos e medicamentos.","og_url":"https:\/\/vanderloubet.com.br\/deputado\/em-parceria-com-estado-vander-vai-destinar-recursos-para-apoio-a-renais-cronicos\/","og_site_name":"Deputado Federal Vander Loubet","article_publisher":"https:\/\/facebook.com\/deputadovander","article_published_time":"2015-08-18T14:47:22+00:00","article_modified_time":"2015-08-20T04:11:28+00:00","og_image":[{"width":1080,"height":720,"url":"https:\/\/vanderloubet.com.br\/deputado\/wp-content\/uploads\/2015\/08\/foto-2015-08-18-abrec-ms.jpg","type":"image\/jpeg"}],"author":"\u00c9der","twitter_card":"summary_large_image","twitter_creator":"@vanderloubet","twitter_site":"@vanderloubet","schema":{"@context":"https:\/\/schema.org","@graph":[{"@type":"Article","@id":"https:\/\/vanderloubet.com.br\/deputado\/em-parceria-com-estado-vander-vai-destinar-recursos-para-apoio-a-renais-cronicos\/#article","isPartOf":{"@id":"https:\/\/vanderloubet.com.br\/deputado\/em-parceria-com-estado-vander-vai-destinar-recursos-para-apoio-a-renais-cronicos\/"},"author":{"name":"\u00c9der","@id":"https:\/\/vanderloubet.com.br\/deputado\/#\/schema\/person\/15b51bd564532a8a68d9dec1b8eb890e"},"headline":"Em parceria com Estado, Vander vai destinar recursos para apoio a renais cr\u00f4nicos","datePublished":"2015-08-18T14:47:22+00:00","dateModified":"2015-08-20T04:11:28+00:00","mainEntityOfPage":{"@id":"https:\/\/vanderloubet.com.br\/deputado\/em-parceria-com-estado-vander-vai-destinar-recursos-para-apoio-a-renais-cronicos\/"},"wordCount":410,"publisher":{"@id":"https:\/\/vanderloubet.com.br\/deputado\/#organization"},"image":{"@id":"https:\/\/vanderloubet.com.br\/deputado\/em-parceria-com-estado-vander-vai-destinar-recursos-para-apoio-a-renais-cronicos\/#primaryimage"},"thumbnailUrl":"https:\/\/vanderloubet.com.br\/deputado\/wp-content\/uploads\/2015\/08\/foto-2015-08-18-abrec-ms.jpg","keywords":["assist\u00eancia social","emenda parlamentar","sa\u00fade"],"articleSection":["Mato Grosso do Sul","Not\u00edcias"],"inLanguage":"pt-BR"},{"@type":"WebPage","@id":"https:\/\/vanderloubet.com.br\/deputado\/em-parceria-com-estado-vander-vai-destinar-recursos-para-apoio-a-renais-cronicos\/","url":"https:\/\/vanderloubet.com.br\/deputado\/em-parceria-com-estado-vander-vai-destinar-recursos-para-apoio-a-renais-cronicos\/","name":"Em parceria com Estado, Vander vai destinar recursos para apoio a renais cr\u00f4nicos","isPartOf":{"@id":"https:\/\/vanderloubet.com.br\/deputado\/#website"},"primaryImageOfPage":{"@id":"https:\/\/vanderloubet.com.br\/deputado\/em-parceria-com-estado-vander-vai-destinar-recursos-para-apoio-a-renais-cronicos\/#primaryimage"},"image":{"@id":"https:\/\/vanderloubet.com.br\/deputado\/em-parceria-com-estado-vander-vai-destinar-recursos-para-apoio-a-renais-cronicos\/#primaryimage"},"thumbnailUrl":"https:\/\/vanderloubet.com.br\/deputado\/wp-content\/uploads\/2015\/08\/foto-2015-08-18-abrec-ms.jpg","datePublished":"2015-08-18T14:47:22+00:00","dateModified":"2015-08-20T04:11:28+00:00","breadcrumb":{"@id":"https:\/\/vanderloubet.com.br\/deputado\/em-parceria-com-estado-vander-vai-destinar-recursos-para-apoio-a-renais-cronicos\/#breadcrumb"},"inLanguage":"pt-BR","potentialAction":[{"@type":"ReadAction","target":["https:\/\/vanderloubet.com.br\/deputado\/em-parceria-com-estado-vander-vai-destinar-recursos-para-apoio-a-renais-cronicos\/"]}]},{"@type":"ImageObject","inLanguage":"pt-BR","@id":"https:\/\/vanderloubet.com.br\/deputado\/em-parceria-com-estado-vander-vai-destinar-recursos-para-apoio-a-renais-cronicos\/#primaryimage","url":"https:\/\/vanderloubet.com.br\/deputado\/wp-content\/uploads\/2015\/08\/foto-2015-08-18-abrec-ms.jpg","contentUrl":"https:\/\/vanderloubet.com.br\/deputado\/wp-content\/uploads\/2015\/08\/foto-2015-08-18-abrec-ms.jpg","width":1080,"height":720,"caption":"Sede da Abrec-MS, em Campo Grande"},{"@type":"BreadcrumbList","@id":"https:\/\/vanderloubet.com.br\/deputado\/em-parceria-com-estado-vander-vai-destinar-recursos-para-apoio-a-renais-cronicos\/#breadcrumb","itemListElement":[{"@type":"ListItem","position":1,"name":"In\u00edcio","item":"https:\/\/vanderloubet.com.br\/deputado\/"},{"@type":"ListItem","position":2,"name":"Em parceria com Estado, Vander vai destinar recursos para apoio a renais cr\u00f4nicos"}]},{"@type":"WebSite","@id":"https:\/\/vanderloubet.com.br\/deputado\/#website","url":"https:\/\/vanderloubet.com.br\/deputado\/","name":"Deputado Federal Vander Loubet","description":"O Federal de MS","publisher":{"@id":"https:\/\/vanderloubet.com.br\/deputado\/#organization"},"alternateName":"Deputado Vander","potentialAction":[{"@type":"SearchAction","target":{"@type":"EntryPoint","urlTemplate":"https:\/\/vanderloubet.com.br\/deputado\/?s={search_term_string}"},"query-input":{"@type":"PropertyValueSpecification","valueRequired":true,"valueName":"search_term_string"}}],"inLanguage":"pt-BR"},{"@type":"Organization","@id":"https:\/\/vanderloubet.com.br\/deputado\/#organization","name":"Deputado Federal Vander Loubet","alternateName":"Deputado Vander","url":"https:\/\/vanderloubet.com.br\/deputado\/","logo":{"@type":"ImageObject","inLanguage":"pt-BR","@id":"https:\/\/vanderloubet.com.br\/deputado\/#\/schema\/logo\/image\/","url":"https:\/\/vanderloubet.com.br\/deputado\/wp-content\/uploads\/2023\/06\/foto-2023-06-19-mandato-deputado-vander.jpg","contentUrl":"https:\/\/vanderloubet.com.br\/deputado\/wp-content\/uploads\/2023\/06\/foto-2023-06-19-mandato-deputado-vander.jpg","width":1080,"height":1080,"caption":"Deputado Federal Vander Loubet"},"image":{"@id":"https:\/\/vanderloubet.com.br\/deputado\/#\/schema\/logo\/image\/"},"sameAs":["https:\/\/facebook.com\/deputadovander","https:\/\/x.com\/vanderloubet","https:\/\/instagram.com\/vanderloubet","https:\/\/youtube.com\/vanderloubet","https:\/\/tiktok.com\/@vanderloubetms"]},{"@type":"Person","@id":"https:\/\/vanderloubet.com.br\/deputado\/#\/schema\/person\/15b51bd564532a8a68d9dec1b8eb890e","name":"\u00c9der","image":{"@type":"ImageObject","inLanguage":"pt-BR","@id":"https:\/\/vanderloubet.com.br\/deputado\/wp-content\/litespeed\/avatar\/88ca4090d9d5ab1c9495f6ca03b68efa.jpg?ver=1777058957","url":"https:\/\/vanderloubet.com.br\/deputado\/wp-content\/litespeed\/avatar\/88ca4090d9d5ab1c9495f6ca03b68efa.jpg?ver=1777058957","contentUrl":"https:\/\/vanderloubet.com.br\/deputado\/wp-content\/litespeed\/avatar\/88ca4090d9d5ab1c9495f6ca03b68efa.jpg?ver=1777058957","caption":"\u00c9der"}}]}},"jetpack_featured_media_url":"https:\/\/vanderloubet.com.br\/deputado\/wp-content\/uploads\/2015\/08\/foto-2015-08-18-abrec-ms.jpg","jetpack_sharing_enabled":true,"_links":{"self":[{"href":"https:\/\/vanderloubet.com.br\/deputado\/wp-json\/wp\/v2\/posts\/10236","targetHints":{"allow":["GET"]}}],"collection":[{"href":"https:\/\/vanderloubet.com.br\/deputado\/wp-json\/wp\/v2\/posts"}],"about":[{"href":"https:\/\/vanderloubet.com.br\/deputado\/wp-json\/wp\/v2\/types\/post"}],"author":[{"embeddable":true,"href":"https:\/\/vanderloubet.com.br\/deputado\/wp-json\/wp\/v2\/users\/2"}],"replies":[{"embeddable":true,"href":"https:\/\/vanderloubet.com.br\/deputado\/wp-json\/wp\/v2\/comments?post=10236"}],"version-history":[{"count":0,"href":"https:\/\/vanderloubet.com.br\/deputado\/wp-json\/wp\/v2\/posts\/10236\/revisions"}],"wp:featuredmedia":[{"embeddable":true,"href":"https:\/\/vanderloubet.com.br\/deputado\/wp-json\/wp\/v2\/media\/10237"}],"wp:attachment":[{"href":"https:\/\/vanderloubet.com.br\/deputado\/wp-json\/wp\/v2\/media?parent=10236"}],"wp:term":[{"taxonomy":"category","embeddable":true,"href":"https:\/\/vanderloubet.com.br\/deputado\/wp-json\/wp\/v2\/categories?post=10236"},{"taxonomy":"post_tag","embeddable":true,"href":"https:\/\/vanderloubet.com.br\/deputado\/wp-json\/wp\/v2\/tags?post=10236"}],"curies":[{"name":"wp","href":"https:\/\/api.w.org\/{rel}","templated":true}]}}