{"id":10221,"date":"2015-08-12T16:33:20","date_gmt":"2015-08-12T20:33:20","guid":{"rendered":"http:\/\/vanderloubet.com.br\/deputado\/?p=10221"},"modified":"2015-08-20T00:11:46","modified_gmt":"2015-08-20T04:11:46","slug":"comissao-aprova-parecer-de-vander-sobre-biocombustiveis-de-cooperativas","status":"publish","type":"post","link":"https:\/\/vanderloubet.com.br\/deputado\/comissao-aprova-parecer-de-vander-sobre-biocombustiveis-de-cooperativas\/","title":{"rendered":"Comiss\u00e3o aprova parecer de Vander sobre biocombust\u00edveis de cooperativas"},"content":{"rendered":"\r\n                <style type=\"text\/css\">\r\n                    \r\n                    #tdi_1  .td-doubleSlider-2 .td-item1 {\r\n                        background: url(https:\/\/vanderloubet.com.br\/deputado\/wp-content\/uploads\/2015\/08\/foto-2015-08-12-relatorio-vander-pl-5-2011-cme-01-80x60.jpg) 0 0 no-repeat;\r\n                    }\r\n                    #tdi_1  .td-doubleSlider-2 .td-item2 {\r\n                        background: url(https:\/\/vanderloubet.com.br\/deputado\/wp-content\/uploads\/2015\/08\/foto-2015-08-12-relatorio-vander-pl-5-2011-cme-02-80x60.jpg) 0 0 no-repeat;\r\n                    }\r\n                <\/style>\r\n\r\n                <div id=\"tdi_1\" class=\"td-gallery td-slide-on-2-columns\">\r\n                    <div class=\"post_td_gallery\">\r\n                        <div class=\"td-gallery-slide-top\">\r\n                           <div class=\"td-gallery-title\"><\/div>\r\n\r\n                            <div class=\"td-gallery-controls-wrapper\">\r\n                                <div class=\"td-gallery-slide-count\"><span class=\"td-gallery-slide-item-focus\">1<\/span> de 2<\/div>\r\n                                <div class=\"td-gallery-slide-prev-next-but\">\r\n                                    <i class = \"td-icon-left doubleSliderPrevButton\"><\/i>\r\n                                    <i class = \"td-icon-right doubleSliderNextButton\"><\/i>\r\n                                <\/div>\r\n                            <\/div>\r\n                        <\/div>\r\n\r\n                        <div class = \"td-doubleSlider-1 \">\r\n                            <div class = \"td-slider\">\r\n                                \r\n                    <div class = \"td-slide-item td-item1\">\r\n                        <figure class=\"td-slide-galery-figure td-slide-popup-gallery\">\r\n                            <a class=\"slide-gallery-image-link\" href=\"https:\/\/vanderloubet.com.br\/deputado\/wp-content\/uploads\/2015\/08\/foto-2015-08-12-relatorio-vander-pl-5-2011-cme-01.jpg\" title=\"Deputado Vander apresenta seu relat\u00f3rio e parecer sobre PL 5\/2011 na CME\"  data-caption=\"\"  data-description=\"Deputado Vander apresenta seu relat&oacute;rio e parecer sobre PL 5\/2011 na CME\">\r\n                                <img decoding=\"async\" src=\"https:\/\/vanderloubet.com.br\/deputado\/wp-content\/uploads\/2015\/08\/foto-2015-08-12-relatorio-vander-pl-5-2011-cme-01-630x420.jpg\" srcset=\"https:\/\/vanderloubet.com.br\/deputado\/wp-content\/uploads\/2015\/08\/foto-2015-08-12-relatorio-vander-pl-5-2011-cme-01-630x420.jpg 630w, https:\/\/vanderloubet.com.br\/deputado\/wp-content\/uploads\/2015\/08\/foto-2015-08-12-relatorio-vander-pl-5-2011-cme-01-350x233.jpg 350w, https:\/\/vanderloubet.com.br\/deputado\/wp-content\/uploads\/2015\/08\/foto-2015-08-12-relatorio-vander-pl-5-2011-cme-01-768x512.jpg 768w, https:\/\/vanderloubet.com.br\/deputado\/wp-content\/uploads\/2015\/08\/foto-2015-08-12-relatorio-vander-pl-5-2011-cme-01-700x467.jpg 700w, https:\/\/vanderloubet.com.br\/deputado\/wp-content\/uploads\/2015\/08\/foto-2015-08-12-relatorio-vander-pl-5-2011-cme-01-696x464.jpg 696w, https:\/\/vanderloubet.com.br\/deputado\/wp-content\/uploads\/2015\/08\/foto-2015-08-12-relatorio-vander-pl-5-2011-cme-01-1068x712.jpg 1068w, https:\/\/vanderloubet.com.br\/deputado\/wp-content\/uploads\/2015\/08\/foto-2015-08-12-relatorio-vander-pl-5-2011-cme-01.jpg 1080w\" sizes=\"(max-width: 630px) 100vw, 630px\" alt=\"Deputado Vander apresenta seu relat&oacute;rio e parecer sobre PL 5\/2011 na CME\">\r\n                            <\/a>\r\n                            <figcaption class = \"td-slide-caption td-gallery-slide-content\"><span>Deputado Vander apresenta seu relat\u00f3rio e parecer sobre PL 5\/2011 na CME<\/span><\/figcaption>\r\n                        <\/figure>\r\n                    <\/div>\r\n                    <div class = \"td-slide-item td-item2\">\r\n                        <figure class=\"td-slide-galery-figure td-slide-popup-gallery\">\r\n                            <a class=\"slide-gallery-image-link\" href=\"https:\/\/vanderloubet.com.br\/deputado\/wp-content\/uploads\/2015\/08\/foto-2015-08-12-relatorio-vander-pl-5-2011-cme-02.jpg\" title=\"Deputado Vander apresenta seu relat\u00f3rio e parecer sobre PL 5\/2011 na CME\"  data-caption=\"\"  data-description=\"Deputado Vander apresenta seu relat&oacute;rio e parecer sobre PL 5\/2011 na CME\">\r\n                                <img decoding=\"async\" src=\"https:\/\/vanderloubet.com.br\/deputado\/wp-content\/uploads\/2015\/08\/foto-2015-08-12-relatorio-vander-pl-5-2011-cme-02-630x420.jpg\" srcset=\"https:\/\/vanderloubet.com.br\/deputado\/wp-content\/uploads\/2015\/08\/foto-2015-08-12-relatorio-vander-pl-5-2011-cme-02-630x420.jpg 630w, https:\/\/vanderloubet.com.br\/deputado\/wp-content\/uploads\/2015\/08\/foto-2015-08-12-relatorio-vander-pl-5-2011-cme-02-350x233.jpg 350w, https:\/\/vanderloubet.com.br\/deputado\/wp-content\/uploads\/2015\/08\/foto-2015-08-12-relatorio-vander-pl-5-2011-cme-02-768x512.jpg 768w, https:\/\/vanderloubet.com.br\/deputado\/wp-content\/uploads\/2015\/08\/foto-2015-08-12-relatorio-vander-pl-5-2011-cme-02-700x467.jpg 700w, https:\/\/vanderloubet.com.br\/deputado\/wp-content\/uploads\/2015\/08\/foto-2015-08-12-relatorio-vander-pl-5-2011-cme-02-696x464.jpg 696w, https:\/\/vanderloubet.com.br\/deputado\/wp-content\/uploads\/2015\/08\/foto-2015-08-12-relatorio-vander-pl-5-2011-cme-02-1068x712.jpg 1068w, https:\/\/vanderloubet.com.br\/deputado\/wp-content\/uploads\/2015\/08\/foto-2015-08-12-relatorio-vander-pl-5-2011-cme-02.jpg 1080w\" sizes=\"(max-width: 630px) 100vw, 630px\" alt=\"Deputado Vander apresenta seu relat&oacute;rio e parecer sobre PL 5\/2011 na CME\">\r\n                            <\/a>\r\n                            <figcaption class = \"td-slide-caption td-gallery-slide-content\"><span>Deputado Vander apresenta seu relat\u00f3rio e parecer sobre PL 5\/2011 na CME<\/span><\/figcaption>\r\n                        <\/figure>\r\n                    <\/div>\r\n                            <\/div>\r\n                        <\/div>\r\n\r\n                        <div class = \"td-doubleSlider-2\">\r\n                            <div class = \"td-slider\">\r\n                                \r\n                    <div class = \"td-button td-item1\">\r\n                        <div class = \"td-border\"><\/div>\r\n                    <\/div>\r\n                    <div class = \"td-button td-item2\">\r\n                        <div class = \"td-border\"><\/div>\r\n                    <\/div>\r\n                            <\/div>\r\n                        <\/div>\r\n\r\n                    <\/div>\r\n\r\n                <\/div>\r\n                \n<p>A Comiss\u00e3o de Minas e Energia (CME) da C\u00e2mara dos Deputados aprovou, na manh\u00e3 desta ter\u00e7a-feira (12), o parecer do deputado Vander Loubet (PT-MS) ao Projeto de Lei (PL) 5\/2011, de autoria do deputado Weliton Prado (PT-MG), que disp\u00f5e sobre a cria\u00e7\u00e3o do Programa Nacional de Produ\u00e7\u00e3o de Biocombust\u00edveis por Cooperativas (PNBC).<\/p>\n<p>O texto analisado pelo deputado Vander, relator do PL na CME, foi o substitutivo do deputado Josias Gomes (PT-BA), aprovado na Comiss\u00e3o de Agricultura, Pecu\u00e1ria, Abastecimento e Desenvolvimento Rural (CAPADR).<\/p>\n<p>Pelo texto original, seria permitida \u00e0s cooperativas agropecu\u00e1rias a comercializa\u00e7\u00e3o de etanol e biodiesel diretamente ao consumidor final e aos postos revendedores. Entretanto, segundo a an\u00e1lise de ambos os relatores, a ado\u00e7\u00e3o dessa iniciativa enfrenta obje\u00e7\u00e3o dos setores governamentais envolvidos, por duas raz\u00f5es. Uma, a complexidade do sistema de fiscaliza\u00e7\u00e3o, necess\u00e1rio para se garantir a observ\u00e2ncia dos padr\u00f5es de qualidade determinados pela ag\u00eancia reguladora (no caso, a Ag\u00eancia Nacional de Petr\u00f3leo, G\u00e1s Natural e Biocombus\u00edveis &#8211; ANP), tendo em vista o universo de milhares de fornecedores de biocombust\u00edveis e o direito dos consumidores. Outra, a quest\u00e3o tribut\u00e1ria, tendo em vista que a cobran\u00e7a de impostos e contribui\u00e7\u00f5es seria mais complexa e onerosa,  al\u00e9m de menos eficaz para os estados e a Uni\u00e3o.<\/p>\n<p>Dessa forma, o substitutivo aprovado prev\u00ea a permiss\u00e3o de utiliza\u00e7\u00e3o do biocombust\u00edvel produzido pelas cooperativas agropecu\u00e1rias, cuja mat\u00e9ria-prima foi cultivada e fornecida por produtores rurais a elas vinculados, para o abastecimento de ve\u00edculos e m\u00e1quinas de propriedade da cooperativa ou de seus cooperados. &#8220;\u00c9 a melhor alternativa diante da impossibilidade de se adotar o sistema de venda direta pois assim estimulamos a produ\u00e7\u00e3o desses biocombust\u00edveis, que poder\u00e3o ser consumidos pelas cooperativas e seus cooperados&#8221;, argumentou Vander Loubet.<\/p>\n<p>A proposi\u00e7\u00e3o est\u00e1 sujeita \u00e0 aprecia\u00e7\u00e3o conclusiva pelas comiss\u00f5es e agora segue para an\u00e1lise da Comiss\u00e3o de Finan\u00e7as e Tributa\u00e7\u00e3o (CFT) e, se aprovada, da Comiss\u00e3o de Constitui\u00e7\u00e3o e Justi\u00e7a e de Cidadania (CCJC).<\/p>\n<p><em>(\u00c9der Yanaguita &#8211; Ascom\/Deputado Vander)<\/em><\/p>\n","protected":false},"excerpt":{"rendered":"<p>Texto prev\u00ea uso do biocombust\u00edvel de cooperativas agropecu\u00e1rias para abastecimento de ve\u00edculos e m\u00e1quinas de propriedade da cooperativa e de seus cooperados.<\/p>\n","protected":false},"author":2,"featured_media":10222,"comment_status":"closed","ping_status":"closed","sticky":false,"template":"","format":"standard","meta":{"jetpack_post_was_ever_published":false,"_jetpack_newsletter_access":"","_jetpack_dont_email_post_to_subs":false,"_jetpack_newsletter_tier_id":0,"_jetpack_memberships_contains_paywalled_content":false,"_jetpack_memberships_contains_paid_content":false,"footnotes":""},"categories":[2098,10],"tags":[75,2356,2213,1635],"class_list":{"0":"post-10221","1":"post","2":"type-post","3":"status-publish","4":"format-standard","5":"has-post-thumbnail","7":"category-brasil-noticias","8":"category-noticias","9":"tag-agropecuaria","10":"tag-biocombustivel","11":"tag-minas-e-energia","12":"tag-projeto-de-lei"},"yoast_head":"<!-- This site is optimized with the Yoast SEO plugin v27.4 - https:\/\/yoast.com\/product\/yoast-seo-wordpress\/ -->\n<title>Comiss\u00e3o aprova parecer de Vander sobre biocombust\u00edveis de cooperativas<\/title>\n<meta name=\"robots\" content=\"index, follow, max-snippet:-1, max-image-preview:large, max-video-preview:-1\" \/>\n<link rel=\"canonical\" href=\"https:\/\/vanderloubet.com.br\/deputado\/comissao-aprova-parecer-de-vander-sobre-biocombustiveis-de-cooperativas\/\" \/>\n<meta property=\"og:locale\" content=\"pt_BR\" \/>\n<meta property=\"og:type\" content=\"article\" \/>\n<meta property=\"og:title\" content=\"Comiss\u00e3o aprova parecer de Vander sobre biocombust\u00edveis de cooperativas\" \/>\n<meta property=\"og:description\" content=\"Texto prev\u00ea uso do biocombust\u00edvel de cooperativas agropecu\u00e1rias para abastecimento de ve\u00edculos e m\u00e1quinas de propriedade da cooperativa e de seus cooperados.\" \/>\n<meta property=\"og:url\" content=\"https:\/\/vanderloubet.com.br\/deputado\/comissao-aprova-parecer-de-vander-sobre-biocombustiveis-de-cooperativas\/\" \/>\n<meta property=\"og:site_name\" content=\"Deputado Federal Vander Loubet\" \/>\n<meta property=\"article:publisher\" content=\"https:\/\/facebook.com\/deputadovander\" \/>\n<meta property=\"article:published_time\" content=\"2015-08-12T20:33:20+00:00\" \/>\n<meta property=\"article:modified_time\" content=\"2015-08-20T04:11:46+00:00\" \/>\n<meta property=\"og:image\" content=\"https:\/\/vanderloubet.com.br\/deputado\/wp-content\/uploads\/2015\/08\/foto-2015-08-12-relatorio-vander-pl-5-2011-cme-01.jpg\" \/>\n\t<meta property=\"og:image:width\" content=\"1080\" \/>\n\t<meta property=\"og:image:height\" content=\"720\" \/>\n\t<meta property=\"og:image:type\" content=\"image\/jpeg\" \/>\n<meta name=\"author\" content=\"\u00c9der\" \/>\n<meta name=\"twitter:card\" content=\"summary_large_image\" \/>\n<meta name=\"twitter:creator\" content=\"@vanderloubet\" \/>\n<meta name=\"twitter:site\" content=\"@vanderloubet\" \/>\n<script type=\"application\/ld+json\" class=\"yoast-schema-graph\">{\"@context\":\"https:\\\/\\\/schema.org\",\"@graph\":[{\"@type\":\"Article\",\"@id\":\"https:\\\/\\\/vanderloubet.com.br\\\/deputado\\\/comissao-aprova-parecer-de-vander-sobre-biocombustiveis-de-cooperativas\\\/#article\",\"isPartOf\":{\"@id\":\"https:\\\/\\\/vanderloubet.com.br\\\/deputado\\\/comissao-aprova-parecer-de-vander-sobre-biocombustiveis-de-cooperativas\\\/\"},\"author\":{\"name\":\"\u00c9der\",\"@id\":\"https:\\\/\\\/vanderloubet.com.br\\\/deputado\\\/#\\\/schema\\\/person\\\/15b51bd564532a8a68d9dec1b8eb890e\"},\"headline\":\"Comiss\u00e3o aprova parecer de Vander sobre biocombust\u00edveis de cooperativas\",\"datePublished\":\"2015-08-12T20:33:20+00:00\",\"dateModified\":\"2015-08-20T04:11:46+00:00\",\"mainEntityOfPage\":{\"@id\":\"https:\\\/\\\/vanderloubet.com.br\\\/deputado\\\/comissao-aprova-parecer-de-vander-sobre-biocombustiveis-de-cooperativas\\\/\"},\"wordCount\":388,\"publisher\":{\"@id\":\"https:\\\/\\\/vanderloubet.com.br\\\/deputado\\\/#organization\"},\"image\":{\"@id\":\"https:\\\/\\\/vanderloubet.com.br\\\/deputado\\\/comissao-aprova-parecer-de-vander-sobre-biocombustiveis-de-cooperativas\\\/#primaryimage\"},\"thumbnailUrl\":\"https:\\\/\\\/vanderloubet.com.br\\\/deputado\\\/wp-content\\\/uploads\\\/2015\\\/08\\\/foto-2015-08-12-relatorio-vander-pl-5-2011-cme-01.jpg\",\"keywords\":[\"agropecu\u00e1ria\",\"biocombust\u00edvel\",\"minas e energia\",\"projeto de lei\"],\"articleSection\":[\"Brasil\",\"Not\u00edcias\"],\"inLanguage\":\"pt-BR\"},{\"@type\":\"WebPage\",\"@id\":\"https:\\\/\\\/vanderloubet.com.br\\\/deputado\\\/comissao-aprova-parecer-de-vander-sobre-biocombustiveis-de-cooperativas\\\/\",\"url\":\"https:\\\/\\\/vanderloubet.com.br\\\/deputado\\\/comissao-aprova-parecer-de-vander-sobre-biocombustiveis-de-cooperativas\\\/\",\"name\":\"Comiss\u00e3o aprova parecer de Vander sobre biocombust\u00edveis de cooperativas\",\"isPartOf\":{\"@id\":\"https:\\\/\\\/vanderloubet.com.br\\\/deputado\\\/#website\"},\"primaryImageOfPage\":{\"@id\":\"https:\\\/\\\/vanderloubet.com.br\\\/deputado\\\/comissao-aprova-parecer-de-vander-sobre-biocombustiveis-de-cooperativas\\\/#primaryimage\"},\"image\":{\"@id\":\"https:\\\/\\\/vanderloubet.com.br\\\/deputado\\\/comissao-aprova-parecer-de-vander-sobre-biocombustiveis-de-cooperativas\\\/#primaryimage\"},\"thumbnailUrl\":\"https:\\\/\\\/vanderloubet.com.br\\\/deputado\\\/wp-content\\\/uploads\\\/2015\\\/08\\\/foto-2015-08-12-relatorio-vander-pl-5-2011-cme-01.jpg\",\"datePublished\":\"2015-08-12T20:33:20+00:00\",\"dateModified\":\"2015-08-20T04:11:46+00:00\",\"breadcrumb\":{\"@id\":\"https:\\\/\\\/vanderloubet.com.br\\\/deputado\\\/comissao-aprova-parecer-de-vander-sobre-biocombustiveis-de-cooperativas\\\/#breadcrumb\"},\"inLanguage\":\"pt-BR\",\"potentialAction\":[{\"@type\":\"ReadAction\",\"target\":[\"https:\\\/\\\/vanderloubet.com.br\\\/deputado\\\/comissao-aprova-parecer-de-vander-sobre-biocombustiveis-de-cooperativas\\\/\"]}]},{\"@type\":\"ImageObject\",\"inLanguage\":\"pt-BR\",\"@id\":\"https:\\\/\\\/vanderloubet.com.br\\\/deputado\\\/comissao-aprova-parecer-de-vander-sobre-biocombustiveis-de-cooperativas\\\/#primaryimage\",\"url\":\"https:\\\/\\\/vanderloubet.com.br\\\/deputado\\\/wp-content\\\/uploads\\\/2015\\\/08\\\/foto-2015-08-12-relatorio-vander-pl-5-2011-cme-01.jpg\",\"contentUrl\":\"https:\\\/\\\/vanderloubet.com.br\\\/deputado\\\/wp-content\\\/uploads\\\/2015\\\/08\\\/foto-2015-08-12-relatorio-vander-pl-5-2011-cme-01.jpg\",\"width\":1080,\"height\":720,\"caption\":\"Deputado Vander apresenta seu relat\u00f3rio e parecer sobre PL 5\\\/2011 na CME\"},{\"@type\":\"BreadcrumbList\",\"@id\":\"https:\\\/\\\/vanderloubet.com.br\\\/deputado\\\/comissao-aprova-parecer-de-vander-sobre-biocombustiveis-de-cooperativas\\\/#breadcrumb\",\"itemListElement\":[{\"@type\":\"ListItem\",\"position\":1,\"name\":\"In\u00edcio\",\"item\":\"https:\\\/\\\/vanderloubet.com.br\\\/deputado\\\/\"},{\"@type\":\"ListItem\",\"position\":2,\"name\":\"Comiss\u00e3o aprova parecer de Vander sobre biocombust\u00edveis de cooperativas\"}]},{\"@type\":\"WebSite\",\"@id\":\"https:\\\/\\\/vanderloubet.com.br\\\/deputado\\\/#website\",\"url\":\"https:\\\/\\\/vanderloubet.com.br\\\/deputado\\\/\",\"name\":\"Deputado Federal Vander Loubet\",\"description\":\"O Federal de MS\",\"publisher\":{\"@id\":\"https:\\\/\\\/vanderloubet.com.br\\\/deputado\\\/#organization\"},\"alternateName\":\"Deputado Vander\",\"potentialAction\":[{\"@type\":\"SearchAction\",\"target\":{\"@type\":\"EntryPoint\",\"urlTemplate\":\"https:\\\/\\\/vanderloubet.com.br\\\/deputado\\\/?s={search_term_string}\"},\"query-input\":{\"@type\":\"PropertyValueSpecification\",\"valueRequired\":true,\"valueName\":\"search_term_string\"}}],\"inLanguage\":\"pt-BR\"},{\"@type\":\"Organization\",\"@id\":\"https:\\\/\\\/vanderloubet.com.br\\\/deputado\\\/#organization\",\"name\":\"Deputado Federal Vander Loubet\",\"alternateName\":\"Deputado Vander\",\"url\":\"https:\\\/\\\/vanderloubet.com.br\\\/deputado\\\/\",\"logo\":{\"@type\":\"ImageObject\",\"inLanguage\":\"pt-BR\",\"@id\":\"https:\\\/\\\/vanderloubet.com.br\\\/deputado\\\/#\\\/schema\\\/logo\\\/image\\\/\",\"url\":\"https:\\\/\\\/vanderloubet.com.br\\\/deputado\\\/wp-content\\\/uploads\\\/2023\\\/06\\\/foto-2023-06-19-mandato-deputado-vander.jpg\",\"contentUrl\":\"https:\\\/\\\/vanderloubet.com.br\\\/deputado\\\/wp-content\\\/uploads\\\/2023\\\/06\\\/foto-2023-06-19-mandato-deputado-vander.jpg\",\"width\":1080,\"height\":1080,\"caption\":\"Deputado Federal Vander Loubet\"},\"image\":{\"@id\":\"https:\\\/\\\/vanderloubet.com.br\\\/deputado\\\/#\\\/schema\\\/logo\\\/image\\\/\"},\"sameAs\":[\"https:\\\/\\\/facebook.com\\\/deputadovander\",\"https:\\\/\\\/x.com\\\/vanderloubet\",\"https:\\\/\\\/instagram.com\\\/vanderloubet\",\"https:\\\/\\\/youtube.com\\\/vanderloubet\",\"https:\\\/\\\/tiktok.com\\\/@vanderloubetms\"]},{\"@type\":\"Person\",\"@id\":\"https:\\\/\\\/vanderloubet.com.br\\\/deputado\\\/#\\\/schema\\\/person\\\/15b51bd564532a8a68d9dec1b8eb890e\",\"name\":\"\u00c9der\",\"image\":{\"@type\":\"ImageObject\",\"inLanguage\":\"pt-BR\",\"@id\":\"https:\\\/\\\/vanderloubet.com.br\\\/deputado\\\/wp-content\\\/litespeed\\\/avatar\\\/88ca4090d9d5ab1c9495f6ca03b68efa.jpg?ver=1777058957\",\"url\":\"https:\\\/\\\/vanderloubet.com.br\\\/deputado\\\/wp-content\\\/litespeed\\\/avatar\\\/88ca4090d9d5ab1c9495f6ca03b68efa.jpg?ver=1777058957\",\"contentUrl\":\"https:\\\/\\\/vanderloubet.com.br\\\/deputado\\\/wp-content\\\/litespeed\\\/avatar\\\/88ca4090d9d5ab1c9495f6ca03b68efa.jpg?ver=1777058957\",\"caption\":\"\u00c9der\"}}]}<\/script>\n<!-- \/ Yoast SEO plugin. -->","yoast_head_json":{"title":"Comiss\u00e3o aprova parecer de Vander sobre biocombust\u00edveis de cooperativas","robots":{"index":"index","follow":"follow","max-snippet":"max-snippet:-1","max-image-preview":"max-image-preview:large","max-video-preview":"max-video-preview:-1"},"canonical":"https:\/\/vanderloubet.com.br\/deputado\/comissao-aprova-parecer-de-vander-sobre-biocombustiveis-de-cooperativas\/","og_locale":"pt_BR","og_type":"article","og_title":"Comiss\u00e3o aprova parecer de Vander sobre biocombust\u00edveis de cooperativas","og_description":"Texto prev\u00ea uso do biocombust\u00edvel de cooperativas agropecu\u00e1rias para abastecimento de ve\u00edculos e m\u00e1quinas de propriedade da cooperativa e de seus cooperados.","og_url":"https:\/\/vanderloubet.com.br\/deputado\/comissao-aprova-parecer-de-vander-sobre-biocombustiveis-de-cooperativas\/","og_site_name":"Deputado Federal Vander Loubet","article_publisher":"https:\/\/facebook.com\/deputadovander","article_published_time":"2015-08-12T20:33:20+00:00","article_modified_time":"2015-08-20T04:11:46+00:00","og_image":[{"width":1080,"height":720,"url":"https:\/\/vanderloubet.com.br\/deputado\/wp-content\/uploads\/2015\/08\/foto-2015-08-12-relatorio-vander-pl-5-2011-cme-01.jpg","type":"image\/jpeg"}],"author":"\u00c9der","twitter_card":"summary_large_image","twitter_creator":"@vanderloubet","twitter_site":"@vanderloubet","schema":{"@context":"https:\/\/schema.org","@graph":[{"@type":"Article","@id":"https:\/\/vanderloubet.com.br\/deputado\/comissao-aprova-parecer-de-vander-sobre-biocombustiveis-de-cooperativas\/#article","isPartOf":{"@id":"https:\/\/vanderloubet.com.br\/deputado\/comissao-aprova-parecer-de-vander-sobre-biocombustiveis-de-cooperativas\/"},"author":{"name":"\u00c9der","@id":"https:\/\/vanderloubet.com.br\/deputado\/#\/schema\/person\/15b51bd564532a8a68d9dec1b8eb890e"},"headline":"Comiss\u00e3o aprova parecer de Vander sobre biocombust\u00edveis de cooperativas","datePublished":"2015-08-12T20:33:20+00:00","dateModified":"2015-08-20T04:11:46+00:00","mainEntityOfPage":{"@id":"https:\/\/vanderloubet.com.br\/deputado\/comissao-aprova-parecer-de-vander-sobre-biocombustiveis-de-cooperativas\/"},"wordCount":388,"publisher":{"@id":"https:\/\/vanderloubet.com.br\/deputado\/#organization"},"image":{"@id":"https:\/\/vanderloubet.com.br\/deputado\/comissao-aprova-parecer-de-vander-sobre-biocombustiveis-de-cooperativas\/#primaryimage"},"thumbnailUrl":"https:\/\/vanderloubet.com.br\/deputado\/wp-content\/uploads\/2015\/08\/foto-2015-08-12-relatorio-vander-pl-5-2011-cme-01.jpg","keywords":["agropecu\u00e1ria","biocombust\u00edvel","minas e energia","projeto de lei"],"articleSection":["Brasil","Not\u00edcias"],"inLanguage":"pt-BR"},{"@type":"WebPage","@id":"https:\/\/vanderloubet.com.br\/deputado\/comissao-aprova-parecer-de-vander-sobre-biocombustiveis-de-cooperativas\/","url":"https:\/\/vanderloubet.com.br\/deputado\/comissao-aprova-parecer-de-vander-sobre-biocombustiveis-de-cooperativas\/","name":"Comiss\u00e3o aprova parecer de Vander sobre biocombust\u00edveis de cooperativas","isPartOf":{"@id":"https:\/\/vanderloubet.com.br\/deputado\/#website"},"primaryImageOfPage":{"@id":"https:\/\/vanderloubet.com.br\/deputado\/comissao-aprova-parecer-de-vander-sobre-biocombustiveis-de-cooperativas\/#primaryimage"},"image":{"@id":"https:\/\/vanderloubet.com.br\/deputado\/comissao-aprova-parecer-de-vander-sobre-biocombustiveis-de-cooperativas\/#primaryimage"},"thumbnailUrl":"https:\/\/vanderloubet.com.br\/deputado\/wp-content\/uploads\/2015\/08\/foto-2015-08-12-relatorio-vander-pl-5-2011-cme-01.jpg","datePublished":"2015-08-12T20:33:20+00:00","dateModified":"2015-08-20T04:11:46+00:00","breadcrumb":{"@id":"https:\/\/vanderloubet.com.br\/deputado\/comissao-aprova-parecer-de-vander-sobre-biocombustiveis-de-cooperativas\/#breadcrumb"},"inLanguage":"pt-BR","potentialAction":[{"@type":"ReadAction","target":["https:\/\/vanderloubet.com.br\/deputado\/comissao-aprova-parecer-de-vander-sobre-biocombustiveis-de-cooperativas\/"]}]},{"@type":"ImageObject","inLanguage":"pt-BR","@id":"https:\/\/vanderloubet.com.br\/deputado\/comissao-aprova-parecer-de-vander-sobre-biocombustiveis-de-cooperativas\/#primaryimage","url":"https:\/\/vanderloubet.com.br\/deputado\/wp-content\/uploads\/2015\/08\/foto-2015-08-12-relatorio-vander-pl-5-2011-cme-01.jpg","contentUrl":"https:\/\/vanderloubet.com.br\/deputado\/wp-content\/uploads\/2015\/08\/foto-2015-08-12-relatorio-vander-pl-5-2011-cme-01.jpg","width":1080,"height":720,"caption":"Deputado Vander apresenta seu relat\u00f3rio e parecer sobre PL 5\/2011 na CME"},{"@type":"BreadcrumbList","@id":"https:\/\/vanderloubet.com.br\/deputado\/comissao-aprova-parecer-de-vander-sobre-biocombustiveis-de-cooperativas\/#breadcrumb","itemListElement":[{"@type":"ListItem","position":1,"name":"In\u00edcio","item":"https:\/\/vanderloubet.com.br\/deputado\/"},{"@type":"ListItem","position":2,"name":"Comiss\u00e3o aprova parecer de Vander sobre biocombust\u00edveis de cooperativas"}]},{"@type":"WebSite","@id":"https:\/\/vanderloubet.com.br\/deputado\/#website","url":"https:\/\/vanderloubet.com.br\/deputado\/","name":"Deputado Federal Vander Loubet","description":"O Federal de MS","publisher":{"@id":"https:\/\/vanderloubet.com.br\/deputado\/#organization"},"alternateName":"Deputado Vander","potentialAction":[{"@type":"SearchAction","target":{"@type":"EntryPoint","urlTemplate":"https:\/\/vanderloubet.com.br\/deputado\/?s={search_term_string}"},"query-input":{"@type":"PropertyValueSpecification","valueRequired":true,"valueName":"search_term_string"}}],"inLanguage":"pt-BR"},{"@type":"Organization","@id":"https:\/\/vanderloubet.com.br\/deputado\/#organization","name":"Deputado Federal Vander Loubet","alternateName":"Deputado Vander","url":"https:\/\/vanderloubet.com.br\/deputado\/","logo":{"@type":"ImageObject","inLanguage":"pt-BR","@id":"https:\/\/vanderloubet.com.br\/deputado\/#\/schema\/logo\/image\/","url":"https:\/\/vanderloubet.com.br\/deputado\/wp-content\/uploads\/2023\/06\/foto-2023-06-19-mandato-deputado-vander.jpg","contentUrl":"https:\/\/vanderloubet.com.br\/deputado\/wp-content\/uploads\/2023\/06\/foto-2023-06-19-mandato-deputado-vander.jpg","width":1080,"height":1080,"caption":"Deputado Federal Vander Loubet"},"image":{"@id":"https:\/\/vanderloubet.com.br\/deputado\/#\/schema\/logo\/image\/"},"sameAs":["https:\/\/facebook.com\/deputadovander","https:\/\/x.com\/vanderloubet","https:\/\/instagram.com\/vanderloubet","https:\/\/youtube.com\/vanderloubet","https:\/\/tiktok.com\/@vanderloubetms"]},{"@type":"Person","@id":"https:\/\/vanderloubet.com.br\/deputado\/#\/schema\/person\/15b51bd564532a8a68d9dec1b8eb890e","name":"\u00c9der","image":{"@type":"ImageObject","inLanguage":"pt-BR","@id":"https:\/\/vanderloubet.com.br\/deputado\/wp-content\/litespeed\/avatar\/88ca4090d9d5ab1c9495f6ca03b68efa.jpg?ver=1777058957","url":"https:\/\/vanderloubet.com.br\/deputado\/wp-content\/litespeed\/avatar\/88ca4090d9d5ab1c9495f6ca03b68efa.jpg?ver=1777058957","contentUrl":"https:\/\/vanderloubet.com.br\/deputado\/wp-content\/litespeed\/avatar\/88ca4090d9d5ab1c9495f6ca03b68efa.jpg?ver=1777058957","caption":"\u00c9der"}}]}},"jetpack_featured_media_url":"https:\/\/vanderloubet.com.br\/deputado\/wp-content\/uploads\/2015\/08\/foto-2015-08-12-relatorio-vander-pl-5-2011-cme-01.jpg","jetpack_sharing_enabled":true,"_links":{"self":[{"href":"https:\/\/vanderloubet.com.br\/deputado\/wp-json\/wp\/v2\/posts\/10221","targetHints":{"allow":["GET"]}}],"collection":[{"href":"https:\/\/vanderloubet.com.br\/deputado\/wp-json\/wp\/v2\/posts"}],"about":[{"href":"https:\/\/vanderloubet.com.br\/deputado\/wp-json\/wp\/v2\/types\/post"}],"author":[{"embeddable":true,"href":"https:\/\/vanderloubet.com.br\/deputado\/wp-json\/wp\/v2\/users\/2"}],"replies":[{"embeddable":true,"href":"https:\/\/vanderloubet.com.br\/deputado\/wp-json\/wp\/v2\/comments?post=10221"}],"version-history":[{"count":0,"href":"https:\/\/vanderloubet.com.br\/deputado\/wp-json\/wp\/v2\/posts\/10221\/revisions"}],"wp:featuredmedia":[{"embeddable":true,"href":"https:\/\/vanderloubet.com.br\/deputado\/wp-json\/wp\/v2\/media\/10222"}],"wp:attachment":[{"href":"https:\/\/vanderloubet.com.br\/deputado\/wp-json\/wp\/v2\/media?parent=10221"}],"wp:term":[{"taxonomy":"category","embeddable":true,"href":"https:\/\/vanderloubet.com.br\/deputado\/wp-json\/wp\/v2\/categories?post=10221"},{"taxonomy":"post_tag","embeddable":true,"href":"https:\/\/vanderloubet.com.br\/deputado\/wp-json\/wp\/v2\/tags?post=10221"}],"curies":[{"name":"wp","href":"https:\/\/api.w.org\/{rel}","templated":true}]}}